{"id":2552,"date":"2014-03-27T13:06:16","date_gmt":"2014-03-27T11:06:16","guid":{"rendered":"https:\/\/www.gereso.com\/actualites\/?p=2552"},"modified":"2014-03-27T13:06:16","modified_gmt":"2014-03-27T11:06:16","slug":"droit-social-les-travaux-interdits-aux-jeunes-en-formation","status":"publish","type":"post","link":"https:\/\/www.gereso.com\/actualites\/2014\/03\/27\/droit-social-les-travaux-interdits-aux-jeunes-en-formation\/","title":{"rendered":"Droit social : les travaux interdits aux jeunes en formation"},"content":{"rendered":"<p><span style=\"font-size: medium;\"><i>Pour s\u2019ins\u00e9rer plus rapidement dans le monde du travail, nombreux sont les jeunes qui choisissent de suivre une formation. Ils sont g\u00e9n\u00e9ralement apprentis ou titulaires d\u2019un contrat de professionnalisation. La r\u00e9glementation sur les<strong> contrats de travail<\/strong> de ces jeunes a r\u00e9cemment \u00e9volu\u00e9. Faisons le point sur les derni\u00e8res \u00e9volutions\u00a0:<\/i><\/span><\/p>\n<p>&nbsp;<\/p>\n<h2><b>Les jeunes en formation concern\u00e9s par l\u2019actualisation du d\u00e9cret<\/b><\/h2>\n<p>Les jeunes, \u00e2g\u00e9s de 15 \u00e0 18 ans et qui sont apprentis ou titulaires d\u2019un <strong>contrat de professionnalisation<\/strong> n\u2019ont plus le droit d\u2019effectuer certains travaux. Il existe en effet une liste dans le d\u00e9cret 2013-914 du 11 octobre 2013\u00a0: celle-ci vient d\u2019\u00eatre actualis\u00e9e. Cependant, une circulaire du 23 octobre rendue publique le 10 d\u00e9cembre 2013 explique qu\u2019il est possible de d\u00e9roger \u00e0 cette interdiction dans certaines situations.<\/p>\n<h2><b>Focus sur la d\u00e9rogation<\/b><\/h2>\n<p>Les entreprises peuvent demander une d\u00e9rogation sp\u00e9ciale \u00e0 l\u2019inspecteur du travail si le jeune suit une formation qui est sanctionn\u00e9e par un dipl\u00f4me professionnel ou technologique. En effet, pour obtenir un <strong>dipl\u00f4me professionnel<\/strong>, le jeune doit acqu\u00e9rir certaines comp\u00e9tences qui lui serviront plus tard lorsqu\u2019il sera dans la vie active\u00a0: pour l\u2019apprentissage de certains m\u00e9tiers, ces travaux sont donc incontournables. Si la d\u00e9rogation est accept\u00e9e, le jeune devra n\u00e9anmoins de rendre \u00e0 la m\u00e9decine du travail chaque ann\u00e9e pour v\u00e9rifier que ces travaux n\u2019impactent pas sa sant\u00e9 et son bien-\u00eatre.<\/p>\n<p>Pour en savoir plus sur le d\u00e9cret 203-914 du 11 octobre 2013\u00a0: <a href=\"http:\/\/www.legifrance.gouv.fr\/affichTexte.do?cidTexte=JORFTEXT000028057255\">http:\/\/www.legifrance.gouv.fr\/affichTexte.do?cidTexte=JORFTEXT000028057255<\/a><\/p>\n","protected":false},"excerpt":{"rendered":"<p>Pour s\u2019ins\u00e9rer plus rapidement dans le monde du travail, nombreux sont les jeunes qui choisissent de suivre une formation. Ils sont g\u00e9n\u00e9ralement apprentis ou titulaires d\u2019un contrat de professionnalisation. La r\u00e9glementation sur les contrats de travail de ces jeunes a r\u00e9cemment \u00e9volu\u00e9. Faisons le point sur les derni\u00e8res \u00e9volutions\u00a0: &nbsp; Les jeunes en formation concern\u00e9s [&hellip;]<\/p>\n","protected":false},"author":12,"featured_media":2261,"comment_status":"open","ping_status":"open","sticky":false,"template":"","format":"standard","meta":{"_acf_changed":false,"_mi_skip_tracking":false,"footnotes":""},"categories":[12,5,350],"tags":[196,120,33],"class_list":["post-2552","post","type-post","status-publish","format-standard","has-post-thumbnail","hentry","category-actualites","category-droit-du-travail","category-veille","tag-apprentissage","tag-contrat-de-professionnalisation","tag-droit-social"],"acf":[],"yoast_head":"<!-- This site is optimized with the Yoast SEO plugin v23.4 - https:\/\/yoast.com\/wordpress\/plugins\/seo\/ -->\n<title>Droit social : les travaux interdits aux jeunes en formation - Le Blog GERESO<\/title>\n<meta name=\"robots\" content=\"index, follow, max-snippet:-1, max-image-preview:large, max-video-preview:-1\" \/>\n<link rel=\"canonical\" href=\"https:\/\/www.gereso.com\/actualites\/2014\/03\/27\/droit-social-les-travaux-interdits-aux-jeunes-en-formation\/\" \/>\n<meta property=\"og:locale\" content=\"fr_FR\" \/>\n<meta property=\"og:type\" content=\"article\" \/>\n<meta property=\"og:title\" content=\"Droit social : les travaux interdits aux jeunes en formation - Le Blog GERESO\" \/>\n<meta property=\"og:description\" content=\"Pour s\u2019ins\u00e9rer plus rapidement dans le monde du travail, nombreux sont les jeunes qui choisissent de suivre une formation. Ils sont g\u00e9n\u00e9ralement apprentis ou titulaires d\u2019un contrat de professionnalisation. La r\u00e9glementation sur les contrats de travail de ces jeunes a r\u00e9cemment \u00e9volu\u00e9. Faisons le point sur les derni\u00e8res \u00e9volutions\u00a0: &nbsp; Les jeunes en formation concern\u00e9s [&hellip;]\" \/>\n<meta property=\"og:url\" content=\"https:\/\/www.gereso.com\/actualites\/2014\/03\/27\/droit-social-les-travaux-interdits-aux-jeunes-en-formation\/\" \/>\n<meta property=\"og:site_name\" content=\"Le Blog GERESO\" \/>\n<meta property=\"article:published_time\" content=\"2014-03-27T11:06:16+00:00\" \/>\n<meta property=\"og:image\" content=\"https:\/\/www.gereso.com\/actualites\/wp-content\/uploads\/2013\/10\/travail-difficile-1.jpg\" \/>\n\t<meta property=\"og:image:width\" content=\"495\" \/>\n\t<meta property=\"og:image:height\" content=\"202\" \/>\n\t<meta property=\"og:image:type\" content=\"image\/jpeg\" \/>\n<meta name=\"author\" content=\"Anne-Lise Douat\" \/>\n<meta name=\"twitter:card\" content=\"summary_large_image\" \/>\n<script type=\"application\/ld+json\" class=\"yoast-schema-graph\">{\"@context\":\"https:\/\/schema.org\",\"@graph\":[{\"@type\":\"WebPage\",\"@id\":\"https:\/\/www.gereso.com\/actualites\/2014\/03\/27\/droit-social-les-travaux-interdits-aux-jeunes-en-formation\/\",\"url\":\"https:\/\/www.gereso.com\/actualites\/2014\/03\/27\/droit-social-les-travaux-interdits-aux-jeunes-en-formation\/\",\"name\":\"Droit social : les travaux interdits aux jeunes en formation - Le Blog GERESO\",\"isPartOf\":{\"@id\":\"https:\/\/www.gereso.com\/actualites\/#website\"},\"primaryImageOfPage\":{\"@id\":\"https:\/\/www.gereso.com\/actualites\/2014\/03\/27\/droit-social-les-travaux-interdits-aux-jeunes-en-formation\/#primaryimage\"},\"image\":{\"@id\":\"https:\/\/www.gereso.com\/actualites\/2014\/03\/27\/droit-social-les-travaux-interdits-aux-jeunes-en-formation\/#primaryimage\"},\"thumbnailUrl\":\"https:\/\/www.gereso.com\/actualites\/wp-content\/uploads\/2013\/10\/travail-difficile-1.jpg\",\"datePublished\":\"2014-03-27T11:06:16+00:00\",\"dateModified\":\"2014-03-27T11:06:16+00:00\",\"author\":{\"@id\":\"https:\/\/www.gereso.com\/actualites\/#\/schema\/person\/f9b9cd95b838e92d2022ffafbaa46491\"},\"breadcrumb\":{\"@id\":\"https:\/\/www.gereso.com\/actualites\/2014\/03\/27\/droit-social-les-travaux-interdits-aux-jeunes-en-formation\/#breadcrumb\"},\"inLanguage\":\"fr-FR\",\"potentialAction\":[{\"@type\":\"ReadAction\",\"target\":[\"https:\/\/www.gereso.com\/actualites\/2014\/03\/27\/droit-social-les-travaux-interdits-aux-jeunes-en-formation\/\"]}]},{\"@type\":\"ImageObject\",\"inLanguage\":\"fr-FR\",\"@id\":\"https:\/\/www.gereso.com\/actualites\/2014\/03\/27\/droit-social-les-travaux-interdits-aux-jeunes-en-formation\/#primaryimage\",\"url\":\"https:\/\/www.gereso.com\/actualites\/wp-content\/uploads\/2013\/10\/travail-difficile-1.jpg\",\"contentUrl\":\"https:\/\/www.gereso.com\/actualites\/wp-content\/uploads\/2013\/10\/travail-difficile-1.jpg\",\"width\":495,\"height\":202},{\"@type\":\"BreadcrumbList\",\"@id\":\"https:\/\/www.gereso.com\/actualites\/2014\/03\/27\/droit-social-les-travaux-interdits-aux-jeunes-en-formation\/#breadcrumb\",\"itemListElement\":[{\"@type\":\"ListItem\",\"position\":1,\"name\":\"Home\",\"item\":\"https:\/\/www.gereso.com\/actualites\/\"},{\"@type\":\"ListItem\",\"position\":2,\"name\":\"Droit social : les travaux interdits aux jeunes en formation\"}]},{\"@type\":\"WebSite\",\"@id\":\"https:\/\/www.gereso.com\/actualites\/#website\",\"url\":\"https:\/\/www.gereso.com\/actualites\/\",\"name\":\"Le Blog GERESO\",\"description\":\"Toute l&#039;actu RH, Finance, Fonction Publique, Management...\",\"potentialAction\":[{\"@type\":\"SearchAction\",\"target\":{\"@type\":\"EntryPoint\",\"urlTemplate\":\"https:\/\/www.gereso.com\/actualites\/?s={search_term_string}\"},\"query-input\":{\"@type\":\"PropertyValueSpecification\",\"valueRequired\":true,\"valueName\":\"search_term_string\"}}],\"inLanguage\":\"fr-FR\"},{\"@type\":\"Person\",\"@id\":\"https:\/\/www.gereso.com\/actualites\/#\/schema\/person\/f9b9cd95b838e92d2022ffafbaa46491\",\"name\":\"Anne-Lise Douat\",\"image\":{\"@type\":\"ImageObject\",\"inLanguage\":\"fr-FR\",\"@id\":\"https:\/\/www.gereso.com\/actualites\/#\/schema\/person\/image\/\",\"url\":\"https:\/\/www.gereso.com\/actualites\/wp-content\/uploads\/2012\/03\/anne-lise-douat-1-144x144.png\",\"contentUrl\":\"https:\/\/www.gereso.com\/actualites\/wp-content\/uploads\/2012\/03\/anne-lise-douat-1-144x144.png\",\"caption\":\"Anne-Lise Douat\"},\"description\":\"Consultante en droit social et mobilit\u00e9 internationale pour GERESO. Elle intervient au cours de formations inter et intra-entreprises sur les th\u00e8mes de la gestion des salari\u00e9s expatri\u00e9s, impatri\u00e9s et de la r\u00e9glementation du travail en France et \u00e0 l'international. Elle est \u00e9galement l'auteur de l'ouvrage \u00ab\u00a0La Protection Sociale en Europe\u00a0\u00bb, et collabore \u00e0 l'actualisation r\u00e9guli\u00e8re du best-seller \u00ab La Mobilit\u00e9 Internationale\u00a0\u00bb\",\"url\":\"https:\/\/www.gereso.com\/actualites\/author\/a-douat\/\"}]}<\/script>\n<!-- \/ Yoast SEO plugin. -->","yoast_head_json":{"title":"Droit social : les travaux interdits aux jeunes en formation - Le Blog GERESO","robots":{"index":"index","follow":"follow","max-snippet":"max-snippet:-1","max-image-preview":"max-image-preview:large","max-video-preview":"max-video-preview:-1"},"canonical":"https:\/\/www.gereso.com\/actualites\/2014\/03\/27\/droit-social-les-travaux-interdits-aux-jeunes-en-formation\/","og_locale":"fr_FR","og_type":"article","og_title":"Droit social : les travaux interdits aux jeunes en formation - Le Blog GERESO","og_description":"Pour s\u2019ins\u00e9rer plus rapidement dans le monde du travail, nombreux sont les jeunes qui choisissent de suivre une formation. Ils sont g\u00e9n\u00e9ralement apprentis ou titulaires d\u2019un contrat de professionnalisation. La r\u00e9glementation sur les contrats de travail de ces jeunes a r\u00e9cemment \u00e9volu\u00e9. Faisons le point sur les derni\u00e8res \u00e9volutions\u00a0: &nbsp; Les jeunes en formation concern\u00e9s [&hellip;]","og_url":"https:\/\/www.gereso.com\/actualites\/2014\/03\/27\/droit-social-les-travaux-interdits-aux-jeunes-en-formation\/","og_site_name":"Le Blog GERESO","article_published_time":"2014-03-27T11:06:16+00:00","og_image":[{"width":495,"height":202,"url":"https:\/\/www.gereso.com\/actualites\/wp-content\/uploads\/2013\/10\/travail-difficile-1.jpg","type":"image\/jpeg"}],"author":"Anne-Lise Douat","twitter_card":"summary_large_image","schema":{"@context":"https:\/\/schema.org","@graph":[{"@type":"WebPage","@id":"https:\/\/www.gereso.com\/actualites\/2014\/03\/27\/droit-social-les-travaux-interdits-aux-jeunes-en-formation\/","url":"https:\/\/www.gereso.com\/actualites\/2014\/03\/27\/droit-social-les-travaux-interdits-aux-jeunes-en-formation\/","name":"Droit social : les travaux interdits aux jeunes en formation - Le Blog GERESO","isPartOf":{"@id":"https:\/\/www.gereso.com\/actualites\/#website"},"primaryImageOfPage":{"@id":"https:\/\/www.gereso.com\/actualites\/2014\/03\/27\/droit-social-les-travaux-interdits-aux-jeunes-en-formation\/#primaryimage"},"image":{"@id":"https:\/\/www.gereso.com\/actualites\/2014\/03\/27\/droit-social-les-travaux-interdits-aux-jeunes-en-formation\/#primaryimage"},"thumbnailUrl":"https:\/\/www.gereso.com\/actualites\/wp-content\/uploads\/2013\/10\/travail-difficile-1.jpg","datePublished":"2014-03-27T11:06:16+00:00","dateModified":"2014-03-27T11:06:16+00:00","author":{"@id":"https:\/\/www.gereso.com\/actualites\/#\/schema\/person\/f9b9cd95b838e92d2022ffafbaa46491"},"breadcrumb":{"@id":"https:\/\/www.gereso.com\/actualites\/2014\/03\/27\/droit-social-les-travaux-interdits-aux-jeunes-en-formation\/#breadcrumb"},"inLanguage":"fr-FR","potentialAction":[{"@type":"ReadAction","target":["https:\/\/www.gereso.com\/actualites\/2014\/03\/27\/droit-social-les-travaux-interdits-aux-jeunes-en-formation\/"]}]},{"@type":"ImageObject","inLanguage":"fr-FR","@id":"https:\/\/www.gereso.com\/actualites\/2014\/03\/27\/droit-social-les-travaux-interdits-aux-jeunes-en-formation\/#primaryimage","url":"https:\/\/www.gereso.com\/actualites\/wp-content\/uploads\/2013\/10\/travail-difficile-1.jpg","contentUrl":"https:\/\/www.gereso.com\/actualites\/wp-content\/uploads\/2013\/10\/travail-difficile-1.jpg","width":495,"height":202},{"@type":"BreadcrumbList","@id":"https:\/\/www.gereso.com\/actualites\/2014\/03\/27\/droit-social-les-travaux-interdits-aux-jeunes-en-formation\/#breadcrumb","itemListElement":[{"@type":"ListItem","position":1,"name":"Home","item":"https:\/\/www.gereso.com\/actualites\/"},{"@type":"ListItem","position":2,"name":"Droit social : les travaux interdits aux jeunes en formation"}]},{"@type":"WebSite","@id":"https:\/\/www.gereso.com\/actualites\/#website","url":"https:\/\/www.gereso.com\/actualites\/","name":"Le Blog GERESO","description":"Toute l&#039;actu RH, Finance, Fonction Publique, Management...","potentialAction":[{"@type":"SearchAction","target":{"@type":"EntryPoint","urlTemplate":"https:\/\/www.gereso.com\/actualites\/?s={search_term_string}"},"query-input":{"@type":"PropertyValueSpecification","valueRequired":true,"valueName":"search_term_string"}}],"inLanguage":"fr-FR"},{"@type":"Person","@id":"https:\/\/www.gereso.com\/actualites\/#\/schema\/person\/f9b9cd95b838e92d2022ffafbaa46491","name":"Anne-Lise Douat","image":{"@type":"ImageObject","inLanguage":"fr-FR","@id":"https:\/\/www.gereso.com\/actualites\/#\/schema\/person\/image\/","url":"https:\/\/www.gereso.com\/actualites\/wp-content\/uploads\/2012\/03\/anne-lise-douat-1-144x144.png","contentUrl":"https:\/\/www.gereso.com\/actualites\/wp-content\/uploads\/2012\/03\/anne-lise-douat-1-144x144.png","caption":"Anne-Lise Douat"},"description":"Consultante en droit social et mobilit\u00e9 internationale pour GERESO. Elle intervient au cours de formations inter et intra-entreprises sur les th\u00e8mes de la gestion des salari\u00e9s expatri\u00e9s, impatri\u00e9s et de la r\u00e9glementation du travail en France et \u00e0 l'international. Elle est \u00e9galement l'auteur de l'ouvrage \u00ab\u00a0La Protection Sociale en Europe\u00a0\u00bb, et collabore \u00e0 l'actualisation r\u00e9guli\u00e8re du best-seller \u00ab La Mobilit\u00e9 Internationale\u00a0\u00bb","url":"https:\/\/www.gereso.com\/actualites\/author\/a-douat\/"}]}},"_links":{"self":[{"href":"https:\/\/www.gereso.com\/actualites\/wp-json\/wp\/v2\/posts\/2552","targetHints":{"allow":["GET"]}}],"collection":[{"href":"https:\/\/www.gereso.com\/actualites\/wp-json\/wp\/v2\/posts"}],"about":[{"href":"https:\/\/www.gereso.com\/actualites\/wp-json\/wp\/v2\/types\/post"}],"author":[{"embeddable":true,"href":"https:\/\/www.gereso.com\/actualites\/wp-json\/wp\/v2\/users\/12"}],"replies":[{"embeddable":true,"href":"https:\/\/www.gereso.com\/actualites\/wp-json\/wp\/v2\/comments?post=2552"}],"version-history":[{"count":0,"href":"https:\/\/www.gereso.com\/actualites\/wp-json\/wp\/v2\/posts\/2552\/revisions"}],"wp:featuredmedia":[{"embeddable":true,"href":"https:\/\/www.gereso.com\/actualites\/wp-json\/wp\/v2\/media\/2261"}],"wp:attachment":[{"href":"https:\/\/www.gereso.com\/actualites\/wp-json\/wp\/v2\/media?parent=2552"}],"wp:term":[{"taxonomy":"category","embeddable":true,"href":"https:\/\/www.gereso.com\/actualites\/wp-json\/wp\/v2\/categories?post=2552"},{"taxonomy":"post_tag","embeddable":true,"href":"https:\/\/www.gereso.com\/actualites\/wp-json\/wp\/v2\/tags?post=2552"}],"curies":[{"name":"wp","href":"https:\/\/api.w.org\/{rel}","templated":true}]}}