{"id":25592,"date":"2022-02-14T17:58:24","date_gmt":"2022-02-14T15:58:24","guid":{"rendered":"https:\/\/www.gereso.com\/actualites\/?p=25592"},"modified":"2022-02-14T17:58:27","modified_gmt":"2022-02-14T15:58:27","slug":"fonction-publique-modalites-designation-missions-referent-laicite-voie-reglementaire","status":"publish","type":"post","link":"https:\/\/www.gereso.com\/actualites\/2022\/02\/14\/fonction-publique-modalites-designation-missions-referent-laicite-voie-reglementaire\/","title":{"rendered":"Fonction publique : les modalit\u00e9s de d\u00e9signation et missions du r\u00e9f\u00e9rent la\u00efcit\u00e9 d\u00e9termin\u00e9e par la voie r\u00e9glementaire"},"content":{"rendered":"\n\n\n<p>L&rsquo;<a href=\"https:\/\/www.legifrance.gouv.fr\/loda\/article_lc\/LEGIARTI000043971898\" target=\"_blank\" rel=\"noreferrer noopener\">article 28 ter de la loi n\u00b083-634 du 13 juillet 1983 modifi\u00e9e<\/a> portant droits et obligations des fonctionnaires cr\u00e9e un r\u00e9f\u00e9rent la\u00efcit\u00e9\u2000 d\u00e9sign\u00e9\u2000 par chaque administration de l&rsquo;Etat, collectivit\u00e9\u2000 territoriale ou \u00e9tablissement public mentionn\u00e9s \u2000 l&rsquo;article 2 de cette m\u00eame loi, charg\u00e9\u2000d&rsquo;apporter tout conseil utile au respect du principe de la\u00efcit\u00e9 \u00e0 tout fonctionnaire ou chef de service qui le consulte. Ce r\u00e9f\u00e9rent est \u00e9galement charg\u00e9 d&rsquo;organiser une journ\u00e9e de la la\u00efcit\u00e9\u2000 le 9 d\u00e9cembre de chaque ann\u00e9e.<\/p>\n\n\n\n<p>Le d\u00e9cret d\u00e9termine les missions, les modalit\u00e9s et les crit\u00e8res de d\u00e9signation de ce r\u00e9f\u00e9rent la\u00efcit\u00e9.<\/p>\n<p><em>D\u00e9cret n\u00b02021-1802 du 23 d\u00e9cembre 2021 relatif au r\u00e9f\u00e9rent la\u00efcit\u00e9 dans la fonction publique, JORF du 26 d\u00e9cembre 2021<\/em><\/p>\n","protected":false},"excerpt":{"rendered":"<p>L&rsquo;article 28 ter de la loi n\u00b083-634 du 13 juillet 1983 modifi\u00e9e portant droits et obligations des fonctionnaires cr\u00e9e un r\u00e9f\u00e9rent la\u00efcit\u00e9\u2000 d\u00e9sign\u00e9\u2000 par chaque administration de l&rsquo;Etat, collectivit\u00e9\u2000 territoriale ou \u00e9tablissement public mentionn\u00e9s \u2000 l&rsquo;article 2 de cette m\u00eame loi, charg\u00e9\u2000d&rsquo;apporter tout conseil utile au respect du principe de la\u00efcit\u00e9 \u00e0 tout fonctionnaire ou [&hellip;]<\/p>\n","protected":false},"author":32,"featured_media":0,"comment_status":"open","ping_status":"open","sticky":false,"template":"","format":"quote","meta":{"_acf_changed":false,"_mi_skip_tracking":false,"footnotes":""},"categories":[12,6],"tags":[117,489],"class_list":["post-25592","post","type-post","status-publish","format-quote","hentry","category-actualites","category-fonction-publique","tag-fonction-publique-2","tag-laicite","post_format-post-format-quote"],"acf":[],"yoast_head":"<!-- This site is optimized with the Yoast SEO plugin v23.4 - https:\/\/yoast.com\/wordpress\/plugins\/seo\/ -->\n<title>Fonction publique : les modalit\u00e9s de d\u00e9signation et missions du r\u00e9f\u00e9rent la\u00efcit\u00e9 d\u00e9termin\u00e9e par la voie r\u00e9glementaire - Le Blog GERESO<\/title>\n<meta name=\"robots\" content=\"index, follow, max-snippet:-1, max-image-preview:large, max-video-preview:-1\" \/>\n<link rel=\"canonical\" href=\"https:\/\/www.gereso.com\/actualites\/2022\/02\/14\/fonction-publique-modalites-designation-missions-referent-laicite-voie-reglementaire\/\" \/>\n<meta property=\"og:locale\" content=\"fr_FR\" \/>\n<meta property=\"og:type\" content=\"article\" \/>\n<meta property=\"og:title\" content=\"Fonction publique : les modalit\u00e9s de d\u00e9signation et missions du r\u00e9f\u00e9rent la\u00efcit\u00e9 d\u00e9termin\u00e9e par la voie r\u00e9glementaire - Le Blog GERESO\" \/>\n<meta property=\"og:description\" content=\"L&rsquo;article 28 ter de la loi n\u00b083-634 du 13 juillet 1983 modifi\u00e9e portant droits et obligations des fonctionnaires cr\u00e9e un r\u00e9f\u00e9rent la\u00efcit\u00e9\u2000 d\u00e9sign\u00e9\u2000 par chaque administration de l&rsquo;Etat, collectivit\u00e9\u2000 territoriale ou \u00e9tablissement public mentionn\u00e9s \u2000 l&rsquo;article 2 de cette m\u00eame loi, charg\u00e9\u2000d&rsquo;apporter tout conseil utile au respect du principe de la\u00efcit\u00e9 \u00e0 tout fonctionnaire ou [&hellip;]\" \/>\n<meta property=\"og:url\" content=\"https:\/\/www.gereso.com\/actualites\/2022\/02\/14\/fonction-publique-modalites-designation-missions-referent-laicite-voie-reglementaire\/\" \/>\n<meta property=\"og:site_name\" content=\"Le Blog GERESO\" \/>\n<meta property=\"article:published_time\" content=\"2022-02-14T15:58:24+00:00\" \/>\n<meta property=\"article:modified_time\" content=\"2022-02-14T15:58:27+00:00\" \/>\n<meta name=\"author\" content=\"\u00c9quipe GERESO\" \/>\n<meta name=\"twitter:card\" content=\"summary_large_image\" \/>\n<script type=\"application\/ld+json\" class=\"yoast-schema-graph\">{\"@context\":\"https:\/\/schema.org\",\"@graph\":[{\"@type\":\"WebPage\",\"@id\":\"https:\/\/www.gereso.com\/actualites\/2022\/02\/14\/fonction-publique-modalites-designation-missions-referent-laicite-voie-reglementaire\/\",\"url\":\"https:\/\/www.gereso.com\/actualites\/2022\/02\/14\/fonction-publique-modalites-designation-missions-referent-laicite-voie-reglementaire\/\",\"name\":\"Fonction publique : les modalit\u00e9s de d\u00e9signation et missions du r\u00e9f\u00e9rent la\u00efcit\u00e9 d\u00e9termin\u00e9e par la voie r\u00e9glementaire - Le Blog GERESO\",\"isPartOf\":{\"@id\":\"https:\/\/www.gereso.com\/actualites\/#website\"},\"datePublished\":\"2022-02-14T15:58:24+00:00\",\"dateModified\":\"2022-02-14T15:58:27+00:00\",\"author\":{\"@id\":\"https:\/\/www.gereso.com\/actualites\/#\/schema\/person\/197d8aef40cb4ae3f6a0aa9e1d3df2a6\"},\"breadcrumb\":{\"@id\":\"https:\/\/www.gereso.com\/actualites\/2022\/02\/14\/fonction-publique-modalites-designation-missions-referent-laicite-voie-reglementaire\/#breadcrumb\"},\"inLanguage\":\"fr-FR\",\"potentialAction\":[{\"@type\":\"ReadAction\",\"target\":[\"https:\/\/www.gereso.com\/actualites\/2022\/02\/14\/fonction-publique-modalites-designation-missions-referent-laicite-voie-reglementaire\/\"]}]},{\"@type\":\"BreadcrumbList\",\"@id\":\"https:\/\/www.gereso.com\/actualites\/2022\/02\/14\/fonction-publique-modalites-designation-missions-referent-laicite-voie-reglementaire\/#breadcrumb\",\"itemListElement\":[{\"@type\":\"ListItem\",\"position\":1,\"name\":\"Home\",\"item\":\"https:\/\/www.gereso.com\/actualites\/\"},{\"@type\":\"ListItem\",\"position\":2,\"name\":\"Fonction publique : les modalit\u00e9s de d\u00e9signation et missions du r\u00e9f\u00e9rent la\u00efcit\u00e9 d\u00e9termin\u00e9e par la voie r\u00e9glementaire\"}]},{\"@type\":\"WebSite\",\"@id\":\"https:\/\/www.gereso.com\/actualites\/#website\",\"url\":\"https:\/\/www.gereso.com\/actualites\/\",\"name\":\"Le Blog GERESO\",\"description\":\"Toute l&#039;actu RH, Finance, Fonction Publique, Management...\",\"potentialAction\":[{\"@type\":\"SearchAction\",\"target\":{\"@type\":\"EntryPoint\",\"urlTemplate\":\"https:\/\/www.gereso.com\/actualites\/?s={search_term_string}\"},\"query-input\":{\"@type\":\"PropertyValueSpecification\",\"valueRequired\":true,\"valueName\":\"search_term_string\"}}],\"inLanguage\":\"fr-FR\"},{\"@type\":\"Person\",\"@id\":\"https:\/\/www.gereso.com\/actualites\/#\/schema\/person\/197d8aef40cb4ae3f6a0aa9e1d3df2a6\",\"name\":\"\u00c9quipe GERESO\",\"image\":{\"@type\":\"ImageObject\",\"inLanguage\":\"fr-FR\",\"@id\":\"https:\/\/www.gereso.com\/actualites\/#\/schema\/person\/image\/\",\"url\":\"https:\/\/www.gereso.com\/actualites\/wp-content\/uploads\/2013\/12\/avatar-gereso-1.png\",\"contentUrl\":\"https:\/\/www.gereso.com\/actualites\/wp-content\/uploads\/2013\/12\/avatar-gereso-1.png\",\"caption\":\"\u00c9quipe GERESO\"},\"url\":\"https:\/\/www.gereso.com\/actualites\/author\/gereso\/\"}]}<\/script>\n<!-- \/ Yoast SEO plugin. -->","yoast_head_json":{"title":"Fonction publique : les modalit\u00e9s de d\u00e9signation et missions du r\u00e9f\u00e9rent la\u00efcit\u00e9 d\u00e9termin\u00e9e par la voie r\u00e9glementaire - Le Blog GERESO","robots":{"index":"index","follow":"follow","max-snippet":"max-snippet:-1","max-image-preview":"max-image-preview:large","max-video-preview":"max-video-preview:-1"},"canonical":"https:\/\/www.gereso.com\/actualites\/2022\/02\/14\/fonction-publique-modalites-designation-missions-referent-laicite-voie-reglementaire\/","og_locale":"fr_FR","og_type":"article","og_title":"Fonction publique : les modalit\u00e9s de d\u00e9signation et missions du r\u00e9f\u00e9rent la\u00efcit\u00e9 d\u00e9termin\u00e9e par la voie r\u00e9glementaire - Le Blog GERESO","og_description":"L&rsquo;article 28 ter de la loi n\u00b083-634 du 13 juillet 1983 modifi\u00e9e portant droits et obligations des fonctionnaires cr\u00e9e un r\u00e9f\u00e9rent la\u00efcit\u00e9\u2000 d\u00e9sign\u00e9\u2000 par chaque administration de l&rsquo;Etat, collectivit\u00e9\u2000 territoriale ou \u00e9tablissement public mentionn\u00e9s \u2000 l&rsquo;article 2 de cette m\u00eame loi, charg\u00e9\u2000d&rsquo;apporter tout conseil utile au respect du principe de la\u00efcit\u00e9 \u00e0 tout fonctionnaire ou [&hellip;]","og_url":"https:\/\/www.gereso.com\/actualites\/2022\/02\/14\/fonction-publique-modalites-designation-missions-referent-laicite-voie-reglementaire\/","og_site_name":"Le Blog GERESO","article_published_time":"2022-02-14T15:58:24+00:00","article_modified_time":"2022-02-14T15:58:27+00:00","author":"\u00c9quipe GERESO","twitter_card":"summary_large_image","schema":{"@context":"https:\/\/schema.org","@graph":[{"@type":"WebPage","@id":"https:\/\/www.gereso.com\/actualites\/2022\/02\/14\/fonction-publique-modalites-designation-missions-referent-laicite-voie-reglementaire\/","url":"https:\/\/www.gereso.com\/actualites\/2022\/02\/14\/fonction-publique-modalites-designation-missions-referent-laicite-voie-reglementaire\/","name":"Fonction publique : les modalit\u00e9s de d\u00e9signation et missions du r\u00e9f\u00e9rent la\u00efcit\u00e9 d\u00e9termin\u00e9e par la voie r\u00e9glementaire - Le Blog GERESO","isPartOf":{"@id":"https:\/\/www.gereso.com\/actualites\/#website"},"datePublished":"2022-02-14T15:58:24+00:00","dateModified":"2022-02-14T15:58:27+00:00","author":{"@id":"https:\/\/www.gereso.com\/actualites\/#\/schema\/person\/197d8aef40cb4ae3f6a0aa9e1d3df2a6"},"breadcrumb":{"@id":"https:\/\/www.gereso.com\/actualites\/2022\/02\/14\/fonction-publique-modalites-designation-missions-referent-laicite-voie-reglementaire\/#breadcrumb"},"inLanguage":"fr-FR","potentialAction":[{"@type":"ReadAction","target":["https:\/\/www.gereso.com\/actualites\/2022\/02\/14\/fonction-publique-modalites-designation-missions-referent-laicite-voie-reglementaire\/"]}]},{"@type":"BreadcrumbList","@id":"https:\/\/www.gereso.com\/actualites\/2022\/02\/14\/fonction-publique-modalites-designation-missions-referent-laicite-voie-reglementaire\/#breadcrumb","itemListElement":[{"@type":"ListItem","position":1,"name":"Home","item":"https:\/\/www.gereso.com\/actualites\/"},{"@type":"ListItem","position":2,"name":"Fonction publique : les modalit\u00e9s de d\u00e9signation et missions du r\u00e9f\u00e9rent la\u00efcit\u00e9 d\u00e9termin\u00e9e par la voie r\u00e9glementaire"}]},{"@type":"WebSite","@id":"https:\/\/www.gereso.com\/actualites\/#website","url":"https:\/\/www.gereso.com\/actualites\/","name":"Le Blog GERESO","description":"Toute l&#039;actu RH, Finance, Fonction Publique, Management...","potentialAction":[{"@type":"SearchAction","target":{"@type":"EntryPoint","urlTemplate":"https:\/\/www.gereso.com\/actualites\/?s={search_term_string}"},"query-input":{"@type":"PropertyValueSpecification","valueRequired":true,"valueName":"search_term_string"}}],"inLanguage":"fr-FR"},{"@type":"Person","@id":"https:\/\/www.gereso.com\/actualites\/#\/schema\/person\/197d8aef40cb4ae3f6a0aa9e1d3df2a6","name":"\u00c9quipe GERESO","image":{"@type":"ImageObject","inLanguage":"fr-FR","@id":"https:\/\/www.gereso.com\/actualites\/#\/schema\/person\/image\/","url":"https:\/\/www.gereso.com\/actualites\/wp-content\/uploads\/2013\/12\/avatar-gereso-1.png","contentUrl":"https:\/\/www.gereso.com\/actualites\/wp-content\/uploads\/2013\/12\/avatar-gereso-1.png","caption":"\u00c9quipe GERESO"},"url":"https:\/\/www.gereso.com\/actualites\/author\/gereso\/"}]}},"_links":{"self":[{"href":"https:\/\/www.gereso.com\/actualites\/wp-json\/wp\/v2\/posts\/25592","targetHints":{"allow":["GET"]}}],"collection":[{"href":"https:\/\/www.gereso.com\/actualites\/wp-json\/wp\/v2\/posts"}],"about":[{"href":"https:\/\/www.gereso.com\/actualites\/wp-json\/wp\/v2\/types\/post"}],"author":[{"embeddable":true,"href":"https:\/\/www.gereso.com\/actualites\/wp-json\/wp\/v2\/users\/32"}],"replies":[{"embeddable":true,"href":"https:\/\/www.gereso.com\/actualites\/wp-json\/wp\/v2\/comments?post=25592"}],"version-history":[{"count":5,"href":"https:\/\/www.gereso.com\/actualites\/wp-json\/wp\/v2\/posts\/25592\/revisions"}],"predecessor-version":[{"id":25598,"href":"https:\/\/www.gereso.com\/actualites\/wp-json\/wp\/v2\/posts\/25592\/revisions\/25598"}],"wp:attachment":[{"href":"https:\/\/www.gereso.com\/actualites\/wp-json\/wp\/v2\/media?parent=25592"}],"wp:term":[{"taxonomy":"category","embeddable":true,"href":"https:\/\/www.gereso.com\/actualites\/wp-json\/wp\/v2\/categories?post=25592"},{"taxonomy":"post_tag","embeddable":true,"href":"https:\/\/www.gereso.com\/actualites\/wp-json\/wp\/v2\/tags?post=25592"}],"curies":[{"name":"wp","href":"https:\/\/api.w.org\/{rel}","templated":true}]}}