{"id":2561,"date":"2018-03-07T12:52:32","date_gmt":"2018-03-07T10:52:32","guid":{"rendered":"https:\/\/www.gereso.com\/actualites\/?p=2561"},"modified":"2018-04-26T14:07:09","modified_gmt":"2018-04-26T12:07:09","slug":"jai-decide-detre-heureux-au-travail","status":"publish","type":"post","link":"https:\/\/www.gereso.com\/actualites\/2018\/03\/07\/jai-decide-detre-heureux-au-travail\/","title":{"rendered":"J&rsquo;ai d\u00e9cid\u00e9 d&rsquo;\u00eatre heureux&#8230; au travail"},"content":{"rendered":"<h2><span style=\"font-size: large;\">Comment r\u00e9concilier bonheur et travail\u00a0?<\/span><\/h2>\n<p><span style=\"font-size: medium;\">Le travail est une part importante de notre identit\u00e9. Notre travail nous d\u00e9finit et nous nous d\u00e9finissons par notre travail. Mais \u00e0 l&rsquo;heure du ch\u00f4mage de masse, \u00e0 l&rsquo;heure des risques psychosociaux, n&rsquo;est-ce pas un peu ind\u00e9cent d&rsquo;aborder la question du bonheur au travail, n&rsquo;est-ce pas \u00eatre na\u00eff que d&rsquo;oser m\u00eame parler du bonheur\u00a0?<\/span><\/p>\n<p><span style=\"font-size: medium;\">Qu&rsquo;est-ce que le bonheur\u00a0? Qu&rsquo;est-ce que le bonheur au travail\u00a0? Qu&rsquo;apportent des salari\u00e9s heureux au fonctionnement de l&rsquo;entreprise\u00a0? Comment \u00eatre plus heureux au travail\u00a0? &#8230;<\/span><\/p>\n<p><span style=\"font-size: medium;\">Ce livre pr\u00e9sente les apports de la psychologie positive sur le bonheur d&rsquo;un point de vue personnel, puis sur le bonheur au travail. <\/span><\/p>\n<p><span style=\"font-size: medium;\">\u00c0 l&rsquo;aide d&rsquo;exemples concrets, d&rsquo;exercices simples et de t\u00e9moignages r\u00e9els, l&rsquo;auteur nous propose des outils pratiques qui font leurs preuves dans la r\u00e9conciliation de l&rsquo;Homme et du Travail.<\/span><\/p>\n<figure id=\"attachment_9177\" aria-describedby=\"caption-attachment-9177\" style=\"width: 433px\" class=\"wp-caption aligncenter\"><a href=\"https:\/\/www.la-librairie-rh.com\/livre-efficacite-professionnelle\/j-ai-decide-d-etre-heureux-au-travail-heut3.html\"><img fetchpriority=\"high\" decoding=\"async\" class=\"wp-image-9177\" src=\"https:\/\/www.gereso.com\/actualites\/wp-content\/uploads\/2014\/03\/c80e6502f80a9b2c51083b4092becc66-heut3-1739.jpg\" alt=\"\" width=\"433\" height=\"597\" \/><\/a><figcaption id=\"caption-attachment-9177\" class=\"wp-caption-text\">Le best-seller de Jean-Fran\u00e7ois Thiriet \u00ab\u00a0J&rsquo;ai d\u00e9cid\u00e9 d&rsquo;\u00eatre heureux au travail\u00a0\u00bb<\/figcaption><\/figure>\n<p><a href=\"https:\/\/www.la-librairie-rh.com\/livre-efficacite-professionnelle\/j-ai-decide-d-etre-heureux-au-travail-heut3.html\">&gt; Acheter ce livre sur la librairie RH.<\/a><\/p>\n<p><a href=\"https:\/\/www.la-librairie-rh.com\/media\/extraits\/HEUT3.pdf\" target=\"_blank\" rel=\"noopener\">&gt; Afficher un extrait de l&rsquo;ouvrage dans une nouvelle fen\u00eatre<\/a><\/p>\n","protected":false},"excerpt":{"rendered":"<p>Comment r\u00e9concilier bonheur et travail\u00a0? Le travail est une part importante de notre identit\u00e9. Notre travail nous d\u00e9finit et nous nous d\u00e9finissons par notre travail. Mais \u00e0 l&rsquo;heure du ch\u00f4mage de masse, \u00e0 l&rsquo;heure des risques psychosociaux, n&rsquo;est-ce pas un peu ind\u00e9cent d&rsquo;aborder la question du bonheur au travail, n&rsquo;est-ce pas \u00eatre na\u00eff que d&rsquo;oser [&hellip;]<\/p>\n","protected":false},"author":10,"featured_media":9177,"comment_status":"open","ping_status":"open","sticky":false,"template":"","format":"standard","meta":{"_acf_changed":false,"_mi_skip_tracking":false,"footnotes":""},"categories":[9,20],"tags":[67,336,71,337],"class_list":["post-2561","post","type-post","status-publish","format-standard","has-post-thumbnail","hentry","category-developpement-personnel-et-efficacite-professionnelle","category-la-librairie-rh","tag-ebook","tag-heureux","tag-livre","tag-travail"],"acf":[],"yoast_head":"<!-- This site is optimized with the Yoast SEO plugin v23.4 - https:\/\/yoast.com\/wordpress\/plugins\/seo\/ -->\n<title>J&#039;ai d\u00e9cid\u00e9 d&#039;\u00eatre heureux... au travail - Le Blog GERESO<\/title>\n<meta name=\"robots\" content=\"index, follow, max-snippet:-1, max-image-preview:large, max-video-preview:-1\" \/>\n<link rel=\"canonical\" href=\"https:\/\/www.gereso.com\/actualites\/2018\/03\/07\/jai-decide-detre-heureux-au-travail\/\" \/>\n<meta property=\"og:locale\" content=\"fr_FR\" \/>\n<meta property=\"og:type\" content=\"article\" \/>\n<meta property=\"og:title\" content=\"J&#039;ai d\u00e9cid\u00e9 d&#039;\u00eatre heureux... au travail - Le Blog GERESO\" \/>\n<meta property=\"og:description\" content=\"Comment r\u00e9concilier bonheur et travail\u00a0? Le travail est une part importante de notre identit\u00e9. Notre travail nous d\u00e9finit et nous nous d\u00e9finissons par notre travail. Mais \u00e0 l&rsquo;heure du ch\u00f4mage de masse, \u00e0 l&rsquo;heure des risques psychosociaux, n&rsquo;est-ce pas un peu ind\u00e9cent d&rsquo;aborder la question du bonheur au travail, n&rsquo;est-ce pas \u00eatre na\u00eff que d&rsquo;oser [&hellip;]\" \/>\n<meta property=\"og:url\" content=\"https:\/\/www.gereso.com\/actualites\/2018\/03\/07\/jai-decide-detre-heureux-au-travail\/\" \/>\n<meta property=\"og:site_name\" content=\"Le Blog GERESO\" \/>\n<meta property=\"article:published_time\" content=\"2018-03-07T10:52:32+00:00\" \/>\n<meta property=\"article:modified_time\" content=\"2018-04-26T12:07:09+00:00\" \/>\n<meta property=\"og:image\" content=\"https:\/\/www.gereso.com\/actualites\/wp-content\/uploads\/2014\/03\/c80e6502f80a9b2c51083b4092becc66-heut3-1739.jpg\" \/>\n\t<meta property=\"og:image:width\" content=\"300\" \/>\n\t<meta property=\"og:image:height\" content=\"450\" \/>\n\t<meta property=\"og:image:type\" content=\"image\/jpeg\" \/>\n<meta name=\"author\" content=\"Catherine Fourmond\" \/>\n<meta name=\"twitter:card\" content=\"summary_large_image\" \/>\n<script type=\"application\/ld+json\" class=\"yoast-schema-graph\">{\"@context\":\"https:\/\/schema.org\",\"@graph\":[{\"@type\":\"WebPage\",\"@id\":\"https:\/\/www.gereso.com\/actualites\/2018\/03\/07\/jai-decide-detre-heureux-au-travail\/\",\"url\":\"https:\/\/www.gereso.com\/actualites\/2018\/03\/07\/jai-decide-detre-heureux-au-travail\/\",\"name\":\"J'ai d\u00e9cid\u00e9 d'\u00eatre heureux... au travail - Le Blog GERESO\",\"isPartOf\":{\"@id\":\"https:\/\/www.gereso.com\/actualites\/#website\"},\"primaryImageOfPage\":{\"@id\":\"https:\/\/www.gereso.com\/actualites\/2018\/03\/07\/jai-decide-detre-heureux-au-travail\/#primaryimage\"},\"image\":{\"@id\":\"https:\/\/www.gereso.com\/actualites\/2018\/03\/07\/jai-decide-detre-heureux-au-travail\/#primaryimage\"},\"thumbnailUrl\":\"https:\/\/www.gereso.com\/actualites\/wp-content\/uploads\/2014\/03\/c80e6502f80a9b2c51083b4092becc66-heut3-1739.jpg\",\"datePublished\":\"2018-03-07T10:52:32+00:00\",\"dateModified\":\"2018-04-26T12:07:09+00:00\",\"author\":{\"@id\":\"https:\/\/www.gereso.com\/actualites\/#\/schema\/person\/3a47d7735bf754d6f104375f64a37a6d\"},\"breadcrumb\":{\"@id\":\"https:\/\/www.gereso.com\/actualites\/2018\/03\/07\/jai-decide-detre-heureux-au-travail\/#breadcrumb\"},\"inLanguage\":\"fr-FR\",\"potentialAction\":[{\"@type\":\"ReadAction\",\"target\":[\"https:\/\/www.gereso.com\/actualites\/2018\/03\/07\/jai-decide-detre-heureux-au-travail\/\"]}]},{\"@type\":\"ImageObject\",\"inLanguage\":\"fr-FR\",\"@id\":\"https:\/\/www.gereso.com\/actualites\/2018\/03\/07\/jai-decide-detre-heureux-au-travail\/#primaryimage\",\"url\":\"https:\/\/www.gereso.com\/actualites\/wp-content\/uploads\/2014\/03\/c80e6502f80a9b2c51083b4092becc66-heut3-1739.jpg\",\"contentUrl\":\"https:\/\/www.gereso.com\/actualites\/wp-content\/uploads\/2014\/03\/c80e6502f80a9b2c51083b4092becc66-heut3-1739.jpg\",\"width\":300,\"height\":450,\"caption\":\"Le best-seller de Jean-Fran\u00e7ois Thiriet \\\"J'ai d\u00e9cid\u00e9 d'\u00eatre heureux au travail\\\"\"},{\"@type\":\"BreadcrumbList\",\"@id\":\"https:\/\/www.gereso.com\/actualites\/2018\/03\/07\/jai-decide-detre-heureux-au-travail\/#breadcrumb\",\"itemListElement\":[{\"@type\":\"ListItem\",\"position\":1,\"name\":\"Home\",\"item\":\"https:\/\/www.gereso.com\/actualites\/\"},{\"@type\":\"ListItem\",\"position\":2,\"name\":\"J&rsquo;ai d\u00e9cid\u00e9 d&rsquo;\u00eatre heureux&#8230; au travail\"}]},{\"@type\":\"WebSite\",\"@id\":\"https:\/\/www.gereso.com\/actualites\/#website\",\"url\":\"https:\/\/www.gereso.com\/actualites\/\",\"name\":\"Le Blog GERESO\",\"description\":\"Toute l&#039;actu RH, Finance, Fonction Publique, Management...\",\"potentialAction\":[{\"@type\":\"SearchAction\",\"target\":{\"@type\":\"EntryPoint\",\"urlTemplate\":\"https:\/\/www.gereso.com\/actualites\/?s={search_term_string}\"},\"query-input\":{\"@type\":\"PropertyValueSpecification\",\"valueRequired\":true,\"valueName\":\"search_term_string\"}}],\"inLanguage\":\"fr-FR\"},{\"@type\":\"Person\",\"@id\":\"https:\/\/www.gereso.com\/actualites\/#\/schema\/person\/3a47d7735bf754d6f104375f64a37a6d\",\"name\":\"Catherine Fourmond\",\"image\":{\"@type\":\"ImageObject\",\"inLanguage\":\"fr-FR\",\"@id\":\"https:\/\/www.gereso.com\/actualites\/#\/schema\/person\/image\/\",\"url\":\"https:\/\/www.gereso.com\/actualites\/wp-content\/uploads\/2012\/02\/catherine-fourmond-1-144x144.jpg\",\"contentUrl\":\"https:\/\/www.gereso.com\/actualites\/wp-content\/uploads\/2012\/02\/catherine-fourmond-1-144x144.jpg\",\"caption\":\"Catherine Fourmond\"},\"description\":\"Responsable des \u00e9ditions - Directrice des collections GERESO \u00c9DITION\",\"url\":\"https:\/\/www.gereso.com\/actualites\/author\/c-fourmond\/\"}]}<\/script>\n<!-- \/ Yoast SEO plugin. -->","yoast_head_json":{"title":"J'ai d\u00e9cid\u00e9 d'\u00eatre heureux... au travail - Le Blog GERESO","robots":{"index":"index","follow":"follow","max-snippet":"max-snippet:-1","max-image-preview":"max-image-preview:large","max-video-preview":"max-video-preview:-1"},"canonical":"https:\/\/www.gereso.com\/actualites\/2018\/03\/07\/jai-decide-detre-heureux-au-travail\/","og_locale":"fr_FR","og_type":"article","og_title":"J'ai d\u00e9cid\u00e9 d'\u00eatre heureux... au travail - Le Blog GERESO","og_description":"Comment r\u00e9concilier bonheur et travail\u00a0? Le travail est une part importante de notre identit\u00e9. Notre travail nous d\u00e9finit et nous nous d\u00e9finissons par notre travail. Mais \u00e0 l&rsquo;heure du ch\u00f4mage de masse, \u00e0 l&rsquo;heure des risques psychosociaux, n&rsquo;est-ce pas un peu ind\u00e9cent d&rsquo;aborder la question du bonheur au travail, n&rsquo;est-ce pas \u00eatre na\u00eff que d&rsquo;oser [&hellip;]","og_url":"https:\/\/www.gereso.com\/actualites\/2018\/03\/07\/jai-decide-detre-heureux-au-travail\/","og_site_name":"Le Blog GERESO","article_published_time":"2018-03-07T10:52:32+00:00","article_modified_time":"2018-04-26T12:07:09+00:00","og_image":[{"width":300,"height":450,"url":"https:\/\/www.gereso.com\/actualites\/wp-content\/uploads\/2014\/03\/c80e6502f80a9b2c51083b4092becc66-heut3-1739.jpg","type":"image\/jpeg"}],"author":"Catherine Fourmond","twitter_card":"summary_large_image","schema":{"@context":"https:\/\/schema.org","@graph":[{"@type":"WebPage","@id":"https:\/\/www.gereso.com\/actualites\/2018\/03\/07\/jai-decide-detre-heureux-au-travail\/","url":"https:\/\/www.gereso.com\/actualites\/2018\/03\/07\/jai-decide-detre-heureux-au-travail\/","name":"J'ai d\u00e9cid\u00e9 d'\u00eatre heureux... au travail - Le Blog GERESO","isPartOf":{"@id":"https:\/\/www.gereso.com\/actualites\/#website"},"primaryImageOfPage":{"@id":"https:\/\/www.gereso.com\/actualites\/2018\/03\/07\/jai-decide-detre-heureux-au-travail\/#primaryimage"},"image":{"@id":"https:\/\/www.gereso.com\/actualites\/2018\/03\/07\/jai-decide-detre-heureux-au-travail\/#primaryimage"},"thumbnailUrl":"https:\/\/www.gereso.com\/actualites\/wp-content\/uploads\/2014\/03\/c80e6502f80a9b2c51083b4092becc66-heut3-1739.jpg","datePublished":"2018-03-07T10:52:32+00:00","dateModified":"2018-04-26T12:07:09+00:00","author":{"@id":"https:\/\/www.gereso.com\/actualites\/#\/schema\/person\/3a47d7735bf754d6f104375f64a37a6d"},"breadcrumb":{"@id":"https:\/\/www.gereso.com\/actualites\/2018\/03\/07\/jai-decide-detre-heureux-au-travail\/#breadcrumb"},"inLanguage":"fr-FR","potentialAction":[{"@type":"ReadAction","target":["https:\/\/www.gereso.com\/actualites\/2018\/03\/07\/jai-decide-detre-heureux-au-travail\/"]}]},{"@type":"ImageObject","inLanguage":"fr-FR","@id":"https:\/\/www.gereso.com\/actualites\/2018\/03\/07\/jai-decide-detre-heureux-au-travail\/#primaryimage","url":"https:\/\/www.gereso.com\/actualites\/wp-content\/uploads\/2014\/03\/c80e6502f80a9b2c51083b4092becc66-heut3-1739.jpg","contentUrl":"https:\/\/www.gereso.com\/actualites\/wp-content\/uploads\/2014\/03\/c80e6502f80a9b2c51083b4092becc66-heut3-1739.jpg","width":300,"height":450,"caption":"Le best-seller de Jean-Fran\u00e7ois Thiriet \"J'ai d\u00e9cid\u00e9 d'\u00eatre heureux au travail\""},{"@type":"BreadcrumbList","@id":"https:\/\/www.gereso.com\/actualites\/2018\/03\/07\/jai-decide-detre-heureux-au-travail\/#breadcrumb","itemListElement":[{"@type":"ListItem","position":1,"name":"Home","item":"https:\/\/www.gereso.com\/actualites\/"},{"@type":"ListItem","position":2,"name":"J&rsquo;ai d\u00e9cid\u00e9 d&rsquo;\u00eatre heureux&#8230; au travail"}]},{"@type":"WebSite","@id":"https:\/\/www.gereso.com\/actualites\/#website","url":"https:\/\/www.gereso.com\/actualites\/","name":"Le Blog GERESO","description":"Toute l&#039;actu RH, Finance, Fonction Publique, Management...","potentialAction":[{"@type":"SearchAction","target":{"@type":"EntryPoint","urlTemplate":"https:\/\/www.gereso.com\/actualites\/?s={search_term_string}"},"query-input":{"@type":"PropertyValueSpecification","valueRequired":true,"valueName":"search_term_string"}}],"inLanguage":"fr-FR"},{"@type":"Person","@id":"https:\/\/www.gereso.com\/actualites\/#\/schema\/person\/3a47d7735bf754d6f104375f64a37a6d","name":"Catherine Fourmond","image":{"@type":"ImageObject","inLanguage":"fr-FR","@id":"https:\/\/www.gereso.com\/actualites\/#\/schema\/person\/image\/","url":"https:\/\/www.gereso.com\/actualites\/wp-content\/uploads\/2012\/02\/catherine-fourmond-1-144x144.jpg","contentUrl":"https:\/\/www.gereso.com\/actualites\/wp-content\/uploads\/2012\/02\/catherine-fourmond-1-144x144.jpg","caption":"Catherine Fourmond"},"description":"Responsable des \u00e9ditions - Directrice des collections GERESO \u00c9DITION","url":"https:\/\/www.gereso.com\/actualites\/author\/c-fourmond\/"}]}},"_links":{"self":[{"href":"https:\/\/www.gereso.com\/actualites\/wp-json\/wp\/v2\/posts\/2561","targetHints":{"allow":["GET"]}}],"collection":[{"href":"https:\/\/www.gereso.com\/actualites\/wp-json\/wp\/v2\/posts"}],"about":[{"href":"https:\/\/www.gereso.com\/actualites\/wp-json\/wp\/v2\/types\/post"}],"author":[{"embeddable":true,"href":"https:\/\/www.gereso.com\/actualites\/wp-json\/wp\/v2\/users\/10"}],"replies":[{"embeddable":true,"href":"https:\/\/www.gereso.com\/actualites\/wp-json\/wp\/v2\/comments?post=2561"}],"version-history":[{"count":9,"href":"https:\/\/www.gereso.com\/actualites\/wp-json\/wp\/v2\/posts\/2561\/revisions"}],"predecessor-version":[{"id":9184,"href":"https:\/\/www.gereso.com\/actualites\/wp-json\/wp\/v2\/posts\/2561\/revisions\/9184"}],"wp:featuredmedia":[{"embeddable":true,"href":"https:\/\/www.gereso.com\/actualites\/wp-json\/wp\/v2\/media\/9177"}],"wp:attachment":[{"href":"https:\/\/www.gereso.com\/actualites\/wp-json\/wp\/v2\/media?parent=2561"}],"wp:term":[{"taxonomy":"category","embeddable":true,"href":"https:\/\/www.gereso.com\/actualites\/wp-json\/wp\/v2\/categories?post=2561"},{"taxonomy":"post_tag","embeddable":true,"href":"https:\/\/www.gereso.com\/actualites\/wp-json\/wp\/v2\/tags?post=2561"}],"curies":[{"name":"wp","href":"https:\/\/api.w.org\/{rel}","templated":true}]}}