{"id":25718,"date":"2022-02-24T11:31:31","date_gmt":"2022-02-24T09:31:31","guid":{"rendered":"https:\/\/www.gereso.com\/actualites\/?p=25718"},"modified":"2022-02-24T11:31:33","modified_gmt":"2022-02-24T09:31:33","slug":"creation-de-deux-nouveaux-corps-dans-la-filiere-soignante-de-la-fonction-publique-hospitaliere","status":"publish","type":"post","link":"https:\/\/www.gereso.com\/actualites\/2022\/02\/24\/creation-de-deux-nouveaux-corps-dans-la-filiere-soignante-de-la-fonction-publique-hospitaliere\/","title":{"rendered":"Cr\u00e9ation de deux nouveaux corps dans la fili\u00e8re soignante de la fonction publique hospitali\u00e8re"},"content":{"rendered":"\n\n\n<p>Le d\u00e9cret proc\u00e8de \u00e0 la cr\u00e9ation du <strong>statut particulier <\/strong>des corps des <strong>accompagnants \u00e9ducatifs et sociaux<br>et des agents des services hospitaliers qualifi\u00e9s<\/strong> regroup\u00e9s au sein de la fili\u00e8re soignante de cat\u00e9gorie C de la fonction publique hospitali\u00e8re.<\/p>\n\n\n\n<p>Les accompagnants \u00e9ducatifs et sociaux participent aux<strong> t\u00e2ches \u00e9ducatives<\/strong> sous la responsabilit\u00e9 d&rsquo;un agent du travail social et collaborent aux soins infirmiers.<\/p>\n\n\n\n<p>Le corps des accompagnants \u00e9ducatifs et sociaux comprend le grade d&rsquo;accompagnant \u00e9ducatif et social relevant de l&rsquo;\u00e9chelle de r\u00e9mun\u00e9ration C2 et le grade d&rsquo;accompagnant \u00e9ducatif et social principal relevant de l&rsquo;\u00e9chelle de r\u00e9mun\u00e9ration C3.<\/p>\n\n\n\n<p>Les agents des services hospitaliers qualifi\u00e9s sont charg\u00e9s de l&rsquo;entretien et de l&rsquo;hygi\u00e8ne des locaux de soins et participent aux t\u00e2ches permettant d&rsquo;assurer le <strong>confort des malades<\/strong>. Ils effectuent \u00e9galement les travaux que n\u00e9cessite la prophylaxie des maladies contagieuses et assurent la d\u00e9sinfection des locaux,<br>des v\u00eatements et du mat\u00e9riel.<\/p>\n\n\n\n<p>Le corps des agents des services hospitaliers qualifi\u00e9s comprend le grade d&rsquo;agent des services hospitaliers qualifi\u00e9s de classe normale relevant de l&rsquo;\u00e9chelle de r\u00e9mun\u00e9ration C1 et le grade d&rsquo;agent des services hospitaliers qualifi\u00e9s de classe sup\u00e9rieure relevant de l&rsquo;\u00e9chelle de r\u00e9mun\u00e9ration C2. <\/p>\n\n\n\n<p>Le texte r\u00e9glementaire d\u00e9finit les <strong>modalit\u00e9s de recrutement, de classement, de d\u00e9tachement<\/strong> dans ces deux nouveaux corps. Le d\u00e9cret tire en outre les cons\u00e9quences de la cr\u00e9ation de ces nouveaux corps par la modification des textes relatifs \u00e0 la repr\u00e9sentation des fonctionnaires au sein des commissions administratives paritaires.<\/p>\n\n\n\n<p><em><a href=\"https:\/\/www.legifrance.gouv.fr\/loda\/id\/JORFTEXT000044572168\/\" target=\"_blank\" rel=\"noreferrer noopener\">D\u00e9cret n\u00b0 2021-1825 du 24 d\u00e9cembre 2021<\/a> portant statut particulier du corps des accompagnants \u00e9ducatifs et sociaux et du corps des agents des services hospitaliers qualifi\u00e9s de la fonction publique hospitali\u00e8re, JO du 28 d\u00e9cembre 2021<\/em><\/p>\n","protected":false},"excerpt":{"rendered":"<p>Le d\u00e9cret proc\u00e8de \u00e0 la cr\u00e9ation du statut particulier des corps des accompagnants \u00e9ducatifs et sociauxet des agents des services hospitaliers qualifi\u00e9s regroup\u00e9s au sein de la fili\u00e8re soignante de cat\u00e9gorie C de la fonction publique hospitali\u00e8re. Les accompagnants \u00e9ducatifs et sociaux participent aux t\u00e2ches \u00e9ducatives sous la responsabilit\u00e9 d&rsquo;un agent du travail social et [&hellip;]<\/p>\n","protected":false},"author":32,"featured_media":0,"comment_status":"open","ping_status":"open","sticky":false,"template":"","format":"quote","meta":{"_acf_changed":false,"_mi_skip_tracking":false,"footnotes":""},"categories":[1],"tags":[],"class_list":["post-25718","post","type-post","status-publish","format-quote","hentry","category-non-classe","post_format-post-format-quote"],"acf":[],"yoast_head":"<!-- This site is optimized with the Yoast SEO plugin v23.4 - https:\/\/yoast.com\/wordpress\/plugins\/seo\/ -->\n<title>Cr\u00e9ation de deux nouveaux corps dans la fili\u00e8re soignante de la fonction publique hospitali\u00e8re - Le Blog GERESO<\/title>\n<meta name=\"robots\" content=\"index, follow, max-snippet:-1, max-image-preview:large, max-video-preview:-1\" \/>\n<link rel=\"canonical\" href=\"https:\/\/www.gereso.com\/actualites\/2022\/02\/24\/creation-de-deux-nouveaux-corps-dans-la-filiere-soignante-de-la-fonction-publique-hospitaliere\/\" \/>\n<meta property=\"og:locale\" content=\"fr_FR\" \/>\n<meta property=\"og:type\" content=\"article\" \/>\n<meta property=\"og:title\" content=\"Cr\u00e9ation de deux nouveaux corps dans la fili\u00e8re soignante de la fonction publique hospitali\u00e8re - Le Blog GERESO\" \/>\n<meta property=\"og:description\" content=\"Le d\u00e9cret proc\u00e8de \u00e0 la cr\u00e9ation du statut particulier des corps des accompagnants \u00e9ducatifs et sociauxet des agents des services hospitaliers qualifi\u00e9s regroup\u00e9s au sein de la fili\u00e8re soignante de cat\u00e9gorie C de la fonction publique hospitali\u00e8re. Les accompagnants \u00e9ducatifs et sociaux participent aux t\u00e2ches \u00e9ducatives sous la responsabilit\u00e9 d&rsquo;un agent du travail social et [&hellip;]\" \/>\n<meta property=\"og:url\" content=\"https:\/\/www.gereso.com\/actualites\/2022\/02\/24\/creation-de-deux-nouveaux-corps-dans-la-filiere-soignante-de-la-fonction-publique-hospitaliere\/\" \/>\n<meta property=\"og:site_name\" content=\"Le Blog GERESO\" \/>\n<meta property=\"article:published_time\" content=\"2022-02-24T09:31:31+00:00\" \/>\n<meta property=\"article:modified_time\" content=\"2022-02-24T09:31:33+00:00\" \/>\n<meta name=\"author\" content=\"\u00c9quipe GERESO\" \/>\n<meta name=\"twitter:card\" content=\"summary_large_image\" \/>\n<script type=\"application\/ld+json\" class=\"yoast-schema-graph\">{\"@context\":\"https:\/\/schema.org\",\"@graph\":[{\"@type\":\"WebPage\",\"@id\":\"https:\/\/www.gereso.com\/actualites\/2022\/02\/24\/creation-de-deux-nouveaux-corps-dans-la-filiere-soignante-de-la-fonction-publique-hospitaliere\/\",\"url\":\"https:\/\/www.gereso.com\/actualites\/2022\/02\/24\/creation-de-deux-nouveaux-corps-dans-la-filiere-soignante-de-la-fonction-publique-hospitaliere\/\",\"name\":\"Cr\u00e9ation de deux nouveaux corps dans la fili\u00e8re soignante de la fonction publique hospitali\u00e8re - Le Blog GERESO\",\"isPartOf\":{\"@id\":\"https:\/\/www.gereso.com\/actualites\/#website\"},\"datePublished\":\"2022-02-24T09:31:31+00:00\",\"dateModified\":\"2022-02-24T09:31:33+00:00\",\"author\":{\"@id\":\"https:\/\/www.gereso.com\/actualites\/#\/schema\/person\/197d8aef40cb4ae3f6a0aa9e1d3df2a6\"},\"breadcrumb\":{\"@id\":\"https:\/\/www.gereso.com\/actualites\/2022\/02\/24\/creation-de-deux-nouveaux-corps-dans-la-filiere-soignante-de-la-fonction-publique-hospitaliere\/#breadcrumb\"},\"inLanguage\":\"fr-FR\",\"potentialAction\":[{\"@type\":\"ReadAction\",\"target\":[\"https:\/\/www.gereso.com\/actualites\/2022\/02\/24\/creation-de-deux-nouveaux-corps-dans-la-filiere-soignante-de-la-fonction-publique-hospitaliere\/\"]}]},{\"@type\":\"BreadcrumbList\",\"@id\":\"https:\/\/www.gereso.com\/actualites\/2022\/02\/24\/creation-de-deux-nouveaux-corps-dans-la-filiere-soignante-de-la-fonction-publique-hospitaliere\/#breadcrumb\",\"itemListElement\":[{\"@type\":\"ListItem\",\"position\":1,\"name\":\"Home\",\"item\":\"https:\/\/www.gereso.com\/actualites\/\"},{\"@type\":\"ListItem\",\"position\":2,\"name\":\"Cr\u00e9ation de deux nouveaux corps dans la fili\u00e8re soignante de la fonction publique hospitali\u00e8re\"}]},{\"@type\":\"WebSite\",\"@id\":\"https:\/\/www.gereso.com\/actualites\/#website\",\"url\":\"https:\/\/www.gereso.com\/actualites\/\",\"name\":\"Le Blog GERESO\",\"description\":\"Toute l&#039;actu RH, Finance, Fonction Publique, Management...\",\"potentialAction\":[{\"@type\":\"SearchAction\",\"target\":{\"@type\":\"EntryPoint\",\"urlTemplate\":\"https:\/\/www.gereso.com\/actualites\/?s={search_term_string}\"},\"query-input\":{\"@type\":\"PropertyValueSpecification\",\"valueRequired\":true,\"valueName\":\"search_term_string\"}}],\"inLanguage\":\"fr-FR\"},{\"@type\":\"Person\",\"@id\":\"https:\/\/www.gereso.com\/actualites\/#\/schema\/person\/197d8aef40cb4ae3f6a0aa9e1d3df2a6\",\"name\":\"\u00c9quipe GERESO\",\"image\":{\"@type\":\"ImageObject\",\"inLanguage\":\"fr-FR\",\"@id\":\"https:\/\/www.gereso.com\/actualites\/#\/schema\/person\/image\/\",\"url\":\"https:\/\/www.gereso.com\/actualites\/wp-content\/uploads\/2013\/12\/avatar-gereso-1.png\",\"contentUrl\":\"https:\/\/www.gereso.com\/actualites\/wp-content\/uploads\/2013\/12\/avatar-gereso-1.png\",\"caption\":\"\u00c9quipe GERESO\"},\"url\":\"https:\/\/www.gereso.com\/actualites\/author\/gereso\/\"}]}<\/script>\n<!-- \/ Yoast SEO plugin. -->","yoast_head_json":{"title":"Cr\u00e9ation de deux nouveaux corps dans la fili\u00e8re soignante de la fonction publique hospitali\u00e8re - Le Blog GERESO","robots":{"index":"index","follow":"follow","max-snippet":"max-snippet:-1","max-image-preview":"max-image-preview:large","max-video-preview":"max-video-preview:-1"},"canonical":"https:\/\/www.gereso.com\/actualites\/2022\/02\/24\/creation-de-deux-nouveaux-corps-dans-la-filiere-soignante-de-la-fonction-publique-hospitaliere\/","og_locale":"fr_FR","og_type":"article","og_title":"Cr\u00e9ation de deux nouveaux corps dans la fili\u00e8re soignante de la fonction publique hospitali\u00e8re - Le Blog GERESO","og_description":"Le d\u00e9cret proc\u00e8de \u00e0 la cr\u00e9ation du statut particulier des corps des accompagnants \u00e9ducatifs et sociauxet des agents des services hospitaliers qualifi\u00e9s regroup\u00e9s au sein de la fili\u00e8re soignante de cat\u00e9gorie C de la fonction publique hospitali\u00e8re. Les accompagnants \u00e9ducatifs et sociaux participent aux t\u00e2ches \u00e9ducatives sous la responsabilit\u00e9 d&rsquo;un agent du travail social et [&hellip;]","og_url":"https:\/\/www.gereso.com\/actualites\/2022\/02\/24\/creation-de-deux-nouveaux-corps-dans-la-filiere-soignante-de-la-fonction-publique-hospitaliere\/","og_site_name":"Le Blog GERESO","article_published_time":"2022-02-24T09:31:31+00:00","article_modified_time":"2022-02-24T09:31:33+00:00","author":"\u00c9quipe GERESO","twitter_card":"summary_large_image","schema":{"@context":"https:\/\/schema.org","@graph":[{"@type":"WebPage","@id":"https:\/\/www.gereso.com\/actualites\/2022\/02\/24\/creation-de-deux-nouveaux-corps-dans-la-filiere-soignante-de-la-fonction-publique-hospitaliere\/","url":"https:\/\/www.gereso.com\/actualites\/2022\/02\/24\/creation-de-deux-nouveaux-corps-dans-la-filiere-soignante-de-la-fonction-publique-hospitaliere\/","name":"Cr\u00e9ation de deux nouveaux corps dans la fili\u00e8re soignante de la fonction publique hospitali\u00e8re - Le Blog GERESO","isPartOf":{"@id":"https:\/\/www.gereso.com\/actualites\/#website"},"datePublished":"2022-02-24T09:31:31+00:00","dateModified":"2022-02-24T09:31:33+00:00","author":{"@id":"https:\/\/www.gereso.com\/actualites\/#\/schema\/person\/197d8aef40cb4ae3f6a0aa9e1d3df2a6"},"breadcrumb":{"@id":"https:\/\/www.gereso.com\/actualites\/2022\/02\/24\/creation-de-deux-nouveaux-corps-dans-la-filiere-soignante-de-la-fonction-publique-hospitaliere\/#breadcrumb"},"inLanguage":"fr-FR","potentialAction":[{"@type":"ReadAction","target":["https:\/\/www.gereso.com\/actualites\/2022\/02\/24\/creation-de-deux-nouveaux-corps-dans-la-filiere-soignante-de-la-fonction-publique-hospitaliere\/"]}]},{"@type":"BreadcrumbList","@id":"https:\/\/www.gereso.com\/actualites\/2022\/02\/24\/creation-de-deux-nouveaux-corps-dans-la-filiere-soignante-de-la-fonction-publique-hospitaliere\/#breadcrumb","itemListElement":[{"@type":"ListItem","position":1,"name":"Home","item":"https:\/\/www.gereso.com\/actualites\/"},{"@type":"ListItem","position":2,"name":"Cr\u00e9ation de deux nouveaux corps dans la fili\u00e8re soignante de la fonction publique hospitali\u00e8re"}]},{"@type":"WebSite","@id":"https:\/\/www.gereso.com\/actualites\/#website","url":"https:\/\/www.gereso.com\/actualites\/","name":"Le Blog GERESO","description":"Toute l&#039;actu RH, Finance, Fonction Publique, Management...","potentialAction":[{"@type":"SearchAction","target":{"@type":"EntryPoint","urlTemplate":"https:\/\/www.gereso.com\/actualites\/?s={search_term_string}"},"query-input":{"@type":"PropertyValueSpecification","valueRequired":true,"valueName":"search_term_string"}}],"inLanguage":"fr-FR"},{"@type":"Person","@id":"https:\/\/www.gereso.com\/actualites\/#\/schema\/person\/197d8aef40cb4ae3f6a0aa9e1d3df2a6","name":"\u00c9quipe GERESO","image":{"@type":"ImageObject","inLanguage":"fr-FR","@id":"https:\/\/www.gereso.com\/actualites\/#\/schema\/person\/image\/","url":"https:\/\/www.gereso.com\/actualites\/wp-content\/uploads\/2013\/12\/avatar-gereso-1.png","contentUrl":"https:\/\/www.gereso.com\/actualites\/wp-content\/uploads\/2013\/12\/avatar-gereso-1.png","caption":"\u00c9quipe GERESO"},"url":"https:\/\/www.gereso.com\/actualites\/author\/gereso\/"}]}},"_links":{"self":[{"href":"https:\/\/www.gereso.com\/actualites\/wp-json\/wp\/v2\/posts\/25718","targetHints":{"allow":["GET"]}}],"collection":[{"href":"https:\/\/www.gereso.com\/actualites\/wp-json\/wp\/v2\/posts"}],"about":[{"href":"https:\/\/www.gereso.com\/actualites\/wp-json\/wp\/v2\/types\/post"}],"author":[{"embeddable":true,"href":"https:\/\/www.gereso.com\/actualites\/wp-json\/wp\/v2\/users\/32"}],"replies":[{"embeddable":true,"href":"https:\/\/www.gereso.com\/actualites\/wp-json\/wp\/v2\/comments?post=25718"}],"version-history":[{"count":9,"href":"https:\/\/www.gereso.com\/actualites\/wp-json\/wp\/v2\/posts\/25718\/revisions"}],"predecessor-version":[{"id":25728,"href":"https:\/\/www.gereso.com\/actualites\/wp-json\/wp\/v2\/posts\/25718\/revisions\/25728"}],"wp:attachment":[{"href":"https:\/\/www.gereso.com\/actualites\/wp-json\/wp\/v2\/media?parent=25718"}],"wp:term":[{"taxonomy":"category","embeddable":true,"href":"https:\/\/www.gereso.com\/actualites\/wp-json\/wp\/v2\/categories?post=25718"},{"taxonomy":"post_tag","embeddable":true,"href":"https:\/\/www.gereso.com\/actualites\/wp-json\/wp\/v2\/tags?post=25718"}],"curies":[{"name":"wp","href":"https:\/\/api.w.org\/{rel}","templated":true}]}}