{"id":25786,"date":"2022-02-24T17:26:11","date_gmt":"2022-02-24T15:26:11","guid":{"rendered":"https:\/\/www.gereso.com\/actualites\/?p=25786"},"modified":"2022-02-24T17:26:13","modified_gmt":"2022-02-24T15:26:13","slug":"la-retraite-progressive-quelles-conditions-quel-montant-quelles-demarches","status":"publish","type":"post","link":"https:\/\/www.gereso.com\/actualites\/2022\/02\/24\/la-retraite-progressive-quelles-conditions-quel-montant-quelles-demarches\/","title":{"rendered":"La retraite progressive : Quelles conditions ? Quel montant ? Quelles d\u00e9marches ?"},"content":{"rendered":"\n<h2 style=\"color: #d10016\"><strong>Les conditions \u00e0 remplir<\/strong><\/h2>\n\n\n\n<p>Pour b\u00e9n\u00e9ficier d&rsquo;une retraite progressive, plusieurs conditions doivent \u00eatre remplies&nbsp;:<\/p>\n\n\n\n<ul>\n<li>Avoir au moins 60 ans&nbsp;;<\/li>\n<li>R\u00e9unir au moins 150 trimestres dans tous les r\u00e9gimes de retraite de base (r\u00e9gimes fran\u00e7ais si r\u00e9gimes \u00e9trangers si application d\u2019une convention de s\u00e9curit\u00e9 sociale)&nbsp;;<\/li>\n<li>Exercer une ou plusieurs activit\u00e9s \u00e0 temps partiel.<\/li>\n<\/ul>\n\n\n\n<p>La somme des activit\u00e9s \u00e0 temps partiel doit \u00eatre comprise entre 40 % et 80 % de la dur\u00e9e l\u00e9gale ou conventionnelle du travail applicable dans l\u2019 entreprise ou les\u00a0entreprises.<\/p>\n\n\n\n<p>La dur\u00e9e l\u00e9gale du travail doit \u00eatre exprim\u00e9e en heures r\u00e9parties sur la semaine ou le mois.<\/p>\n\n\n\n<h3>Actualit\u00e9s&nbsp;!<\/h3>\n\n\n\n<p>La <a href=\"https:\/\/www.legifrance.gouv.fr\/jorf\/id\/JORFTEXT000044553428\" target=\"_blank\" rel=\"noreferrer noopener\">loi n \u00b02021-1754 de financement de la S\u00e9curit\u00e9 sociale<\/a> pour 2022 \u00e9tend le dispositif de retraite progressive\u00a0:<\/p>\n\n\n\n<p>Les salari\u00e9s en forfait jours vont pouvoir acc\u00e9der \u00e0 la retraite progressive, c&rsquo;est-\u00e0-dire percevoir une fraction de leur pension de retraite tout en continuant \u00e0 exercer une ou plusieurs activit\u00e9s. Cette retraite progressive n&rsquo;\u00e9tait auparavant accessible qu&rsquo;aux salari\u00e9s dont le temps de travail \u00e9tait calcul\u00e9 en heures. Le dispositif de retraite progressive est \u00e9galement \u00e9tendu \u00e0 certains travailleurs non-salari\u00e9s relevant du r\u00e9gime des salari\u00e9s (mandataires sociaux, vendeurs \u00e0 domiciles ind\u00e9pendants&#8230;).<\/p>\n\n\n\n<h3>Bug pour l&rsquo;application de ces nouvelles mesures&hellip;<\/h3>\n\n\n\n<p>Ce dispositif qui doit entrer en vigueur le 1<sup>er<\/sup> janvier 2022, est en attente d\u2019un d\u00e9cret et un arr\u00eat\u00e9 pour homologation du nouveau formulaire de retraite progressive.<\/p>\n\n\n\n<p>De plus,\u00a0la demande ne peut s\u2019effectuer en ligne\u2026<\/p>\n\n\n\n<h2 style=\"color: #d10016\"><strong>Le montant de la retraite progressive<\/strong><\/h2>\n\n\n\n<p>Le montant de la &nbsp;retraite progressive, est d\u00e9termin\u00e9 en fonction du temps de travail. Par exemple, un temps partiel de 60% donne droit \u00e0 40% de la retraite.&nbsp;<\/p>\n\n\n\n<p>Si le temps de travail est modifi\u00e9, le montant de la \u00a0retraite progressive est r\u00e9vis\u00e9. La r\u00e9vision intervient \u00e0 la date anniversaire du point de d\u00e9part de la retraite progressive.<\/p>\n\n\n\n<p>Lorsque le salari\u00e9 liquide d\u00e9finitivement ses droits. Une comparaison est faite entre l\u2019ancien et le nouveau montant. Le montant le plus \u00e9lev\u00e9 est retenu.<\/p>\n\n\n\n<h2 style=\"color: #d10016\"><strong>Suppression de la retraite progressive<\/strong><\/h2>\n\n\n\n<p>La retraite progressive est supprim\u00e9e en cas de &nbsp;:<\/p>\n\n\n\n<ul class=\"wp-block-list\"><li>Cessation de toute activit\u00e9 \u00e0 temps partiel et demande de retraite d\u00e9finitive&nbsp;;<\/li><li>Exercice d\u2019 une activit\u00e9 \u00e0 temps complet&nbsp;;<\/li><li>Modification du temps de travail sans respecter les limites de dur\u00e9e minimum et maximum de temps partiel (entre 40 % et 80 % de la dur\u00e9e l\u00e9gale).<\/li><\/ul>\n\n\n\n<p>Le paiement de la\u00a0retraite progressive s\u2019arr\u00eate le 1er jour du mois qui suit le changement.<\/p>\n\n\n\n<p><article class=\"obj_encart-formation\">\n<div class=\"ctn_encart\">\n<h3>Votre formation sur ce th\u00e8me<\/h3>\n<h2>&nbsp;LES RENDEZ-VOUS DE LA RETRAITE&nbsp;<\/h2>\n<h4> 4 demi-journ\u00e9es \u2013 En pr\u00e9sentiel ou \u00e0 distance<\/h4>\n<ul>\n<li><strong>B\u00e9n\u00e9ficier d&rsquo;une veille sociale<\/strong> compl\u00e8te pour anticiper et suivre les changements : retraite progressive, cumul emploi-retraite, carri\u00e8res longues&hellip;<\/li>\n<li><strong>Analyser l&rsquo;ANI<\/strong> du 17 novembre 2017 instituant le r\u00e9gime AGIRC-ARRCO.<\/li>\n<li><strong>\u00c9changer sur l&rsquo;actualit\u00e9<\/strong> entre professionnels de la retraite en entreprise.<\/li>\n<\/ul>\n<div class=\"ctn_btn\">\n<a class=\"obj_btn\" target=\"_blank\" href=\"https:\/\/www.gereso.com\/RDVR\" rel=\"noopener\"><span>En savoir plus<\/span><\/a>\n<a class=\"obj_btn\" target=\"_blank\" href=\"https:\/\/www.gereso.com\/client\/programme-pdf\/RDVR.pdf\" rel=\"noopener\"><span>T\u00e9l\u00e9charger le programme PDF<\/span><\/a>\n<\/div>\n<\/div>\n<\/article><\/p>\n\n\n\n<h2 style=\"color: #d10016\"><strong>Les d\u00e9marches \u00e0 effectuer <\/strong><\/h2>\n\n\n\n<p>Le salari\u00e9 doit&nbsp;compl\u00e9ter&nbsp;le <a href=\"https:\/\/www.lassuranceretraite.fr\/portail-info\/files\/live\/sites\/pub\/files\/PDF\/demande-retraite-progressive.pdf\" target=\"_blank\" rel=\"noreferrer noopener\">formulaire de demande de retraite progressive<\/a>&nbsp;et faire remplir <a href=\"https:\/\/www.lassuranceretraite.fr\/portail-info\/files\/live\/sites\/pub\/files\/PDF\/attest-retraite-progressive.pdf\" target=\"_blank\" rel=\"noreferrer noopener\">l\u2019attestation de retraite progressive<\/a> \u00e0 le ou les&nbsp;employeurs.<\/p>\n\n\n\n<p>Il faut ensuite envoyer les deux formulaires \u00e0 la CARSAT ou CNAV (pour l\u2019Ile de\u00a0 France) par courrier.<\/p>\n\n\n\n<p>Pour plus de renseignements\u00a0: contacter le 39 60<\/p>\n\n\n\n<p>Il ne faut pas oublier\u00a0\u00e9galement de demander sa retraite progressive \u00e0 l\u2019AGIRC-ARRCO\u00a0 en s\u2019adressant au CICAS le plus proche du domicile (annuaire des CICAS )<\/p>\n\n\n\n<a href=\"https:\/\/www.agirc-arrco.fr\/cicas\/\" target=\"_blank\" rel=\"noreferrer noopener\">https:\/\/www.agirc-arrco.fr\/cicas\/  <\/a>\n\n\n\n<p>N\u00b0 de t\u00e9l\u00e9phone\u00a0: 0820 200\u00a0189<\/p>\n\n\n","protected":false},"excerpt":{"rendered":"<p>Les conditions \u00e0 remplir Pour b\u00e9n\u00e9ficier d&rsquo;une retraite progressive, plusieurs conditions doivent \u00eatre remplies&nbsp;: Avoir au moins 60 ans&nbsp;; R\u00e9unir au moins 150 trimestres dans tous les r\u00e9gimes de retraite de base (r\u00e9gimes fran\u00e7ais si r\u00e9gimes \u00e9trangers si application d\u2019une convention de s\u00e9curit\u00e9 sociale)&nbsp;; Exercer une ou plusieurs activit\u00e9s \u00e0 temps partiel. La somme des [&hellip;]<\/p>\n","protected":false},"author":23,"featured_media":25798,"comment_status":"open","ping_status":"open","sticky":false,"template":"","format":"standard","meta":{"_acf_changed":false,"_mi_skip_tracking":false,"footnotes":""},"categories":[12,4],"tags":[183],"class_list":["post-25786","post","type-post","status-publish","format-standard","has-post-thumbnail","hentry","category-actualites","category-retraite-et-protection-sociale","tag-retraite-progressive"],"acf":[],"yoast_head":"<!-- This site is optimized with the Yoast SEO plugin v23.4 - https:\/\/yoast.com\/wordpress\/plugins\/seo\/ -->\n<title>La retraite progressive : Quelles conditions ? Quel montant ? Quelles d\u00e9marches ? - Le Blog GERESO<\/title>\n<meta name=\"robots\" content=\"index, follow, max-snippet:-1, max-image-preview:large, max-video-preview:-1\" \/>\n<link rel=\"canonical\" href=\"https:\/\/www.gereso.com\/actualites\/2022\/02\/24\/la-retraite-progressive-quelles-conditions-quel-montant-quelles-demarches\/\" \/>\n<meta property=\"og:locale\" content=\"fr_FR\" \/>\n<meta property=\"og:type\" content=\"article\" \/>\n<meta property=\"og:title\" content=\"La retraite progressive : Quelles conditions ? Quel montant ? Quelles d\u00e9marches ? - Le Blog GERESO\" \/>\n<meta property=\"og:description\" content=\"Les conditions \u00e0 remplir Pour b\u00e9n\u00e9ficier d&rsquo;une retraite progressive, plusieurs conditions doivent \u00eatre remplies&nbsp;: Avoir au moins 60 ans&nbsp;; R\u00e9unir au moins 150 trimestres dans tous les r\u00e9gimes de retraite de base (r\u00e9gimes fran\u00e7ais si r\u00e9gimes \u00e9trangers si application d\u2019une convention de s\u00e9curit\u00e9 sociale)&nbsp;; Exercer une ou plusieurs activit\u00e9s \u00e0 temps partiel. La somme des [&hellip;]\" \/>\n<meta property=\"og:url\" content=\"https:\/\/www.gereso.com\/actualites\/2022\/02\/24\/la-retraite-progressive-quelles-conditions-quel-montant-quelles-demarches\/\" \/>\n<meta property=\"og:site_name\" content=\"Le Blog GERESO\" \/>\n<meta property=\"article:published_time\" content=\"2022-02-24T15:26:11+00:00\" \/>\n<meta property=\"article:modified_time\" content=\"2022-02-24T15:26:13+00:00\" \/>\n<meta property=\"og:image\" content=\"https:\/\/www.gereso.com\/actualites\/wp-content\/uploads\/2022\/02\/Retraite-progressive.jpg\" \/>\n\t<meta property=\"og:image:width\" content=\"600\" \/>\n\t<meta property=\"og:image:height\" content=\"400\" \/>\n\t<meta property=\"og:image:type\" content=\"image\/jpeg\" \/>\n<meta name=\"author\" content=\"Nadine Egault\" \/>\n<meta name=\"twitter:card\" content=\"summary_large_image\" \/>\n<script type=\"application\/ld+json\" class=\"yoast-schema-graph\">{\"@context\":\"https:\/\/schema.org\",\"@graph\":[{\"@type\":\"WebPage\",\"@id\":\"https:\/\/www.gereso.com\/actualites\/2022\/02\/24\/la-retraite-progressive-quelles-conditions-quel-montant-quelles-demarches\/\",\"url\":\"https:\/\/www.gereso.com\/actualites\/2022\/02\/24\/la-retraite-progressive-quelles-conditions-quel-montant-quelles-demarches\/\",\"name\":\"La retraite progressive : Quelles conditions ? Quel montant ? Quelles d\u00e9marches ? - Le Blog GERESO\",\"isPartOf\":{\"@id\":\"https:\/\/www.gereso.com\/actualites\/#website\"},\"primaryImageOfPage\":{\"@id\":\"https:\/\/www.gereso.com\/actualites\/2022\/02\/24\/la-retraite-progressive-quelles-conditions-quel-montant-quelles-demarches\/#primaryimage\"},\"image\":{\"@id\":\"https:\/\/www.gereso.com\/actualites\/2022\/02\/24\/la-retraite-progressive-quelles-conditions-quel-montant-quelles-demarches\/#primaryimage\"},\"thumbnailUrl\":\"https:\/\/www.gereso.com\/actualites\/wp-content\/uploads\/2022\/02\/Retraite-progressive.jpg\",\"datePublished\":\"2022-02-24T15:26:11+00:00\",\"dateModified\":\"2022-02-24T15:26:13+00:00\",\"author\":{\"@id\":\"https:\/\/www.gereso.com\/actualites\/#\/schema\/person\/22a81049f02e79edac82a447ec9c74ee\"},\"breadcrumb\":{\"@id\":\"https:\/\/www.gereso.com\/actualites\/2022\/02\/24\/la-retraite-progressive-quelles-conditions-quel-montant-quelles-demarches\/#breadcrumb\"},\"inLanguage\":\"fr-FR\",\"potentialAction\":[{\"@type\":\"ReadAction\",\"target\":[\"https:\/\/www.gereso.com\/actualites\/2022\/02\/24\/la-retraite-progressive-quelles-conditions-quel-montant-quelles-demarches\/\"]}]},{\"@type\":\"ImageObject\",\"inLanguage\":\"fr-FR\",\"@id\":\"https:\/\/www.gereso.com\/actualites\/2022\/02\/24\/la-retraite-progressive-quelles-conditions-quel-montant-quelles-demarches\/#primaryimage\",\"url\":\"https:\/\/www.gereso.com\/actualites\/wp-content\/uploads\/2022\/02\/Retraite-progressive.jpg\",\"contentUrl\":\"https:\/\/www.gereso.com\/actualites\/wp-content\/uploads\/2022\/02\/Retraite-progressive.jpg\",\"width\":600,\"height\":400,\"caption\":\"La retraite progressive : Quelles conditions ? Quel montant ? Quelles d\u00e9marches ?\"},{\"@type\":\"BreadcrumbList\",\"@id\":\"https:\/\/www.gereso.com\/actualites\/2022\/02\/24\/la-retraite-progressive-quelles-conditions-quel-montant-quelles-demarches\/#breadcrumb\",\"itemListElement\":[{\"@type\":\"ListItem\",\"position\":1,\"name\":\"Home\",\"item\":\"https:\/\/www.gereso.com\/actualites\/\"},{\"@type\":\"ListItem\",\"position\":2,\"name\":\"La retraite progressive : Quelles conditions ? Quel montant ? Quelles d\u00e9marches ?\"}]},{\"@type\":\"WebSite\",\"@id\":\"https:\/\/www.gereso.com\/actualites\/#website\",\"url\":\"https:\/\/www.gereso.com\/actualites\/\",\"name\":\"Le Blog GERESO\",\"description\":\"Toute l&#039;actu RH, Finance, Fonction Publique, Management...\",\"potentialAction\":[{\"@type\":\"SearchAction\",\"target\":{\"@type\":\"EntryPoint\",\"urlTemplate\":\"https:\/\/www.gereso.com\/actualites\/?s={search_term_string}\"},\"query-input\":{\"@type\":\"PropertyValueSpecification\",\"valueRequired\":true,\"valueName\":\"search_term_string\"}}],\"inLanguage\":\"fr-FR\"},{\"@type\":\"Person\",\"@id\":\"https:\/\/www.gereso.com\/actualites\/#\/schema\/person\/22a81049f02e79edac82a447ec9c74ee\",\"name\":\"Nadine Egault\",\"image\":{\"@type\":\"ImageObject\",\"inLanguage\":\"fr-FR\",\"@id\":\"https:\/\/www.gereso.com\/actualites\/#\/schema\/person\/image\/\",\"url\":\"https:\/\/www.gereso.com\/actualites\/wp-content\/uploads\/2012\/09\/nadine-egault-1-144x144.jpg\",\"contentUrl\":\"https:\/\/www.gereso.com\/actualites\/wp-content\/uploads\/2012\/09\/nadine-egault-1-144x144.jpg\",\"caption\":\"Nadine Egault\"},\"description\":\"Nadine EGAULT est consultante en retraite et protection sociale depuis 1989. Elle anime des formations inter et intra-entreprises sur les th\u00e8mes de la retraite des salari\u00e9s du secteur priv\u00e9, la retraite des expatri\u00e9s, les prestations de la s\u00e9curit\u00e9 sociale. Elle r\u00e9alise \u00e9galement des missions de conseil dans le domaine des retraites du secteur priv\u00e9 : bilans retraite individuels, rachat de trimestres, p\u00e9riodes d'activit\u00e9 \u00e0 l'\u00e9tranger...\",\"url\":\"https:\/\/www.gereso.com\/actualites\/author\/n-egault\/\"}]}<\/script>\n<!-- \/ Yoast SEO plugin. -->","yoast_head_json":{"title":"La retraite progressive : Quelles conditions ? Quel montant ? Quelles d\u00e9marches ? - Le Blog GERESO","robots":{"index":"index","follow":"follow","max-snippet":"max-snippet:-1","max-image-preview":"max-image-preview:large","max-video-preview":"max-video-preview:-1"},"canonical":"https:\/\/www.gereso.com\/actualites\/2022\/02\/24\/la-retraite-progressive-quelles-conditions-quel-montant-quelles-demarches\/","og_locale":"fr_FR","og_type":"article","og_title":"La retraite progressive : Quelles conditions ? Quel montant ? Quelles d\u00e9marches ? - Le Blog GERESO","og_description":"Les conditions \u00e0 remplir Pour b\u00e9n\u00e9ficier d&rsquo;une retraite progressive, plusieurs conditions doivent \u00eatre remplies&nbsp;: Avoir au moins 60 ans&nbsp;; R\u00e9unir au moins 150 trimestres dans tous les r\u00e9gimes de retraite de base (r\u00e9gimes fran\u00e7ais si r\u00e9gimes \u00e9trangers si application d\u2019une convention de s\u00e9curit\u00e9 sociale)&nbsp;; Exercer une ou plusieurs activit\u00e9s \u00e0 temps partiel. La somme des [&hellip;]","og_url":"https:\/\/www.gereso.com\/actualites\/2022\/02\/24\/la-retraite-progressive-quelles-conditions-quel-montant-quelles-demarches\/","og_site_name":"Le Blog GERESO","article_published_time":"2022-02-24T15:26:11+00:00","article_modified_time":"2022-02-24T15:26:13+00:00","og_image":[{"width":600,"height":400,"url":"https:\/\/www.gereso.com\/actualites\/wp-content\/uploads\/2022\/02\/Retraite-progressive.jpg","type":"image\/jpeg"}],"author":"Nadine Egault","twitter_card":"summary_large_image","schema":{"@context":"https:\/\/schema.org","@graph":[{"@type":"WebPage","@id":"https:\/\/www.gereso.com\/actualites\/2022\/02\/24\/la-retraite-progressive-quelles-conditions-quel-montant-quelles-demarches\/","url":"https:\/\/www.gereso.com\/actualites\/2022\/02\/24\/la-retraite-progressive-quelles-conditions-quel-montant-quelles-demarches\/","name":"La retraite progressive : Quelles conditions ? Quel montant ? Quelles d\u00e9marches ? - Le Blog GERESO","isPartOf":{"@id":"https:\/\/www.gereso.com\/actualites\/#website"},"primaryImageOfPage":{"@id":"https:\/\/www.gereso.com\/actualites\/2022\/02\/24\/la-retraite-progressive-quelles-conditions-quel-montant-quelles-demarches\/#primaryimage"},"image":{"@id":"https:\/\/www.gereso.com\/actualites\/2022\/02\/24\/la-retraite-progressive-quelles-conditions-quel-montant-quelles-demarches\/#primaryimage"},"thumbnailUrl":"https:\/\/www.gereso.com\/actualites\/wp-content\/uploads\/2022\/02\/Retraite-progressive.jpg","datePublished":"2022-02-24T15:26:11+00:00","dateModified":"2022-02-24T15:26:13+00:00","author":{"@id":"https:\/\/www.gereso.com\/actualites\/#\/schema\/person\/22a81049f02e79edac82a447ec9c74ee"},"breadcrumb":{"@id":"https:\/\/www.gereso.com\/actualites\/2022\/02\/24\/la-retraite-progressive-quelles-conditions-quel-montant-quelles-demarches\/#breadcrumb"},"inLanguage":"fr-FR","potentialAction":[{"@type":"ReadAction","target":["https:\/\/www.gereso.com\/actualites\/2022\/02\/24\/la-retraite-progressive-quelles-conditions-quel-montant-quelles-demarches\/"]}]},{"@type":"ImageObject","inLanguage":"fr-FR","@id":"https:\/\/www.gereso.com\/actualites\/2022\/02\/24\/la-retraite-progressive-quelles-conditions-quel-montant-quelles-demarches\/#primaryimage","url":"https:\/\/www.gereso.com\/actualites\/wp-content\/uploads\/2022\/02\/Retraite-progressive.jpg","contentUrl":"https:\/\/www.gereso.com\/actualites\/wp-content\/uploads\/2022\/02\/Retraite-progressive.jpg","width":600,"height":400,"caption":"La retraite progressive : Quelles conditions ? Quel montant ? Quelles d\u00e9marches ?"},{"@type":"BreadcrumbList","@id":"https:\/\/www.gereso.com\/actualites\/2022\/02\/24\/la-retraite-progressive-quelles-conditions-quel-montant-quelles-demarches\/#breadcrumb","itemListElement":[{"@type":"ListItem","position":1,"name":"Home","item":"https:\/\/www.gereso.com\/actualites\/"},{"@type":"ListItem","position":2,"name":"La retraite progressive : Quelles conditions ? Quel montant ? Quelles d\u00e9marches ?"}]},{"@type":"WebSite","@id":"https:\/\/www.gereso.com\/actualites\/#website","url":"https:\/\/www.gereso.com\/actualites\/","name":"Le Blog GERESO","description":"Toute l&#039;actu RH, Finance, Fonction Publique, Management...","potentialAction":[{"@type":"SearchAction","target":{"@type":"EntryPoint","urlTemplate":"https:\/\/www.gereso.com\/actualites\/?s={search_term_string}"},"query-input":{"@type":"PropertyValueSpecification","valueRequired":true,"valueName":"search_term_string"}}],"inLanguage":"fr-FR"},{"@type":"Person","@id":"https:\/\/www.gereso.com\/actualites\/#\/schema\/person\/22a81049f02e79edac82a447ec9c74ee","name":"Nadine Egault","image":{"@type":"ImageObject","inLanguage":"fr-FR","@id":"https:\/\/www.gereso.com\/actualites\/#\/schema\/person\/image\/","url":"https:\/\/www.gereso.com\/actualites\/wp-content\/uploads\/2012\/09\/nadine-egault-1-144x144.jpg","contentUrl":"https:\/\/www.gereso.com\/actualites\/wp-content\/uploads\/2012\/09\/nadine-egault-1-144x144.jpg","caption":"Nadine Egault"},"description":"Nadine EGAULT est consultante en retraite et protection sociale depuis 1989. Elle anime des formations inter et intra-entreprises sur les th\u00e8mes de la retraite des salari\u00e9s du secteur priv\u00e9, la retraite des expatri\u00e9s, les prestations de la s\u00e9curit\u00e9 sociale. Elle r\u00e9alise \u00e9galement des missions de conseil dans le domaine des retraites du secteur priv\u00e9 : bilans retraite individuels, rachat de trimestres, p\u00e9riodes d'activit\u00e9 \u00e0 l'\u00e9tranger...","url":"https:\/\/www.gereso.com\/actualites\/author\/n-egault\/"}]}},"_links":{"self":[{"href":"https:\/\/www.gereso.com\/actualites\/wp-json\/wp\/v2\/posts\/25786","targetHints":{"allow":["GET"]}}],"collection":[{"href":"https:\/\/www.gereso.com\/actualites\/wp-json\/wp\/v2\/posts"}],"about":[{"href":"https:\/\/www.gereso.com\/actualites\/wp-json\/wp\/v2\/types\/post"}],"author":[{"embeddable":true,"href":"https:\/\/www.gereso.com\/actualites\/wp-json\/wp\/v2\/users\/23"}],"replies":[{"embeddable":true,"href":"https:\/\/www.gereso.com\/actualites\/wp-json\/wp\/v2\/comments?post=25786"}],"version-history":[{"count":15,"href":"https:\/\/www.gereso.com\/actualites\/wp-json\/wp\/v2\/posts\/25786\/revisions"}],"predecessor-version":[{"id":25851,"href":"https:\/\/www.gereso.com\/actualites\/wp-json\/wp\/v2\/posts\/25786\/revisions\/25851"}],"wp:featuredmedia":[{"embeddable":true,"href":"https:\/\/www.gereso.com\/actualites\/wp-json\/wp\/v2\/media\/25798"}],"wp:attachment":[{"href":"https:\/\/www.gereso.com\/actualites\/wp-json\/wp\/v2\/media?parent=25786"}],"wp:term":[{"taxonomy":"category","embeddable":true,"href":"https:\/\/www.gereso.com\/actualites\/wp-json\/wp\/v2\/categories?post=25786"},{"taxonomy":"post_tag","embeddable":true,"href":"https:\/\/www.gereso.com\/actualites\/wp-json\/wp\/v2\/tags?post=25786"}],"curies":[{"name":"wp","href":"https:\/\/api.w.org\/{rel}","templated":true}]}}