{"id":25866,"date":"2022-02-28T15:44:06","date_gmt":"2022-02-28T13:44:06","guid":{"rendered":"https:\/\/www.gereso.com\/actualites\/?p=25866"},"modified":"2022-02-28T15:44:08","modified_gmt":"2022-02-28T13:44:08","slug":"reforme-systeme-sante-pistes-mais-toujours-pas-solutions","status":"publish","type":"post","link":"https:\/\/www.gereso.com\/actualites\/2022\/02\/28\/reforme-systeme-sante-pistes-mais-toujours-pas-solutions\/","title":{"rendered":"R\u00e9forme du syst\u00e8me de sant\u00e9 : des pistes mais toujours pas de solutions"},"content":{"rendered":"\n\n\n<p>Dans sa lettre de mission, le ministre pointait des \u00ab&nbsp;<em>faiblesses structurelles&nbsp;: iniquit\u00e9s de couverture, difficult\u00e9s d\u2019acc\u00e8s aux compl\u00e9mentaires sant\u00e9, complexit\u00e9s de gestion, montant important de frais de gestion<\/em>&nbsp;\u00bb qui justifient <strong>l\u2019ouverture d\u2019un d\u00e9bat sur le sujet<\/strong>. Parmi les scenarii envisag\u00e9s, celui d\u2019une <strong>extension du p\u00e9rim\u00e8tre de la S\u00e9curit\u00e9 sociale<\/strong> au d\u00e9triment des compl\u00e9mentaires sant\u00e9 a suscit\u00e9 les plus vives de r\u00e9actions, en particulier des professionnels du secteurs, et du monde politique et syndical.<\/p>\n\n\n\n<p>Apr\u00e8s plusieurs mois de travaux, le HCAAM a remis le 14 janvier <a href=\"https:\/\/www.securite-sociale.fr\/home\/hcaam\/zone-main-content\/rapports-et-avis-1\/rapport-du-hcaam-quatre-scenario.html\">un rapport<\/a> sur le sujet. <strong>4 sc\u00e9narios y sont analys\u00e9s, <\/strong>sans qu\u2019aucune recommandation ne soit fa\u00eete compte tenu d\u2019une absence de consensus entre ses membres.<\/p>\n\n\n\n<p>C\u00f4t\u00e9 gouvernement, qui comptait sur les conclusions du rapport pour prendre des mesures, il semblerait que la situation soit bloqu\u00e9e. <strong>Le projet de \u00ab&nbsp;Grande S\u00e9cu&nbsp;\u00bb,<\/strong> qui avait les faveurs du ministre, est pour le moment abandonn\u00e9. Mais le sujet pourrait tr\u00e8s vite revenir dans les prochaines semaines \u00e0 la faveur de la campagne pr\u00e9sidentielle.<\/p>\n\n\n\n<h2 style=\"color: #d10016\"><strong>Couverture du risque sant\u00e9&nbsp;: comment est-elle organis\u00e9e aujourd\u2019hui&nbsp;?<\/strong><\/h2>\n\n\n\n<p>L\u2019assurance maladie fournit la <strong>couverture de base des risques \u00ab\u00a0maladie\/maternit\u00e9\/invalidit\u00e9\/d\u00e9c\u00e8s\u00a0\u00bb.<\/strong> Depuis le 1er janvier 2016, la <strong>couverture maladie<\/strong> obligatoire repose sur deux principes : l\u2019affiliation obligatoire et le caract\u00e8re solidaire (couverture homog\u00e8ne quel que soit l\u2019\u00e2ge ou l\u2019\u00e9tat de sant\u00e9).<\/p>\n\n\n\n<p>En cons\u00e9quence, chacun contribue, en fonction de ses ressources, \u00e0 son financement via des cotisations assises sur le travail. Elle assure une <strong>couverture minimum<\/strong> qui ne permet cependant pas, sauf situation particuli\u00e8re, de couvrir le reste \u00e0 charge des assur\u00e9s. Les organismes assureurs peuvent alors fournir une <strong>couverture suppl\u00e9mentaire<\/strong>.<\/p>\n\n\n\n<p>L\u2019assurance maladie compl\u00e9mentaire se caract\u00e9rise ainsi par deux \u00e9l\u00e9ments : une prise en charge des frais de sant\u00e9 en compl\u00e9ment de celle assur\u00e9e par la S\u00e9curit\u00e9 sociale, avec une dimension individuelle et facultative (m\u00eame si, <em>in fine<\/em>, 95% de la population fran\u00e7aise est couverte, majoritairement au titre de contrats collectifs d\u2019entreprise).<\/p>\n\n\n\n<p>En termes de poids, la S\u00e9curit\u00e9 sociale finance <strong>80 % de la Consommation de soins et de biens m\u00e9dicaux (CSBM<a id=\"_ftnref1\" href=\"#_ftn1\"><strong>[1]<\/strong><\/a>) en 2020, les compl\u00e9mentaires sant\u00e9 12,5 %, et les m\u00e9nages le reliquat. <\/strong>Si le reste \u00e0 charge des m\u00e9nages fran\u00e7ais a diminu\u00e9 de mani\u00e8re continue ces derni\u00e8res ann\u00e9es, et reste tr\u00e8s faible par rapport aux autres pays \u00ab\u00a0d\u00e9velopp\u00e9s\u00a0\u00bb, il n\u2019en reste pas moins qu\u2019un certain nombre d\u2019assur\u00e9s se retrouvent en <strong>situation de fragilit\u00e9 face au risque sant\u00e9<\/strong>, en particulier <strong>les ch\u00f4meurs de longue dur\u00e9e et les retrait\u00e9s,<\/strong> contraints de s\u2019assurer individuellement \u00ab\u00a0au prix fort\u00a0\u00bb car ne b\u00e9n\u00e9ficiant plus d\u2019une participation financi\u00e8re de l\u2019employeur. Cela a des cons\u00e9quences directes comme le <strong>renoncement aux soins.<\/strong> <\/p>\n\n\n\n<p>Au-del\u00e0 des soins m\u00e9dicaux, la <strong>couverture des risques \u00ab&nbsp;lourds&nbsp;\u00bb,<\/strong> qui concerne des situations telles que <strong>l\u2019incapacit\u00e9 temporaire<\/strong> (arr\u00eat maladie, arr\u00eat maternit\u00e9) ou <strong>permanente<\/strong> (invalidit\u00e9) et le d\u00e9c\u00e8s, est tr\u00e8s h\u00e9t\u00e9rog\u00e8ne selon les secteurs d\u2019activit\u00e9. Elle couvre en effet des sinistres tr\u00e8s co\u00fbteux et al\u00e9atoires qui rendent son d\u00e9veloppement plus compliqu\u00e9.&nbsp;<\/p>\n\n\n\n<p>Notre syst\u00e8me assure donc globalement <strong>un \u00ab\u00a0bon niveau\u00a0\u00bb de couverture,<\/strong> mais que beaucoup consid\u00e8rent comme perfectible, que ce soit en termes <strong>d\u2019\u00e9quit\u00e9, de lisibilit\u00e9 ou de co\u00fbt financier.<\/strong><\/p>\n\n\n\n<p><strong>Les \u00e9volutions possibles de notre syst\u00e8me de sant\u00e9<\/strong><\/p>\n\n\n\n<p>Nous nous basons ici sur les hypoth\u00e8ses de travail contenues dans le rapport susvis\u00e9. Elles sont au nombre de quatre\u00a0:<\/p>\n\n\n\n<ol class=\"wp-block-list\" type=\"1\"><li>Le premier sc\u00e9nario consiste \u00e0<strong> maintenir le <em>statu quo<\/em> <\/strong>avec quelques ajustements pour corriger les in\u00e9galit\u00e9s de couverture. Le reste \u00e0 charge serait \u00ab\u00a0mieux\u00a0\u00bb r\u00e9parti en fonction des soins et\/ou des assur\u00e9s, tandis que l\u2019offre de couverture compl\u00e9mentaire sant\u00e9 des nouveaux retrait\u00e9s et des plus pr\u00e9caires serait refondue pour gagner en attractivit\u00e9 et toucher un public plus large.<\/li><li>Le second consiste \u00e0 <strong>instaurer une assurance compl\u00e9mentaire sant\u00e9 universelle et mutualis\u00e9e<\/strong>, sur le mod\u00e8le de la retraite compl\u00e9mentaire Agirc-Arrco. Les organismes assureurs recevraient ainsi d\u00e9l\u00e9gation de l\u2019\u00e9tat pour servir une couverture sant\u00e9 avec des garanties d\u00e9finies et une tarification encadr\u00e9e. Au-del\u00e0, les assur\u00e9s pourraient toujours souscrire \u00e0 un contrat \u00ab\u00a0suppl\u00e9mentaire\u00a0\u00bb, \u00e0 leurs frais.<\/li><li>Le troisi\u00e8me pr\u00e9voit <strong>l\u2019\u00e9largissement de la couverture S\u00e9curit\u00e9 sociale sur les d\u00e9penses actuellement couvertes par les compl\u00e9mentaires<\/strong>. C\u2019est celui-ci, le plus clivant, qui a fait l\u2019actualit\u00e9 ces derniers mois et que nous avons choisi de d\u00e9tailler ci-dessous.<\/li><li>Le quatri\u00e8me envisage de <strong>circonscrire et \u00e9tanch\u00e9ifier le champ d\u2019intervention de l\u2019assurance maladie obligatoire et compl\u00e9mentaire<\/strong>, de telle sorte qu\u2019elles interviendraient sur des prestations totalement distinctes. Les compl\u00e9mentaires prendrait en charge les frais d\u2019optique, dentaires, auditifs, les m\u00e9dicaments peu ou pas rembours\u00e9s par l\u2019assurance maladie, les d\u00e9passements d\u2019honoraires\u00a0et plus globalement tous les soins exclus (type ost\u00e9opathie, m\u00e9decines douces etc.). La S\u00e9curit\u00e9 sociale prendrait en charge le reste.<\/li><\/ol>\n\n\n\n<p><article class=\"obj_encart-formation\">\n<div class=\"ctn_encart\">\n<h3>Votre formation sur ce th\u00e8me<\/h3>\n<h2>&nbsp;ACTUALIT\u00c9S PRESTATIONS DE LA S\u00c9CURIT\u00c9 SOCIALE&nbsp;<\/h2>\n<h4>1 jour \u2013 En pr\u00e9sentiel ou \u00e0 distance<\/h4>\n<ul>\n<li><strong>Analyser les derni\u00e8res modifications><\/strong> intervenues notamment dans le cadre de la derni\u00e8re loi de financement de la s\u00e9curit\u00e9 sociale.<\/li>\n<li>><strong>\u00c9valuer les incidences<\/strong> de ces modifications sur ses pratiques RH.<\/li>\n<li>><strong>Analyser les changements<\/strong> sur les diff\u00e9rentes indemnit\u00e9s journali\u00e8res : maladie, temps partiel th\u00e9rapeutique, maternit\u00e9, accident du travail.<\/li>\n<\/ul>\n<div class=\"ctn_btn\">\n<a class=\"obj_btn\" target=\"_blank\" href=\"https:\/\/www.gereso.com\/ACTS\" rel=\"noopener\"><span>En savoir plus<\/span><\/a>\n<a class=\"obj_btn\" target=\"_blank\" href=\"https:\/\/www.gereso.com\/client\/programme-pdf\/ACTS.pdf\" rel=\"noopener\"><span>T\u00e9l\u00e9charger le programme PDF<\/span><\/a>\n<\/div>\n<\/div>\n<\/article><\/p>\n\n\n\n<h2 style=\"color: #d10016\"><strong>L\u2019hypoth\u00e8se d\u2019une couverture maladie \u00ab&nbsp;100 % S\u00e9curit\u00e9 sociale&nbsp;\u00bb<\/strong><\/h2>\n\n\n\n<p><strong>Le sc\u00e9nario \u00ab&nbsp;Grande S\u00e9cu&nbsp;\u00bb<\/strong> consisterait donc, pour r\u00e9sumer, \u00e0 <strong>int\u00e9grer le champ d\u2019intervention occup\u00e9 actuellement par les compl\u00e9mentaires sant\u00e9<\/strong> \u2013 qui risqueraient alors de dispara\u00eetre \u2013 dans l\u2019assurance maladie. Concr\u00e8tement, la s\u00e9curit\u00e9 sociale rembourserait&nbsp;:<\/p>\n\n\n\n<ul class=\"wp-block-list\"><li>les tickets mod\u00e9rateurs sur les soins ambulatoires et les frais d\u2019hospitalisation ;<\/li><li>les forfaits hospitalisation (forfait journalier, forfait urgences, forfait de 24 euros) ;<\/li><li>les m\u00e9dicaments faisant d\u00e9j\u00e0 l\u2019objet d\u2019un remboursement partiel seraient int\u00e9gralement rembours\u00e9es ;<\/li><li>les dispositifs m\u00e9dicaux (lunettes, implants, proth\u00e8ses etc.) faisant d\u00e9j\u00e0 l\u2019objet d\u2019un remboursement partiel seraient int\u00e9gralement rembours\u00e9s ;<\/li><li>les d\u00e9passements d\u2019honoraires seraient, \u00e9galement couverts dans une certaine limite.<\/li><\/ul>\n\n\n\n<p>Pour ses d\u00e9fenseurs, ce sc\u00e9nario a <strong>plusieurs avantages&nbsp;:<\/strong><\/p>\n\n\n\n<ul class=\"wp-block-list\"><li>parvenir \u00e0 une <strong>plus grande \u00e9quit\u00e9 entre les assur\u00e9s,<\/strong> avec effet redistributif vers les plus pr\u00e9caires. Une meilleure couverture, ouverte \u00e0 tous, avec une cotisation sociale progressive en fonction des revenus&nbsp;;<\/li><li>Des <strong>frais de gestion, r\u00e9put\u00e9s plus \u00e9lev\u00e9s pour les compl\u00e9mentaires sant\u00e9s, r\u00e9duits.<\/strong> Les \u00e9conomies ainsi r\u00e9alis\u00e9es (chiffr\u00e9es \u00e0 environ 5 Mds\u20ac en 2020) pourraient \u00eatre redistribu\u00e9es ou r\u00e9affect\u00e9s sur d\u2019autres postes de d\u00e9penses&nbsp;;<\/li><li>les pouvoirs publics seraient incit\u00e9s \u00e0 davantage <strong>r\u00e9guler le montant des d\u00e9penses de sant\u00e9<\/strong> (qui augmentent de mani\u00e8re continue depuis des ann\u00e9es)&nbsp;;<\/li><li>les pouvoirs publics se retrouveraient davantage en <strong>position de force face aux professionnels de sant\u00e9<\/strong> lors des n\u00e9gociations sur le tarif des soins&nbsp;;<\/li><li>la <strong>mise en \u0153uvre de \u00ab&nbsp;grands chantiers&nbsp;\u00bb<\/strong> serait facilit\u00e9e, comme la poursuite de la g\u00e9n\u00e9ralisation du tiers payant.<\/li><\/ul>\n\n\n\n<p>Mais ses d\u00e9tracteurs pointent une <strong>\u00ab&nbsp;\u00e9tatisation&nbsp;\u00bb de la protection sociale<\/strong>, avec plusieurs limites&nbsp;:<\/p>\n\n\n\n<ul class=\"wp-block-list\"><li>si ce sc\u00e9nario peut avoir des effets distributifs, cela ne vaudra que pour <strong>les d\u00e9penses comprises dans le tarif couvert par la S\u00e9curit\u00e9 sociale<\/strong>. En cas de d\u00e9passement, les plus pr\u00e9caires seront tr\u00e8s p\u00e9nalis\u00e9s et pourraient \u00eatre exclus de certains soins&nbsp;;<\/li><li>Pour continuer \u00e0 garantir l\u2019\u00e9galit\u00e9 de l\u2019acc\u00e8s aux soins, l\u2019assurance maladie devra <strong>\u00e9largir la liste des soins <\/strong>qu\u2019elle rembourse actuellement. Cela implique un <strong>investissement et une augmentation des d\u00e9penses publiques de sant\u00e9<\/strong> (\u00e9valu\u00e9e \u00e0 plus de 19 milliards d\u2019euros), \u00e0 rebours des \u00e9volutions constat\u00e9es actuellement. Cela semble particuli\u00e8rement hypoth\u00e9tique au regard du d\u00e9ficit abyssal de l\u2019assurance maladie, durement \u00e9prouv\u00e9e par la crise sanitaire (30 milliards d\u2019euros en 2020 et en 2021, 20 milliards projet\u00e9s en 2022\u2026)&nbsp;;<\/li><li>Le <strong>poids des contributions employeur<\/strong> risque d\u2019augmenter, de peser sur leur comp\u00e9titivit\u00e9 et donc sur la croissance \u00e9conomique. En effet, les entreprises b\u00e9n\u00e9ficient actuellement d\u2019un <strong>r\u00e9gime fiscal et social avantageux<\/strong> sur les cotisations qu\u2019elles versent au titre de la compl\u00e9mentaire sant\u00e9 de leurs salari\u00e9s, plus favorable que celui des cotisations d\u2019assurance maladie obligatoire ;<\/li><li>La <strong>disparition des organismes assureurs<\/strong> risque de cr\u00e9er des tensions sociales importantes, l\u2019avenir de dizaine de milliers d\u2019emplois du secteur (environ 70.000 selon plusieurs sources) \u00e9tant du coup menac\u00e9\u2026<\/li><\/ul>\n\n\n\n<p>Face \u00e0 cette multitude d\u2019arguments, qui alimentent deux visions radicalement oppos\u00e9es de la protection sociale, difficile de se faire une opinion. De toute mani\u00e8re, le projet semble bel et bien enterr\u00e9 (pour le moment).<\/p>\n\n\n\n<p><strong>Cela ne doit pas pour autant occulter les difficult\u00e9s structurelles que conna\u00eet notre syst\u00e8me de sant\u00e9, des difficult\u00e9s mises en lumi\u00e8re par cette crise sanitaire sans pr\u00e9c\u00e9dent : gestion des ressources hospitali\u00e8res, d\u00e9serts m\u00e9dicaux, ma\u00eetrise de la fraude, couverture insuffisante du risque de d\u00e9pendance des personnes \u00e2g\u00e9es etc.<\/strong><\/p>\n\n\n\n<hr class=\"wp-block-separator\"\/>\n\n\n\n<h2 style=\"color: #d10016\"><strong>R\u00e9f\u00e9rences&nbsp;:<\/strong><\/h2>\n\n\n\n<p><a href=\"#_ftnref1\" id=\"_ftn1\">[1]<\/a> Repr\u00e9sente la valeur totale des prestations consomm\u00e9es pour la prise en charge des besoins de sant\u00e9<\/p>\n\n\n\n<p><\/p>\n","protected":false},"excerpt":{"rendered":"<p>Dans sa lettre de mission, le ministre pointait des \u00ab&nbsp;faiblesses structurelles&nbsp;: iniquit\u00e9s de couverture, difficult\u00e9s d\u2019acc\u00e8s aux compl\u00e9mentaires sant\u00e9, complexit\u00e9s de gestion, montant important de frais de gestion&nbsp;\u00bb qui justifient l\u2019ouverture d\u2019un d\u00e9bat sur le sujet. Parmi les scenarii envisag\u00e9s, celui d\u2019une extension du p\u00e9rim\u00e8tre de la S\u00e9curit\u00e9 sociale au d\u00e9triment des compl\u00e9mentaires sant\u00e9 a [&hellip;]<\/p>\n","protected":false},"author":35,"featured_media":25901,"comment_status":"open","ping_status":"open","sticky":false,"template":"","format":"standard","meta":{"_acf_changed":false,"_mi_skip_tracking":false,"footnotes":""},"categories":[12,4],"tags":[2117,129,2118],"class_list":["post-25866","post","type-post","status-publish","format-standard","has-post-thumbnail","hentry","category-actualites","category-retraite-et-protection-sociale","tag-couverture-maladie","tag-protection-sociale","tag-systeme-de-sante"],"acf":[],"yoast_head":"<!-- This site is optimized with the Yoast SEO plugin v23.4 - https:\/\/yoast.com\/wordpress\/plugins\/seo\/ -->\n<title>R\u00e9forme du syst\u00e8me de sant\u00e9 : des pistes mais toujours pas de solutions - Le Blog GERESO<\/title>\n<meta name=\"robots\" content=\"index, follow, max-snippet:-1, max-image-preview:large, max-video-preview:-1\" \/>\n<link rel=\"canonical\" href=\"https:\/\/www.gereso.com\/actualites\/2022\/02\/28\/reforme-systeme-sante-pistes-mais-toujours-pas-solutions\/\" \/>\n<meta property=\"og:locale\" content=\"fr_FR\" \/>\n<meta property=\"og:type\" content=\"article\" \/>\n<meta property=\"og:title\" content=\"R\u00e9forme du syst\u00e8me de sant\u00e9 : des pistes mais toujours pas de solutions - Le Blog GERESO\" \/>\n<meta property=\"og:description\" content=\"Dans sa lettre de mission, le ministre pointait des \u00ab&nbsp;faiblesses structurelles&nbsp;: iniquit\u00e9s de couverture, difficult\u00e9s d\u2019acc\u00e8s aux compl\u00e9mentaires sant\u00e9, complexit\u00e9s de gestion, montant important de frais de gestion&nbsp;\u00bb qui justifient l\u2019ouverture d\u2019un d\u00e9bat sur le sujet. Parmi les scenarii envisag\u00e9s, celui d\u2019une extension du p\u00e9rim\u00e8tre de la S\u00e9curit\u00e9 sociale au d\u00e9triment des compl\u00e9mentaires sant\u00e9 a [&hellip;]\" \/>\n<meta property=\"og:url\" content=\"https:\/\/www.gereso.com\/actualites\/2022\/02\/28\/reforme-systeme-sante-pistes-mais-toujours-pas-solutions\/\" \/>\n<meta property=\"og:site_name\" content=\"Le Blog GERESO\" \/>\n<meta property=\"article:published_time\" content=\"2022-02-28T13:44:06+00:00\" \/>\n<meta property=\"article:modified_time\" content=\"2022-02-28T13:44:08+00:00\" \/>\n<meta property=\"og:image\" content=\"https:\/\/www.gereso.com\/actualites\/wp-content\/uploads\/2022\/02\/Reforme-systeme-sante.jpg\" \/>\n\t<meta property=\"og:image:width\" content=\"600\" \/>\n\t<meta property=\"og:image:height\" content=\"400\" \/>\n\t<meta property=\"og:image:type\" content=\"image\/jpeg\" \/>\n<meta name=\"author\" content=\"Florent Sarrazin\" \/>\n<meta name=\"twitter:card\" content=\"summary_large_image\" \/>\n<script type=\"application\/ld+json\" class=\"yoast-schema-graph\">{\"@context\":\"https:\/\/schema.org\",\"@graph\":[{\"@type\":\"WebPage\",\"@id\":\"https:\/\/www.gereso.com\/actualites\/2022\/02\/28\/reforme-systeme-sante-pistes-mais-toujours-pas-solutions\/\",\"url\":\"https:\/\/www.gereso.com\/actualites\/2022\/02\/28\/reforme-systeme-sante-pistes-mais-toujours-pas-solutions\/\",\"name\":\"R\u00e9forme du syst\u00e8me de sant\u00e9 : des pistes mais toujours pas de solutions - Le Blog GERESO\",\"isPartOf\":{\"@id\":\"https:\/\/www.gereso.com\/actualites\/#website\"},\"primaryImageOfPage\":{\"@id\":\"https:\/\/www.gereso.com\/actualites\/2022\/02\/28\/reforme-systeme-sante-pistes-mais-toujours-pas-solutions\/#primaryimage\"},\"image\":{\"@id\":\"https:\/\/www.gereso.com\/actualites\/2022\/02\/28\/reforme-systeme-sante-pistes-mais-toujours-pas-solutions\/#primaryimage\"},\"thumbnailUrl\":\"https:\/\/www.gereso.com\/actualites\/wp-content\/uploads\/2022\/02\/Reforme-systeme-sante.jpg\",\"datePublished\":\"2022-02-28T13:44:06+00:00\",\"dateModified\":\"2022-02-28T13:44:08+00:00\",\"author\":{\"@id\":\"https:\/\/www.gereso.com\/actualites\/#\/schema\/person\/4b51e16ede07b8d2568288fd6beb849a\"},\"breadcrumb\":{\"@id\":\"https:\/\/www.gereso.com\/actualites\/2022\/02\/28\/reforme-systeme-sante-pistes-mais-toujours-pas-solutions\/#breadcrumb\"},\"inLanguage\":\"fr-FR\",\"potentialAction\":[{\"@type\":\"ReadAction\",\"target\":[\"https:\/\/www.gereso.com\/actualites\/2022\/02\/28\/reforme-systeme-sante-pistes-mais-toujours-pas-solutions\/\"]}]},{\"@type\":\"ImageObject\",\"inLanguage\":\"fr-FR\",\"@id\":\"https:\/\/www.gereso.com\/actualites\/2022\/02\/28\/reforme-systeme-sante-pistes-mais-toujours-pas-solutions\/#primaryimage\",\"url\":\"https:\/\/www.gereso.com\/actualites\/wp-content\/uploads\/2022\/02\/Reforme-systeme-sante.jpg\",\"contentUrl\":\"https:\/\/www.gereso.com\/actualites\/wp-content\/uploads\/2022\/02\/Reforme-systeme-sante.jpg\",\"width\":600,\"height\":400,\"caption\":\"R\u00e9forme du syst\u00e8me de sant\u00e9 : des pistes mais toujours pas de solutions\"},{\"@type\":\"BreadcrumbList\",\"@id\":\"https:\/\/www.gereso.com\/actualites\/2022\/02\/28\/reforme-systeme-sante-pistes-mais-toujours-pas-solutions\/#breadcrumb\",\"itemListElement\":[{\"@type\":\"ListItem\",\"position\":1,\"name\":\"Home\",\"item\":\"https:\/\/www.gereso.com\/actualites\/\"},{\"@type\":\"ListItem\",\"position\":2,\"name\":\"R\u00e9forme du syst\u00e8me de sant\u00e9 : des pistes mais toujours pas de solutions\"}]},{\"@type\":\"WebSite\",\"@id\":\"https:\/\/www.gereso.com\/actualites\/#website\",\"url\":\"https:\/\/www.gereso.com\/actualites\/\",\"name\":\"Le Blog GERESO\",\"description\":\"Toute l&#039;actu RH, Finance, Fonction Publique, Management...\",\"potentialAction\":[{\"@type\":\"SearchAction\",\"target\":{\"@type\":\"EntryPoint\",\"urlTemplate\":\"https:\/\/www.gereso.com\/actualites\/?s={search_term_string}\"},\"query-input\":{\"@type\":\"PropertyValueSpecification\",\"valueRequired\":true,\"valueName\":\"search_term_string\"}}],\"inLanguage\":\"fr-FR\"},{\"@type\":\"Person\",\"@id\":\"https:\/\/www.gereso.com\/actualites\/#\/schema\/person\/4b51e16ede07b8d2568288fd6beb849a\",\"name\":\"Florent Sarrazin\",\"image\":{\"@type\":\"ImageObject\",\"inLanguage\":\"fr-FR\",\"@id\":\"https:\/\/www.gereso.com\/actualites\/#\/schema\/person\/image\/\",\"url\":\"https:\/\/www.gereso.com\/actualites\/wp-content\/uploads\/2013\/10\/florent-sarrazin-1-144x144.jpg\",\"contentUrl\":\"https:\/\/www.gereso.com\/actualites\/wp-content\/uploads\/2013\/10\/florent-sarrazin-1-144x144.jpg\",\"caption\":\"Florent Sarrazin\"},\"description\":\"Juriste de formation, tour \u00e0 tour journaliste sp\u00e9cialis\u00e9, formateur-conseil pour GERESO, consultant en strat\u00e9gie de carri\u00e8re et d\u00e9sormais consultant juriste en protection sociale, Florent Sarrazin dispose d\u2019une expertise technique dans le domaine de la retraite et de la protection sociale.\",\"url\":\"https:\/\/www.gereso.com\/actualites\/author\/f-sarrazin\/\"}]}<\/script>\n<!-- \/ Yoast SEO plugin. -->","yoast_head_json":{"title":"R\u00e9forme du syst\u00e8me de sant\u00e9 : des pistes mais toujours pas de solutions - Le Blog GERESO","robots":{"index":"index","follow":"follow","max-snippet":"max-snippet:-1","max-image-preview":"max-image-preview:large","max-video-preview":"max-video-preview:-1"},"canonical":"https:\/\/www.gereso.com\/actualites\/2022\/02\/28\/reforme-systeme-sante-pistes-mais-toujours-pas-solutions\/","og_locale":"fr_FR","og_type":"article","og_title":"R\u00e9forme du syst\u00e8me de sant\u00e9 : des pistes mais toujours pas de solutions - Le Blog GERESO","og_description":"Dans sa lettre de mission, le ministre pointait des \u00ab&nbsp;faiblesses structurelles&nbsp;: iniquit\u00e9s de couverture, difficult\u00e9s d\u2019acc\u00e8s aux compl\u00e9mentaires sant\u00e9, complexit\u00e9s de gestion, montant important de frais de gestion&nbsp;\u00bb qui justifient l\u2019ouverture d\u2019un d\u00e9bat sur le sujet. Parmi les scenarii envisag\u00e9s, celui d\u2019une extension du p\u00e9rim\u00e8tre de la S\u00e9curit\u00e9 sociale au d\u00e9triment des compl\u00e9mentaires sant\u00e9 a [&hellip;]","og_url":"https:\/\/www.gereso.com\/actualites\/2022\/02\/28\/reforme-systeme-sante-pistes-mais-toujours-pas-solutions\/","og_site_name":"Le Blog GERESO","article_published_time":"2022-02-28T13:44:06+00:00","article_modified_time":"2022-02-28T13:44:08+00:00","og_image":[{"width":600,"height":400,"url":"https:\/\/www.gereso.com\/actualites\/wp-content\/uploads\/2022\/02\/Reforme-systeme-sante.jpg","type":"image\/jpeg"}],"author":"Florent Sarrazin","twitter_card":"summary_large_image","schema":{"@context":"https:\/\/schema.org","@graph":[{"@type":"WebPage","@id":"https:\/\/www.gereso.com\/actualites\/2022\/02\/28\/reforme-systeme-sante-pistes-mais-toujours-pas-solutions\/","url":"https:\/\/www.gereso.com\/actualites\/2022\/02\/28\/reforme-systeme-sante-pistes-mais-toujours-pas-solutions\/","name":"R\u00e9forme du syst\u00e8me de sant\u00e9 : des pistes mais toujours pas de solutions - Le Blog GERESO","isPartOf":{"@id":"https:\/\/www.gereso.com\/actualites\/#website"},"primaryImageOfPage":{"@id":"https:\/\/www.gereso.com\/actualites\/2022\/02\/28\/reforme-systeme-sante-pistes-mais-toujours-pas-solutions\/#primaryimage"},"image":{"@id":"https:\/\/www.gereso.com\/actualites\/2022\/02\/28\/reforme-systeme-sante-pistes-mais-toujours-pas-solutions\/#primaryimage"},"thumbnailUrl":"https:\/\/www.gereso.com\/actualites\/wp-content\/uploads\/2022\/02\/Reforme-systeme-sante.jpg","datePublished":"2022-02-28T13:44:06+00:00","dateModified":"2022-02-28T13:44:08+00:00","author":{"@id":"https:\/\/www.gereso.com\/actualites\/#\/schema\/person\/4b51e16ede07b8d2568288fd6beb849a"},"breadcrumb":{"@id":"https:\/\/www.gereso.com\/actualites\/2022\/02\/28\/reforme-systeme-sante-pistes-mais-toujours-pas-solutions\/#breadcrumb"},"inLanguage":"fr-FR","potentialAction":[{"@type":"ReadAction","target":["https:\/\/www.gereso.com\/actualites\/2022\/02\/28\/reforme-systeme-sante-pistes-mais-toujours-pas-solutions\/"]}]},{"@type":"ImageObject","inLanguage":"fr-FR","@id":"https:\/\/www.gereso.com\/actualites\/2022\/02\/28\/reforme-systeme-sante-pistes-mais-toujours-pas-solutions\/#primaryimage","url":"https:\/\/www.gereso.com\/actualites\/wp-content\/uploads\/2022\/02\/Reforme-systeme-sante.jpg","contentUrl":"https:\/\/www.gereso.com\/actualites\/wp-content\/uploads\/2022\/02\/Reforme-systeme-sante.jpg","width":600,"height":400,"caption":"R\u00e9forme du syst\u00e8me de sant\u00e9 : des pistes mais toujours pas de solutions"},{"@type":"BreadcrumbList","@id":"https:\/\/www.gereso.com\/actualites\/2022\/02\/28\/reforme-systeme-sante-pistes-mais-toujours-pas-solutions\/#breadcrumb","itemListElement":[{"@type":"ListItem","position":1,"name":"Home","item":"https:\/\/www.gereso.com\/actualites\/"},{"@type":"ListItem","position":2,"name":"R\u00e9forme du syst\u00e8me de sant\u00e9 : des pistes mais toujours pas de solutions"}]},{"@type":"WebSite","@id":"https:\/\/www.gereso.com\/actualites\/#website","url":"https:\/\/www.gereso.com\/actualites\/","name":"Le Blog GERESO","description":"Toute l&#039;actu RH, Finance, Fonction Publique, Management...","potentialAction":[{"@type":"SearchAction","target":{"@type":"EntryPoint","urlTemplate":"https:\/\/www.gereso.com\/actualites\/?s={search_term_string}"},"query-input":{"@type":"PropertyValueSpecification","valueRequired":true,"valueName":"search_term_string"}}],"inLanguage":"fr-FR"},{"@type":"Person","@id":"https:\/\/www.gereso.com\/actualites\/#\/schema\/person\/4b51e16ede07b8d2568288fd6beb849a","name":"Florent Sarrazin","image":{"@type":"ImageObject","inLanguage":"fr-FR","@id":"https:\/\/www.gereso.com\/actualites\/#\/schema\/person\/image\/","url":"https:\/\/www.gereso.com\/actualites\/wp-content\/uploads\/2013\/10\/florent-sarrazin-1-144x144.jpg","contentUrl":"https:\/\/www.gereso.com\/actualites\/wp-content\/uploads\/2013\/10\/florent-sarrazin-1-144x144.jpg","caption":"Florent Sarrazin"},"description":"Juriste de formation, tour \u00e0 tour journaliste sp\u00e9cialis\u00e9, formateur-conseil pour GERESO, consultant en strat\u00e9gie de carri\u00e8re et d\u00e9sormais consultant juriste en protection sociale, Florent Sarrazin dispose d\u2019une expertise technique dans le domaine de la retraite et de la protection sociale.","url":"https:\/\/www.gereso.com\/actualites\/author\/f-sarrazin\/"}]}},"_links":{"self":[{"href":"https:\/\/www.gereso.com\/actualites\/wp-json\/wp\/v2\/posts\/25866","targetHints":{"allow":["GET"]}}],"collection":[{"href":"https:\/\/www.gereso.com\/actualites\/wp-json\/wp\/v2\/posts"}],"about":[{"href":"https:\/\/www.gereso.com\/actualites\/wp-json\/wp\/v2\/types\/post"}],"author":[{"embeddable":true,"href":"https:\/\/www.gereso.com\/actualites\/wp-json\/wp\/v2\/users\/35"}],"replies":[{"embeddable":true,"href":"https:\/\/www.gereso.com\/actualites\/wp-json\/wp\/v2\/comments?post=25866"}],"version-history":[{"count":33,"href":"https:\/\/www.gereso.com\/actualites\/wp-json\/wp\/v2\/posts\/25866\/revisions"}],"predecessor-version":[{"id":25967,"href":"https:\/\/www.gereso.com\/actualites\/wp-json\/wp\/v2\/posts\/25866\/revisions\/25967"}],"wp:featuredmedia":[{"embeddable":true,"href":"https:\/\/www.gereso.com\/actualites\/wp-json\/wp\/v2\/media\/25901"}],"wp:attachment":[{"href":"https:\/\/www.gereso.com\/actualites\/wp-json\/wp\/v2\/media?parent=25866"}],"wp:term":[{"taxonomy":"category","embeddable":true,"href":"https:\/\/www.gereso.com\/actualites\/wp-json\/wp\/v2\/categories?post=25866"},{"taxonomy":"post_tag","embeddable":true,"href":"https:\/\/www.gereso.com\/actualites\/wp-json\/wp\/v2\/tags?post=25866"}],"curies":[{"name":"wp","href":"https:\/\/api.w.org\/{rel}","templated":true}]}}