{"id":26110,"date":"2022-03-07T14:48:25","date_gmt":"2022-03-07T12:48:25","guid":{"rendered":"https:\/\/www.gereso.com\/actualites\/?p=26110"},"modified":"2023-04-03T13:51:08","modified_gmt":"2023-04-03T11:51:08","slug":"nouvelle-definition-du-resultat-exceptionnel-et-suppression-des-transferts-de-charges","status":"publish","type":"post","link":"https:\/\/www.gereso.com\/actualites\/2022\/03\/07\/nouvelle-definition-du-resultat-exceptionnel-et-suppression-des-transferts-de-charges\/","title":{"rendered":"Nouvelle d\u00e9finition du r\u00e9sultat exceptionnel et suppression des transferts de charges"},"content":{"rendered":"\n<p>Le <strong>projet de r\u00e8glement de l\u2019ANC du 1<sup>er<\/sup> f\u00e9vrier 2022<\/strong> vise a moderniser les \u00e9tats financiers. Le p\u00e9rim\u00e8tre du <strong>r\u00e9sultat exceptionnel<\/strong> serait red\u00e9fini et le m\u00e9canisme comptable de <strong>transfert de charges<\/strong> serait supprim\u00e9 (projet de r\u00e8glement du 1<sup>er<\/sup>\u00a0f\u00e9vrier 2022 modifiant le r\u00e8glement ANC n\u00b02014-03 du 5 juin 2014).<\/p>\n<h2><strong>Nouvelle d\u00e9finition du r\u00e9sultat exceptionnel<\/strong><\/h2>\n<p>Le projet de r\u00e8glement propose plusieurs dispositions visant \u00e0 <strong>moderniser <\/strong>et faciliter la compr\u00e9hension des comptes annuels par leurs utilisateurs. Il propose <strong>une nouvelle d\u00e9finition<\/strong> moins large de la notion de <strong>r\u00e9sultat exceptionnel<\/strong>. Entrerait d\u00e9sormais dans cette cat\u00e9gorie, uniquement les produits et charges directement li\u00e9s \u00e0 un <strong>\u00e9v\u00e8nement majeur inhabituel<\/strong>.<\/p>\n<p>En cons\u00e9quence, les \u00e9l\u00e9ments exceptionnels seraient limit\u00e9s aux <strong>changements de m\u00e9thode<\/strong> comptable inscrits au compte de r\u00e9sultat, aux <strong>corrections d\u2019erreurs<\/strong> et aux enregistrements comptables issus de choix purement fiscaux tels les <strong>amortissements d\u00e9rogatoires<\/strong>.<\/p>\n<p>Certains \u00e9l\u00e9ments, actuellement enregistr\u00e9s en r\u00e9sultat exceptionnel seraient reclass\u00e9s\u00a0:<\/p>\n<ul>\n<li>Les enregistrements issus des <strong>sorties d\u2019immobilisations<\/strong> du patrimoine\u00a0: les comptes 775 (produits de cession d\u2019\u00e9l\u00e9ments d\u2019actif) et 675 (valeur comptable des \u00e9l\u00e9ments d\u2019actif c\u00e9d\u00e9s) seront ainsi reclass\u00e9s dans les comptes 76 et 66 pour les immobilisations financi\u00e8res et <strong>75 et 65<\/strong> pour les autres immobilisations.<\/li>\n<li>Les <strong>subventions d\u2019investissement<\/strong>: l\u2019\u00e9talement au m\u00eame rythme que l\u2019amortissement comptable devrait d\u00e9sormais s\u2019enregistrer en produit d\u2019exploitation (<strong>compte 747<\/strong>) et non plus en compte 777 \u2013 quote-part des subventions d\u2019investissement vir\u00e9e au r\u00e9sultat de l\u2019exercice.<\/li>\n<\/ul>\n<h2><strong>Abandon du m\u00e9canisme de transfert de charges<\/strong><\/h2>\n<p>Les <strong>transferts de charges (comptes 79)<\/strong> sont utilis\u00e9s pour neutraliser des charges dans certaines situations. Le coll\u00e8ge de l\u2019ANC (autorit\u00e9 des normes comptables) a estim\u00e9 que leur compr\u00e9hension dans les comptes annuels \u00e9tait complexe et propose ainsi de les supprimer. L\u2019ANC propose \u00e9galement de nouvelles modalit\u00e9s d\u2019enregistrement pour les op\u00e9rations anciennement constat\u00e9es par des transferts de charges\u00a0:<\/p>\n<ul>\n<li><strong>Refacturation de charges de personnel\u00a0<\/strong>: au cr\u00e9dit du compte 7084 \u2013 Mise \u00e0 disposition de personnel factur\u00e9e<\/li>\n<li><strong>Remboursement direct en compensation de charges de personnel<\/strong>: au cr\u00e9dit du compte <strong>649 <\/strong>\u2013 remboursements de charges de personnel<\/li>\n<li><strong>Indemnit\u00e9s d\u2019assurance<\/strong> (hors indemnit\u00e9s relatives \u00e0 des immobilisations)\u00a0: au cr\u00e9dit du compte <strong>7587<\/strong> \u2013 Indemnit\u00e9s d\u2019assurance<\/li>\n<li><strong>Indemnit\u00e9s per\u00e7ues<\/strong> en compensation de la destruction totale ou du vol d\u2019une <strong>immobilisation<\/strong>: au cr\u00e9dit du compte <strong>757<\/strong> &#8211; Produits des cessions d\u2019immobilisations incorporelles et corporelles<\/li>\n<li><strong>Etalement des frais d\u2019\u00e9mission d\u2019emprunt<\/strong>: directement au d\u00e9bit du compte <strong>481<\/strong> \u2013 frais d\u2019\u00e9mission des emprunts.<\/li>\n<\/ul>\n<p>Pour le moment, l\u2019ANC n\u2019a pas pr\u00e9cis\u00e9 la date d\u2019entr\u00e9e en vigueur de ces nouvelles dispositions.<\/p>\n","protected":false},"excerpt":{"rendered":"<p>Le projet de r\u00e8glement de l\u2019ANC du 1er f\u00e9vrier 2022 vise a moderniser les \u00e9tats financiers. Le p\u00e9rim\u00e8tre du r\u00e9sultat exceptionnel serait red\u00e9fini et le m\u00e9canisme comptable de transfert de charges serait supprim\u00e9 (projet de r\u00e8glement du 1er\u00a0f\u00e9vrier 2022 modifiant le r\u00e8glement ANC n\u00b02014-03 du 5 juin 2014). Nouvelle d\u00e9finition du r\u00e9sultat exceptionnel Le projet [&hellip;]<\/p>\n","protected":false},"author":45,"featured_media":0,"comment_status":"open","ping_status":"open","sticky":false,"template":"","format":"quote","meta":{"_acf_changed":false,"_mi_skip_tracking":false,"footnotes":""},"categories":[12,3],"tags":[466,2127,2128],"class_list":["post-26110","post","type-post","status-publish","format-quote","hentry","category-actualites","category-comptabilite-fiscalite-et-gestion-financiere","tag-comptabilite","tag-resultat-exceptionnel","tag-transferts-de-charges","post_format-post-format-quote"],"acf":[],"yoast_head":"<!-- This site is optimized with the Yoast SEO plugin v23.4 - https:\/\/yoast.com\/wordpress\/plugins\/seo\/ -->\n<title>Nouvelle d\u00e9finition du r\u00e9sultat exceptionnel et suppression des transferts de charges - Le Blog GERESO<\/title>\n<meta name=\"robots\" content=\"index, follow, max-snippet:-1, max-image-preview:large, max-video-preview:-1\" \/>\n<link rel=\"canonical\" href=\"https:\/\/www.gereso.com\/actualites\/2022\/03\/07\/nouvelle-definition-du-resultat-exceptionnel-et-suppression-des-transferts-de-charges\/\" \/>\n<meta property=\"og:locale\" content=\"fr_FR\" \/>\n<meta property=\"og:type\" content=\"article\" \/>\n<meta property=\"og:title\" content=\"Nouvelle d\u00e9finition du r\u00e9sultat exceptionnel et suppression des transferts de charges - Le Blog GERESO\" \/>\n<meta property=\"og:description\" content=\"Le projet de r\u00e8glement de l\u2019ANC du 1er f\u00e9vrier 2022 vise a moderniser les \u00e9tats financiers. Le p\u00e9rim\u00e8tre du r\u00e9sultat exceptionnel serait red\u00e9fini et le m\u00e9canisme comptable de transfert de charges serait supprim\u00e9 (projet de r\u00e8glement du 1er\u00a0f\u00e9vrier 2022 modifiant le r\u00e8glement ANC n\u00b02014-03 du 5 juin 2014). Nouvelle d\u00e9finition du r\u00e9sultat exceptionnel Le projet [&hellip;]\" \/>\n<meta property=\"og:url\" content=\"https:\/\/www.gereso.com\/actualites\/2022\/03\/07\/nouvelle-definition-du-resultat-exceptionnel-et-suppression-des-transferts-de-charges\/\" \/>\n<meta property=\"og:site_name\" content=\"Le Blog GERESO\" \/>\n<meta property=\"article:published_time\" content=\"2022-03-07T12:48:25+00:00\" \/>\n<meta property=\"article:modified_time\" content=\"2023-04-03T11:51:08+00:00\" \/>\n<meta name=\"author\" content=\"Damien P\u00e9an\" \/>\n<meta name=\"twitter:card\" content=\"summary_large_image\" \/>\n<script type=\"application\/ld+json\" class=\"yoast-schema-graph\">{\"@context\":\"https:\/\/schema.org\",\"@graph\":[{\"@type\":\"WebPage\",\"@id\":\"https:\/\/www.gereso.com\/actualites\/2022\/03\/07\/nouvelle-definition-du-resultat-exceptionnel-et-suppression-des-transferts-de-charges\/\",\"url\":\"https:\/\/www.gereso.com\/actualites\/2022\/03\/07\/nouvelle-definition-du-resultat-exceptionnel-et-suppression-des-transferts-de-charges\/\",\"name\":\"Nouvelle d\u00e9finition du r\u00e9sultat exceptionnel et suppression des transferts de charges - Le Blog GERESO\",\"isPartOf\":{\"@id\":\"https:\/\/www.gereso.com\/actualites\/#website\"},\"datePublished\":\"2022-03-07T12:48:25+00:00\",\"dateModified\":\"2023-04-03T11:51:08+00:00\",\"author\":{\"@id\":\"https:\/\/www.gereso.com\/actualites\/#\/schema\/person\/c91814f92d627ed4715993fbbf7c7e8d\"},\"breadcrumb\":{\"@id\":\"https:\/\/www.gereso.com\/actualites\/2022\/03\/07\/nouvelle-definition-du-resultat-exceptionnel-et-suppression-des-transferts-de-charges\/#breadcrumb\"},\"inLanguage\":\"fr-FR\",\"potentialAction\":[{\"@type\":\"ReadAction\",\"target\":[\"https:\/\/www.gereso.com\/actualites\/2022\/03\/07\/nouvelle-definition-du-resultat-exceptionnel-et-suppression-des-transferts-de-charges\/\"]}]},{\"@type\":\"BreadcrumbList\",\"@id\":\"https:\/\/www.gereso.com\/actualites\/2022\/03\/07\/nouvelle-definition-du-resultat-exceptionnel-et-suppression-des-transferts-de-charges\/#breadcrumb\",\"itemListElement\":[{\"@type\":\"ListItem\",\"position\":1,\"name\":\"Home\",\"item\":\"https:\/\/www.gereso.com\/actualites\/\"},{\"@type\":\"ListItem\",\"position\":2,\"name\":\"Nouvelle d\u00e9finition du r\u00e9sultat exceptionnel et suppression des transferts de charges\"}]},{\"@type\":\"WebSite\",\"@id\":\"https:\/\/www.gereso.com\/actualites\/#website\",\"url\":\"https:\/\/www.gereso.com\/actualites\/\",\"name\":\"Le Blog GERESO\",\"description\":\"Toute l&#039;actu RH, Finance, Fonction Publique, Management...\",\"potentialAction\":[{\"@type\":\"SearchAction\",\"target\":{\"@type\":\"EntryPoint\",\"urlTemplate\":\"https:\/\/www.gereso.com\/actualites\/?s={search_term_string}\"},\"query-input\":{\"@type\":\"PropertyValueSpecification\",\"valueRequired\":true,\"valueName\":\"search_term_string\"}}],\"inLanguage\":\"fr-FR\"},{\"@type\":\"Person\",\"@id\":\"https:\/\/www.gereso.com\/actualites\/#\/schema\/person\/c91814f92d627ed4715993fbbf7c7e8d\",\"name\":\"Damien P\u00e9an\",\"image\":{\"@type\":\"ImageObject\",\"inLanguage\":\"fr-FR\",\"@id\":\"https:\/\/www.gereso.com\/actualites\/#\/schema\/person\/image\/\",\"url\":\"https:\/\/www.gereso.com\/actualites\/wp-content\/uploads\/2016\/03\/damien-pean.jpg\",\"contentUrl\":\"https:\/\/www.gereso.com\/actualites\/wp-content\/uploads\/2016\/03\/damien-pean.jpg\",\"caption\":\"Damien P\u00e9an\"},\"description\":\"Damien P\u00c9AN est titulaire du Dipl\u00f4me d'\u00e9tudes sup\u00e9rieures comptables et financi\u00e8res (DESCF). Il intervient depuis plusieurs ann\u00e9es aupr\u00e8s d'\u00e9tudiants en licence de comptabilit\u00e9 et de gestion, \u00e0 qui il enseigne le contr\u00f4le de gestion, la comptabilit\u00e9 approfondie, le management, la fiscalit\u00e9, le droit des soci\u00e9t\u00e9s et le droit du travail. Il intervient \u00e9galement en formation continue pour le compte de divers organismes de formation sur des th\u00e9matiques techniques en comptabilit\u00e9 et fiscalit\u00e9. Il forme aussi un public de non-initi\u00e9s aux fondamentaux de la finance.\",\"url\":\"https:\/\/www.gereso.com\/actualites\/author\/d-pean\/\"}]}<\/script>\n<!-- \/ Yoast SEO plugin. -->","yoast_head_json":{"title":"Nouvelle d\u00e9finition du r\u00e9sultat exceptionnel et suppression des transferts de charges - Le Blog GERESO","robots":{"index":"index","follow":"follow","max-snippet":"max-snippet:-1","max-image-preview":"max-image-preview:large","max-video-preview":"max-video-preview:-1"},"canonical":"https:\/\/www.gereso.com\/actualites\/2022\/03\/07\/nouvelle-definition-du-resultat-exceptionnel-et-suppression-des-transferts-de-charges\/","og_locale":"fr_FR","og_type":"article","og_title":"Nouvelle d\u00e9finition du r\u00e9sultat exceptionnel et suppression des transferts de charges - Le Blog GERESO","og_description":"Le projet de r\u00e8glement de l\u2019ANC du 1er f\u00e9vrier 2022 vise a moderniser les \u00e9tats financiers. Le p\u00e9rim\u00e8tre du r\u00e9sultat exceptionnel serait red\u00e9fini et le m\u00e9canisme comptable de transfert de charges serait supprim\u00e9 (projet de r\u00e8glement du 1er\u00a0f\u00e9vrier 2022 modifiant le r\u00e8glement ANC n\u00b02014-03 du 5 juin 2014). Nouvelle d\u00e9finition du r\u00e9sultat exceptionnel Le projet [&hellip;]","og_url":"https:\/\/www.gereso.com\/actualites\/2022\/03\/07\/nouvelle-definition-du-resultat-exceptionnel-et-suppression-des-transferts-de-charges\/","og_site_name":"Le Blog GERESO","article_published_time":"2022-03-07T12:48:25+00:00","article_modified_time":"2023-04-03T11:51:08+00:00","author":"Damien P\u00e9an","twitter_card":"summary_large_image","schema":{"@context":"https:\/\/schema.org","@graph":[{"@type":"WebPage","@id":"https:\/\/www.gereso.com\/actualites\/2022\/03\/07\/nouvelle-definition-du-resultat-exceptionnel-et-suppression-des-transferts-de-charges\/","url":"https:\/\/www.gereso.com\/actualites\/2022\/03\/07\/nouvelle-definition-du-resultat-exceptionnel-et-suppression-des-transferts-de-charges\/","name":"Nouvelle d\u00e9finition du r\u00e9sultat exceptionnel et suppression des transferts de charges - Le Blog GERESO","isPartOf":{"@id":"https:\/\/www.gereso.com\/actualites\/#website"},"datePublished":"2022-03-07T12:48:25+00:00","dateModified":"2023-04-03T11:51:08+00:00","author":{"@id":"https:\/\/www.gereso.com\/actualites\/#\/schema\/person\/c91814f92d627ed4715993fbbf7c7e8d"},"breadcrumb":{"@id":"https:\/\/www.gereso.com\/actualites\/2022\/03\/07\/nouvelle-definition-du-resultat-exceptionnel-et-suppression-des-transferts-de-charges\/#breadcrumb"},"inLanguage":"fr-FR","potentialAction":[{"@type":"ReadAction","target":["https:\/\/www.gereso.com\/actualites\/2022\/03\/07\/nouvelle-definition-du-resultat-exceptionnel-et-suppression-des-transferts-de-charges\/"]}]},{"@type":"BreadcrumbList","@id":"https:\/\/www.gereso.com\/actualites\/2022\/03\/07\/nouvelle-definition-du-resultat-exceptionnel-et-suppression-des-transferts-de-charges\/#breadcrumb","itemListElement":[{"@type":"ListItem","position":1,"name":"Home","item":"https:\/\/www.gereso.com\/actualites\/"},{"@type":"ListItem","position":2,"name":"Nouvelle d\u00e9finition du r\u00e9sultat exceptionnel et suppression des transferts de charges"}]},{"@type":"WebSite","@id":"https:\/\/www.gereso.com\/actualites\/#website","url":"https:\/\/www.gereso.com\/actualites\/","name":"Le Blog GERESO","description":"Toute l&#039;actu RH, Finance, Fonction Publique, Management...","potentialAction":[{"@type":"SearchAction","target":{"@type":"EntryPoint","urlTemplate":"https:\/\/www.gereso.com\/actualites\/?s={search_term_string}"},"query-input":{"@type":"PropertyValueSpecification","valueRequired":true,"valueName":"search_term_string"}}],"inLanguage":"fr-FR"},{"@type":"Person","@id":"https:\/\/www.gereso.com\/actualites\/#\/schema\/person\/c91814f92d627ed4715993fbbf7c7e8d","name":"Damien P\u00e9an","image":{"@type":"ImageObject","inLanguage":"fr-FR","@id":"https:\/\/www.gereso.com\/actualites\/#\/schema\/person\/image\/","url":"https:\/\/www.gereso.com\/actualites\/wp-content\/uploads\/2016\/03\/damien-pean.jpg","contentUrl":"https:\/\/www.gereso.com\/actualites\/wp-content\/uploads\/2016\/03\/damien-pean.jpg","caption":"Damien P\u00e9an"},"description":"Damien P\u00c9AN est titulaire du Dipl\u00f4me d'\u00e9tudes sup\u00e9rieures comptables et financi\u00e8res (DESCF). Il intervient depuis plusieurs ann\u00e9es aupr\u00e8s d'\u00e9tudiants en licence de comptabilit\u00e9 et de gestion, \u00e0 qui il enseigne le contr\u00f4le de gestion, la comptabilit\u00e9 approfondie, le management, la fiscalit\u00e9, le droit des soci\u00e9t\u00e9s et le droit du travail. Il intervient \u00e9galement en formation continue pour le compte de divers organismes de formation sur des th\u00e9matiques techniques en comptabilit\u00e9 et fiscalit\u00e9. Il forme aussi un public de non-initi\u00e9s aux fondamentaux de la finance.","url":"https:\/\/www.gereso.com\/actualites\/author\/d-pean\/"}]}},"_links":{"self":[{"href":"https:\/\/www.gereso.com\/actualites\/wp-json\/wp\/v2\/posts\/26110","targetHints":{"allow":["GET"]}}],"collection":[{"href":"https:\/\/www.gereso.com\/actualites\/wp-json\/wp\/v2\/posts"}],"about":[{"href":"https:\/\/www.gereso.com\/actualites\/wp-json\/wp\/v2\/types\/post"}],"author":[{"embeddable":true,"href":"https:\/\/www.gereso.com\/actualites\/wp-json\/wp\/v2\/users\/45"}],"replies":[{"embeddable":true,"href":"https:\/\/www.gereso.com\/actualites\/wp-json\/wp\/v2\/comments?post=26110"}],"version-history":[{"count":2,"href":"https:\/\/www.gereso.com\/actualites\/wp-json\/wp\/v2\/posts\/26110\/revisions"}],"predecessor-version":[{"id":26351,"href":"https:\/\/www.gereso.com\/actualites\/wp-json\/wp\/v2\/posts\/26110\/revisions\/26351"}],"wp:attachment":[{"href":"https:\/\/www.gereso.com\/actualites\/wp-json\/wp\/v2\/media?parent=26110"}],"wp:term":[{"taxonomy":"category","embeddable":true,"href":"https:\/\/www.gereso.com\/actualites\/wp-json\/wp\/v2\/categories?post=26110"},{"taxonomy":"post_tag","embeddable":true,"href":"https:\/\/www.gereso.com\/actualites\/wp-json\/wp\/v2\/tags?post=26110"}],"curies":[{"name":"wp","href":"https:\/\/api.w.org\/{rel}","templated":true}]}}