{"id":26502,"date":"2022-03-21T12:30:24","date_gmt":"2022-03-21T10:30:24","guid":{"rendered":"https:\/\/www.gereso.com\/actualites\/?p=26502"},"modified":"2022-03-21T15:05:07","modified_gmt":"2022-03-21T13:05:07","slug":"fonction-publique-indice-minimum-traitement","status":"publish","type":"post","link":"https:\/\/www.gereso.com\/actualites\/2022\/03\/21\/fonction-publique-indice-minimum-traitement\/","title":{"rendered":"Fonction publique : indice minimum de traitement"},"content":{"rendered":"\n\n\n<p>Comme en octobre dernier, du fait de l\u2019augmentation du SMIC, un d\u00e9cret augmente \u00e0 compter du 1er janvier 2022 le minimum de <strong>traitement fix\u00e9<\/strong> par la grille r\u00e9gissant la <strong>r\u00e9mun\u00e9ration<\/strong> de la fonction publique. Le d\u00e9cret fixe le minimum de traitement, aujourd&rsquo;hui fix\u00e9 \u00e0 l&rsquo;indice major\u00e9 340 (soit indice brut 367) \u00e0 l&rsquo;indice major\u00e9 343 correspondant \u00e0 l&rsquo;indice brut 371.<\/p>\n\n\n\n<p>Le d\u00e9cret aligne \u00e9galement l&rsquo;<strong>indice de r\u00e9f\u00e9rence de l&rsquo;indemnit\u00e9 de r\u00e9sidence<\/strong> de certains agents sur celui de l&rsquo;indice minimum de traitement. Ainsi, les agents dont le traitement est inf\u00e9rieur ou \u00e9gal \u00e0 celui correspondant \u00e0 l&rsquo;indice major\u00e9 343 per\u00e7oivent l&rsquo;indemnit\u00e9 de r\u00e9sidence aff\u00e9rente \u00e0 cet indice.<\/p>\n\n\n\n<p><em><a href=\"https:\/\/www.legifrance.gouv.fr\/jorf\/id\/JORFTEXT000044547466\" target=\"_blank\" rel=\"noreferrer noopener\">D\u00e9cret n\u00b0 2021-1749 du 22 d\u00e9cembre 2021<\/a> portant rel\u00e8vement du minimum de traitement dans la fonction publique<\/em><\/p>\n","protected":false},"excerpt":{"rendered":"<p>Comme en octobre dernier, du fait de l\u2019augmentation du SMIC, un d\u00e9cret augmente \u00e0 compter du 1er janvier 2022 le minimum de traitement fix\u00e9 par la grille r\u00e9gissant la r\u00e9mun\u00e9ration de la fonction publique. Le d\u00e9cret fixe le minimum de traitement, aujourd&rsquo;hui fix\u00e9 \u00e0 l&rsquo;indice major\u00e9 340 (soit indice brut 367) \u00e0 l&rsquo;indice major\u00e9 343 [&hellip;]<\/p>\n","protected":false},"author":32,"featured_media":0,"comment_status":"open","ping_status":"open","sticky":false,"template":"","format":"quote","meta":{"_acf_changed":false,"_mi_skip_tracking":false,"footnotes":""},"categories":[12,6],"tags":[],"class_list":["post-26502","post","type-post","status-publish","format-quote","hentry","category-actualites","category-fonction-publique","post_format-post-format-quote"],"acf":[],"yoast_head":"<!-- This site is optimized with the Yoast SEO plugin v23.4 - https:\/\/yoast.com\/wordpress\/plugins\/seo\/ -->\n<title>Fonction publique : indice minimum de traitement - Le Blog GERESO<\/title>\n<meta name=\"robots\" content=\"index, follow, max-snippet:-1, max-image-preview:large, max-video-preview:-1\" \/>\n<link rel=\"canonical\" href=\"https:\/\/www.gereso.com\/actualites\/2022\/03\/21\/fonction-publique-indice-minimum-traitement\/\" \/>\n<meta property=\"og:locale\" content=\"fr_FR\" \/>\n<meta property=\"og:type\" content=\"article\" \/>\n<meta property=\"og:title\" content=\"Fonction publique : indice minimum de traitement - Le Blog GERESO\" \/>\n<meta property=\"og:description\" content=\"Comme en octobre dernier, du fait de l\u2019augmentation du SMIC, un d\u00e9cret augmente \u00e0 compter du 1er janvier 2022 le minimum de traitement fix\u00e9 par la grille r\u00e9gissant la r\u00e9mun\u00e9ration de la fonction publique. Le d\u00e9cret fixe le minimum de traitement, aujourd&rsquo;hui fix\u00e9 \u00e0 l&rsquo;indice major\u00e9 340 (soit indice brut 367) \u00e0 l&rsquo;indice major\u00e9 343 [&hellip;]\" \/>\n<meta property=\"og:url\" content=\"https:\/\/www.gereso.com\/actualites\/2022\/03\/21\/fonction-publique-indice-minimum-traitement\/\" \/>\n<meta property=\"og:site_name\" content=\"Le Blog GERESO\" \/>\n<meta property=\"article:published_time\" content=\"2022-03-21T10:30:24+00:00\" \/>\n<meta property=\"article:modified_time\" content=\"2022-03-21T13:05:07+00:00\" \/>\n<meta name=\"author\" content=\"\u00c9quipe GERESO\" \/>\n<meta name=\"twitter:card\" content=\"summary_large_image\" \/>\n<script type=\"application\/ld+json\" class=\"yoast-schema-graph\">{\"@context\":\"https:\/\/schema.org\",\"@graph\":[{\"@type\":\"WebPage\",\"@id\":\"https:\/\/www.gereso.com\/actualites\/2022\/03\/21\/fonction-publique-indice-minimum-traitement\/\",\"url\":\"https:\/\/www.gereso.com\/actualites\/2022\/03\/21\/fonction-publique-indice-minimum-traitement\/\",\"name\":\"Fonction publique : indice minimum de traitement - Le Blog GERESO\",\"isPartOf\":{\"@id\":\"https:\/\/www.gereso.com\/actualites\/#website\"},\"datePublished\":\"2022-03-21T10:30:24+00:00\",\"dateModified\":\"2022-03-21T13:05:07+00:00\",\"author\":{\"@id\":\"https:\/\/www.gereso.com\/actualites\/#\/schema\/person\/197d8aef40cb4ae3f6a0aa9e1d3df2a6\"},\"breadcrumb\":{\"@id\":\"https:\/\/www.gereso.com\/actualites\/2022\/03\/21\/fonction-publique-indice-minimum-traitement\/#breadcrumb\"},\"inLanguage\":\"fr-FR\",\"potentialAction\":[{\"@type\":\"ReadAction\",\"target\":[\"https:\/\/www.gereso.com\/actualites\/2022\/03\/21\/fonction-publique-indice-minimum-traitement\/\"]}]},{\"@type\":\"BreadcrumbList\",\"@id\":\"https:\/\/www.gereso.com\/actualites\/2022\/03\/21\/fonction-publique-indice-minimum-traitement\/#breadcrumb\",\"itemListElement\":[{\"@type\":\"ListItem\",\"position\":1,\"name\":\"Home\",\"item\":\"https:\/\/www.gereso.com\/actualites\/\"},{\"@type\":\"ListItem\",\"position\":2,\"name\":\"Fonction publique : indice minimum de traitement\"}]},{\"@type\":\"WebSite\",\"@id\":\"https:\/\/www.gereso.com\/actualites\/#website\",\"url\":\"https:\/\/www.gereso.com\/actualites\/\",\"name\":\"Le Blog GERESO\",\"description\":\"Toute l&#039;actu RH, Finance, Fonction Publique, Management...\",\"potentialAction\":[{\"@type\":\"SearchAction\",\"target\":{\"@type\":\"EntryPoint\",\"urlTemplate\":\"https:\/\/www.gereso.com\/actualites\/?s={search_term_string}\"},\"query-input\":{\"@type\":\"PropertyValueSpecification\",\"valueRequired\":true,\"valueName\":\"search_term_string\"}}],\"inLanguage\":\"fr-FR\"},{\"@type\":\"Person\",\"@id\":\"https:\/\/www.gereso.com\/actualites\/#\/schema\/person\/197d8aef40cb4ae3f6a0aa9e1d3df2a6\",\"name\":\"\u00c9quipe GERESO\",\"image\":{\"@type\":\"ImageObject\",\"inLanguage\":\"fr-FR\",\"@id\":\"https:\/\/www.gereso.com\/actualites\/#\/schema\/person\/image\/\",\"url\":\"https:\/\/www.gereso.com\/actualites\/wp-content\/uploads\/2013\/12\/avatar-gereso-1.png\",\"contentUrl\":\"https:\/\/www.gereso.com\/actualites\/wp-content\/uploads\/2013\/12\/avatar-gereso-1.png\",\"caption\":\"\u00c9quipe GERESO\"},\"url\":\"https:\/\/www.gereso.com\/actualites\/author\/gereso\/\"}]}<\/script>\n<!-- \/ Yoast SEO plugin. -->","yoast_head_json":{"title":"Fonction publique : indice minimum de traitement - Le Blog GERESO","robots":{"index":"index","follow":"follow","max-snippet":"max-snippet:-1","max-image-preview":"max-image-preview:large","max-video-preview":"max-video-preview:-1"},"canonical":"https:\/\/www.gereso.com\/actualites\/2022\/03\/21\/fonction-publique-indice-minimum-traitement\/","og_locale":"fr_FR","og_type":"article","og_title":"Fonction publique : indice minimum de traitement - Le Blog GERESO","og_description":"Comme en octobre dernier, du fait de l\u2019augmentation du SMIC, un d\u00e9cret augmente \u00e0 compter du 1er janvier 2022 le minimum de traitement fix\u00e9 par la grille r\u00e9gissant la r\u00e9mun\u00e9ration de la fonction publique. Le d\u00e9cret fixe le minimum de traitement, aujourd&rsquo;hui fix\u00e9 \u00e0 l&rsquo;indice major\u00e9 340 (soit indice brut 367) \u00e0 l&rsquo;indice major\u00e9 343 [&hellip;]","og_url":"https:\/\/www.gereso.com\/actualites\/2022\/03\/21\/fonction-publique-indice-minimum-traitement\/","og_site_name":"Le Blog GERESO","article_published_time":"2022-03-21T10:30:24+00:00","article_modified_time":"2022-03-21T13:05:07+00:00","author":"\u00c9quipe GERESO","twitter_card":"summary_large_image","schema":{"@context":"https:\/\/schema.org","@graph":[{"@type":"WebPage","@id":"https:\/\/www.gereso.com\/actualites\/2022\/03\/21\/fonction-publique-indice-minimum-traitement\/","url":"https:\/\/www.gereso.com\/actualites\/2022\/03\/21\/fonction-publique-indice-minimum-traitement\/","name":"Fonction publique : indice minimum de traitement - Le Blog GERESO","isPartOf":{"@id":"https:\/\/www.gereso.com\/actualites\/#website"},"datePublished":"2022-03-21T10:30:24+00:00","dateModified":"2022-03-21T13:05:07+00:00","author":{"@id":"https:\/\/www.gereso.com\/actualites\/#\/schema\/person\/197d8aef40cb4ae3f6a0aa9e1d3df2a6"},"breadcrumb":{"@id":"https:\/\/www.gereso.com\/actualites\/2022\/03\/21\/fonction-publique-indice-minimum-traitement\/#breadcrumb"},"inLanguage":"fr-FR","potentialAction":[{"@type":"ReadAction","target":["https:\/\/www.gereso.com\/actualites\/2022\/03\/21\/fonction-publique-indice-minimum-traitement\/"]}]},{"@type":"BreadcrumbList","@id":"https:\/\/www.gereso.com\/actualites\/2022\/03\/21\/fonction-publique-indice-minimum-traitement\/#breadcrumb","itemListElement":[{"@type":"ListItem","position":1,"name":"Home","item":"https:\/\/www.gereso.com\/actualites\/"},{"@type":"ListItem","position":2,"name":"Fonction publique : indice minimum de traitement"}]},{"@type":"WebSite","@id":"https:\/\/www.gereso.com\/actualites\/#website","url":"https:\/\/www.gereso.com\/actualites\/","name":"Le Blog GERESO","description":"Toute l&#039;actu RH, Finance, Fonction Publique, Management...","potentialAction":[{"@type":"SearchAction","target":{"@type":"EntryPoint","urlTemplate":"https:\/\/www.gereso.com\/actualites\/?s={search_term_string}"},"query-input":{"@type":"PropertyValueSpecification","valueRequired":true,"valueName":"search_term_string"}}],"inLanguage":"fr-FR"},{"@type":"Person","@id":"https:\/\/www.gereso.com\/actualites\/#\/schema\/person\/197d8aef40cb4ae3f6a0aa9e1d3df2a6","name":"\u00c9quipe GERESO","image":{"@type":"ImageObject","inLanguage":"fr-FR","@id":"https:\/\/www.gereso.com\/actualites\/#\/schema\/person\/image\/","url":"https:\/\/www.gereso.com\/actualites\/wp-content\/uploads\/2013\/12\/avatar-gereso-1.png","contentUrl":"https:\/\/www.gereso.com\/actualites\/wp-content\/uploads\/2013\/12\/avatar-gereso-1.png","caption":"\u00c9quipe GERESO"},"url":"https:\/\/www.gereso.com\/actualites\/author\/gereso\/"}]}},"_links":{"self":[{"href":"https:\/\/www.gereso.com\/actualites\/wp-json\/wp\/v2\/posts\/26502","targetHints":{"allow":["GET"]}}],"collection":[{"href":"https:\/\/www.gereso.com\/actualites\/wp-json\/wp\/v2\/posts"}],"about":[{"href":"https:\/\/www.gereso.com\/actualites\/wp-json\/wp\/v2\/types\/post"}],"author":[{"embeddable":true,"href":"https:\/\/www.gereso.com\/actualites\/wp-json\/wp\/v2\/users\/32"}],"replies":[{"embeddable":true,"href":"https:\/\/www.gereso.com\/actualites\/wp-json\/wp\/v2\/comments?post=26502"}],"version-history":[{"count":3,"href":"https:\/\/www.gereso.com\/actualites\/wp-json\/wp\/v2\/posts\/26502\/revisions"}],"predecessor-version":[{"id":26505,"href":"https:\/\/www.gereso.com\/actualites\/wp-json\/wp\/v2\/posts\/26502\/revisions\/26505"}],"wp:attachment":[{"href":"https:\/\/www.gereso.com\/actualites\/wp-json\/wp\/v2\/media?parent=26502"}],"wp:term":[{"taxonomy":"category","embeddable":true,"href":"https:\/\/www.gereso.com\/actualites\/wp-json\/wp\/v2\/categories?post=26502"},{"taxonomy":"post_tag","embeddable":true,"href":"https:\/\/www.gereso.com\/actualites\/wp-json\/wp\/v2\/tags?post=26502"}],"curies":[{"name":"wp","href":"https:\/\/api.w.org\/{rel}","templated":true}]}}