{"id":26506,"date":"2022-03-21T14:50:08","date_gmt":"2022-03-21T12:50:08","guid":{"rendered":"https:\/\/www.gereso.com\/actualites\/?p=26506"},"modified":"2022-03-21T15:03:24","modified_gmt":"2022-03-21T13:03:24","slug":"fonction-publique-nouvelles-mentions-2022-bulletin-paie","status":"publish","type":"post","link":"https:\/\/www.gereso.com\/actualites\/2022\/03\/21\/fonction-publique-nouvelles-mentions-2022-bulletin-paie\/","title":{"rendered":"Fonction publique : Nouvelles mentions en 2022 sur le bulletin de paie"},"content":{"rendered":"\n\n\n<p>La liste des <strong>mentions obligatoires du bulletin de paie <\/strong>figurant dans le Code du travail a \u00e9t\u00e9 modifi\u00e9e. <\/p>\n\n\n\n<p>Doivent d\u00e9sormais appara\u00eetre, en mensuel et en cumul annuel (de janvier \u00e0 d\u00e9cembre)&nbsp;: <\/p>\n\n\n\n<ul class=\"wp-block-list\"><li>L<strong>e montant net imposable : <\/strong>il s\u2019agit du montant r\u00e9ellement imposable, c\u2019est-\u00e0-dire en tenant compte des \u00e9ventuelles heures suppl\u00e9mentaires exon\u00e9r\u00e9es d\u2019imp\u00f4ts, ou bien de la participation de 15 \u20ac \u00e0 la mutuelle dans la FPE qui elle est imposable. <\/li><li>Le <strong>montant du pr\u00e9l\u00e8vement \u00e0 la source<\/strong> (base et taux mensuels, montants mensuels et annuels).<\/li><li>Le <strong>montant net imposable des heures compl\u00e9mentaires \/ suppl\u00e9mentaires<\/strong> exon\u00e9r\u00e9es d&rsquo;imp\u00f4ts.<\/li><\/ul>\n\n\n\n<p>Par ailleurs, la ligne \u00ab\u00a0Net \u00e0 payer avant imp\u00f4t sur le revenu\u00a0\u00bb ne doit plus obligatoirement \u00eatre \u00e9crite dans une police de caract\u00e8re 1,5 fois plus grosse que le reste du bulletin comme c\u2019\u00e9tait le cas depuis la mise en place du PAS. Toutefois, cette ligne ainsi que la ligne \u00ab\u00a0Net \u00e0 payer \u00e0 l\u2019agent\u00a0\u00bb doivent appara\u00eetre d\u2019une mani\u00e8re qui en facilite la lisibilit\u00e9 par rapport aux autres lignes.<\/p>\n\n\n\n<p><\/p>\n\n\n\n<div class=\"wp-block-image\"><figure class=\"aligncenter size-large\"><img fetchpriority=\"high\" decoding=\"async\" width=\"1024\" height=\"289\" src=\"https:\/\/www.gereso.com\/actualites\/wp-content\/uploads\/2022\/03\/Bulletin-paie-1024x289.png\" alt=\"\" class=\"wp-image-26521\" srcset=\"https:\/\/www.gereso.com\/actualites\/wp-content\/uploads\/2022\/03\/Bulletin-paie-1024x289.png 1024w, https:\/\/www.gereso.com\/actualites\/wp-content\/uploads\/2022\/03\/Bulletin-paie-300x85.png 300w, https:\/\/www.gereso.com\/actualites\/wp-content\/uploads\/2022\/03\/Bulletin-paie-768x217.png 768w, https:\/\/www.gereso.com\/actualites\/wp-content\/uploads\/2022\/03\/Bulletin-paie-600x169.png 600w, https:\/\/www.gereso.com\/actualites\/wp-content\/uploads\/2022\/03\/Bulletin-paie.png 1303w\" sizes=\"(max-width: 1024px) 100vw, 1024px\" \/><\/figure><\/div>\n\n\n\n<p>Pour rappel, la fonction publique n&rsquo;est tenue par aucun texte concernant les mentions du bulletin, mais il est n\u00e9anmoins pr\u00e9conis\u00e9 de se rapprocher le plus possible de ce qui est fait dans le secteur priv\u00e9, indique dans le Code du travail. <\/p>\n\n\n\n<p><em>Arr\u00eat\u00e9 du 23 d\u00e9cembre 2021 modifiant l&rsquo;arr\u00eat\u00e9 du 25 f\u00e9vrier 2016 fixant les libell\u00e9s, l&rsquo;ordre et le regroupement des informations figurant sur le bulletin de paie mentionn\u00e9es \u00e0 l&rsquo;<a href=\"https:\/\/www.legifrance.gouv.fr\/codes\/article_lc\/LEGIARTI000033024092\" target=\"_blank\" rel=\"noreferrer noopener\">article R. 3243-2 du Code du travail.<\/a><\/em><\/p>\n","protected":false},"excerpt":{"rendered":"<p>La liste des mentions obligatoires du bulletin de paie figurant dans le Code du travail a \u00e9t\u00e9 modifi\u00e9e. Doivent d\u00e9sormais appara\u00eetre, en mensuel et en cumul annuel (de janvier \u00e0 d\u00e9cembre)&nbsp;: Le montant net imposable : il s\u2019agit du montant r\u00e9ellement imposable, c\u2019est-\u00e0-dire en tenant compte des \u00e9ventuelles heures suppl\u00e9mentaires exon\u00e9r\u00e9es d\u2019imp\u00f4ts, ou bien de [&hellip;]<\/p>\n","protected":false},"author":32,"featured_media":0,"comment_status":"open","ping_status":"open","sticky":false,"template":"","format":"quote","meta":{"_acf_changed":false,"_mi_skip_tracking":false,"footnotes":""},"categories":[12,6],"tags":[],"class_list":["post-26506","post","type-post","status-publish","format-quote","hentry","category-actualites","category-fonction-publique","post_format-post-format-quote"],"acf":[],"yoast_head":"<!-- This site is optimized with the Yoast SEO plugin v23.4 - https:\/\/yoast.com\/wordpress\/plugins\/seo\/ -->\n<title>Fonction publique : Nouvelles mentions en 2022 sur le bulletin de paie - Le Blog GERESO<\/title>\n<meta name=\"robots\" content=\"index, follow, max-snippet:-1, max-image-preview:large, max-video-preview:-1\" \/>\n<link rel=\"canonical\" href=\"https:\/\/www.gereso.com\/actualites\/2022\/03\/21\/fonction-publique-nouvelles-mentions-2022-bulletin-paie\/\" \/>\n<meta property=\"og:locale\" content=\"fr_FR\" \/>\n<meta property=\"og:type\" content=\"article\" \/>\n<meta property=\"og:title\" content=\"Fonction publique : Nouvelles mentions en 2022 sur le bulletin de paie - Le Blog GERESO\" \/>\n<meta property=\"og:description\" content=\"La liste des mentions obligatoires du bulletin de paie figurant dans le Code du travail a \u00e9t\u00e9 modifi\u00e9e. Doivent d\u00e9sormais appara\u00eetre, en mensuel et en cumul annuel (de janvier \u00e0 d\u00e9cembre)&nbsp;: Le montant net imposable : il s\u2019agit du montant r\u00e9ellement imposable, c\u2019est-\u00e0-dire en tenant compte des \u00e9ventuelles heures suppl\u00e9mentaires exon\u00e9r\u00e9es d\u2019imp\u00f4ts, ou bien de [&hellip;]\" \/>\n<meta property=\"og:url\" content=\"https:\/\/www.gereso.com\/actualites\/2022\/03\/21\/fonction-publique-nouvelles-mentions-2022-bulletin-paie\/\" \/>\n<meta property=\"og:site_name\" content=\"Le Blog GERESO\" \/>\n<meta property=\"article:published_time\" content=\"2022-03-21T12:50:08+00:00\" \/>\n<meta property=\"article:modified_time\" content=\"2022-03-21T13:03:24+00:00\" \/>\n<meta property=\"og:image\" content=\"https:\/\/www.gereso.com\/actualites\/wp-content\/uploads\/2022\/03\/Bulletin-paie-1024x289.png\" \/>\n<meta name=\"author\" content=\"\u00c9quipe GERESO\" \/>\n<meta name=\"twitter:card\" content=\"summary_large_image\" \/>\n<script type=\"application\/ld+json\" class=\"yoast-schema-graph\">{\"@context\":\"https:\/\/schema.org\",\"@graph\":[{\"@type\":\"WebPage\",\"@id\":\"https:\/\/www.gereso.com\/actualites\/2022\/03\/21\/fonction-publique-nouvelles-mentions-2022-bulletin-paie\/\",\"url\":\"https:\/\/www.gereso.com\/actualites\/2022\/03\/21\/fonction-publique-nouvelles-mentions-2022-bulletin-paie\/\",\"name\":\"Fonction publique : Nouvelles mentions en 2022 sur le bulletin de paie - Le Blog GERESO\",\"isPartOf\":{\"@id\":\"https:\/\/www.gereso.com\/actualites\/#website\"},\"primaryImageOfPage\":{\"@id\":\"https:\/\/www.gereso.com\/actualites\/2022\/03\/21\/fonction-publique-nouvelles-mentions-2022-bulletin-paie\/#primaryimage\"},\"image\":{\"@id\":\"https:\/\/www.gereso.com\/actualites\/2022\/03\/21\/fonction-publique-nouvelles-mentions-2022-bulletin-paie\/#primaryimage\"},\"thumbnailUrl\":\"https:\/\/www.gereso.com\/actualites\/wp-content\/uploads\/2022\/03\/Bulletin-paie-1024x289.png\",\"datePublished\":\"2022-03-21T12:50:08+00:00\",\"dateModified\":\"2022-03-21T13:03:24+00:00\",\"author\":{\"@id\":\"https:\/\/www.gereso.com\/actualites\/#\/schema\/person\/197d8aef40cb4ae3f6a0aa9e1d3df2a6\"},\"breadcrumb\":{\"@id\":\"https:\/\/www.gereso.com\/actualites\/2022\/03\/21\/fonction-publique-nouvelles-mentions-2022-bulletin-paie\/#breadcrumb\"},\"inLanguage\":\"fr-FR\",\"potentialAction\":[{\"@type\":\"ReadAction\",\"target\":[\"https:\/\/www.gereso.com\/actualites\/2022\/03\/21\/fonction-publique-nouvelles-mentions-2022-bulletin-paie\/\"]}]},{\"@type\":\"ImageObject\",\"inLanguage\":\"fr-FR\",\"@id\":\"https:\/\/www.gereso.com\/actualites\/2022\/03\/21\/fonction-publique-nouvelles-mentions-2022-bulletin-paie\/#primaryimage\",\"url\":\"https:\/\/www.gereso.com\/actualites\/wp-content\/uploads\/2022\/03\/Bulletin-paie.png\",\"contentUrl\":\"https:\/\/www.gereso.com\/actualites\/wp-content\/uploads\/2022\/03\/Bulletin-paie.png\",\"width\":1303,\"height\":368},{\"@type\":\"BreadcrumbList\",\"@id\":\"https:\/\/www.gereso.com\/actualites\/2022\/03\/21\/fonction-publique-nouvelles-mentions-2022-bulletin-paie\/#breadcrumb\",\"itemListElement\":[{\"@type\":\"ListItem\",\"position\":1,\"name\":\"Home\",\"item\":\"https:\/\/www.gereso.com\/actualites\/\"},{\"@type\":\"ListItem\",\"position\":2,\"name\":\"Fonction publique : Nouvelles mentions en 2022 sur le bulletin de paie\"}]},{\"@type\":\"WebSite\",\"@id\":\"https:\/\/www.gereso.com\/actualites\/#website\",\"url\":\"https:\/\/www.gereso.com\/actualites\/\",\"name\":\"Le Blog GERESO\",\"description\":\"Toute l&#039;actu RH, Finance, Fonction Publique, Management...\",\"potentialAction\":[{\"@type\":\"SearchAction\",\"target\":{\"@type\":\"EntryPoint\",\"urlTemplate\":\"https:\/\/www.gereso.com\/actualites\/?s={search_term_string}\"},\"query-input\":{\"@type\":\"PropertyValueSpecification\",\"valueRequired\":true,\"valueName\":\"search_term_string\"}}],\"inLanguage\":\"fr-FR\"},{\"@type\":\"Person\",\"@id\":\"https:\/\/www.gereso.com\/actualites\/#\/schema\/person\/197d8aef40cb4ae3f6a0aa9e1d3df2a6\",\"name\":\"\u00c9quipe GERESO\",\"image\":{\"@type\":\"ImageObject\",\"inLanguage\":\"fr-FR\",\"@id\":\"https:\/\/www.gereso.com\/actualites\/#\/schema\/person\/image\/\",\"url\":\"https:\/\/www.gereso.com\/actualites\/wp-content\/uploads\/2013\/12\/avatar-gereso-1.png\",\"contentUrl\":\"https:\/\/www.gereso.com\/actualites\/wp-content\/uploads\/2013\/12\/avatar-gereso-1.png\",\"caption\":\"\u00c9quipe GERESO\"},\"url\":\"https:\/\/www.gereso.com\/actualites\/author\/gereso\/\"}]}<\/script>\n<!-- \/ Yoast SEO plugin. -->","yoast_head_json":{"title":"Fonction publique : Nouvelles mentions en 2022 sur le bulletin de paie - Le Blog GERESO","robots":{"index":"index","follow":"follow","max-snippet":"max-snippet:-1","max-image-preview":"max-image-preview:large","max-video-preview":"max-video-preview:-1"},"canonical":"https:\/\/www.gereso.com\/actualites\/2022\/03\/21\/fonction-publique-nouvelles-mentions-2022-bulletin-paie\/","og_locale":"fr_FR","og_type":"article","og_title":"Fonction publique : Nouvelles mentions en 2022 sur le bulletin de paie - Le Blog GERESO","og_description":"La liste des mentions obligatoires du bulletin de paie figurant dans le Code du travail a \u00e9t\u00e9 modifi\u00e9e. Doivent d\u00e9sormais appara\u00eetre, en mensuel et en cumul annuel (de janvier \u00e0 d\u00e9cembre)&nbsp;: Le montant net imposable : il s\u2019agit du montant r\u00e9ellement imposable, c\u2019est-\u00e0-dire en tenant compte des \u00e9ventuelles heures suppl\u00e9mentaires exon\u00e9r\u00e9es d\u2019imp\u00f4ts, ou bien de [&hellip;]","og_url":"https:\/\/www.gereso.com\/actualites\/2022\/03\/21\/fonction-publique-nouvelles-mentions-2022-bulletin-paie\/","og_site_name":"Le Blog GERESO","article_published_time":"2022-03-21T12:50:08+00:00","article_modified_time":"2022-03-21T13:03:24+00:00","og_image":[{"url":"https:\/\/www.gereso.com\/actualites\/wp-content\/uploads\/2022\/03\/Bulletin-paie-1024x289.png"}],"author":"\u00c9quipe GERESO","twitter_card":"summary_large_image","schema":{"@context":"https:\/\/schema.org","@graph":[{"@type":"WebPage","@id":"https:\/\/www.gereso.com\/actualites\/2022\/03\/21\/fonction-publique-nouvelles-mentions-2022-bulletin-paie\/","url":"https:\/\/www.gereso.com\/actualites\/2022\/03\/21\/fonction-publique-nouvelles-mentions-2022-bulletin-paie\/","name":"Fonction publique : Nouvelles mentions en 2022 sur le bulletin de paie - Le Blog GERESO","isPartOf":{"@id":"https:\/\/www.gereso.com\/actualites\/#website"},"primaryImageOfPage":{"@id":"https:\/\/www.gereso.com\/actualites\/2022\/03\/21\/fonction-publique-nouvelles-mentions-2022-bulletin-paie\/#primaryimage"},"image":{"@id":"https:\/\/www.gereso.com\/actualites\/2022\/03\/21\/fonction-publique-nouvelles-mentions-2022-bulletin-paie\/#primaryimage"},"thumbnailUrl":"https:\/\/www.gereso.com\/actualites\/wp-content\/uploads\/2022\/03\/Bulletin-paie-1024x289.png","datePublished":"2022-03-21T12:50:08+00:00","dateModified":"2022-03-21T13:03:24+00:00","author":{"@id":"https:\/\/www.gereso.com\/actualites\/#\/schema\/person\/197d8aef40cb4ae3f6a0aa9e1d3df2a6"},"breadcrumb":{"@id":"https:\/\/www.gereso.com\/actualites\/2022\/03\/21\/fonction-publique-nouvelles-mentions-2022-bulletin-paie\/#breadcrumb"},"inLanguage":"fr-FR","potentialAction":[{"@type":"ReadAction","target":["https:\/\/www.gereso.com\/actualites\/2022\/03\/21\/fonction-publique-nouvelles-mentions-2022-bulletin-paie\/"]}]},{"@type":"ImageObject","inLanguage":"fr-FR","@id":"https:\/\/www.gereso.com\/actualites\/2022\/03\/21\/fonction-publique-nouvelles-mentions-2022-bulletin-paie\/#primaryimage","url":"https:\/\/www.gereso.com\/actualites\/wp-content\/uploads\/2022\/03\/Bulletin-paie.png","contentUrl":"https:\/\/www.gereso.com\/actualites\/wp-content\/uploads\/2022\/03\/Bulletin-paie.png","width":1303,"height":368},{"@type":"BreadcrumbList","@id":"https:\/\/www.gereso.com\/actualites\/2022\/03\/21\/fonction-publique-nouvelles-mentions-2022-bulletin-paie\/#breadcrumb","itemListElement":[{"@type":"ListItem","position":1,"name":"Home","item":"https:\/\/www.gereso.com\/actualites\/"},{"@type":"ListItem","position":2,"name":"Fonction publique : Nouvelles mentions en 2022 sur le bulletin de paie"}]},{"@type":"WebSite","@id":"https:\/\/www.gereso.com\/actualites\/#website","url":"https:\/\/www.gereso.com\/actualites\/","name":"Le Blog GERESO","description":"Toute l&#039;actu RH, Finance, Fonction Publique, Management...","potentialAction":[{"@type":"SearchAction","target":{"@type":"EntryPoint","urlTemplate":"https:\/\/www.gereso.com\/actualites\/?s={search_term_string}"},"query-input":{"@type":"PropertyValueSpecification","valueRequired":true,"valueName":"search_term_string"}}],"inLanguage":"fr-FR"},{"@type":"Person","@id":"https:\/\/www.gereso.com\/actualites\/#\/schema\/person\/197d8aef40cb4ae3f6a0aa9e1d3df2a6","name":"\u00c9quipe GERESO","image":{"@type":"ImageObject","inLanguage":"fr-FR","@id":"https:\/\/www.gereso.com\/actualites\/#\/schema\/person\/image\/","url":"https:\/\/www.gereso.com\/actualites\/wp-content\/uploads\/2013\/12\/avatar-gereso-1.png","contentUrl":"https:\/\/www.gereso.com\/actualites\/wp-content\/uploads\/2013\/12\/avatar-gereso-1.png","caption":"\u00c9quipe GERESO"},"url":"https:\/\/www.gereso.com\/actualites\/author\/gereso\/"}]}},"_links":{"self":[{"href":"https:\/\/www.gereso.com\/actualites\/wp-json\/wp\/v2\/posts\/26506","targetHints":{"allow":["GET"]}}],"collection":[{"href":"https:\/\/www.gereso.com\/actualites\/wp-json\/wp\/v2\/posts"}],"about":[{"href":"https:\/\/www.gereso.com\/actualites\/wp-json\/wp\/v2\/types\/post"}],"author":[{"embeddable":true,"href":"https:\/\/www.gereso.com\/actualites\/wp-json\/wp\/v2\/users\/32"}],"replies":[{"embeddable":true,"href":"https:\/\/www.gereso.com\/actualites\/wp-json\/wp\/v2\/comments?post=26506"}],"version-history":[{"count":8,"href":"https:\/\/www.gereso.com\/actualites\/wp-json\/wp\/v2\/posts\/26506\/revisions"}],"predecessor-version":[{"id":26523,"href":"https:\/\/www.gereso.com\/actualites\/wp-json\/wp\/v2\/posts\/26506\/revisions\/26523"}],"wp:attachment":[{"href":"https:\/\/www.gereso.com\/actualites\/wp-json\/wp\/v2\/media?parent=26506"}],"wp:term":[{"taxonomy":"category","embeddable":true,"href":"https:\/\/www.gereso.com\/actualites\/wp-json\/wp\/v2\/categories?post=26506"},{"taxonomy":"post_tag","embeddable":true,"href":"https:\/\/www.gereso.com\/actualites\/wp-json\/wp\/v2\/tags?post=26506"}],"curies":[{"name":"wp","href":"https:\/\/api.w.org\/{rel}","templated":true}]}}