{"id":26585,"date":"2022-03-24T13:05:11","date_gmt":"2022-03-24T11:05:11","guid":{"rendered":"https:\/\/www.gereso.com\/actualites\/?p=26585"},"modified":"2022-03-24T13:05:13","modified_gmt":"2022-03-24T11:05:13","slug":"conges-proche-aidant-et-presence-parentale","status":"publish","type":"post","link":"https:\/\/www.gereso.com\/actualites\/2022\/03\/24\/conges-proche-aidant-et-presence-parentale\/","title":{"rendered":"Cong\u00e9s de proche aidant et de pr\u00e9sence parentale"},"content":{"rendered":"\n<p>La loi de financement de la S\u00e9curit\u00e9 sociale pour 2022 <strong>revalorise les allocations pour les cong\u00e9s de proche aidant et de pr\u00e9sence parentale<\/strong>, vers\u00e9es par la CAF.<\/p>\n\n\n\n<p>Le <strong>cong\u00e9 de proche aidant<\/strong> est octroy\u00e9 au salari\u00e9 pour s&rsquo;occuper d&rsquo;une personne handicap\u00e9e ou faisant l&rsquo;objet d&rsquo;une perte d&rsquo;autonomie d&rsquo;une particuli\u00e8re gravit\u00e9. Il s\u2019agit d\u2019un <strong>cong\u00e9 non r\u00e9mun\u00e9r\u00e9 par l\u2019employeur<\/strong> mais qui peut donner lieu \u00e0 une <strong>allocation journali\u00e8re du proche aidant<\/strong> (AJPA).<\/p>\n\n\n\n<p>Le <strong>cong\u00e9 de pr\u00e9sence parentale<\/strong> s\u2019adresse au p\u00e8re ou \u00e0 la m\u00e8re d\u2019un enfant \u00e0 charge et qui n\u00e9cessite des soins contraignants et la pr\u00e9sence soutenue d\u2019un des parents. Il n\u2019est pas r\u00e9mun\u00e9r\u00e9 par l\u2019employeur mais peut ouvrir droit \u00e0 l\u2019<strong>allocation journali\u00e8re de pr\u00e9sence parentale<\/strong> (AJPP).<\/p>\n\n\n\n<p>Ainsi, depuis le 1er janvier 2022, le montant journalier de l\u2019AJPA et de l\u2019AJPP est de <strong>58,59&nbsp;\u20ac<\/strong> et de 29,30&nbsp;\u20ac pour une demi-journ\u00e9e. Les deux allocations ne peu-vent pas se cumuler. Les montants journaliers pour un couple ou une personne isol\u00e9e sont identiques.<\/p>\n\n\n\n<p><em><a href=\"https:\/\/www.legifrance.gouv.fr\/jorf\/id\/JORFTEXT000045084510\" target=\"_blank\" rel=\"noreferrer noopener\">D\u00e9cret n\u00b0 2022-88 du 28 janvier 2022<\/a> relatif \u00e0 l&rsquo;allocation journali\u00e8re du proche aidant et \u00e0 l&rsquo;allocation journali\u00e8re de pr\u00e9sence parentale<\/em><\/p>\n","protected":false},"excerpt":{"rendered":"<p>La loi de financement de la S\u00e9curit\u00e9 sociale pour 2022 revalorise les allocations pour les cong\u00e9s de proche aidant et de pr\u00e9sence parentale, vers\u00e9es par la CAF. Le cong\u00e9 de proche aidant est octroy\u00e9 au salari\u00e9 pour s&rsquo;occuper d&rsquo;une personne handicap\u00e9e ou faisant l&rsquo;objet d&rsquo;une perte d&rsquo;autonomie d&rsquo;une particuli\u00e8re gravit\u00e9. Il s\u2019agit d\u2019un cong\u00e9 non [&hellip;]<\/p>\n","protected":false},"author":32,"featured_media":0,"comment_status":"open","ping_status":"open","sticky":false,"template":"","format":"quote","meta":{"_acf_changed":false,"_mi_skip_tracking":false,"footnotes":""},"categories":[12,5],"tags":[],"class_list":["post-26585","post","type-post","status-publish","format-quote","hentry","category-actualites","category-droit-du-travail","post_format-post-format-quote"],"acf":[],"yoast_head":"<!-- This site is optimized with the Yoast SEO plugin v23.4 - https:\/\/yoast.com\/wordpress\/plugins\/seo\/ -->\n<title>Cong\u00e9s de proche aidant et de pr\u00e9sence parentale - Le Blog GERESO<\/title>\n<meta name=\"robots\" content=\"index, follow, max-snippet:-1, max-image-preview:large, max-video-preview:-1\" \/>\n<link rel=\"canonical\" href=\"https:\/\/www.gereso.com\/actualites\/2022\/03\/24\/conges-proche-aidant-et-presence-parentale\/\" \/>\n<meta property=\"og:locale\" content=\"fr_FR\" \/>\n<meta property=\"og:type\" content=\"article\" \/>\n<meta property=\"og:title\" content=\"Cong\u00e9s de proche aidant et de pr\u00e9sence parentale - Le Blog GERESO\" \/>\n<meta property=\"og:description\" content=\"La loi de financement de la S\u00e9curit\u00e9 sociale pour 2022 revalorise les allocations pour les cong\u00e9s de proche aidant et de pr\u00e9sence parentale, vers\u00e9es par la CAF. Le cong\u00e9 de proche aidant est octroy\u00e9 au salari\u00e9 pour s&rsquo;occuper d&rsquo;une personne handicap\u00e9e ou faisant l&rsquo;objet d&rsquo;une perte d&rsquo;autonomie d&rsquo;une particuli\u00e8re gravit\u00e9. Il s\u2019agit d\u2019un cong\u00e9 non [&hellip;]\" \/>\n<meta property=\"og:url\" content=\"https:\/\/www.gereso.com\/actualites\/2022\/03\/24\/conges-proche-aidant-et-presence-parentale\/\" \/>\n<meta property=\"og:site_name\" content=\"Le Blog GERESO\" \/>\n<meta property=\"article:published_time\" content=\"2022-03-24T11:05:11+00:00\" \/>\n<meta property=\"article:modified_time\" content=\"2022-03-24T11:05:13+00:00\" \/>\n<meta name=\"author\" content=\"\u00c9quipe GERESO\" \/>\n<meta name=\"twitter:card\" content=\"summary_large_image\" \/>\n<script type=\"application\/ld+json\" class=\"yoast-schema-graph\">{\"@context\":\"https:\/\/schema.org\",\"@graph\":[{\"@type\":\"WebPage\",\"@id\":\"https:\/\/www.gereso.com\/actualites\/2022\/03\/24\/conges-proche-aidant-et-presence-parentale\/\",\"url\":\"https:\/\/www.gereso.com\/actualites\/2022\/03\/24\/conges-proche-aidant-et-presence-parentale\/\",\"name\":\"Cong\u00e9s de proche aidant et de pr\u00e9sence parentale - Le Blog GERESO\",\"isPartOf\":{\"@id\":\"https:\/\/www.gereso.com\/actualites\/#website\"},\"datePublished\":\"2022-03-24T11:05:11+00:00\",\"dateModified\":\"2022-03-24T11:05:13+00:00\",\"author\":{\"@id\":\"https:\/\/www.gereso.com\/actualites\/#\/schema\/person\/197d8aef40cb4ae3f6a0aa9e1d3df2a6\"},\"breadcrumb\":{\"@id\":\"https:\/\/www.gereso.com\/actualites\/2022\/03\/24\/conges-proche-aidant-et-presence-parentale\/#breadcrumb\"},\"inLanguage\":\"fr-FR\",\"potentialAction\":[{\"@type\":\"ReadAction\",\"target\":[\"https:\/\/www.gereso.com\/actualites\/2022\/03\/24\/conges-proche-aidant-et-presence-parentale\/\"]}]},{\"@type\":\"BreadcrumbList\",\"@id\":\"https:\/\/www.gereso.com\/actualites\/2022\/03\/24\/conges-proche-aidant-et-presence-parentale\/#breadcrumb\",\"itemListElement\":[{\"@type\":\"ListItem\",\"position\":1,\"name\":\"Home\",\"item\":\"https:\/\/www.gereso.com\/actualites\/\"},{\"@type\":\"ListItem\",\"position\":2,\"name\":\"Cong\u00e9s de proche aidant et de pr\u00e9sence parentale\"}]},{\"@type\":\"WebSite\",\"@id\":\"https:\/\/www.gereso.com\/actualites\/#website\",\"url\":\"https:\/\/www.gereso.com\/actualites\/\",\"name\":\"Le Blog GERESO\",\"description\":\"Toute l&#039;actu RH, Finance, Fonction Publique, Management...\",\"potentialAction\":[{\"@type\":\"SearchAction\",\"target\":{\"@type\":\"EntryPoint\",\"urlTemplate\":\"https:\/\/www.gereso.com\/actualites\/?s={search_term_string}\"},\"query-input\":{\"@type\":\"PropertyValueSpecification\",\"valueRequired\":true,\"valueName\":\"search_term_string\"}}],\"inLanguage\":\"fr-FR\"},{\"@type\":\"Person\",\"@id\":\"https:\/\/www.gereso.com\/actualites\/#\/schema\/person\/197d8aef40cb4ae3f6a0aa9e1d3df2a6\",\"name\":\"\u00c9quipe GERESO\",\"image\":{\"@type\":\"ImageObject\",\"inLanguage\":\"fr-FR\",\"@id\":\"https:\/\/www.gereso.com\/actualites\/#\/schema\/person\/image\/\",\"url\":\"https:\/\/www.gereso.com\/actualites\/wp-content\/uploads\/2013\/12\/avatar-gereso-1.png\",\"contentUrl\":\"https:\/\/www.gereso.com\/actualites\/wp-content\/uploads\/2013\/12\/avatar-gereso-1.png\",\"caption\":\"\u00c9quipe GERESO\"},\"url\":\"https:\/\/www.gereso.com\/actualites\/author\/gereso\/\"}]}<\/script>\n<!-- \/ Yoast SEO plugin. -->","yoast_head_json":{"title":"Cong\u00e9s de proche aidant et de pr\u00e9sence parentale - Le Blog GERESO","robots":{"index":"index","follow":"follow","max-snippet":"max-snippet:-1","max-image-preview":"max-image-preview:large","max-video-preview":"max-video-preview:-1"},"canonical":"https:\/\/www.gereso.com\/actualites\/2022\/03\/24\/conges-proche-aidant-et-presence-parentale\/","og_locale":"fr_FR","og_type":"article","og_title":"Cong\u00e9s de proche aidant et de pr\u00e9sence parentale - Le Blog GERESO","og_description":"La loi de financement de la S\u00e9curit\u00e9 sociale pour 2022 revalorise les allocations pour les cong\u00e9s de proche aidant et de pr\u00e9sence parentale, vers\u00e9es par la CAF. Le cong\u00e9 de proche aidant est octroy\u00e9 au salari\u00e9 pour s&rsquo;occuper d&rsquo;une personne handicap\u00e9e ou faisant l&rsquo;objet d&rsquo;une perte d&rsquo;autonomie d&rsquo;une particuli\u00e8re gravit\u00e9. Il s\u2019agit d\u2019un cong\u00e9 non [&hellip;]","og_url":"https:\/\/www.gereso.com\/actualites\/2022\/03\/24\/conges-proche-aidant-et-presence-parentale\/","og_site_name":"Le Blog GERESO","article_published_time":"2022-03-24T11:05:11+00:00","article_modified_time":"2022-03-24T11:05:13+00:00","author":"\u00c9quipe GERESO","twitter_card":"summary_large_image","schema":{"@context":"https:\/\/schema.org","@graph":[{"@type":"WebPage","@id":"https:\/\/www.gereso.com\/actualites\/2022\/03\/24\/conges-proche-aidant-et-presence-parentale\/","url":"https:\/\/www.gereso.com\/actualites\/2022\/03\/24\/conges-proche-aidant-et-presence-parentale\/","name":"Cong\u00e9s de proche aidant et de pr\u00e9sence parentale - Le Blog GERESO","isPartOf":{"@id":"https:\/\/www.gereso.com\/actualites\/#website"},"datePublished":"2022-03-24T11:05:11+00:00","dateModified":"2022-03-24T11:05:13+00:00","author":{"@id":"https:\/\/www.gereso.com\/actualites\/#\/schema\/person\/197d8aef40cb4ae3f6a0aa9e1d3df2a6"},"breadcrumb":{"@id":"https:\/\/www.gereso.com\/actualites\/2022\/03\/24\/conges-proche-aidant-et-presence-parentale\/#breadcrumb"},"inLanguage":"fr-FR","potentialAction":[{"@type":"ReadAction","target":["https:\/\/www.gereso.com\/actualites\/2022\/03\/24\/conges-proche-aidant-et-presence-parentale\/"]}]},{"@type":"BreadcrumbList","@id":"https:\/\/www.gereso.com\/actualites\/2022\/03\/24\/conges-proche-aidant-et-presence-parentale\/#breadcrumb","itemListElement":[{"@type":"ListItem","position":1,"name":"Home","item":"https:\/\/www.gereso.com\/actualites\/"},{"@type":"ListItem","position":2,"name":"Cong\u00e9s de proche aidant et de pr\u00e9sence parentale"}]},{"@type":"WebSite","@id":"https:\/\/www.gereso.com\/actualites\/#website","url":"https:\/\/www.gereso.com\/actualites\/","name":"Le Blog GERESO","description":"Toute l&#039;actu RH, Finance, Fonction Publique, Management...","potentialAction":[{"@type":"SearchAction","target":{"@type":"EntryPoint","urlTemplate":"https:\/\/www.gereso.com\/actualites\/?s={search_term_string}"},"query-input":{"@type":"PropertyValueSpecification","valueRequired":true,"valueName":"search_term_string"}}],"inLanguage":"fr-FR"},{"@type":"Person","@id":"https:\/\/www.gereso.com\/actualites\/#\/schema\/person\/197d8aef40cb4ae3f6a0aa9e1d3df2a6","name":"\u00c9quipe GERESO","image":{"@type":"ImageObject","inLanguage":"fr-FR","@id":"https:\/\/www.gereso.com\/actualites\/#\/schema\/person\/image\/","url":"https:\/\/www.gereso.com\/actualites\/wp-content\/uploads\/2013\/12\/avatar-gereso-1.png","contentUrl":"https:\/\/www.gereso.com\/actualites\/wp-content\/uploads\/2013\/12\/avatar-gereso-1.png","caption":"\u00c9quipe GERESO"},"url":"https:\/\/www.gereso.com\/actualites\/author\/gereso\/"}]}},"_links":{"self":[{"href":"https:\/\/www.gereso.com\/actualites\/wp-json\/wp\/v2\/posts\/26585","targetHints":{"allow":["GET"]}}],"collection":[{"href":"https:\/\/www.gereso.com\/actualites\/wp-json\/wp\/v2\/posts"}],"about":[{"href":"https:\/\/www.gereso.com\/actualites\/wp-json\/wp\/v2\/types\/post"}],"author":[{"embeddable":true,"href":"https:\/\/www.gereso.com\/actualites\/wp-json\/wp\/v2\/users\/32"}],"replies":[{"embeddable":true,"href":"https:\/\/www.gereso.com\/actualites\/wp-json\/wp\/v2\/comments?post=26585"}],"version-history":[{"count":4,"href":"https:\/\/www.gereso.com\/actualites\/wp-json\/wp\/v2\/posts\/26585\/revisions"}],"predecessor-version":[{"id":26590,"href":"https:\/\/www.gereso.com\/actualites\/wp-json\/wp\/v2\/posts\/26585\/revisions\/26590"}],"wp:attachment":[{"href":"https:\/\/www.gereso.com\/actualites\/wp-json\/wp\/v2\/media?parent=26585"}],"wp:term":[{"taxonomy":"category","embeddable":true,"href":"https:\/\/www.gereso.com\/actualites\/wp-json\/wp\/v2\/categories?post=26585"},{"taxonomy":"post_tag","embeddable":true,"href":"https:\/\/www.gereso.com\/actualites\/wp-json\/wp\/v2\/tags?post=26585"}],"curies":[{"name":"wp","href":"https:\/\/api.w.org\/{rel}","templated":true}]}}