{"id":26595,"date":"2022-03-24T14:57:12","date_gmt":"2022-03-24T12:57:12","guid":{"rendered":"https:\/\/www.gereso.com\/actualites\/?p=26595"},"modified":"2022-03-24T14:57:14","modified_gmt":"2022-03-24T12:57:14","slug":"suspension-vaccinale-agent-public","status":"publish","type":"post","link":"https:\/\/www.gereso.com\/actualites\/2022\/03\/24\/suspension-vaccinale-agent-public\/","title":{"rendered":"Suspension vaccinale d&rsquo;un agent public"},"content":{"rendered":"\n<p>Saisi en r\u00e9f\u00e9r\u00e9 contre la suspension d\u2019une infirmi\u00e8re en raison du non-respect de son obligation vaccinale, le juge a de nouveau \u00e9cart\u00e9 le recours de l\u2019agent, fond\u00e9 sur les dispositions de la Constitution et, en particulier, sur le droit \u00e0 la <strong>protection de la sant\u00e9<\/strong>, l\u2019inviolabilit\u00e9 du corps humain et le droit \u00e0 la dignit\u00e9 de la personne humaine, mais aussi sur le principe d\u2019\u00e9galit\u00e9 ou encore le devoir de travailler et le droit d\u2019obtenir un emploi.<\/p>\n\n\n\n<p>Ainsi, le Conseil d\u2019\u00c9tat a pu consid\u00e9rer que le l\u00e9gislateur avait entendu, dans un contexte de progression rapide de l&rsquo;\u00e9pid\u00e9mie de Covid-19 accompagn\u00e9 de l&rsquo;\u00e9mergence de nouveaux variants et compte tenu d&rsquo;un niveau encore incomplet de la couverture vaccinale de certains professionnels de sant\u00e9, garantir le bon fonctionnement des services hospitaliers publics gr\u00e2ce \u00e0 la protection offerte par les vaccins disponibles et prot\u00e9ger, par l&rsquo;effet de la moindre transmission du virus par les personnes vaccin\u00e9es, la sant\u00e9 des malades qui y \u00e9taient hospitalis\u00e9s.<\/p>\n\n\n\n<p>Le juge a pu ajouter que les dispositions contest\u00e9es, qui font peser sur les personnes exer\u00e7ant une activit\u00e9 au sein des \u00e9tablissements de sant\u00e9 une obligation vaccinale qui n&rsquo;est pas impos\u00e9e, notamment, aux personnels des \u00e9tablissements scolaires et universitaires, constituent, compte tenu des missions des \u00e9tablissements de sant\u00e9 et de la vuln\u00e9rabilit\u00e9 des patients qui y sont admis, une diff\u00e9rence de traitement en rapport avec cette diff\u00e9rence de situation, qui n&rsquo;est pas manifestement disproportionn\u00e9e au regard de l&rsquo;objectif poursuivi. <\/p>\n\n\n\n<p>Par cons\u00e9quent, le Conseil d\u2019\u00c9tat a rejet\u00e9 l\u2019ensemble des moyens d\u00e9velopp\u00e9s par la requ\u00e9rante.<\/p>\n\n\n\n<p><em>CEE, 28 janvier 2022, n\u00b0 457879<\/em><\/p>\n","protected":false},"excerpt":{"rendered":"<p>Saisi en r\u00e9f\u00e9r\u00e9 contre la suspension d\u2019une infirmi\u00e8re en raison du non-respect de son obligation vaccinale, le juge a de nouveau \u00e9cart\u00e9 le recours de l\u2019agent, fond\u00e9 sur les dispositions de la Constitution et, en particulier, sur le droit \u00e0 la protection de la sant\u00e9, l\u2019inviolabilit\u00e9 du corps humain et le droit \u00e0 la dignit\u00e9 [&hellip;]<\/p>\n","protected":false},"author":32,"featured_media":0,"comment_status":"open","ping_status":"open","sticky":false,"template":"","format":"quote","meta":{"_acf_changed":false,"_mi_skip_tracking":false,"footnotes":""},"categories":[12,6],"tags":[],"class_list":["post-26595","post","type-post","status-publish","format-quote","hentry","category-actualites","category-fonction-publique","post_format-post-format-quote"],"acf":[],"yoast_head":"<!-- This site is optimized with the Yoast SEO plugin v23.4 - https:\/\/yoast.com\/wordpress\/plugins\/seo\/ -->\n<title>Suspension vaccinale d&#039;un agent public - Le Blog GERESO<\/title>\n<meta name=\"robots\" content=\"index, follow, max-snippet:-1, max-image-preview:large, max-video-preview:-1\" \/>\n<link rel=\"canonical\" href=\"https:\/\/www.gereso.com\/actualites\/2022\/03\/24\/suspension-vaccinale-agent-public\/\" \/>\n<meta property=\"og:locale\" content=\"fr_FR\" \/>\n<meta property=\"og:type\" content=\"article\" \/>\n<meta property=\"og:title\" content=\"Suspension vaccinale d&#039;un agent public - Le Blog GERESO\" \/>\n<meta property=\"og:description\" content=\"Saisi en r\u00e9f\u00e9r\u00e9 contre la suspension d\u2019une infirmi\u00e8re en raison du non-respect de son obligation vaccinale, le juge a de nouveau \u00e9cart\u00e9 le recours de l\u2019agent, fond\u00e9 sur les dispositions de la Constitution et, en particulier, sur le droit \u00e0 la protection de la sant\u00e9, l\u2019inviolabilit\u00e9 du corps humain et le droit \u00e0 la dignit\u00e9 [&hellip;]\" \/>\n<meta property=\"og:url\" content=\"https:\/\/www.gereso.com\/actualites\/2022\/03\/24\/suspension-vaccinale-agent-public\/\" \/>\n<meta property=\"og:site_name\" content=\"Le Blog GERESO\" \/>\n<meta property=\"article:published_time\" content=\"2022-03-24T12:57:12+00:00\" \/>\n<meta property=\"article:modified_time\" content=\"2022-03-24T12:57:14+00:00\" \/>\n<meta name=\"author\" content=\"\u00c9quipe GERESO\" \/>\n<meta name=\"twitter:card\" content=\"summary_large_image\" \/>\n<script type=\"application\/ld+json\" class=\"yoast-schema-graph\">{\"@context\":\"https:\/\/schema.org\",\"@graph\":[{\"@type\":\"WebPage\",\"@id\":\"https:\/\/www.gereso.com\/actualites\/2022\/03\/24\/suspension-vaccinale-agent-public\/\",\"url\":\"https:\/\/www.gereso.com\/actualites\/2022\/03\/24\/suspension-vaccinale-agent-public\/\",\"name\":\"Suspension vaccinale d'un agent public - Le Blog GERESO\",\"isPartOf\":{\"@id\":\"https:\/\/www.gereso.com\/actualites\/#website\"},\"datePublished\":\"2022-03-24T12:57:12+00:00\",\"dateModified\":\"2022-03-24T12:57:14+00:00\",\"author\":{\"@id\":\"https:\/\/www.gereso.com\/actualites\/#\/schema\/person\/197d8aef40cb4ae3f6a0aa9e1d3df2a6\"},\"breadcrumb\":{\"@id\":\"https:\/\/www.gereso.com\/actualites\/2022\/03\/24\/suspension-vaccinale-agent-public\/#breadcrumb\"},\"inLanguage\":\"fr-FR\",\"potentialAction\":[{\"@type\":\"ReadAction\",\"target\":[\"https:\/\/www.gereso.com\/actualites\/2022\/03\/24\/suspension-vaccinale-agent-public\/\"]}]},{\"@type\":\"BreadcrumbList\",\"@id\":\"https:\/\/www.gereso.com\/actualites\/2022\/03\/24\/suspension-vaccinale-agent-public\/#breadcrumb\",\"itemListElement\":[{\"@type\":\"ListItem\",\"position\":1,\"name\":\"Home\",\"item\":\"https:\/\/www.gereso.com\/actualites\/\"},{\"@type\":\"ListItem\",\"position\":2,\"name\":\"Suspension vaccinale d&rsquo;un agent public\"}]},{\"@type\":\"WebSite\",\"@id\":\"https:\/\/www.gereso.com\/actualites\/#website\",\"url\":\"https:\/\/www.gereso.com\/actualites\/\",\"name\":\"Le Blog GERESO\",\"description\":\"Toute l&#039;actu RH, Finance, Fonction Publique, Management...\",\"potentialAction\":[{\"@type\":\"SearchAction\",\"target\":{\"@type\":\"EntryPoint\",\"urlTemplate\":\"https:\/\/www.gereso.com\/actualites\/?s={search_term_string}\"},\"query-input\":{\"@type\":\"PropertyValueSpecification\",\"valueRequired\":true,\"valueName\":\"search_term_string\"}}],\"inLanguage\":\"fr-FR\"},{\"@type\":\"Person\",\"@id\":\"https:\/\/www.gereso.com\/actualites\/#\/schema\/person\/197d8aef40cb4ae3f6a0aa9e1d3df2a6\",\"name\":\"\u00c9quipe GERESO\",\"image\":{\"@type\":\"ImageObject\",\"inLanguage\":\"fr-FR\",\"@id\":\"https:\/\/www.gereso.com\/actualites\/#\/schema\/person\/image\/\",\"url\":\"https:\/\/www.gereso.com\/actualites\/wp-content\/uploads\/2013\/12\/avatar-gereso-1.png\",\"contentUrl\":\"https:\/\/www.gereso.com\/actualites\/wp-content\/uploads\/2013\/12\/avatar-gereso-1.png\",\"caption\":\"\u00c9quipe GERESO\"},\"url\":\"https:\/\/www.gereso.com\/actualites\/author\/gereso\/\"}]}<\/script>\n<!-- \/ Yoast SEO plugin. -->","yoast_head_json":{"title":"Suspension vaccinale d'un agent public - Le Blog GERESO","robots":{"index":"index","follow":"follow","max-snippet":"max-snippet:-1","max-image-preview":"max-image-preview:large","max-video-preview":"max-video-preview:-1"},"canonical":"https:\/\/www.gereso.com\/actualites\/2022\/03\/24\/suspension-vaccinale-agent-public\/","og_locale":"fr_FR","og_type":"article","og_title":"Suspension vaccinale d'un agent public - Le Blog GERESO","og_description":"Saisi en r\u00e9f\u00e9r\u00e9 contre la suspension d\u2019une infirmi\u00e8re en raison du non-respect de son obligation vaccinale, le juge a de nouveau \u00e9cart\u00e9 le recours de l\u2019agent, fond\u00e9 sur les dispositions de la Constitution et, en particulier, sur le droit \u00e0 la protection de la sant\u00e9, l\u2019inviolabilit\u00e9 du corps humain et le droit \u00e0 la dignit\u00e9 [&hellip;]","og_url":"https:\/\/www.gereso.com\/actualites\/2022\/03\/24\/suspension-vaccinale-agent-public\/","og_site_name":"Le Blog GERESO","article_published_time":"2022-03-24T12:57:12+00:00","article_modified_time":"2022-03-24T12:57:14+00:00","author":"\u00c9quipe GERESO","twitter_card":"summary_large_image","schema":{"@context":"https:\/\/schema.org","@graph":[{"@type":"WebPage","@id":"https:\/\/www.gereso.com\/actualites\/2022\/03\/24\/suspension-vaccinale-agent-public\/","url":"https:\/\/www.gereso.com\/actualites\/2022\/03\/24\/suspension-vaccinale-agent-public\/","name":"Suspension vaccinale d'un agent public - Le Blog GERESO","isPartOf":{"@id":"https:\/\/www.gereso.com\/actualites\/#website"},"datePublished":"2022-03-24T12:57:12+00:00","dateModified":"2022-03-24T12:57:14+00:00","author":{"@id":"https:\/\/www.gereso.com\/actualites\/#\/schema\/person\/197d8aef40cb4ae3f6a0aa9e1d3df2a6"},"breadcrumb":{"@id":"https:\/\/www.gereso.com\/actualites\/2022\/03\/24\/suspension-vaccinale-agent-public\/#breadcrumb"},"inLanguage":"fr-FR","potentialAction":[{"@type":"ReadAction","target":["https:\/\/www.gereso.com\/actualites\/2022\/03\/24\/suspension-vaccinale-agent-public\/"]}]},{"@type":"BreadcrumbList","@id":"https:\/\/www.gereso.com\/actualites\/2022\/03\/24\/suspension-vaccinale-agent-public\/#breadcrumb","itemListElement":[{"@type":"ListItem","position":1,"name":"Home","item":"https:\/\/www.gereso.com\/actualites\/"},{"@type":"ListItem","position":2,"name":"Suspension vaccinale d&rsquo;un agent public"}]},{"@type":"WebSite","@id":"https:\/\/www.gereso.com\/actualites\/#website","url":"https:\/\/www.gereso.com\/actualites\/","name":"Le Blog GERESO","description":"Toute l&#039;actu RH, Finance, Fonction Publique, Management...","potentialAction":[{"@type":"SearchAction","target":{"@type":"EntryPoint","urlTemplate":"https:\/\/www.gereso.com\/actualites\/?s={search_term_string}"},"query-input":{"@type":"PropertyValueSpecification","valueRequired":true,"valueName":"search_term_string"}}],"inLanguage":"fr-FR"},{"@type":"Person","@id":"https:\/\/www.gereso.com\/actualites\/#\/schema\/person\/197d8aef40cb4ae3f6a0aa9e1d3df2a6","name":"\u00c9quipe GERESO","image":{"@type":"ImageObject","inLanguage":"fr-FR","@id":"https:\/\/www.gereso.com\/actualites\/#\/schema\/person\/image\/","url":"https:\/\/www.gereso.com\/actualites\/wp-content\/uploads\/2013\/12\/avatar-gereso-1.png","contentUrl":"https:\/\/www.gereso.com\/actualites\/wp-content\/uploads\/2013\/12\/avatar-gereso-1.png","caption":"\u00c9quipe GERESO"},"url":"https:\/\/www.gereso.com\/actualites\/author\/gereso\/"}]}},"_links":{"self":[{"href":"https:\/\/www.gereso.com\/actualites\/wp-json\/wp\/v2\/posts\/26595","targetHints":{"allow":["GET"]}}],"collection":[{"href":"https:\/\/www.gereso.com\/actualites\/wp-json\/wp\/v2\/posts"}],"about":[{"href":"https:\/\/www.gereso.com\/actualites\/wp-json\/wp\/v2\/types\/post"}],"author":[{"embeddable":true,"href":"https:\/\/www.gereso.com\/actualites\/wp-json\/wp\/v2\/users\/32"}],"replies":[{"embeddable":true,"href":"https:\/\/www.gereso.com\/actualites\/wp-json\/wp\/v2\/comments?post=26595"}],"version-history":[{"count":1,"href":"https:\/\/www.gereso.com\/actualites\/wp-json\/wp\/v2\/posts\/26595\/revisions"}],"predecessor-version":[{"id":26596,"href":"https:\/\/www.gereso.com\/actualites\/wp-json\/wp\/v2\/posts\/26595\/revisions\/26596"}],"wp:attachment":[{"href":"https:\/\/www.gereso.com\/actualites\/wp-json\/wp\/v2\/media?parent=26595"}],"wp:term":[{"taxonomy":"category","embeddable":true,"href":"https:\/\/www.gereso.com\/actualites\/wp-json\/wp\/v2\/categories?post=26595"},{"taxonomy":"post_tag","embeddable":true,"href":"https:\/\/www.gereso.com\/actualites\/wp-json\/wp\/v2\/tags?post=26595"}],"curies":[{"name":"wp","href":"https:\/\/api.w.org\/{rel}","templated":true}]}}