{"id":26597,"date":"2022-03-24T15:43:13","date_gmt":"2022-03-24T13:43:13","guid":{"rendered":"https:\/\/www.gereso.com\/actualites\/?p=26597"},"modified":"2022-03-24T15:43:15","modified_gmt":"2022-03-24T13:43:15","slug":"fonction-publique-respect-obligation-annuelle-travail-1607-h","status":"publish","type":"post","link":"https:\/\/www.gereso.com\/actualites\/2022\/03\/24\/fonction-publique-respect-obligation-annuelle-travail-1607-h\/","title":{"rendered":"Fonction publique : le respect de l&rsquo;obligation annuelle de travail de 1 607 h"},"content":{"rendered":"\n<p>Le pr\u00e9fet du d\u00e9partement de Seine-Saint-Denis a d\u00e9f\u00e9r\u00e9 au tribunal le refus d\u2019un maire de mettre en conformit\u00e9 le temps de travail au sein de sa commune avec l\u2019exigence de l\u2019obligation annuelle du temps de travail \u00e0 1 607 heures.<\/p>\n\n<p>Consid\u00e9rant, dans un premier temps, que l\u2019administration ne saurait se soustraire \u00e0 l\u2019obligation l\u00e9gale en cause, le juge des r\u00e9f\u00e9r\u00e9s ordonne la suspension de la d\u00e9cision.<\/p>\n\n<p>Dans un second temps, le juge enjoint au maire de la commune, dans un d\u00e9lai de 40 jours, de veiller \u00e0 l\u2019adoption, \u00e0 titre provisoire, de la d\u00e9lib\u00e9ration ou de tout \u00e9l\u00e9ment sur le temps de travail des agents de la commune, se conformant \u00e0 l\u2019obligation annuelle du temps de travail de 1 607 heures<\/p>\n\n<p><em>Tribunal administratif de Montreuil, 19 janvier 2022, n\u00b0 2200066<\/em><\/p>\n","protected":false},"excerpt":{"rendered":"<p>Le pr\u00e9fet du d\u00e9partement de Seine-Saint-Denis a d\u00e9f\u00e9r\u00e9 au tribunal le refus d\u2019un maire de mettre en conformit\u00e9 le temps de travail au sein de sa commune avec l\u2019exigence de l\u2019obligation annuelle du temps de travail \u00e0 1 607 heures. Consid\u00e9rant, dans un premier temps, que l\u2019administration ne saurait se soustraire \u00e0 l\u2019obligation l\u00e9gale en [&hellip;]<\/p>\n","protected":false},"author":32,"featured_media":0,"comment_status":"open","ping_status":"open","sticky":false,"template":"","format":"quote","meta":{"_acf_changed":false,"_mi_skip_tracking":false,"footnotes":""},"categories":[12,6],"tags":[],"class_list":["post-26597","post","type-post","status-publish","format-quote","hentry","category-actualites","category-fonction-publique","post_format-post-format-quote"],"acf":[],"yoast_head":"<!-- This site is optimized with the Yoast SEO plugin v23.4 - https:\/\/yoast.com\/wordpress\/plugins\/seo\/ -->\n<title>Fonction publique : le respect de l&#039;obligation annuelle de travail de 1 607 h - Le Blog GERESO<\/title>\n<meta name=\"robots\" content=\"index, follow, max-snippet:-1, max-image-preview:large, max-video-preview:-1\" \/>\n<link rel=\"canonical\" href=\"https:\/\/www.gereso.com\/actualites\/2022\/03\/24\/fonction-publique-respect-obligation-annuelle-travail-1607-h\/\" \/>\n<meta property=\"og:locale\" content=\"fr_FR\" \/>\n<meta property=\"og:type\" content=\"article\" \/>\n<meta property=\"og:title\" content=\"Fonction publique : le respect de l&#039;obligation annuelle de travail de 1 607 h - Le Blog GERESO\" \/>\n<meta property=\"og:description\" content=\"Le pr\u00e9fet du d\u00e9partement de Seine-Saint-Denis a d\u00e9f\u00e9r\u00e9 au tribunal le refus d\u2019un maire de mettre en conformit\u00e9 le temps de travail au sein de sa commune avec l\u2019exigence de l\u2019obligation annuelle du temps de travail \u00e0 1 607 heures. Consid\u00e9rant, dans un premier temps, que l\u2019administration ne saurait se soustraire \u00e0 l\u2019obligation l\u00e9gale en [&hellip;]\" \/>\n<meta property=\"og:url\" content=\"https:\/\/www.gereso.com\/actualites\/2022\/03\/24\/fonction-publique-respect-obligation-annuelle-travail-1607-h\/\" \/>\n<meta property=\"og:site_name\" content=\"Le Blog GERESO\" \/>\n<meta property=\"article:published_time\" content=\"2022-03-24T13:43:13+00:00\" \/>\n<meta property=\"article:modified_time\" content=\"2022-03-24T13:43:15+00:00\" \/>\n<meta name=\"author\" content=\"\u00c9quipe GERESO\" \/>\n<meta name=\"twitter:card\" content=\"summary_large_image\" \/>\n<script type=\"application\/ld+json\" class=\"yoast-schema-graph\">{\"@context\":\"https:\/\/schema.org\",\"@graph\":[{\"@type\":\"WebPage\",\"@id\":\"https:\/\/www.gereso.com\/actualites\/2022\/03\/24\/fonction-publique-respect-obligation-annuelle-travail-1607-h\/\",\"url\":\"https:\/\/www.gereso.com\/actualites\/2022\/03\/24\/fonction-publique-respect-obligation-annuelle-travail-1607-h\/\",\"name\":\"Fonction publique : le respect de l'obligation annuelle de travail de 1 607 h - Le Blog GERESO\",\"isPartOf\":{\"@id\":\"https:\/\/www.gereso.com\/actualites\/#website\"},\"datePublished\":\"2022-03-24T13:43:13+00:00\",\"dateModified\":\"2022-03-24T13:43:15+00:00\",\"author\":{\"@id\":\"https:\/\/www.gereso.com\/actualites\/#\/schema\/person\/197d8aef40cb4ae3f6a0aa9e1d3df2a6\"},\"breadcrumb\":{\"@id\":\"https:\/\/www.gereso.com\/actualites\/2022\/03\/24\/fonction-publique-respect-obligation-annuelle-travail-1607-h\/#breadcrumb\"},\"inLanguage\":\"fr-FR\",\"potentialAction\":[{\"@type\":\"ReadAction\",\"target\":[\"https:\/\/www.gereso.com\/actualites\/2022\/03\/24\/fonction-publique-respect-obligation-annuelle-travail-1607-h\/\"]}]},{\"@type\":\"BreadcrumbList\",\"@id\":\"https:\/\/www.gereso.com\/actualites\/2022\/03\/24\/fonction-publique-respect-obligation-annuelle-travail-1607-h\/#breadcrumb\",\"itemListElement\":[{\"@type\":\"ListItem\",\"position\":1,\"name\":\"Home\",\"item\":\"https:\/\/www.gereso.com\/actualites\/\"},{\"@type\":\"ListItem\",\"position\":2,\"name\":\"Fonction publique : le respect de l&rsquo;obligation annuelle de travail de 1 607 h\"}]},{\"@type\":\"WebSite\",\"@id\":\"https:\/\/www.gereso.com\/actualites\/#website\",\"url\":\"https:\/\/www.gereso.com\/actualites\/\",\"name\":\"Le Blog GERESO\",\"description\":\"Toute l&#039;actu RH, Finance, Fonction Publique, Management...\",\"potentialAction\":[{\"@type\":\"SearchAction\",\"target\":{\"@type\":\"EntryPoint\",\"urlTemplate\":\"https:\/\/www.gereso.com\/actualites\/?s={search_term_string}\"},\"query-input\":{\"@type\":\"PropertyValueSpecification\",\"valueRequired\":true,\"valueName\":\"search_term_string\"}}],\"inLanguage\":\"fr-FR\"},{\"@type\":\"Person\",\"@id\":\"https:\/\/www.gereso.com\/actualites\/#\/schema\/person\/197d8aef40cb4ae3f6a0aa9e1d3df2a6\",\"name\":\"\u00c9quipe GERESO\",\"image\":{\"@type\":\"ImageObject\",\"inLanguage\":\"fr-FR\",\"@id\":\"https:\/\/www.gereso.com\/actualites\/#\/schema\/person\/image\/\",\"url\":\"https:\/\/www.gereso.com\/actualites\/wp-content\/uploads\/2013\/12\/avatar-gereso-1.png\",\"contentUrl\":\"https:\/\/www.gereso.com\/actualites\/wp-content\/uploads\/2013\/12\/avatar-gereso-1.png\",\"caption\":\"\u00c9quipe GERESO\"},\"url\":\"https:\/\/www.gereso.com\/actualites\/author\/gereso\/\"}]}<\/script>\n<!-- \/ Yoast SEO plugin. -->","yoast_head_json":{"title":"Fonction publique : le respect de l'obligation annuelle de travail de 1 607 h - Le Blog GERESO","robots":{"index":"index","follow":"follow","max-snippet":"max-snippet:-1","max-image-preview":"max-image-preview:large","max-video-preview":"max-video-preview:-1"},"canonical":"https:\/\/www.gereso.com\/actualites\/2022\/03\/24\/fonction-publique-respect-obligation-annuelle-travail-1607-h\/","og_locale":"fr_FR","og_type":"article","og_title":"Fonction publique : le respect de l'obligation annuelle de travail de 1 607 h - Le Blog GERESO","og_description":"Le pr\u00e9fet du d\u00e9partement de Seine-Saint-Denis a d\u00e9f\u00e9r\u00e9 au tribunal le refus d\u2019un maire de mettre en conformit\u00e9 le temps de travail au sein de sa commune avec l\u2019exigence de l\u2019obligation annuelle du temps de travail \u00e0 1 607 heures. Consid\u00e9rant, dans un premier temps, que l\u2019administration ne saurait se soustraire \u00e0 l\u2019obligation l\u00e9gale en [&hellip;]","og_url":"https:\/\/www.gereso.com\/actualites\/2022\/03\/24\/fonction-publique-respect-obligation-annuelle-travail-1607-h\/","og_site_name":"Le Blog GERESO","article_published_time":"2022-03-24T13:43:13+00:00","article_modified_time":"2022-03-24T13:43:15+00:00","author":"\u00c9quipe GERESO","twitter_card":"summary_large_image","schema":{"@context":"https:\/\/schema.org","@graph":[{"@type":"WebPage","@id":"https:\/\/www.gereso.com\/actualites\/2022\/03\/24\/fonction-publique-respect-obligation-annuelle-travail-1607-h\/","url":"https:\/\/www.gereso.com\/actualites\/2022\/03\/24\/fonction-publique-respect-obligation-annuelle-travail-1607-h\/","name":"Fonction publique : le respect de l'obligation annuelle de travail de 1 607 h - Le Blog GERESO","isPartOf":{"@id":"https:\/\/www.gereso.com\/actualites\/#website"},"datePublished":"2022-03-24T13:43:13+00:00","dateModified":"2022-03-24T13:43:15+00:00","author":{"@id":"https:\/\/www.gereso.com\/actualites\/#\/schema\/person\/197d8aef40cb4ae3f6a0aa9e1d3df2a6"},"breadcrumb":{"@id":"https:\/\/www.gereso.com\/actualites\/2022\/03\/24\/fonction-publique-respect-obligation-annuelle-travail-1607-h\/#breadcrumb"},"inLanguage":"fr-FR","potentialAction":[{"@type":"ReadAction","target":["https:\/\/www.gereso.com\/actualites\/2022\/03\/24\/fonction-publique-respect-obligation-annuelle-travail-1607-h\/"]}]},{"@type":"BreadcrumbList","@id":"https:\/\/www.gereso.com\/actualites\/2022\/03\/24\/fonction-publique-respect-obligation-annuelle-travail-1607-h\/#breadcrumb","itemListElement":[{"@type":"ListItem","position":1,"name":"Home","item":"https:\/\/www.gereso.com\/actualites\/"},{"@type":"ListItem","position":2,"name":"Fonction publique : le respect de l&rsquo;obligation annuelle de travail de 1 607 h"}]},{"@type":"WebSite","@id":"https:\/\/www.gereso.com\/actualites\/#website","url":"https:\/\/www.gereso.com\/actualites\/","name":"Le Blog GERESO","description":"Toute l&#039;actu RH, Finance, Fonction Publique, Management...","potentialAction":[{"@type":"SearchAction","target":{"@type":"EntryPoint","urlTemplate":"https:\/\/www.gereso.com\/actualites\/?s={search_term_string}"},"query-input":{"@type":"PropertyValueSpecification","valueRequired":true,"valueName":"search_term_string"}}],"inLanguage":"fr-FR"},{"@type":"Person","@id":"https:\/\/www.gereso.com\/actualites\/#\/schema\/person\/197d8aef40cb4ae3f6a0aa9e1d3df2a6","name":"\u00c9quipe GERESO","image":{"@type":"ImageObject","inLanguage":"fr-FR","@id":"https:\/\/www.gereso.com\/actualites\/#\/schema\/person\/image\/","url":"https:\/\/www.gereso.com\/actualites\/wp-content\/uploads\/2013\/12\/avatar-gereso-1.png","contentUrl":"https:\/\/www.gereso.com\/actualites\/wp-content\/uploads\/2013\/12\/avatar-gereso-1.png","caption":"\u00c9quipe GERESO"},"url":"https:\/\/www.gereso.com\/actualites\/author\/gereso\/"}]}},"_links":{"self":[{"href":"https:\/\/www.gereso.com\/actualites\/wp-json\/wp\/v2\/posts\/26597","targetHints":{"allow":["GET"]}}],"collection":[{"href":"https:\/\/www.gereso.com\/actualites\/wp-json\/wp\/v2\/posts"}],"about":[{"href":"https:\/\/www.gereso.com\/actualites\/wp-json\/wp\/v2\/types\/post"}],"author":[{"embeddable":true,"href":"https:\/\/www.gereso.com\/actualites\/wp-json\/wp\/v2\/users\/32"}],"replies":[{"embeddable":true,"href":"https:\/\/www.gereso.com\/actualites\/wp-json\/wp\/v2\/comments?post=26597"}],"version-history":[{"count":1,"href":"https:\/\/www.gereso.com\/actualites\/wp-json\/wp\/v2\/posts\/26597\/revisions"}],"predecessor-version":[{"id":26598,"href":"https:\/\/www.gereso.com\/actualites\/wp-json\/wp\/v2\/posts\/26597\/revisions\/26598"}],"wp:attachment":[{"href":"https:\/\/www.gereso.com\/actualites\/wp-json\/wp\/v2\/media?parent=26597"}],"wp:term":[{"taxonomy":"category","embeddable":true,"href":"https:\/\/www.gereso.com\/actualites\/wp-json\/wp\/v2\/categories?post=26597"},{"taxonomy":"post_tag","embeddable":true,"href":"https:\/\/www.gereso.com\/actualites\/wp-json\/wp\/v2\/tags?post=26597"}],"curies":[{"name":"wp","href":"https:\/\/api.w.org\/{rel}","templated":true}]}}