{"id":26835,"date":"2022-03-29T17:48:40","date_gmt":"2022-03-29T15:48:40","guid":{"rendered":"https:\/\/www.gereso.com\/actualites\/?p=26835"},"modified":"2022-03-29T17:48:42","modified_gmt":"2022-03-29T15:48:42","slug":"aide-exceptionnelle-de-15-centimes-sur-le-carburant-le-decret","status":"publish","type":"post","link":"https:\/\/www.gereso.com\/actualites\/2022\/03\/29\/aide-exceptionnelle-de-15-centimes-sur-le-carburant-le-decret\/","title":{"rendered":"Aide exceptionnelle de 15 centimes sur le carburant\u00a0: le d\u00e9cret"},"content":{"rendered":"\n<p>Le <a href=\"https:\/\/www.legifrance.gouv.fr\/jorf\/id\/JORFTEXT000045410518\">d\u00e9cret n\u00b02022-423 du 25 mars 2022<\/a> pr\u00e9cise les modalit\u00e9s d\u2019application de l\u2019aide exceptionnelle sur le <strong>carburant<\/strong>. Les particuliers comme les entreprises en b\u00e9n\u00e9ficieront. L\u2019aide sera directement visible sur <strong>les prix<\/strong> pr\u00e9sent\u00e9s par les stations-service.<\/p>\n<h2><strong>Les carburants concern\u00e9s<\/strong><\/h2>\n<p>Fasse \u00e0 la hausse importante des prix \u00e0 la pompe, surtout depuis de d\u00e9but de la guerre en Ukraine, Jean Castex a annonc\u00e9 le 12 mars dernier une r\u00e9duction directement applicable sur le prix du carburant \u00e0 hauteur de <strong>15 centimes par litre<\/strong>. Tous les consommateurs en b\u00e9n\u00e9ficieront\u00a0; les particuliers, mais \u00e9galement les professionnels. Le <strong>gazole p\u00eache<\/strong> et <strong>GNR<\/strong> (gazole non routier) sont \u00e9galement concern\u00e9s.<\/p>\n<p>L\u2019aide est adapt\u00e9e selon le type de carburant\u00a0:<\/p>\n<ul>\n<li><strong>Gazole<\/strong>, gazole p\u00eache et GNR\u00a0: 15 centimes par litre<\/li>\n<li><strong>Essence<\/strong> (SP95, SP98-E5 et SP95-E10)\u00a0: 15 centimes par litre<\/li>\n<li><strong>Super-\u00e9thanol<\/strong> (E85) et \u00e9thanol diesel (ED95)\u00a0: 15 centimes par litre<\/li>\n<li><strong>GPL <\/strong>carburant (GPL-c)\u00a0: 29,13 \u20ac pour 100 kg nets<\/li>\n<li><strong>Gaz naturel v\u00e9hicule<\/strong> (GNV) sous forme comprim\u00e9e (GNC) ou liqu\u00e9fi\u00e9e (GNL)\u00a0: 15 \u20ac par MWh.<\/li>\n<\/ul>\n<h2><strong>Une aide directement visible sur les prix \u00e0 la pompe<\/strong><\/h2>\n<p>Le d\u00e9cret publi\u00e9 le 26 mars pr\u00e9cise que l\u2019aide sera directement vers\u00e9e aux \u00ab\u00a0<strong>metteurs \u00e0 la consommation<\/strong>\u00a0\u00bb. Il s\u2019agit des professionnels situ\u00e9s les plus en amont du r\u00e9seau de distribution, tels les <strong>importateurs<\/strong> et <strong>raffineurs<\/strong> de p\u00e9trole vendant directement aux stations-service. L\u2019aide de 15 centimes est ensuite r\u00e9troc\u00e9d\u00e9e aux stations-service qui elles-m\u00eames doivent directement les d\u00e9duire de leurs prix aux clients finaux. Les professionnels du secteur ont pour leur grande majorit\u00e9 sign\u00e9e une <strong>charte <\/strong>dans laquelle ils s\u2019engagent <strong>r\u00e9percuter pleinement<\/strong> la remise au consommateur final.<\/p>\n<p>Le prix remis\u00e9 de l\u2019aide de 15 centimes appara\u00eetra directement sur les totems (pr\u00e9sentoirs affichant les prix) ainsi que sur les prix \u00e0 la pompe.<\/p>\n<p>Afin de s\u2019assurer que les stations puissent directement proposer des prix remis\u00e9s aux consommateurs, le d\u00e9cret pr\u00e9voit la possibilit\u00e9 pour les \u00ab\u00a0metteurs \u00e0 la consommation\u00a0\u00bb de vendre du carburant \u00e0 un prix d\u00e9duit de l\u2019aide d\u00e8s le <strong>27 mars<\/strong>. En outre, les <strong>petites stations-service ind\u00e9pendantes<\/strong> vendant moins de 50m3 de carburant par mois pourront b\u00e9n\u00e9ficier d\u2019une <strong>avance forfaitaire de 3.000 \u20ac<\/strong>, remboursable \u00e0 la mi-septembre.<\/p>\n","protected":false},"excerpt":{"rendered":"<p>Le d\u00e9cret n\u00b02022-423 du 25 mars 2022 pr\u00e9cise les modalit\u00e9s d\u2019application de l\u2019aide exceptionnelle sur le carburant. Les particuliers comme les entreprises en b\u00e9n\u00e9ficieront. L\u2019aide sera directement visible sur les prix pr\u00e9sent\u00e9s par les stations-service. Les carburants concern\u00e9s Fasse \u00e0 la hausse importante des prix \u00e0 la pompe, surtout depuis de d\u00e9but de la guerre [&hellip;]<\/p>\n","protected":false},"author":45,"featured_media":0,"comment_status":"open","ping_status":"open","sticky":false,"template":"","format":"quote","meta":{"_acf_changed":false,"_mi_skip_tracking":false,"footnotes":""},"categories":[12,3],"tags":[1565],"class_list":["post-26835","post","type-post","status-publish","format-quote","hentry","category-actualites","category-comptabilite-fiscalite-et-gestion-financiere","tag-carburant","post_format-post-format-quote"],"acf":[],"yoast_head":"<!-- This site is optimized with the Yoast SEO plugin v23.4 - https:\/\/yoast.com\/wordpress\/plugins\/seo\/ -->\n<title>Aide exceptionnelle de 15 centimes sur le carburant\u00a0: le d\u00e9cret - Le Blog GERESO<\/title>\n<meta name=\"robots\" content=\"index, follow, max-snippet:-1, max-image-preview:large, max-video-preview:-1\" \/>\n<link rel=\"canonical\" href=\"https:\/\/www.gereso.com\/actualites\/2022\/03\/29\/aide-exceptionnelle-de-15-centimes-sur-le-carburant-le-decret\/\" \/>\n<meta property=\"og:locale\" content=\"fr_FR\" \/>\n<meta property=\"og:type\" content=\"article\" \/>\n<meta property=\"og:title\" content=\"Aide exceptionnelle de 15 centimes sur le carburant\u00a0: le d\u00e9cret - Le Blog GERESO\" \/>\n<meta property=\"og:description\" content=\"Le d\u00e9cret n\u00b02022-423 du 25 mars 2022 pr\u00e9cise les modalit\u00e9s d\u2019application de l\u2019aide exceptionnelle sur le carburant. Les particuliers comme les entreprises en b\u00e9n\u00e9ficieront. L\u2019aide sera directement visible sur les prix pr\u00e9sent\u00e9s par les stations-service. Les carburants concern\u00e9s Fasse \u00e0 la hausse importante des prix \u00e0 la pompe, surtout depuis de d\u00e9but de la guerre [&hellip;]\" \/>\n<meta property=\"og:url\" content=\"https:\/\/www.gereso.com\/actualites\/2022\/03\/29\/aide-exceptionnelle-de-15-centimes-sur-le-carburant-le-decret\/\" \/>\n<meta property=\"og:site_name\" content=\"Le Blog GERESO\" \/>\n<meta property=\"article:published_time\" content=\"2022-03-29T15:48:40+00:00\" \/>\n<meta property=\"article:modified_time\" content=\"2022-03-29T15:48:42+00:00\" \/>\n<meta name=\"author\" content=\"Damien P\u00e9an\" \/>\n<meta name=\"twitter:card\" content=\"summary_large_image\" \/>\n<script type=\"application\/ld+json\" class=\"yoast-schema-graph\">{\"@context\":\"https:\/\/schema.org\",\"@graph\":[{\"@type\":\"WebPage\",\"@id\":\"https:\/\/www.gereso.com\/actualites\/2022\/03\/29\/aide-exceptionnelle-de-15-centimes-sur-le-carburant-le-decret\/\",\"url\":\"https:\/\/www.gereso.com\/actualites\/2022\/03\/29\/aide-exceptionnelle-de-15-centimes-sur-le-carburant-le-decret\/\",\"name\":\"Aide exceptionnelle de 15 centimes sur le carburant\u00a0: le d\u00e9cret - Le Blog GERESO\",\"isPartOf\":{\"@id\":\"https:\/\/www.gereso.com\/actualites\/#website\"},\"datePublished\":\"2022-03-29T15:48:40+00:00\",\"dateModified\":\"2022-03-29T15:48:42+00:00\",\"author\":{\"@id\":\"https:\/\/www.gereso.com\/actualites\/#\/schema\/person\/c91814f92d627ed4715993fbbf7c7e8d\"},\"breadcrumb\":{\"@id\":\"https:\/\/www.gereso.com\/actualites\/2022\/03\/29\/aide-exceptionnelle-de-15-centimes-sur-le-carburant-le-decret\/#breadcrumb\"},\"inLanguage\":\"fr-FR\",\"potentialAction\":[{\"@type\":\"ReadAction\",\"target\":[\"https:\/\/www.gereso.com\/actualites\/2022\/03\/29\/aide-exceptionnelle-de-15-centimes-sur-le-carburant-le-decret\/\"]}]},{\"@type\":\"BreadcrumbList\",\"@id\":\"https:\/\/www.gereso.com\/actualites\/2022\/03\/29\/aide-exceptionnelle-de-15-centimes-sur-le-carburant-le-decret\/#breadcrumb\",\"itemListElement\":[{\"@type\":\"ListItem\",\"position\":1,\"name\":\"Home\",\"item\":\"https:\/\/www.gereso.com\/actualites\/\"},{\"@type\":\"ListItem\",\"position\":2,\"name\":\"Aide exceptionnelle de 15 centimes sur le carburant\u00a0: le d\u00e9cret\"}]},{\"@type\":\"WebSite\",\"@id\":\"https:\/\/www.gereso.com\/actualites\/#website\",\"url\":\"https:\/\/www.gereso.com\/actualites\/\",\"name\":\"Le Blog GERESO\",\"description\":\"Toute l&#039;actu RH, Finance, Fonction Publique, Management...\",\"potentialAction\":[{\"@type\":\"SearchAction\",\"target\":{\"@type\":\"EntryPoint\",\"urlTemplate\":\"https:\/\/www.gereso.com\/actualites\/?s={search_term_string}\"},\"query-input\":{\"@type\":\"PropertyValueSpecification\",\"valueRequired\":true,\"valueName\":\"search_term_string\"}}],\"inLanguage\":\"fr-FR\"},{\"@type\":\"Person\",\"@id\":\"https:\/\/www.gereso.com\/actualites\/#\/schema\/person\/c91814f92d627ed4715993fbbf7c7e8d\",\"name\":\"Damien P\u00e9an\",\"image\":{\"@type\":\"ImageObject\",\"inLanguage\":\"fr-FR\",\"@id\":\"https:\/\/www.gereso.com\/actualites\/#\/schema\/person\/image\/\",\"url\":\"https:\/\/www.gereso.com\/actualites\/wp-content\/uploads\/2016\/03\/damien-pean.jpg\",\"contentUrl\":\"https:\/\/www.gereso.com\/actualites\/wp-content\/uploads\/2016\/03\/damien-pean.jpg\",\"caption\":\"Damien P\u00e9an\"},\"description\":\"Damien P\u00c9AN est titulaire du Dipl\u00f4me d'\u00e9tudes sup\u00e9rieures comptables et financi\u00e8res (DESCF). Il intervient depuis plusieurs ann\u00e9es aupr\u00e8s d'\u00e9tudiants en licence de comptabilit\u00e9 et de gestion, \u00e0 qui il enseigne le contr\u00f4le de gestion, la comptabilit\u00e9 approfondie, le management, la fiscalit\u00e9, le droit des soci\u00e9t\u00e9s et le droit du travail. Il intervient \u00e9galement en formation continue pour le compte de divers organismes de formation sur des th\u00e9matiques techniques en comptabilit\u00e9 et fiscalit\u00e9. Il forme aussi un public de non-initi\u00e9s aux fondamentaux de la finance.\",\"url\":\"https:\/\/www.gereso.com\/actualites\/author\/d-pean\/\"}]}<\/script>\n<!-- \/ Yoast SEO plugin. -->","yoast_head_json":{"title":"Aide exceptionnelle de 15 centimes sur le carburant\u00a0: le d\u00e9cret - Le Blog GERESO","robots":{"index":"index","follow":"follow","max-snippet":"max-snippet:-1","max-image-preview":"max-image-preview:large","max-video-preview":"max-video-preview:-1"},"canonical":"https:\/\/www.gereso.com\/actualites\/2022\/03\/29\/aide-exceptionnelle-de-15-centimes-sur-le-carburant-le-decret\/","og_locale":"fr_FR","og_type":"article","og_title":"Aide exceptionnelle de 15 centimes sur le carburant\u00a0: le d\u00e9cret - Le Blog GERESO","og_description":"Le d\u00e9cret n\u00b02022-423 du 25 mars 2022 pr\u00e9cise les modalit\u00e9s d\u2019application de l\u2019aide exceptionnelle sur le carburant. Les particuliers comme les entreprises en b\u00e9n\u00e9ficieront. L\u2019aide sera directement visible sur les prix pr\u00e9sent\u00e9s par les stations-service. Les carburants concern\u00e9s Fasse \u00e0 la hausse importante des prix \u00e0 la pompe, surtout depuis de d\u00e9but de la guerre [&hellip;]","og_url":"https:\/\/www.gereso.com\/actualites\/2022\/03\/29\/aide-exceptionnelle-de-15-centimes-sur-le-carburant-le-decret\/","og_site_name":"Le Blog GERESO","article_published_time":"2022-03-29T15:48:40+00:00","article_modified_time":"2022-03-29T15:48:42+00:00","author":"Damien P\u00e9an","twitter_card":"summary_large_image","schema":{"@context":"https:\/\/schema.org","@graph":[{"@type":"WebPage","@id":"https:\/\/www.gereso.com\/actualites\/2022\/03\/29\/aide-exceptionnelle-de-15-centimes-sur-le-carburant-le-decret\/","url":"https:\/\/www.gereso.com\/actualites\/2022\/03\/29\/aide-exceptionnelle-de-15-centimes-sur-le-carburant-le-decret\/","name":"Aide exceptionnelle de 15 centimes sur le carburant\u00a0: le d\u00e9cret - Le Blog GERESO","isPartOf":{"@id":"https:\/\/www.gereso.com\/actualites\/#website"},"datePublished":"2022-03-29T15:48:40+00:00","dateModified":"2022-03-29T15:48:42+00:00","author":{"@id":"https:\/\/www.gereso.com\/actualites\/#\/schema\/person\/c91814f92d627ed4715993fbbf7c7e8d"},"breadcrumb":{"@id":"https:\/\/www.gereso.com\/actualites\/2022\/03\/29\/aide-exceptionnelle-de-15-centimes-sur-le-carburant-le-decret\/#breadcrumb"},"inLanguage":"fr-FR","potentialAction":[{"@type":"ReadAction","target":["https:\/\/www.gereso.com\/actualites\/2022\/03\/29\/aide-exceptionnelle-de-15-centimes-sur-le-carburant-le-decret\/"]}]},{"@type":"BreadcrumbList","@id":"https:\/\/www.gereso.com\/actualites\/2022\/03\/29\/aide-exceptionnelle-de-15-centimes-sur-le-carburant-le-decret\/#breadcrumb","itemListElement":[{"@type":"ListItem","position":1,"name":"Home","item":"https:\/\/www.gereso.com\/actualites\/"},{"@type":"ListItem","position":2,"name":"Aide exceptionnelle de 15 centimes sur le carburant\u00a0: le d\u00e9cret"}]},{"@type":"WebSite","@id":"https:\/\/www.gereso.com\/actualites\/#website","url":"https:\/\/www.gereso.com\/actualites\/","name":"Le Blog GERESO","description":"Toute l&#039;actu RH, Finance, Fonction Publique, Management...","potentialAction":[{"@type":"SearchAction","target":{"@type":"EntryPoint","urlTemplate":"https:\/\/www.gereso.com\/actualites\/?s={search_term_string}"},"query-input":{"@type":"PropertyValueSpecification","valueRequired":true,"valueName":"search_term_string"}}],"inLanguage":"fr-FR"},{"@type":"Person","@id":"https:\/\/www.gereso.com\/actualites\/#\/schema\/person\/c91814f92d627ed4715993fbbf7c7e8d","name":"Damien P\u00e9an","image":{"@type":"ImageObject","inLanguage":"fr-FR","@id":"https:\/\/www.gereso.com\/actualites\/#\/schema\/person\/image\/","url":"https:\/\/www.gereso.com\/actualites\/wp-content\/uploads\/2016\/03\/damien-pean.jpg","contentUrl":"https:\/\/www.gereso.com\/actualites\/wp-content\/uploads\/2016\/03\/damien-pean.jpg","caption":"Damien P\u00e9an"},"description":"Damien P\u00c9AN est titulaire du Dipl\u00f4me d'\u00e9tudes sup\u00e9rieures comptables et financi\u00e8res (DESCF). Il intervient depuis plusieurs ann\u00e9es aupr\u00e8s d'\u00e9tudiants en licence de comptabilit\u00e9 et de gestion, \u00e0 qui il enseigne le contr\u00f4le de gestion, la comptabilit\u00e9 approfondie, le management, la fiscalit\u00e9, le droit des soci\u00e9t\u00e9s et le droit du travail. Il intervient \u00e9galement en formation continue pour le compte de divers organismes de formation sur des th\u00e9matiques techniques en comptabilit\u00e9 et fiscalit\u00e9. Il forme aussi un public de non-initi\u00e9s aux fondamentaux de la finance.","url":"https:\/\/www.gereso.com\/actualites\/author\/d-pean\/"}]}},"_links":{"self":[{"href":"https:\/\/www.gereso.com\/actualites\/wp-json\/wp\/v2\/posts\/26835","targetHints":{"allow":["GET"]}}],"collection":[{"href":"https:\/\/www.gereso.com\/actualites\/wp-json\/wp\/v2\/posts"}],"about":[{"href":"https:\/\/www.gereso.com\/actualites\/wp-json\/wp\/v2\/types\/post"}],"author":[{"embeddable":true,"href":"https:\/\/www.gereso.com\/actualites\/wp-json\/wp\/v2\/users\/45"}],"replies":[{"embeddable":true,"href":"https:\/\/www.gereso.com\/actualites\/wp-json\/wp\/v2\/comments?post=26835"}],"version-history":[{"count":1,"href":"https:\/\/www.gereso.com\/actualites\/wp-json\/wp\/v2\/posts\/26835\/revisions"}],"predecessor-version":[{"id":26836,"href":"https:\/\/www.gereso.com\/actualites\/wp-json\/wp\/v2\/posts\/26835\/revisions\/26836"}],"wp:attachment":[{"href":"https:\/\/www.gereso.com\/actualites\/wp-json\/wp\/v2\/media?parent=26835"}],"wp:term":[{"taxonomy":"category","embeddable":true,"href":"https:\/\/www.gereso.com\/actualites\/wp-json\/wp\/v2\/categories?post=26835"},{"taxonomy":"post_tag","embeddable":true,"href":"https:\/\/www.gereso.com\/actualites\/wp-json\/wp\/v2\/tags?post=26835"}],"curies":[{"name":"wp","href":"https:\/\/api.w.org\/{rel}","templated":true}]}}