{"id":26838,"date":"2022-04-04T09:35:26","date_gmt":"2022-04-04T07:35:26","guid":{"rendered":"https:\/\/www.gereso.com\/actualites\/?p=26838"},"modified":"2022-04-04T09:35:28","modified_gmt":"2022-04-04T07:35:28","slug":"contentieux-apres-controle-urssaf-labyrinthe-procedures","status":"publish","type":"post","link":"https:\/\/www.gereso.com\/actualites\/2022\/04\/04\/contentieux-apres-controle-urssaf-labyrinthe-procedures\/","title":{"rendered":"Le contentieux apr\u00e8s un contr\u00f4le URSSAF\u2026 ou le labyrinthe des proc\u00e9dures\u2026"},"content":{"rendered":"\n\n\n<p>Plus pr\u00e9cis\u00e9ment, une URSSAF peut-elle d\u00e9cerner une contrainte malgr\u00e9 la saisine de la commission de recours amiable, un cotisant peut-il former opposition \u00e0 contrainte suite \u00e0 une d\u00e9cision de la commission de recours amiable devenue d\u00e9finitive, un d\u00e9biteur peut-il faire opposition \u00e0 la contrainte qui lui a \u00e9t\u00e9 d\u00e9cern\u00e9e alors qu\u2019il a n\u00e9glig\u00e9 de saisir la Commission de recours amiable apr\u00e8s la r\u00e9ception de la mise en demeure&nbsp;? Autant de questions fondamentales pour lesquelles le Code de la s\u00e9curit\u00e9 sociale ne dit rien\u2026 Et pourtant la r\u00e9ponse \u00e0 ces interrogations est fondamentale et tr\u00e8s pratique, sachant que le moindre faux pas pourrait se r\u00e9v\u00e9ler fatal pour le d\u00e9biteur\u2026<\/p>\n\n\n\n<h2 style=\"color: #d10016\"><strong>Une URSSAF peut-elle d\u00e9cerner une contrainte malgr\u00e9 la saisine de la commission de recours amiable&nbsp;?<\/strong><\/h2>\n\n\n\n<p>Une URSSAF est-elle fond\u00e9e \u00e0 signifier une contrainte d\u00e8s lors que le cotisant a saisi la commission de recours amiable et en l\u2019absence de paiement du redressement&nbsp;? Sur ce point, <strong>la r\u00e9ponse est positive<\/strong> d\u00e8s lors que l\u2019organisme est titulaire d\u2019une cr\u00e9ance vis-\u00e0-vis du cotisant (V&nbsp;: Cass. civ. 2\u00b0. 3 avril 2014. pourvoi n\u00b0 13-15136&nbsp;: \u00ab&nbsp;les organismes de recouvrement conservent la possibilit\u00e9 de d\u00e9cerner une contrainte nonobstant la saisine de la commission de recours amiable&nbsp;\u00bb.V. dans le m\u00eame sens&nbsp;: Cass soc. 31 mai 2001. pourvoi n\u00b0 99-14622.&nbsp; Versailles. Ch. 5. 19 d\u00e9cembre 2019. RG n\u00b0 18\/00795).<\/p>\n\n\n\n<p>Le cotisant doit donc toujours \u00eatre aux aguets et prendre conscience que <strong>la saisine de la commission de recours amiable ne saurait priver l\u2019organisme de d\u00e9cerner une contrainte <\/strong>(\u00e0 laquelle le cotisant peut faire opposition dans le d\u00e9lai de 15 jours&nbsp;; toutefois et faute d\u2019opposition, la cr\u00e9ance deviendrait d\u00e9finitive). On notera \u00e9galement, suivant la jurisprudence, <strong>qu\u2019une URSSAF peut faire signifier une contrainte avant l\u2019expiration du d\u00e9lai de deux mois<\/strong> dont dispose le cotisant pour saisir la commission de recours amiable d\u2019une contestation de la mise en demeure. Aucune disposition l\u00e9gislative ou r\u00e9glementaire ne subordonne en effet la signification d\u2019une contrainte \u00e0 l\u2019\u00e9puisement des recours form\u00e9s \u00e0 l\u2019encontre des mises en demeure qui en sont la base (TASS de Lille. 27 novembre 2018. St\u00e9phane Herbreteau c\/ URSSAF des Pays de la Loire). <strong>Seule une intervention l\u00e9gislative pourrait mettre fin \u00e0 cet imbroglio<\/strong> (s\u2019agissant de deux contentieux diff\u00e9rents : contentieux g\u00e9n\u00e9ral et contentieux du recouvrement) souvent incompr\u00e9hensible par les cotisants qui s\u2019estiment prot\u00e9g\u00e9s par leur recours amiable et qui n\u00e9gligent de faire opposition \u00e0 contrainte. Notons cependant que jusqu\u2019\u00e0 pr\u00e9sent, les initiatives parlementaires se sont r\u00e9v\u00e9l\u00e9es vaines (V. ainsi pour exemple&nbsp;: S\u00e9nat. Projet de loi de financement de la S\u00e9curit\u00e9 sociale pour 2019. 1re&nbsp; lecture. Amendement (rejet\u00e9) n\u00b0 272 bis pr\u00e9sent\u00e9 par la s\u00e9natrice P.&nbsp; Gruny et ses coll\u00e8gues&nbsp;: \u00ab&nbsp;<a href=\"https:\/\/www.legifrance.gouv.fr\/codes\/article_lc\/LEGIARTI000006742389\/\" target=\"_blank\" rel=\"noreferrer noopener\">art L. 243-7-1<\/a>\u2026 La contestation de la mise en demeure, pr\u00e9vue \u00e0 l\u2019<a href=\"https:\/\/www.legifrance.gouv.fr\/codes\/article_lc\/LEGIARTI000037947880\" target=\"_blank\" rel=\"noreferrer noopener\">article L. 244-2 <\/a>dans le cadre du contentieux g\u00e9n\u00e9ral de la S\u00e9curit\u00e9 sociale, suspend toute proc\u00e9dure en recouvrement des cotisations&nbsp;\u00bb).<\/p>\n\n\n\n<h2 style=\"color: #d10016\"><strong>Un cotisant peut-il former opposition \u00e0 contrainte suite \u00e0 une d\u00e9cision de la commission de recours amiable devenue d\u00e9finitive&nbsp;?<\/strong><\/h2>\n\n\n\n<p>Dans cette hypoth\u00e8se, la Cour de cassation estime que <strong>la d\u00e9cision amiable, \u00e0 l\u2019encontre de laquelle le cotisant a omis de faire un recours devant le tribunal des affaires de S\u00e9curit\u00e9 sociale, ne peut \u00eatre remise en cause par la voie de l\u2019opposition \u00e0 contrainte<\/strong> (Cass. soc. 29 juin 1966. Bull. civ. IV. n\u00b0 655. 19 d\u00e9cembre 1972. Bull. civ. V. n\u00b0 719. 6 mai 1986. Bull. civ. V. n\u00b0 200. 23 janvier 1997. pourvoi n\u00b0 94-21128. 18 juillet 1997. pourvoi n\u00b0 95-17008. V. \u00e9galement&nbsp;: Paris. P\u00f4le 6. Ch. 12. 6 d\u00e9cembre 2019.RG&nbsp; n\u00b0 15\/00788).<\/p>\n\n\n\n<p><strong>Le cotisant n\u2019est donc plus recevable \u00e0 contester les sommes r\u00e9clam\u00e9es<\/strong>&nbsp;; en revanche <strong>il reste recevable \u00e0 contester la contrainte sur la forme <\/strong>(respect de la proc\u00e9dure ant\u00e9rieure, motivation, signification). M\u00eame si cette position ne semble plus poser de difficult\u00e9s, elle n\u2019est pas sans susciter un certain \u00e9tonnement et ce pour au moins deux raisons. D\u2019abord, comment la commission de recours amiable, qui n\u2019a pas de pouvoirs juridictionnels, peut-elle mettre fin seule \u00e0 un litige&nbsp;? Cette difficult\u00e9 est palpable dans toutes les d\u00e9cisions qui se terminent invariablement par l\u2019affirmation suivant laquelle l\u2019avis de la commission a acquis <em>\u00ab&nbsp;l\u2019autorit\u00e9 de la chose d\u00e9cid\u00e9e&nbsp;\u00bb.<\/em><\/p>\n\n\n\n<p>Mais cette \u00ab&nbsp;pirouette&nbsp;\u00bb qui transforme une \u00ab&nbsp;autorit\u00e9 de chose jug\u00e9e&nbsp;\u00bb en une \u00ab&nbsp;autorit\u00e9 de la chose d\u00e9cid\u00e9e&nbsp;\u00bb est-elle suffisante pour convaincre&nbsp;? Des doutes sont permis. On notera d\u2019ailleurs que dans le pass\u00e9, la Cour de cassation avait statu\u00e9 que, <strong>d\u00e8s lors que la commission n\u2019avait aucun caract\u00e8re juridictionnel, sa d\u00e9cision m\u00eame d\u00e9finitive n\u2019avait pas les effets de la chose jug\u00e9e et&nbsp; ne pouvait donc s\u2019imposer aux juridictions de jugement&nbsp;; <\/strong>dans ces conditions, on&nbsp; ne&nbsp; pouvait&nbsp; interdire&nbsp; au&nbsp; cotisant&nbsp; de&nbsp; faire&nbsp; opposition \u00e0 contrainte, possibilit\u00e9 qui lui&nbsp; \u00e9tait&nbsp; offerte&nbsp; par&nbsp; les&nbsp; textes (Cass. civ. 29 novembre 1961. Bull. civ. 1961, II, 809. 17 juin 1963. JCP. 1963. ed G. IV.124).&nbsp; Sans nul doute, la Cour supr\u00eame a entendu, dans ce type de litige, faire preuve de pragmatisme en \u00e9teignant des contentieux, faute d\u2019action du d\u00e9biteur dans un certain d\u00e9lai\u2026 au risque de malmener quelques fondements juridiques&nbsp;! Ensuite, est-il l\u00e9gitime qu\u2019une juridiction puisse interdire une opposition \u00e0 contrainte alors que sa mise en \u0153uvre ne comporte pas de restriction dans les textes et mieux, qu\u2019elle est pr\u00e9vue dans la contrainte elle-m\u00eame&nbsp;? En d\u2019autres termes, <strong>est-il l\u00e9gitime qu\u2019un organisme de recouvrement informe un d\u00e9biteur de son droit \u00e0 opposition et plaide ensuite l\u2019impossibilit\u00e9 pour lui de mettre en \u0153uvre ce droit&nbsp;? <\/strong>Cette d\u00e9monstration n\u2019est-elle pas incoh\u00e9rente&nbsp;?<\/p>\n\n\n\n<h2 style=\"color: #d10016\"><strong>Un d\u00e9biteur peut-il faire opposition \u00e0 la contrainte qui lui a \u00e9t\u00e9 d\u00e9cern\u00e9e alors qu\u2019il a n\u00e9glig\u00e9 de saisir la Commission de recours amiable apr\u00e8s la r\u00e9ception de la mise en demeure&nbsp;?<\/strong><\/h2>\n\n\n\n<p>Ce cas de figure est courant et se r\u00e9sume en peu de mots&nbsp;: si <strong>le cotisant a oubli\u00e9 d\u2019effectuer un recours devant la Commission de recours amiable<\/strong>, pourra-t-il faire revivre le contentieux par l\u2019interm\u00e9diaire de l\u2019opposition \u00e0 contrainte&nbsp;?<\/p>\n\n\n\n<p>La Cour de cassation avait r\u00e9pondu positivement \u00e0 cette question avant 1990 (Cass soc. 14 novembre 1984. Bull. civ. V. n\u00b0 435). On aurait, toutefois, pu penser que la nouvelle r\u00e9daction de l\u2019article R. 142-1 issue du d\u00e9cret n\u00b0 90-1009 du 14 novembre 1990 (ce dernier texte faisant courir le d\u00e9lai de recours devant la Commission de recours amiable \u00e0 compter de la \u00ab&nbsp;notification de la mise en demeure&nbsp;\u00bb) pouvait modifier cette jurisprudence. Toutefois, la Cour de cassation a maintenu sa jurisprudence ant\u00e9rieure (Cass soc. 23 f\u00e9vrier 1995. Bull. civ. V. n\u00b0 75. V. \u00e9galement&nbsp;: Cass. soc. 14 mars 1996. pourvoi n\u00b0 94-15516. 15 juillet 1999. pourvoi n\u00b0 96-19245. 17 janvier 2002. pourvoi n\u00b0 00-18615. Cass. 2e civ. 1er juillet 2003. pourvoi n\u00b0 02-30595. V. Besan\u00e7on. Ch. soc. 25 janvier 2011. RG n\u00b0 09\/02906&nbsp;: l\u2019absence de contestation pr\u00e9alable de la mise en demeure ou la d\u00e9claration d\u2019irrecevabilit\u00e9 de la contestation form\u00e9e hors d\u00e9lai ne prive pas le redevable de la possibilit\u00e9 de former opposition \u00e0 la contrainte ult\u00e9rieurement signifi\u00e9e, d\u00e8s lors qu\u2019aucun jugement d\u00e9finitif sur le fond de sa contestation n\u2019a \u00e9t\u00e9 rendu).<\/p>\n\n\n\n<p>Cette position doit, \u00e0 notre avis, \u00eatre approuv\u00e9e. En effet, rejeter, dans ce cas, toute facult\u00e9 d\u2019opposition reviendrait \u00e0 ajouter \u00e0 l\u2019<a href=\"https:\/\/www.legifrance.gouv.fr\/codes\/article_lc\/LEGIARTI000034727781\/\" target=\"_blank\" rel=\"noreferrer noopener\">article R. 133-3<\/a> une disposition qui ne figure pas dans le texte. En outre, une telle interpr\u00e9tation restrictive rendrait sans effet pratique la possibilit\u00e9 de l\u2019opposition et donc sans int\u00e9r\u00eat pratique une disposition pr\u00e9vue par le Code de la S\u00e9curit\u00e9 sociale.<\/p>\n\n\n\n<p>L\u2019affaire aurait pu s\u2019arr\u00eater l\u00e0\u2026 Toutefois, la Cour de cassation est venue affirmer en 2019 que <em>\u00ab&nbsp;d\u00e8s lors que l\u2019int\u00e9ress\u00e9 a \u00e9t\u00e9 d\u00fbment inform\u00e9 des voies et d\u00e9lais de recours qui lui sont ouverts devant les juridictions du contentieux g\u00e9n\u00e9ral de la S\u00e9curit\u00e9 sociale, que le cotisant qui n\u2019a pas contest\u00e9 en temps utile la mise en demeure qui lui a \u00e9t\u00e9 adress\u00e9e au terme des op\u00e9rations de contr\u00f4le, ni la d\u00e9cision de la commission de recours amiable saisie \u00e0 la suite de la notification de la mise en demeure, n\u2019est pas recevable \u00e0 contester, \u00e0 l\u2019appui de l\u2019opposition \u00e0 la contrainte d\u00e9cern\u00e9e sur le fondement de celle-ci, la r\u00e9gularit\u00e9 et le bien-fond\u00e9 des chefs de redressement qui font l\u2019objet de la contrainte&nbsp;\u00bb<\/em> (Cass civ 2\u00b0. 4 avril 2019. pourvoi n\u00b0 18-12014).<\/p>\n\n\n\n<p>Ce qui veut dire qu\u2019<strong>un cotisant qui n\u2019a pas saisi la commission de recours amiable suite \u00e0 une mise en demeure, n\u2019est plus fond\u00e9 \u00e0 faire opposition \u00e0 contrainte<\/strong>. \u00c9tranges d\u00e9cisions, surtout lorsque l\u2019on sait que la mise en demeure n\u2019est pas un acte de proc\u00e9dure mais une <em>\u00ab&nbsp;invitation imp\u00e9rative adress\u00e9e au d\u00e9biteur d\u2019avoir \u00e0 r\u00e9gulariser sa situation dans le d\u00e9lai imparti&nbsp;\u00bb<\/em> (Cass soc.19 mars 1992. Bull. civ. V., n\u00b0 204). Depuis 2019, cette jurisprudence est majoritairement r\u00e9p\u00e9t\u00e9e. Elle se r\u00e9v\u00e8le toutefois incompr\u00e9hensible pour le cotisant n\u00e9gligent, pris au pi\u00e8ge de la proc\u00e9dure\u2026Maintes fois il a \u00e9t\u00e9 souhait\u00e9 de modifier les termes de l\u2019article R. 133-3 du Code de la S\u00e9curit\u00e9 sociale en pr\u00e9voyant par exemple que <em>\u00ab&nbsp;le cotisant peut former opposition nonobstant une absence de saisine de la commission pr\u00e9vue \u00e0 l\u2019<a href=\"https:\/\/www.legifrance.gouv.fr\/codes\/article_lc\/LEGIARTI000037595656\/\" target=\"_blank\" rel=\"noreferrer noopener\">article R. 142-1<\/a>&nbsp;\u00bb.<\/em> Sans r\u00e9sultat jusqu\u2019\u00e0 pr\u00e9sent&nbsp;!<\/p>\n\n\n\n<p><article class=\"obj_encart-formation\">\n<div class=\"ctn_encart\">\n<h3>Votre formation sur ce th\u00e8me<\/h3>\n<h2>&nbsp;URSSAF&nbsp;<\/h2>\n<h4>2 jours \u2013 En pr\u00e9sentiel ou \u00e0 distance<\/h4>\n<ul>\n<li><strong>Contr\u00f4ler les cotisations<\/strong> sociales et leur assiette.<\/li>\n<li><strong>Pr\u00e9parer un contr\u00f4le<\/strong> URSSAF.<\/li>\n<li><strong>Valider les m\u00e9canismes<\/strong> d\u2019exon\u00e9ration de cotisations.<\/li>\n<li><strong>S\u00e9curiser ses pratiques<\/strong> en paie (avantage en nature, frais professionnels, cotisations,&hellip;).<\/li>\n<\/ul>\n<div class=\"ctn_btn\">\n<a class=\"obj_btn\" target=\"_blank\" href=\"https:\/\/www.gereso.com\/URSF\" rel=\"noopener\"><span>En savoir plus<\/span><\/a>\n<a class=\"obj_btn\" target=\"_blank\" href=\"https:\/\/www.gereso.com\/client\/programme-pdf\/URSF.pdf\" rel=\"noopener\"><span>T\u00e9l\u00e9charger le programme PDF<\/span><\/a>\n<\/div>\n<\/div>\n<\/article><\/p>\n\n\n\n<h2 style=\"color: #d10016\"><strong>Pour r\u00e9sumer, 3 r\u00e9ponses \u00e0 3 situations<\/strong><\/h2>\n\n\n\n<ul class=\"wp-block-list\"><li><strong>Une URSSAF peut-elle d\u00e9cerner une contrainte malgr\u00e9 la saisine de la commission de recours amiable&nbsp;?<\/strong> OUI<\/li><li><strong>Un cotisant peut-il former opposition \u00e0 contrainte suite \u00e0 une d\u00e9cision de la commission de recours amiable devenue d\u00e9finitive&nbsp;?<\/strong> NON<\/li><li><strong>Un d\u00e9biteur peut-il faire opposition \u00e0 la contrainte qui lui a \u00e9t\u00e9 d\u00e9cern\u00e9e alors qu\u2019il a n\u00e9glig\u00e9 de saisir la Commission de recours amiable apr\u00e8s la r\u00e9ception de la mise en demeure&nbsp;?<\/strong> NON<\/li><\/ul>\n\n\n\n<p>Ainsi au terme de cette rapide \u00e9tude, conviendrait-il de <strong>repenser les r\u00e8gles relatives contentieux URSSAF<\/strong>, et \u00e0 l\u2019harmonisation entre le contentieux g\u00e9n\u00e9ral et le contentieux du recouvrement. Et dans le m\u00eame temps, ne serait pas utile de d\u00e9velopper le caract\u00e8re contradictoire de la commission de recours amiable qui ne statut que sur dossier\u2026 Mais cela est une autre histoire&nbsp;!<\/p>\n","protected":false},"excerpt":{"rendered":"<p>Plus pr\u00e9cis\u00e9ment, une URSSAF peut-elle d\u00e9cerner une contrainte malgr\u00e9 la saisine de la commission de recours amiable, un cotisant peut-il former opposition \u00e0 contrainte suite \u00e0 une d\u00e9cision de la commission de recours amiable devenue d\u00e9finitive, un d\u00e9biteur peut-il faire opposition \u00e0 la contrainte qui lui a \u00e9t\u00e9 d\u00e9cern\u00e9e alors qu\u2019il a n\u00e9glig\u00e9 de saisir [&hellip;]<\/p>\n","protected":false},"author":25,"featured_media":26878,"comment_status":"open","ping_status":"open","sticky":false,"template":"","format":"standard","meta":{"_acf_changed":false,"_mi_skip_tracking":false,"footnotes":""},"categories":[12,3],"tags":[],"class_list":["post-26838","post","type-post","status-publish","format-standard","has-post-thumbnail","hentry","category-actualites","category-comptabilite-fiscalite-et-gestion-financiere"],"acf":[],"yoast_head":"<!-- This site is optimized with the Yoast SEO plugin v23.4 - https:\/\/yoast.com\/wordpress\/plugins\/seo\/ -->\n<title>Le contentieux apr\u00e8s un contr\u00f4le URSSAF\u2026 ou le labyrinthe des proc\u00e9dures\u2026 - Le Blog GERESO<\/title>\n<meta name=\"robots\" content=\"index, follow, max-snippet:-1, max-image-preview:large, max-video-preview:-1\" \/>\n<link rel=\"canonical\" href=\"https:\/\/www.gereso.com\/actualites\/2022\/04\/04\/contentieux-apres-controle-urssaf-labyrinthe-procedures\/\" \/>\n<meta property=\"og:locale\" content=\"fr_FR\" \/>\n<meta property=\"og:type\" content=\"article\" \/>\n<meta property=\"og:title\" content=\"Le contentieux apr\u00e8s un contr\u00f4le URSSAF\u2026 ou le labyrinthe des proc\u00e9dures\u2026 - Le Blog GERESO\" \/>\n<meta property=\"og:description\" content=\"Plus pr\u00e9cis\u00e9ment, une URSSAF peut-elle d\u00e9cerner une contrainte malgr\u00e9 la saisine de la commission de recours amiable, un cotisant peut-il former opposition \u00e0 contrainte suite \u00e0 une d\u00e9cision de la commission de recours amiable devenue d\u00e9finitive, un d\u00e9biteur peut-il faire opposition \u00e0 la contrainte qui lui a \u00e9t\u00e9 d\u00e9cern\u00e9e alors qu\u2019il a n\u00e9glig\u00e9 de saisir [&hellip;]\" \/>\n<meta property=\"og:url\" content=\"https:\/\/www.gereso.com\/actualites\/2022\/04\/04\/contentieux-apres-controle-urssaf-labyrinthe-procedures\/\" \/>\n<meta property=\"og:site_name\" content=\"Le Blog GERESO\" \/>\n<meta property=\"article:published_time\" content=\"2022-04-04T07:35:26+00:00\" \/>\n<meta property=\"article:modified_time\" content=\"2022-04-04T07:35:28+00:00\" \/>\n<meta property=\"og:image\" content=\"https:\/\/www.gereso.com\/actualites\/wp-content\/uploads\/2022\/04\/Contentieux-URSSAF.jpg\" \/>\n\t<meta property=\"og:image:width\" content=\"600\" \/>\n\t<meta property=\"og:image:height\" content=\"400\" \/>\n\t<meta property=\"og:image:type\" content=\"image\/jpeg\" \/>\n<meta name=\"author\" content=\"Fran\u00e7ois Taquet\" \/>\n<meta name=\"twitter:card\" content=\"summary_large_image\" \/>\n<script type=\"application\/ld+json\" class=\"yoast-schema-graph\">{\"@context\":\"https:\/\/schema.org\",\"@graph\":[{\"@type\":\"WebPage\",\"@id\":\"https:\/\/www.gereso.com\/actualites\/2022\/04\/04\/contentieux-apres-controle-urssaf-labyrinthe-procedures\/\",\"url\":\"https:\/\/www.gereso.com\/actualites\/2022\/04\/04\/contentieux-apres-controle-urssaf-labyrinthe-procedures\/\",\"name\":\"Le contentieux apr\u00e8s un contr\u00f4le URSSAF\u2026 ou le labyrinthe des proc\u00e9dures\u2026 - Le Blog GERESO\",\"isPartOf\":{\"@id\":\"https:\/\/www.gereso.com\/actualites\/#website\"},\"primaryImageOfPage\":{\"@id\":\"https:\/\/www.gereso.com\/actualites\/2022\/04\/04\/contentieux-apres-controle-urssaf-labyrinthe-procedures\/#primaryimage\"},\"image\":{\"@id\":\"https:\/\/www.gereso.com\/actualites\/2022\/04\/04\/contentieux-apres-controle-urssaf-labyrinthe-procedures\/#primaryimage\"},\"thumbnailUrl\":\"https:\/\/www.gereso.com\/actualites\/wp-content\/uploads\/2022\/04\/Contentieux-URSSAF.jpg\",\"datePublished\":\"2022-04-04T07:35:26+00:00\",\"dateModified\":\"2022-04-04T07:35:28+00:00\",\"author\":{\"@id\":\"https:\/\/www.gereso.com\/actualites\/#\/schema\/person\/99ed0c04b22be370665168d304e7924c\"},\"breadcrumb\":{\"@id\":\"https:\/\/www.gereso.com\/actualites\/2022\/04\/04\/contentieux-apres-controle-urssaf-labyrinthe-procedures\/#breadcrumb\"},\"inLanguage\":\"fr-FR\",\"potentialAction\":[{\"@type\":\"ReadAction\",\"target\":[\"https:\/\/www.gereso.com\/actualites\/2022\/04\/04\/contentieux-apres-controle-urssaf-labyrinthe-procedures\/\"]}]},{\"@type\":\"ImageObject\",\"inLanguage\":\"fr-FR\",\"@id\":\"https:\/\/www.gereso.com\/actualites\/2022\/04\/04\/contentieux-apres-controle-urssaf-labyrinthe-procedures\/#primaryimage\",\"url\":\"https:\/\/www.gereso.com\/actualites\/wp-content\/uploads\/2022\/04\/Contentieux-URSSAF.jpg\",\"contentUrl\":\"https:\/\/www.gereso.com\/actualites\/wp-content\/uploads\/2022\/04\/Contentieux-URSSAF.jpg\",\"width\":600,\"height\":400,\"caption\":\"Le contentieux apr\u00e8s un contr\u00f4le URSSAF\u2026ou le labyrinthe des proc\u00e9dures\u2026\"},{\"@type\":\"BreadcrumbList\",\"@id\":\"https:\/\/www.gereso.com\/actualites\/2022\/04\/04\/contentieux-apres-controle-urssaf-labyrinthe-procedures\/#breadcrumb\",\"itemListElement\":[{\"@type\":\"ListItem\",\"position\":1,\"name\":\"Home\",\"item\":\"https:\/\/www.gereso.com\/actualites\/\"},{\"@type\":\"ListItem\",\"position\":2,\"name\":\"Le contentieux apr\u00e8s un contr\u00f4le URSSAF\u2026 ou le labyrinthe des proc\u00e9dures\u2026\"}]},{\"@type\":\"WebSite\",\"@id\":\"https:\/\/www.gereso.com\/actualites\/#website\",\"url\":\"https:\/\/www.gereso.com\/actualites\/\",\"name\":\"Le Blog GERESO\",\"description\":\"Toute l&#039;actu RH, Finance, Fonction Publique, Management...\",\"potentialAction\":[{\"@type\":\"SearchAction\",\"target\":{\"@type\":\"EntryPoint\",\"urlTemplate\":\"https:\/\/www.gereso.com\/actualites\/?s={search_term_string}\"},\"query-input\":{\"@type\":\"PropertyValueSpecification\",\"valueRequired\":true,\"valueName\":\"search_term_string\"}}],\"inLanguage\":\"fr-FR\"},{\"@type\":\"Person\",\"@id\":\"https:\/\/www.gereso.com\/actualites\/#\/schema\/person\/99ed0c04b22be370665168d304e7924c\",\"name\":\"Fran\u00e7ois Taquet\",\"image\":{\"@type\":\"ImageObject\",\"inLanguage\":\"fr-FR\",\"@id\":\"https:\/\/www.gereso.com\/actualites\/#\/schema\/person\/image\/\",\"url\":\"https:\/\/www.gereso.com\/actualites\/wp-content\/uploads\/2012\/10\/francois-taquet-1-144x144.png\",\"contentUrl\":\"https:\/\/www.gereso.com\/actualites\/wp-content\/uploads\/2012\/10\/francois-taquet-1-144x144.png\",\"caption\":\"Fran\u00e7ois Taquet\"},\"description\":\"Docteur en droit, avocat sp\u00e9cialis\u00e9 en droit social, il est professeur \u00e0 l'Institut d'\u00c9conomie scientifique et de Gestion et \u00e0 l'\u00e9cole Skema Business School de Lille. Il est \u00e9galement chercheur des Universit\u00e9s de Rome et de Londres ainsi que r\u00e9dacteur aupr\u00e8s de nombreuses revues juridiques. Il est l\u2019auteur de nombreux livres. Ses ouvrages les plus r\u00e9cents, publi\u00e9s aux \u00c9ditions GERESO : \u00ab Contr\u00f4le URSSAF, subir ou agir ? \u00bb, \u00ab Le contrat de travail en pratique \u00bb et \u00ab Les statuts des agents de la fonction publique \u00bb.\",\"url\":\"https:\/\/www.gereso.com\/actualites\/author\/f-taquet\/\"}]}<\/script>\n<!-- \/ Yoast SEO plugin. -->","yoast_head_json":{"title":"Le contentieux apr\u00e8s un contr\u00f4le URSSAF\u2026 ou le labyrinthe des proc\u00e9dures\u2026 - Le Blog GERESO","robots":{"index":"index","follow":"follow","max-snippet":"max-snippet:-1","max-image-preview":"max-image-preview:large","max-video-preview":"max-video-preview:-1"},"canonical":"https:\/\/www.gereso.com\/actualites\/2022\/04\/04\/contentieux-apres-controle-urssaf-labyrinthe-procedures\/","og_locale":"fr_FR","og_type":"article","og_title":"Le contentieux apr\u00e8s un contr\u00f4le URSSAF\u2026 ou le labyrinthe des proc\u00e9dures\u2026 - Le Blog GERESO","og_description":"Plus pr\u00e9cis\u00e9ment, une URSSAF peut-elle d\u00e9cerner une contrainte malgr\u00e9 la saisine de la commission de recours amiable, un cotisant peut-il former opposition \u00e0 contrainte suite \u00e0 une d\u00e9cision de la commission de recours amiable devenue d\u00e9finitive, un d\u00e9biteur peut-il faire opposition \u00e0 la contrainte qui lui a \u00e9t\u00e9 d\u00e9cern\u00e9e alors qu\u2019il a n\u00e9glig\u00e9 de saisir [&hellip;]","og_url":"https:\/\/www.gereso.com\/actualites\/2022\/04\/04\/contentieux-apres-controle-urssaf-labyrinthe-procedures\/","og_site_name":"Le Blog GERESO","article_published_time":"2022-04-04T07:35:26+00:00","article_modified_time":"2022-04-04T07:35:28+00:00","og_image":[{"width":600,"height":400,"url":"https:\/\/www.gereso.com\/actualites\/wp-content\/uploads\/2022\/04\/Contentieux-URSSAF.jpg","type":"image\/jpeg"}],"author":"Fran\u00e7ois Taquet","twitter_card":"summary_large_image","schema":{"@context":"https:\/\/schema.org","@graph":[{"@type":"WebPage","@id":"https:\/\/www.gereso.com\/actualites\/2022\/04\/04\/contentieux-apres-controle-urssaf-labyrinthe-procedures\/","url":"https:\/\/www.gereso.com\/actualites\/2022\/04\/04\/contentieux-apres-controle-urssaf-labyrinthe-procedures\/","name":"Le contentieux apr\u00e8s un contr\u00f4le URSSAF\u2026 ou le labyrinthe des proc\u00e9dures\u2026 - Le Blog GERESO","isPartOf":{"@id":"https:\/\/www.gereso.com\/actualites\/#website"},"primaryImageOfPage":{"@id":"https:\/\/www.gereso.com\/actualites\/2022\/04\/04\/contentieux-apres-controle-urssaf-labyrinthe-procedures\/#primaryimage"},"image":{"@id":"https:\/\/www.gereso.com\/actualites\/2022\/04\/04\/contentieux-apres-controle-urssaf-labyrinthe-procedures\/#primaryimage"},"thumbnailUrl":"https:\/\/www.gereso.com\/actualites\/wp-content\/uploads\/2022\/04\/Contentieux-URSSAF.jpg","datePublished":"2022-04-04T07:35:26+00:00","dateModified":"2022-04-04T07:35:28+00:00","author":{"@id":"https:\/\/www.gereso.com\/actualites\/#\/schema\/person\/99ed0c04b22be370665168d304e7924c"},"breadcrumb":{"@id":"https:\/\/www.gereso.com\/actualites\/2022\/04\/04\/contentieux-apres-controle-urssaf-labyrinthe-procedures\/#breadcrumb"},"inLanguage":"fr-FR","potentialAction":[{"@type":"ReadAction","target":["https:\/\/www.gereso.com\/actualites\/2022\/04\/04\/contentieux-apres-controle-urssaf-labyrinthe-procedures\/"]}]},{"@type":"ImageObject","inLanguage":"fr-FR","@id":"https:\/\/www.gereso.com\/actualites\/2022\/04\/04\/contentieux-apres-controle-urssaf-labyrinthe-procedures\/#primaryimage","url":"https:\/\/www.gereso.com\/actualites\/wp-content\/uploads\/2022\/04\/Contentieux-URSSAF.jpg","contentUrl":"https:\/\/www.gereso.com\/actualites\/wp-content\/uploads\/2022\/04\/Contentieux-URSSAF.jpg","width":600,"height":400,"caption":"Le contentieux apr\u00e8s un contr\u00f4le URSSAF\u2026ou le labyrinthe des proc\u00e9dures\u2026"},{"@type":"BreadcrumbList","@id":"https:\/\/www.gereso.com\/actualites\/2022\/04\/04\/contentieux-apres-controle-urssaf-labyrinthe-procedures\/#breadcrumb","itemListElement":[{"@type":"ListItem","position":1,"name":"Home","item":"https:\/\/www.gereso.com\/actualites\/"},{"@type":"ListItem","position":2,"name":"Le contentieux apr\u00e8s un contr\u00f4le URSSAF\u2026 ou le labyrinthe des proc\u00e9dures\u2026"}]},{"@type":"WebSite","@id":"https:\/\/www.gereso.com\/actualites\/#website","url":"https:\/\/www.gereso.com\/actualites\/","name":"Le Blog GERESO","description":"Toute l&#039;actu RH, Finance, Fonction Publique, Management...","potentialAction":[{"@type":"SearchAction","target":{"@type":"EntryPoint","urlTemplate":"https:\/\/www.gereso.com\/actualites\/?s={search_term_string}"},"query-input":{"@type":"PropertyValueSpecification","valueRequired":true,"valueName":"search_term_string"}}],"inLanguage":"fr-FR"},{"@type":"Person","@id":"https:\/\/www.gereso.com\/actualites\/#\/schema\/person\/99ed0c04b22be370665168d304e7924c","name":"Fran\u00e7ois Taquet","image":{"@type":"ImageObject","inLanguage":"fr-FR","@id":"https:\/\/www.gereso.com\/actualites\/#\/schema\/person\/image\/","url":"https:\/\/www.gereso.com\/actualites\/wp-content\/uploads\/2012\/10\/francois-taquet-1-144x144.png","contentUrl":"https:\/\/www.gereso.com\/actualites\/wp-content\/uploads\/2012\/10\/francois-taquet-1-144x144.png","caption":"Fran\u00e7ois Taquet"},"description":"Docteur en droit, avocat sp\u00e9cialis\u00e9 en droit social, il est professeur \u00e0 l'Institut d'\u00c9conomie scientifique et de Gestion et \u00e0 l'\u00e9cole Skema Business School de Lille. Il est \u00e9galement chercheur des Universit\u00e9s de Rome et de Londres ainsi que r\u00e9dacteur aupr\u00e8s de nombreuses revues juridiques. Il est l\u2019auteur de nombreux livres. Ses ouvrages les plus r\u00e9cents, publi\u00e9s aux \u00c9ditions GERESO : \u00ab Contr\u00f4le URSSAF, subir ou agir ? \u00bb, \u00ab Le contrat de travail en pratique \u00bb et \u00ab Les statuts des agents de la fonction publique \u00bb.","url":"https:\/\/www.gereso.com\/actualites\/author\/f-taquet\/"}]}},"_links":{"self":[{"href":"https:\/\/www.gereso.com\/actualites\/wp-json\/wp\/v2\/posts\/26838","targetHints":{"allow":["GET"]}}],"collection":[{"href":"https:\/\/www.gereso.com\/actualites\/wp-json\/wp\/v2\/posts"}],"about":[{"href":"https:\/\/www.gereso.com\/actualites\/wp-json\/wp\/v2\/types\/post"}],"author":[{"embeddable":true,"href":"https:\/\/www.gereso.com\/actualites\/wp-json\/wp\/v2\/users\/25"}],"replies":[{"embeddable":true,"href":"https:\/\/www.gereso.com\/actualites\/wp-json\/wp\/v2\/comments?post=26838"}],"version-history":[{"count":41,"href":"https:\/\/www.gereso.com\/actualites\/wp-json\/wp\/v2\/posts\/26838\/revisions"}],"predecessor-version":[{"id":27090,"href":"https:\/\/www.gereso.com\/actualites\/wp-json\/wp\/v2\/posts\/26838\/revisions\/27090"}],"wp:featuredmedia":[{"embeddable":true,"href":"https:\/\/www.gereso.com\/actualites\/wp-json\/wp\/v2\/media\/26878"}],"wp:attachment":[{"href":"https:\/\/www.gereso.com\/actualites\/wp-json\/wp\/v2\/media?parent=26838"}],"wp:term":[{"taxonomy":"category","embeddable":true,"href":"https:\/\/www.gereso.com\/actualites\/wp-json\/wp\/v2\/categories?post=26838"},{"taxonomy":"post_tag","embeddable":true,"href":"https:\/\/www.gereso.com\/actualites\/wp-json\/wp\/v2\/tags?post=26838"}],"curies":[{"name":"wp","href":"https:\/\/api.w.org\/{rel}","templated":true}]}}