{"id":26934,"date":"2022-04-05T10:45:54","date_gmt":"2022-04-05T08:45:54","guid":{"rendered":"https:\/\/www.gereso.com\/actualites\/?p=26934"},"modified":"2022-04-05T10:45:56","modified_gmt":"2022-04-05T08:45:56","slug":"conflit-en-ukraine-un-nouveau-pge","status":"publish","type":"post","link":"https:\/\/www.gereso.com\/actualites\/2022\/04\/05\/conflit-en-ukraine-un-nouveau-pge\/","title":{"rendered":"Conflit en Ukraine\u00a0: un nouveau PGE"},"content":{"rendered":"\n<p>Les entreprises subissant des cons\u00e9quences \u00e9conomiques li\u00e9es au conflit arm\u00e9 en <strong>Ukraine<\/strong> pourront prochainement solliciter une <strong>nouvelle tranche de PGE<\/strong>. Le Gouvernement l\u2019a r\u00e9cemment \u00e9nonc\u00e9 dans le cadre d\u2019une foire aux questions mise \u00e0 jour le 1<sup>er<\/sup> avril dernier.<\/p>\n<h2><strong>PGE\u00a0: la tranche g\u00e9n\u00e9rale<\/strong><\/h2>\n<p>La loi de finances pour 2022 a prorog\u00e9 jusqu\u2019au <strong>30 juin 2022<\/strong>, l\u2019un des principaux dispositifs, avec l\u2019activit\u00e9 partielle et le fonds de solidarit\u00e9, de lutte contre les cons\u00e9quences \u00e9conomiques de la crise sanitaire\u00a0; les <strong>PGE (pr\u00eats garantis par l\u2019\u00c9tat)<\/strong>. Annonc\u00e9 d\u00e8s le d\u00e9but de la crise \u00e0 la mi-mars 2020 par le Pr\u00e9sident de la R\u00e9publique, il permet aux entreprises de solliciter un emprunt aupr\u00e8s de leur \u00e9tablissement de cr\u00e9dit. Le remboursement de ce pr\u00eat est garanti par l\u2019\u00c9tat, dans la limite de 300 milliards \u20ac.<\/p>\n<p>Le montant du PGE peut s\u2019\u00e9lever\u00a0:<\/p>\n<ul>\n<li>Jusqu\u2019\u00e0 <strong>3 mois de chiffre d\u2019affaires 2019<\/strong><\/li>\n<li>Ou 2 ann\u00e9es de masse salariale pour les entreprises innovantes ou cr\u00e9\u00e9es depuis le 1<sup>er<\/sup> janvier 2019.<\/li>\n<\/ul>\n<h2><strong>PGE\u00a0: une tranche suppl\u00e9mentaire li\u00e9e \u00e0 la crise ukrainienne<\/strong><\/h2>\n<p>Le Gouvernement a r\u00e9cemment publi\u00e9 une foire aux questions d\u00e9di\u00e9e \u00e0 diff\u00e9rents dispositifs mis en place dans le <a href=\"https:\/\/www.entreprises.gouv.fr\/files\/files\/enjeux\/ukraine\/crise-en-ukraine-faq-plan-de-resilience.pdf\">cadre du <strong>plan de r\u00e9silience<\/strong> destin\u00e9 aux entreprises suite \u00e0 l\u2019agression de l\u2019Ukraine par la Russie<\/a>.<\/p>\n<p>Ce plan de r\u00e9silience pr\u00e9voit la possibilit\u00e9 pour les entreprises de solliciter une <strong>nouvelle tranche de PGE<\/strong> qui peut \u00eatre cumul\u00e9e avec la tranche g\u00e9n\u00e9rale \u00e9voqu\u00e9e ci-dessus. Cette tranche compl\u00e9mentaire s\u2019\u00e9l\u00e8ve au maximum \u00e0 <strong>10% du chiffre d\u2019affaires moyen <\/strong>r\u00e9alis\u00e9 entre 2019 et 2021 ou <strong>30% des d\u00e9penses \u00e9nerg\u00e9tiques<\/strong> sur les 12 derniers mois.<\/p>\n<p>Pour les entreprises n\u2019ayant pas encore atteint le plafond de leur premier PGE et souhaitant solliciter cette tranche suppl\u00e9mentaire, <strong>deux dossiers bien distincts<\/strong> devront \u00eatre d\u00e9pos\u00e9s\u00a0; un pour la tranche g\u00e9n\u00e9rale, et un autre pour la tranche compl\u00e9mentaire.<\/p>\n<p>Entre le <strong>1<sup>er<\/sup> juillet 2022 et le 31 d\u00e9cembre 2022<\/strong>, le Gouvernement pr\u00e9cise que seule la seconde tranche pourra encore \u00eatre r\u00e9clam\u00e9e. Elle prendra alors la forme d\u2019une <strong>facilit\u00e9 de liquidit\u00e9 garantie par l\u2019\u00c9tat<\/strong>, dont les plafonds resteront identiques \u00e0 celui du PGE tranche compl\u00e9mentaire (10% du CA ou 30% des d\u00e9penses \u00e9nerg\u00e9tiques annuelles). Les modalit\u00e9s exactes du dispositif seront prochainement pr\u00e9cis\u00e9es, apr\u00e8s des \u00e9changes avec la Commission europ\u00e9enne et les banques.<\/p>\n","protected":false},"excerpt":{"rendered":"<p>Les entreprises subissant des cons\u00e9quences \u00e9conomiques li\u00e9es au conflit arm\u00e9 en Ukraine pourront prochainement solliciter une nouvelle tranche de PGE. Le Gouvernement l\u2019a r\u00e9cemment \u00e9nonc\u00e9 dans le cadre d\u2019une foire aux questions mise \u00e0 jour le 1er avril dernier. PGE\u00a0: la tranche g\u00e9n\u00e9rale La loi de finances pour 2022 a prorog\u00e9 jusqu\u2019au 30 juin 2022, [&hellip;]<\/p>\n","protected":false},"author":45,"featured_media":0,"comment_status":"open","ping_status":"open","sticky":false,"template":"","format":"quote","meta":{"_acf_changed":false,"_mi_skip_tracking":false,"footnotes":""},"categories":[12,3],"tags":[1907],"class_list":["post-26934","post","type-post","status-publish","format-quote","hentry","category-actualites","category-comptabilite-fiscalite-et-gestion-financiere","tag-pge","post_format-post-format-quote"],"acf":[],"yoast_head":"<!-- This site is optimized with the Yoast SEO plugin v23.4 - https:\/\/yoast.com\/wordpress\/plugins\/seo\/ -->\n<title>Conflit en Ukraine\u00a0: un nouveau PGE - Le Blog GERESO<\/title>\n<meta name=\"robots\" content=\"index, follow, max-snippet:-1, max-image-preview:large, max-video-preview:-1\" \/>\n<link rel=\"canonical\" href=\"https:\/\/www.gereso.com\/actualites\/2022\/04\/05\/conflit-en-ukraine-un-nouveau-pge\/\" \/>\n<meta property=\"og:locale\" content=\"fr_FR\" \/>\n<meta property=\"og:type\" content=\"article\" \/>\n<meta property=\"og:title\" content=\"Conflit en Ukraine\u00a0: un nouveau PGE - Le Blog GERESO\" \/>\n<meta property=\"og:description\" content=\"Les entreprises subissant des cons\u00e9quences \u00e9conomiques li\u00e9es au conflit arm\u00e9 en Ukraine pourront prochainement solliciter une nouvelle tranche de PGE. Le Gouvernement l\u2019a r\u00e9cemment \u00e9nonc\u00e9 dans le cadre d\u2019une foire aux questions mise \u00e0 jour le 1er avril dernier. PGE\u00a0: la tranche g\u00e9n\u00e9rale La loi de finances pour 2022 a prorog\u00e9 jusqu\u2019au 30 juin 2022, [&hellip;]\" \/>\n<meta property=\"og:url\" content=\"https:\/\/www.gereso.com\/actualites\/2022\/04\/05\/conflit-en-ukraine-un-nouveau-pge\/\" \/>\n<meta property=\"og:site_name\" content=\"Le Blog GERESO\" \/>\n<meta property=\"article:published_time\" content=\"2022-04-05T08:45:54+00:00\" \/>\n<meta property=\"article:modified_time\" content=\"2022-04-05T08:45:56+00:00\" \/>\n<meta name=\"author\" content=\"Damien P\u00e9an\" \/>\n<meta name=\"twitter:card\" content=\"summary_large_image\" \/>\n<script type=\"application\/ld+json\" class=\"yoast-schema-graph\">{\"@context\":\"https:\/\/schema.org\",\"@graph\":[{\"@type\":\"WebPage\",\"@id\":\"https:\/\/www.gereso.com\/actualites\/2022\/04\/05\/conflit-en-ukraine-un-nouveau-pge\/\",\"url\":\"https:\/\/www.gereso.com\/actualites\/2022\/04\/05\/conflit-en-ukraine-un-nouveau-pge\/\",\"name\":\"Conflit en Ukraine\u00a0: un nouveau PGE - Le Blog GERESO\",\"isPartOf\":{\"@id\":\"https:\/\/www.gereso.com\/actualites\/#website\"},\"datePublished\":\"2022-04-05T08:45:54+00:00\",\"dateModified\":\"2022-04-05T08:45:56+00:00\",\"author\":{\"@id\":\"https:\/\/www.gereso.com\/actualites\/#\/schema\/person\/c91814f92d627ed4715993fbbf7c7e8d\"},\"breadcrumb\":{\"@id\":\"https:\/\/www.gereso.com\/actualites\/2022\/04\/05\/conflit-en-ukraine-un-nouveau-pge\/#breadcrumb\"},\"inLanguage\":\"fr-FR\",\"potentialAction\":[{\"@type\":\"ReadAction\",\"target\":[\"https:\/\/www.gereso.com\/actualites\/2022\/04\/05\/conflit-en-ukraine-un-nouveau-pge\/\"]}]},{\"@type\":\"BreadcrumbList\",\"@id\":\"https:\/\/www.gereso.com\/actualites\/2022\/04\/05\/conflit-en-ukraine-un-nouveau-pge\/#breadcrumb\",\"itemListElement\":[{\"@type\":\"ListItem\",\"position\":1,\"name\":\"Home\",\"item\":\"https:\/\/www.gereso.com\/actualites\/\"},{\"@type\":\"ListItem\",\"position\":2,\"name\":\"Conflit en Ukraine\u00a0: un nouveau PGE\"}]},{\"@type\":\"WebSite\",\"@id\":\"https:\/\/www.gereso.com\/actualites\/#website\",\"url\":\"https:\/\/www.gereso.com\/actualites\/\",\"name\":\"Le Blog GERESO\",\"description\":\"Toute l&#039;actu RH, Finance, Fonction Publique, Management...\",\"potentialAction\":[{\"@type\":\"SearchAction\",\"target\":{\"@type\":\"EntryPoint\",\"urlTemplate\":\"https:\/\/www.gereso.com\/actualites\/?s={search_term_string}\"},\"query-input\":{\"@type\":\"PropertyValueSpecification\",\"valueRequired\":true,\"valueName\":\"search_term_string\"}}],\"inLanguage\":\"fr-FR\"},{\"@type\":\"Person\",\"@id\":\"https:\/\/www.gereso.com\/actualites\/#\/schema\/person\/c91814f92d627ed4715993fbbf7c7e8d\",\"name\":\"Damien P\u00e9an\",\"image\":{\"@type\":\"ImageObject\",\"inLanguage\":\"fr-FR\",\"@id\":\"https:\/\/www.gereso.com\/actualites\/#\/schema\/person\/image\/\",\"url\":\"https:\/\/www.gereso.com\/actualites\/wp-content\/uploads\/2016\/03\/damien-pean.jpg\",\"contentUrl\":\"https:\/\/www.gereso.com\/actualites\/wp-content\/uploads\/2016\/03\/damien-pean.jpg\",\"caption\":\"Damien P\u00e9an\"},\"description\":\"Damien P\u00c9AN est titulaire du Dipl\u00f4me d'\u00e9tudes sup\u00e9rieures comptables et financi\u00e8res (DESCF). Il intervient depuis plusieurs ann\u00e9es aupr\u00e8s d'\u00e9tudiants en licence de comptabilit\u00e9 et de gestion, \u00e0 qui il enseigne le contr\u00f4le de gestion, la comptabilit\u00e9 approfondie, le management, la fiscalit\u00e9, le droit des soci\u00e9t\u00e9s et le droit du travail. Il intervient \u00e9galement en formation continue pour le compte de divers organismes de formation sur des th\u00e9matiques techniques en comptabilit\u00e9 et fiscalit\u00e9. Il forme aussi un public de non-initi\u00e9s aux fondamentaux de la finance.\",\"url\":\"https:\/\/www.gereso.com\/actualites\/author\/d-pean\/\"}]}<\/script>\n<!-- \/ Yoast SEO plugin. -->","yoast_head_json":{"title":"Conflit en Ukraine\u00a0: un nouveau PGE - Le Blog GERESO","robots":{"index":"index","follow":"follow","max-snippet":"max-snippet:-1","max-image-preview":"max-image-preview:large","max-video-preview":"max-video-preview:-1"},"canonical":"https:\/\/www.gereso.com\/actualites\/2022\/04\/05\/conflit-en-ukraine-un-nouveau-pge\/","og_locale":"fr_FR","og_type":"article","og_title":"Conflit en Ukraine\u00a0: un nouveau PGE - Le Blog GERESO","og_description":"Les entreprises subissant des cons\u00e9quences \u00e9conomiques li\u00e9es au conflit arm\u00e9 en Ukraine pourront prochainement solliciter une nouvelle tranche de PGE. Le Gouvernement l\u2019a r\u00e9cemment \u00e9nonc\u00e9 dans le cadre d\u2019une foire aux questions mise \u00e0 jour le 1er avril dernier. PGE\u00a0: la tranche g\u00e9n\u00e9rale La loi de finances pour 2022 a prorog\u00e9 jusqu\u2019au 30 juin 2022, [&hellip;]","og_url":"https:\/\/www.gereso.com\/actualites\/2022\/04\/05\/conflit-en-ukraine-un-nouveau-pge\/","og_site_name":"Le Blog GERESO","article_published_time":"2022-04-05T08:45:54+00:00","article_modified_time":"2022-04-05T08:45:56+00:00","author":"Damien P\u00e9an","twitter_card":"summary_large_image","schema":{"@context":"https:\/\/schema.org","@graph":[{"@type":"WebPage","@id":"https:\/\/www.gereso.com\/actualites\/2022\/04\/05\/conflit-en-ukraine-un-nouveau-pge\/","url":"https:\/\/www.gereso.com\/actualites\/2022\/04\/05\/conflit-en-ukraine-un-nouveau-pge\/","name":"Conflit en Ukraine\u00a0: un nouveau PGE - Le Blog GERESO","isPartOf":{"@id":"https:\/\/www.gereso.com\/actualites\/#website"},"datePublished":"2022-04-05T08:45:54+00:00","dateModified":"2022-04-05T08:45:56+00:00","author":{"@id":"https:\/\/www.gereso.com\/actualites\/#\/schema\/person\/c91814f92d627ed4715993fbbf7c7e8d"},"breadcrumb":{"@id":"https:\/\/www.gereso.com\/actualites\/2022\/04\/05\/conflit-en-ukraine-un-nouveau-pge\/#breadcrumb"},"inLanguage":"fr-FR","potentialAction":[{"@type":"ReadAction","target":["https:\/\/www.gereso.com\/actualites\/2022\/04\/05\/conflit-en-ukraine-un-nouveau-pge\/"]}]},{"@type":"BreadcrumbList","@id":"https:\/\/www.gereso.com\/actualites\/2022\/04\/05\/conflit-en-ukraine-un-nouveau-pge\/#breadcrumb","itemListElement":[{"@type":"ListItem","position":1,"name":"Home","item":"https:\/\/www.gereso.com\/actualites\/"},{"@type":"ListItem","position":2,"name":"Conflit en Ukraine\u00a0: un nouveau PGE"}]},{"@type":"WebSite","@id":"https:\/\/www.gereso.com\/actualites\/#website","url":"https:\/\/www.gereso.com\/actualites\/","name":"Le Blog GERESO","description":"Toute l&#039;actu RH, Finance, Fonction Publique, Management...","potentialAction":[{"@type":"SearchAction","target":{"@type":"EntryPoint","urlTemplate":"https:\/\/www.gereso.com\/actualites\/?s={search_term_string}"},"query-input":{"@type":"PropertyValueSpecification","valueRequired":true,"valueName":"search_term_string"}}],"inLanguage":"fr-FR"},{"@type":"Person","@id":"https:\/\/www.gereso.com\/actualites\/#\/schema\/person\/c91814f92d627ed4715993fbbf7c7e8d","name":"Damien P\u00e9an","image":{"@type":"ImageObject","inLanguage":"fr-FR","@id":"https:\/\/www.gereso.com\/actualites\/#\/schema\/person\/image\/","url":"https:\/\/www.gereso.com\/actualites\/wp-content\/uploads\/2016\/03\/damien-pean.jpg","contentUrl":"https:\/\/www.gereso.com\/actualites\/wp-content\/uploads\/2016\/03\/damien-pean.jpg","caption":"Damien P\u00e9an"},"description":"Damien P\u00c9AN est titulaire du Dipl\u00f4me d'\u00e9tudes sup\u00e9rieures comptables et financi\u00e8res (DESCF). Il intervient depuis plusieurs ann\u00e9es aupr\u00e8s d'\u00e9tudiants en licence de comptabilit\u00e9 et de gestion, \u00e0 qui il enseigne le contr\u00f4le de gestion, la comptabilit\u00e9 approfondie, le management, la fiscalit\u00e9, le droit des soci\u00e9t\u00e9s et le droit du travail. Il intervient \u00e9galement en formation continue pour le compte de divers organismes de formation sur des th\u00e9matiques techniques en comptabilit\u00e9 et fiscalit\u00e9. Il forme aussi un public de non-initi\u00e9s aux fondamentaux de la finance.","url":"https:\/\/www.gereso.com\/actualites\/author\/d-pean\/"}]}},"_links":{"self":[{"href":"https:\/\/www.gereso.com\/actualites\/wp-json\/wp\/v2\/posts\/26934","targetHints":{"allow":["GET"]}}],"collection":[{"href":"https:\/\/www.gereso.com\/actualites\/wp-json\/wp\/v2\/posts"}],"about":[{"href":"https:\/\/www.gereso.com\/actualites\/wp-json\/wp\/v2\/types\/post"}],"author":[{"embeddable":true,"href":"https:\/\/www.gereso.com\/actualites\/wp-json\/wp\/v2\/users\/45"}],"replies":[{"embeddable":true,"href":"https:\/\/www.gereso.com\/actualites\/wp-json\/wp\/v2\/comments?post=26934"}],"version-history":[{"count":1,"href":"https:\/\/www.gereso.com\/actualites\/wp-json\/wp\/v2\/posts\/26934\/revisions"}],"predecessor-version":[{"id":26935,"href":"https:\/\/www.gereso.com\/actualites\/wp-json\/wp\/v2\/posts\/26934\/revisions\/26935"}],"wp:attachment":[{"href":"https:\/\/www.gereso.com\/actualites\/wp-json\/wp\/v2\/media?parent=26934"}],"wp:term":[{"taxonomy":"category","embeddable":true,"href":"https:\/\/www.gereso.com\/actualites\/wp-json\/wp\/v2\/categories?post=26934"},{"taxonomy":"post_tag","embeddable":true,"href":"https:\/\/www.gereso.com\/actualites\/wp-json\/wp\/v2\/tags?post=26934"}],"curies":[{"name":"wp","href":"https:\/\/api.w.org\/{rel}","templated":true}]}}