{"id":26939,"date":"2022-04-13T11:35:22","date_gmt":"2022-04-13T09:35:22","guid":{"rendered":"https:\/\/www.gereso.com\/actualites\/?p=26939"},"modified":"2022-04-13T11:36:49","modified_gmt":"2022-04-13T09:36:49","slug":"reforme-conge-adoption","status":"publish","type":"post","link":"https:\/\/www.gereso.com\/actualites\/2022\/04\/13\/reforme-conge-adoption\/","title":{"rendered":"R\u00e9forme du cong\u00e9 d&rsquo;adoption"},"content":{"rendered":"\n<p>Le salari\u00e9 qui adopte un enfant a droit \u00e0 un cong\u00e9 d&rsquo;adoption plus long qui est indemnis\u00e9 et d&rsquo;une dur\u00e9e variable selon la situation (nombre d&rsquo;enfants adopt\u00e9s, nombre d&rsquo;enfants d\u00e9j\u00e0 \u00e0 charge&#8230;). Il peut \u00eatre pris par l&rsquo;un des parents ou \u00eatre r\u00e9parti entre les deux parents salari\u00e9s. <\/p>\n\n\n\n<p>Depuis le 1er juillet 2021 les dur\u00e9es sont les suivantes :<\/p>\n\n\n\n<p>La dur\u00e9e l\u00e9gale du cong\u00e9 d&rsquo;adoption varie en fonction du nombre d&rsquo;enfants adopt\u00e9s, du nombre d&rsquo;enfants d\u00e9j\u00e0 \u00e0 charge (avant adoption) et de l&rsquo;\u00e9ventuelle r\u00e9partition du cong\u00e9 entre les parents.<\/p>\n\n\n\n<!doctype html>\n<html>\n<head>\n<meta charset=\"utf-8\">\n\n<\/head>\n\n<body>\n<table border=\"1\">\n<tbody>\n\t\n\t<tr>\n<td style=\"text-align: center;\" colspan=\"4\" bgcolor=\"#d10016\" width=\"352\"><p><span style=\"color: #ffffff;\"><strong>Dur\u00e9e du cong\u00e9 d&rsquo;adoption<\/strong><\/span><\/p><\/td>\t\n\t<\/tr>\n<tr>\n<td style=\"text-align: center;\" bgcolor=\"#d10016\" width=\"352\"><p><span style=\"color: #ffffff;\"><strong>Nombre d&rsquo;enfants adopt\u00e9s<\/strong><\/span><\/p>\n<\/td>\n<td style=\"text-align: center;\" bgcolor=\"#d10016\" width=\"154\"><p><span style=\"color: #ffffff;\"><strong>Nombre d&rsquo;enfants d\u00e9j\u00e0 \u00e0 charge<\/strong><\/span><\/p>\n<\/td>\n\t<td style=\"text-align: center;\" bgcolor=\"#d10016\" width=\"154\"><p><span style=\"color: #ffffff;\"><strong>Dur\u00e9e du cong\u00e9 (pris par un seul parent)<\/strong><\/span><\/p>\n<\/td>\n\t<td style=\"text-align: center;\" bgcolor=\"#d10016\" width=\"154\"><p><span style=\"color: #ffffff;\"><strong>Dur\u00e9e du cong\u00e9 (r\u00e9parti entre les 2 parents salari\u00e9s)<\/strong><\/span><\/p>\n<\/td>\n<\/tr>\n\n\t\n\t<tr>\n<td style=\"text-align: center;\" rowspan=\"2\"; width: \"134px;\">\n<p><strong>1<\/strong><\/p>\n\n<\/td>\n<td style=\"text-align: center; width: 134px;\">\n<p>0 ou 1<\/p>\n<\/td>\n\t\t<td style=\"text-align: center; width: 134px;\">\n<p>16 semaines et non plus 10<\/p>\n\t\t<\/td>\n\t<td style=\"text-align: center; width: 134px;\">\n<p>16 semaines + 25 jours<\/p>\n\t\t<\/td>\n<\/tr>\n\t\n\t\t<tr>\n\n<td style=\"text-align: center; width: 134px;\">\n<p>2 ou plus<\/p>\n<\/td>\n\t\t<td style=\"text-align: center; width: 134px;\">\n<p>18 semaines<\/p>\n\t\t<\/td>\n\t<td style=\"text-align: center; width: 134px;\">\n<p>18 semaines + 32 jours<\/p>\n\t\t<\/td>\n<\/tr>\n\t\n\t\n\t<tr>\n\t\n\t<td style=\"text-align: center;\" rowspan=\"2\"; width: \"134px;\"><p><strong>2 ou plus<\/strong><\/p><\/td>\n\t<td style=\"text-align: center;\" rowspan=\"2\"; width: \"134px;\"><p>Peu importe le nombre<\/p><\/td>\n\t<td style=\"text-align: center;\" rowspan=\"2\"; width: \"134px;\"><p>22 semaines<\/p><\/td>\n\t<td style=\"text-align: center;\" rowspan=\"2\"; width: \"134px;\"><p>22 semaines + 32 jours<\/p><\/td>\n\t\n\t\n\t<\/tr>\n\n<\/tbody>\n<\/table>\n<\/body>\n<\/html>\n\n\n\n<p>Lorsque le cong\u00e9 d&rsquo;adoption est r\u00e9parti entre les deux parents, il ne peut \u00eatre fractionn\u00e9 qu&rsquo;en 2 p\u00e9riodes maximum, dont la plus courte est au moins \u00e9gale \u00e0 25 jours (ou 32 jours en cas d&rsquo;adoptions multiples). Ces 2 p\u00e9riodes peuvent se suivre ou \u00eatre prises simultan\u00e9ment. La possibilit\u00e9 de fractionnement d&rsquo;applique m\u00eame lorsqu&rsquo;il est pris par un seul parent. Ces dispositions supposent un d\u00e9cret d&rsquo;application. <\/p>\n\n\n\n<p>Le cong\u00e9 d\u00e9bute \u00e0 la date d&rsquo;arriv\u00e9e de l&rsquo;enfant au foyer. Cependant, il peut d\u00e9buter plus t\u00f4t, dans la limite de 7 jours cons\u00e9cutifs pr\u00e9c\u00e9dant l&rsquo;arriv\u00e9e de l&rsquo;enfant au foyer, sous r\u00e9serve qu&rsquo;un d\u00e9cret d&rsquo;application. <\/p>\n\n\n\n<p>Les modalit\u00e9s de prise des 3 jours au titre de l&rsquo;arriv\u00e9e d&rsquo;un enfant seront, elles aussi, adopt\u00e9es par un d\u00e9cret d&rsquo;application. <\/p>\n\n\n\n<p><a href=\"https:\/\/www.legifrance.gouv.fr\/jorf\/id\/JORFTEXT000045197698\" target=\"_blank\" rel=\"noreferrer noopener\">Loi n\u00b02022-219 du 21 f\u00e9vrier 2022<\/a><\/p>\n","protected":false},"excerpt":{"rendered":"<p>Le salari\u00e9 qui adopte un enfant a droit \u00e0 un cong\u00e9 d&rsquo;adoption plus long qui est indemnis\u00e9 et d&rsquo;une dur\u00e9e variable selon la situation (nombre d&rsquo;enfants adopt\u00e9s, nombre d&rsquo;enfants d\u00e9j\u00e0 \u00e0 charge&#8230;). Il peut \u00eatre pris par l&rsquo;un des parents ou \u00eatre r\u00e9parti entre les deux parents salari\u00e9s. Depuis le 1er juillet 2021 les dur\u00e9es [&hellip;]<\/p>\n","protected":false},"author":32,"featured_media":0,"comment_status":"open","ping_status":"open","sticky":false,"template":"","format":"quote","meta":{"_acf_changed":false,"_mi_skip_tracking":false,"footnotes":""},"categories":[12,5],"tags":[],"class_list":["post-26939","post","type-post","status-publish","format-quote","hentry","category-actualites","category-droit-du-travail","post_format-post-format-quote"],"acf":[],"yoast_head":"<!-- This site is optimized with the Yoast SEO plugin v23.4 - https:\/\/yoast.com\/wordpress\/plugins\/seo\/ -->\n<title>R\u00e9forme du cong\u00e9 d&#039;adoption - Le Blog GERESO<\/title>\n<meta name=\"robots\" content=\"index, follow, max-snippet:-1, max-image-preview:large, max-video-preview:-1\" \/>\n<link rel=\"canonical\" href=\"https:\/\/www.gereso.com\/actualites\/2022\/04\/13\/reforme-conge-adoption\/\" \/>\n<meta property=\"og:locale\" content=\"fr_FR\" \/>\n<meta property=\"og:type\" content=\"article\" \/>\n<meta property=\"og:title\" content=\"R\u00e9forme du cong\u00e9 d&#039;adoption - Le Blog GERESO\" \/>\n<meta property=\"og:description\" content=\"Le salari\u00e9 qui adopte un enfant a droit \u00e0 un cong\u00e9 d&rsquo;adoption plus long qui est indemnis\u00e9 et d&rsquo;une dur\u00e9e variable selon la situation (nombre d&rsquo;enfants adopt\u00e9s, nombre d&rsquo;enfants d\u00e9j\u00e0 \u00e0 charge&#8230;). Il peut \u00eatre pris par l&rsquo;un des parents ou \u00eatre r\u00e9parti entre les deux parents salari\u00e9s. Depuis le 1er juillet 2021 les dur\u00e9es [&hellip;]\" \/>\n<meta property=\"og:url\" content=\"https:\/\/www.gereso.com\/actualites\/2022\/04\/13\/reforme-conge-adoption\/\" \/>\n<meta property=\"og:site_name\" content=\"Le Blog GERESO\" \/>\n<meta property=\"article:published_time\" content=\"2022-04-13T09:35:22+00:00\" \/>\n<meta property=\"article:modified_time\" content=\"2022-04-13T09:36:49+00:00\" \/>\n<meta name=\"author\" content=\"\u00c9quipe GERESO\" \/>\n<meta name=\"twitter:card\" content=\"summary_large_image\" \/>\n<script type=\"application\/ld+json\" class=\"yoast-schema-graph\">{\"@context\":\"https:\/\/schema.org\",\"@graph\":[{\"@type\":\"WebPage\",\"@id\":\"https:\/\/www.gereso.com\/actualites\/2022\/04\/13\/reforme-conge-adoption\/\",\"url\":\"https:\/\/www.gereso.com\/actualites\/2022\/04\/13\/reforme-conge-adoption\/\",\"name\":\"R\u00e9forme du cong\u00e9 d'adoption - Le Blog GERESO\",\"isPartOf\":{\"@id\":\"https:\/\/www.gereso.com\/actualites\/#website\"},\"datePublished\":\"2022-04-13T09:35:22+00:00\",\"dateModified\":\"2022-04-13T09:36:49+00:00\",\"author\":{\"@id\":\"https:\/\/www.gereso.com\/actualites\/#\/schema\/person\/197d8aef40cb4ae3f6a0aa9e1d3df2a6\"},\"breadcrumb\":{\"@id\":\"https:\/\/www.gereso.com\/actualites\/2022\/04\/13\/reforme-conge-adoption\/#breadcrumb\"},\"inLanguage\":\"fr-FR\",\"potentialAction\":[{\"@type\":\"ReadAction\",\"target\":[\"https:\/\/www.gereso.com\/actualites\/2022\/04\/13\/reforme-conge-adoption\/\"]}]},{\"@type\":\"BreadcrumbList\",\"@id\":\"https:\/\/www.gereso.com\/actualites\/2022\/04\/13\/reforme-conge-adoption\/#breadcrumb\",\"itemListElement\":[{\"@type\":\"ListItem\",\"position\":1,\"name\":\"Home\",\"item\":\"https:\/\/www.gereso.com\/actualites\/\"},{\"@type\":\"ListItem\",\"position\":2,\"name\":\"R\u00e9forme du cong\u00e9 d&rsquo;adoption\"}]},{\"@type\":\"WebSite\",\"@id\":\"https:\/\/www.gereso.com\/actualites\/#website\",\"url\":\"https:\/\/www.gereso.com\/actualites\/\",\"name\":\"Le Blog GERESO\",\"description\":\"Toute l&#039;actu RH, Finance, Fonction Publique, Management...\",\"potentialAction\":[{\"@type\":\"SearchAction\",\"target\":{\"@type\":\"EntryPoint\",\"urlTemplate\":\"https:\/\/www.gereso.com\/actualites\/?s={search_term_string}\"},\"query-input\":{\"@type\":\"PropertyValueSpecification\",\"valueRequired\":true,\"valueName\":\"search_term_string\"}}],\"inLanguage\":\"fr-FR\"},{\"@type\":\"Person\",\"@id\":\"https:\/\/www.gereso.com\/actualites\/#\/schema\/person\/197d8aef40cb4ae3f6a0aa9e1d3df2a6\",\"name\":\"\u00c9quipe GERESO\",\"image\":{\"@type\":\"ImageObject\",\"inLanguage\":\"fr-FR\",\"@id\":\"https:\/\/www.gereso.com\/actualites\/#\/schema\/person\/image\/\",\"url\":\"https:\/\/www.gereso.com\/actualites\/wp-content\/uploads\/2013\/12\/avatar-gereso-1.png\",\"contentUrl\":\"https:\/\/www.gereso.com\/actualites\/wp-content\/uploads\/2013\/12\/avatar-gereso-1.png\",\"caption\":\"\u00c9quipe GERESO\"},\"url\":\"https:\/\/www.gereso.com\/actualites\/author\/gereso\/\"}]}<\/script>\n<!-- \/ Yoast SEO plugin. -->","yoast_head_json":{"title":"R\u00e9forme du cong\u00e9 d'adoption - Le Blog GERESO","robots":{"index":"index","follow":"follow","max-snippet":"max-snippet:-1","max-image-preview":"max-image-preview:large","max-video-preview":"max-video-preview:-1"},"canonical":"https:\/\/www.gereso.com\/actualites\/2022\/04\/13\/reforme-conge-adoption\/","og_locale":"fr_FR","og_type":"article","og_title":"R\u00e9forme du cong\u00e9 d'adoption - Le Blog GERESO","og_description":"Le salari\u00e9 qui adopte un enfant a droit \u00e0 un cong\u00e9 d&rsquo;adoption plus long qui est indemnis\u00e9 et d&rsquo;une dur\u00e9e variable selon la situation (nombre d&rsquo;enfants adopt\u00e9s, nombre d&rsquo;enfants d\u00e9j\u00e0 \u00e0 charge&#8230;). Il peut \u00eatre pris par l&rsquo;un des parents ou \u00eatre r\u00e9parti entre les deux parents salari\u00e9s. Depuis le 1er juillet 2021 les dur\u00e9es [&hellip;]","og_url":"https:\/\/www.gereso.com\/actualites\/2022\/04\/13\/reforme-conge-adoption\/","og_site_name":"Le Blog GERESO","article_published_time":"2022-04-13T09:35:22+00:00","article_modified_time":"2022-04-13T09:36:49+00:00","author":"\u00c9quipe GERESO","twitter_card":"summary_large_image","schema":{"@context":"https:\/\/schema.org","@graph":[{"@type":"WebPage","@id":"https:\/\/www.gereso.com\/actualites\/2022\/04\/13\/reforme-conge-adoption\/","url":"https:\/\/www.gereso.com\/actualites\/2022\/04\/13\/reforme-conge-adoption\/","name":"R\u00e9forme du cong\u00e9 d'adoption - Le Blog GERESO","isPartOf":{"@id":"https:\/\/www.gereso.com\/actualites\/#website"},"datePublished":"2022-04-13T09:35:22+00:00","dateModified":"2022-04-13T09:36:49+00:00","author":{"@id":"https:\/\/www.gereso.com\/actualites\/#\/schema\/person\/197d8aef40cb4ae3f6a0aa9e1d3df2a6"},"breadcrumb":{"@id":"https:\/\/www.gereso.com\/actualites\/2022\/04\/13\/reforme-conge-adoption\/#breadcrumb"},"inLanguage":"fr-FR","potentialAction":[{"@type":"ReadAction","target":["https:\/\/www.gereso.com\/actualites\/2022\/04\/13\/reforme-conge-adoption\/"]}]},{"@type":"BreadcrumbList","@id":"https:\/\/www.gereso.com\/actualites\/2022\/04\/13\/reforme-conge-adoption\/#breadcrumb","itemListElement":[{"@type":"ListItem","position":1,"name":"Home","item":"https:\/\/www.gereso.com\/actualites\/"},{"@type":"ListItem","position":2,"name":"R\u00e9forme du cong\u00e9 d&rsquo;adoption"}]},{"@type":"WebSite","@id":"https:\/\/www.gereso.com\/actualites\/#website","url":"https:\/\/www.gereso.com\/actualites\/","name":"Le Blog GERESO","description":"Toute l&#039;actu RH, Finance, Fonction Publique, Management...","potentialAction":[{"@type":"SearchAction","target":{"@type":"EntryPoint","urlTemplate":"https:\/\/www.gereso.com\/actualites\/?s={search_term_string}"},"query-input":{"@type":"PropertyValueSpecification","valueRequired":true,"valueName":"search_term_string"}}],"inLanguage":"fr-FR"},{"@type":"Person","@id":"https:\/\/www.gereso.com\/actualites\/#\/schema\/person\/197d8aef40cb4ae3f6a0aa9e1d3df2a6","name":"\u00c9quipe GERESO","image":{"@type":"ImageObject","inLanguage":"fr-FR","@id":"https:\/\/www.gereso.com\/actualites\/#\/schema\/person\/image\/","url":"https:\/\/www.gereso.com\/actualites\/wp-content\/uploads\/2013\/12\/avatar-gereso-1.png","contentUrl":"https:\/\/www.gereso.com\/actualites\/wp-content\/uploads\/2013\/12\/avatar-gereso-1.png","caption":"\u00c9quipe GERESO"},"url":"https:\/\/www.gereso.com\/actualites\/author\/gereso\/"}]}},"_links":{"self":[{"href":"https:\/\/www.gereso.com\/actualites\/wp-json\/wp\/v2\/posts\/26939","targetHints":{"allow":["GET"]}}],"collection":[{"href":"https:\/\/www.gereso.com\/actualites\/wp-json\/wp\/v2\/posts"}],"about":[{"href":"https:\/\/www.gereso.com\/actualites\/wp-json\/wp\/v2\/types\/post"}],"author":[{"embeddable":true,"href":"https:\/\/www.gereso.com\/actualites\/wp-json\/wp\/v2\/users\/32"}],"replies":[{"embeddable":true,"href":"https:\/\/www.gereso.com\/actualites\/wp-json\/wp\/v2\/comments?post=26939"}],"version-history":[{"count":6,"href":"https:\/\/www.gereso.com\/actualites\/wp-json\/wp\/v2\/posts\/26939\/revisions"}],"predecessor-version":[{"id":26981,"href":"https:\/\/www.gereso.com\/actualites\/wp-json\/wp\/v2\/posts\/26939\/revisions\/26981"}],"wp:attachment":[{"href":"https:\/\/www.gereso.com\/actualites\/wp-json\/wp\/v2\/media?parent=26939"}],"wp:term":[{"taxonomy":"category","embeddable":true,"href":"https:\/\/www.gereso.com\/actualites\/wp-json\/wp\/v2\/categories?post=26939"},{"taxonomy":"post_tag","embeddable":true,"href":"https:\/\/www.gereso.com\/actualites\/wp-json\/wp\/v2\/tags?post=26939"}],"curies":[{"name":"wp","href":"https:\/\/api.w.org\/{rel}","templated":true}]}}