{"id":26980,"date":"2022-04-13T11:50:24","date_gmt":"2022-04-13T09:50:24","guid":{"rendered":"https:\/\/www.gereso.com\/actualites\/?p=26980"},"modified":"2022-04-13T11:52:46","modified_gmt":"2022-04-13T09:52:46","slug":"obligations-detachement-france-salaries-etrangers","status":"publish","type":"post","link":"https:\/\/www.gereso.com\/actualites\/2022\/04\/13\/obligations-detachement-france-salaries-etrangers\/","title":{"rendered":"Quelles sont les obligations li\u00e9es au d\u00e9tachement en France de salari\u00e9s \u00e9trangers ?"},"content":{"rendered":"\n\n\n<p>Pour rappel, une soci\u00e9t\u00e9 \u00e9tablie \u00e0 l&rsquo;\u00e9tranger qui d\u00e9tache un ou plusieurs salari\u00e9s sur le territoire fran\u00e7ais, dans le cadre d&rsquo;une prestation de service, doit&nbsp;: <\/p>\n\n\n\n<ul>\n<li>Adresser une d\u00e9claration pr\u00e9alable de d\u00e9tachement \u00e0 l&rsquo;inspection du travail du lieu o\u00f9 d\u00e9bute la prestation avant le d\u00e9but de la prestation.<\/li>\n<li>D\u00e9signer un repr\u00e9sentant de l&rsquo;entreprise sur le territoire national, charg\u00e9 d&rsquo;assurer la liaison avec les agents de contr\u00f4le comp\u00e9tents en mati\u00e8re de travail ill\u00e9gal pendant la dur\u00e9e de la prestation (inspection du travail, agents des imp\u00f4ts et des douanes, contr\u00f4leur Urssaf\u2026).<\/li>\n<\/ul>\n\n\n\n<p>De plus, le donneur d&rsquo;ordre qui recourt au travail de salari\u00e9s \u00e9trangers d\u00e9tach\u00e9s en France est tenu, de son c\u00f4t\u00e9, \u00e0 une obligation de vigilance consistant \u00e0 v\u00e9rifier avant le d\u00e9but du d\u00e9tachement le respect de ces d\u00e9marches par le prestataire de services \u00e9tabli \u00e0 l&rsquo;\u00e9tranger. Pour cela, le donneur d&rsquo;ordre doit demander au prestataire de services l&rsquo;accus\u00e9 de r\u00e9ception de la d\u00e9claration de d\u00e9tachement effectu\u00e9e sur le t\u00e9l\u00e9-service \u00ab&nbsp;SIPSI&nbsp;\u00bb du minist\u00e8re du Travail. Si le prestatare de services n&rsquo;a pas satisfait \u00e0 cette obligation de vigilance, le donneur d&rsquo;ordre est passible d&rsquo;une amende administrative de 4 000 \u20ac au plus par salari\u00e9 d\u00e9tach\u00e9.<\/p>\n\n\n\n<p>Pour le Conseil d&rsquo;Etat, les v\u00e9rifications \u00e0 la charge du donneur d&rsquo;ordre \u00e9tabli en France constituent une seule et m\u00eame obligation de vigilance. De fait, la m\u00e9connaissance de l&rsquo;une et l&rsquo;autre composantes de cette m\u00eame obligation est donc passible d&rsquo;une unique amende, dont le montant est multipli\u00e9 par le nombre de salari\u00e9s ayant fait l&rsquo;objet d&rsquo;une proc\u00e9dure de d\u00e9tachement irr\u00e9guli\u00e8re en France. <\/p>\n\n\n\n<p>En l&rsquo;esp\u00e8ce, le juge pouvait donc fixer l&rsquo;amende \u00e0 2 400 \u20ac pour n&rsquo;avoir proc\u00e9d\u00e9 \u00e0 aucune des 2 v\u00e9rifications pour 3 salari\u00e9s d\u00e9tach\u00e9s depuis la Pologne.   <\/p>\n\n\n\n<p>CE 11 f\u00e9vrier 2022, n\u00b0440808<\/p>\n","protected":false},"excerpt":{"rendered":"<p>Pour rappel, une soci\u00e9t\u00e9 \u00e9tablie \u00e0 l&rsquo;\u00e9tranger qui d\u00e9tache un ou plusieurs salari\u00e9s sur le territoire fran\u00e7ais, dans le cadre d&rsquo;une prestation de service, doit&nbsp;: Adresser une d\u00e9claration pr\u00e9alable de d\u00e9tachement \u00e0 l&rsquo;inspection du travail du lieu o\u00f9 d\u00e9bute la prestation avant le d\u00e9but de la prestation. D\u00e9signer un repr\u00e9sentant de l&rsquo;entreprise sur le territoire [&hellip;]<\/p>\n","protected":false},"author":32,"featured_media":0,"comment_status":"open","ping_status":"open","sticky":false,"template":"","format":"quote","meta":{"_acf_changed":false,"_mi_skip_tracking":false,"footnotes":""},"categories":[12,5],"tags":[],"class_list":["post-26980","post","type-post","status-publish","format-quote","hentry","category-actualites","category-droit-du-travail","post_format-post-format-quote"],"acf":[],"yoast_head":"<!-- This site is optimized with the Yoast SEO plugin v23.4 - https:\/\/yoast.com\/wordpress\/plugins\/seo\/ -->\n<title>Quelles sont les obligations li\u00e9es au d\u00e9tachement en France de salari\u00e9s \u00e9trangers ? - Le Blog GERESO<\/title>\n<meta name=\"robots\" content=\"index, follow, max-snippet:-1, max-image-preview:large, max-video-preview:-1\" \/>\n<link rel=\"canonical\" href=\"https:\/\/www.gereso.com\/actualites\/2022\/04\/13\/obligations-detachement-france-salaries-etrangers\/\" \/>\n<meta property=\"og:locale\" content=\"fr_FR\" \/>\n<meta property=\"og:type\" content=\"article\" \/>\n<meta property=\"og:title\" content=\"Quelles sont les obligations li\u00e9es au d\u00e9tachement en France de salari\u00e9s \u00e9trangers ? - Le Blog GERESO\" \/>\n<meta property=\"og:description\" content=\"Pour rappel, une soci\u00e9t\u00e9 \u00e9tablie \u00e0 l&rsquo;\u00e9tranger qui d\u00e9tache un ou plusieurs salari\u00e9s sur le territoire fran\u00e7ais, dans le cadre d&rsquo;une prestation de service, doit&nbsp;: Adresser une d\u00e9claration pr\u00e9alable de d\u00e9tachement \u00e0 l&rsquo;inspection du travail du lieu o\u00f9 d\u00e9bute la prestation avant le d\u00e9but de la prestation. D\u00e9signer un repr\u00e9sentant de l&rsquo;entreprise sur le territoire [&hellip;]\" \/>\n<meta property=\"og:url\" content=\"https:\/\/www.gereso.com\/actualites\/2022\/04\/13\/obligations-detachement-france-salaries-etrangers\/\" \/>\n<meta property=\"og:site_name\" content=\"Le Blog GERESO\" \/>\n<meta property=\"article:published_time\" content=\"2022-04-13T09:50:24+00:00\" \/>\n<meta property=\"article:modified_time\" content=\"2022-04-13T09:52:46+00:00\" \/>\n<meta name=\"author\" content=\"\u00c9quipe GERESO\" \/>\n<meta name=\"twitter:card\" content=\"summary_large_image\" \/>\n<script type=\"application\/ld+json\" class=\"yoast-schema-graph\">{\"@context\":\"https:\/\/schema.org\",\"@graph\":[{\"@type\":\"WebPage\",\"@id\":\"https:\/\/www.gereso.com\/actualites\/2022\/04\/13\/obligations-detachement-france-salaries-etrangers\/\",\"url\":\"https:\/\/www.gereso.com\/actualites\/2022\/04\/13\/obligations-detachement-france-salaries-etrangers\/\",\"name\":\"Quelles sont les obligations li\u00e9es au d\u00e9tachement en France de salari\u00e9s \u00e9trangers ? - Le Blog GERESO\",\"isPartOf\":{\"@id\":\"https:\/\/www.gereso.com\/actualites\/#website\"},\"datePublished\":\"2022-04-13T09:50:24+00:00\",\"dateModified\":\"2022-04-13T09:52:46+00:00\",\"author\":{\"@id\":\"https:\/\/www.gereso.com\/actualites\/#\/schema\/person\/197d8aef40cb4ae3f6a0aa9e1d3df2a6\"},\"breadcrumb\":{\"@id\":\"https:\/\/www.gereso.com\/actualites\/2022\/04\/13\/obligations-detachement-france-salaries-etrangers\/#breadcrumb\"},\"inLanguage\":\"fr-FR\",\"potentialAction\":[{\"@type\":\"ReadAction\",\"target\":[\"https:\/\/www.gereso.com\/actualites\/2022\/04\/13\/obligations-detachement-france-salaries-etrangers\/\"]}]},{\"@type\":\"BreadcrumbList\",\"@id\":\"https:\/\/www.gereso.com\/actualites\/2022\/04\/13\/obligations-detachement-france-salaries-etrangers\/#breadcrumb\",\"itemListElement\":[{\"@type\":\"ListItem\",\"position\":1,\"name\":\"Home\",\"item\":\"https:\/\/www.gereso.com\/actualites\/\"},{\"@type\":\"ListItem\",\"position\":2,\"name\":\"Quelles sont les obligations li\u00e9es au d\u00e9tachement en France de salari\u00e9s \u00e9trangers ?\"}]},{\"@type\":\"WebSite\",\"@id\":\"https:\/\/www.gereso.com\/actualites\/#website\",\"url\":\"https:\/\/www.gereso.com\/actualites\/\",\"name\":\"Le Blog GERESO\",\"description\":\"Toute l&#039;actu RH, Finance, Fonction Publique, Management...\",\"potentialAction\":[{\"@type\":\"SearchAction\",\"target\":{\"@type\":\"EntryPoint\",\"urlTemplate\":\"https:\/\/www.gereso.com\/actualites\/?s={search_term_string}\"},\"query-input\":{\"@type\":\"PropertyValueSpecification\",\"valueRequired\":true,\"valueName\":\"search_term_string\"}}],\"inLanguage\":\"fr-FR\"},{\"@type\":\"Person\",\"@id\":\"https:\/\/www.gereso.com\/actualites\/#\/schema\/person\/197d8aef40cb4ae3f6a0aa9e1d3df2a6\",\"name\":\"\u00c9quipe GERESO\",\"image\":{\"@type\":\"ImageObject\",\"inLanguage\":\"fr-FR\",\"@id\":\"https:\/\/www.gereso.com\/actualites\/#\/schema\/person\/image\/\",\"url\":\"https:\/\/www.gereso.com\/actualites\/wp-content\/uploads\/2013\/12\/avatar-gereso-1.png\",\"contentUrl\":\"https:\/\/www.gereso.com\/actualites\/wp-content\/uploads\/2013\/12\/avatar-gereso-1.png\",\"caption\":\"\u00c9quipe GERESO\"},\"url\":\"https:\/\/www.gereso.com\/actualites\/author\/gereso\/\"}]}<\/script>\n<!-- \/ Yoast SEO plugin. -->","yoast_head_json":{"title":"Quelles sont les obligations li\u00e9es au d\u00e9tachement en France de salari\u00e9s \u00e9trangers ? - Le Blog GERESO","robots":{"index":"index","follow":"follow","max-snippet":"max-snippet:-1","max-image-preview":"max-image-preview:large","max-video-preview":"max-video-preview:-1"},"canonical":"https:\/\/www.gereso.com\/actualites\/2022\/04\/13\/obligations-detachement-france-salaries-etrangers\/","og_locale":"fr_FR","og_type":"article","og_title":"Quelles sont les obligations li\u00e9es au d\u00e9tachement en France de salari\u00e9s \u00e9trangers ? - Le Blog GERESO","og_description":"Pour rappel, une soci\u00e9t\u00e9 \u00e9tablie \u00e0 l&rsquo;\u00e9tranger qui d\u00e9tache un ou plusieurs salari\u00e9s sur le territoire fran\u00e7ais, dans le cadre d&rsquo;une prestation de service, doit&nbsp;: Adresser une d\u00e9claration pr\u00e9alable de d\u00e9tachement \u00e0 l&rsquo;inspection du travail du lieu o\u00f9 d\u00e9bute la prestation avant le d\u00e9but de la prestation. D\u00e9signer un repr\u00e9sentant de l&rsquo;entreprise sur le territoire [&hellip;]","og_url":"https:\/\/www.gereso.com\/actualites\/2022\/04\/13\/obligations-detachement-france-salaries-etrangers\/","og_site_name":"Le Blog GERESO","article_published_time":"2022-04-13T09:50:24+00:00","article_modified_time":"2022-04-13T09:52:46+00:00","author":"\u00c9quipe GERESO","twitter_card":"summary_large_image","schema":{"@context":"https:\/\/schema.org","@graph":[{"@type":"WebPage","@id":"https:\/\/www.gereso.com\/actualites\/2022\/04\/13\/obligations-detachement-france-salaries-etrangers\/","url":"https:\/\/www.gereso.com\/actualites\/2022\/04\/13\/obligations-detachement-france-salaries-etrangers\/","name":"Quelles sont les obligations li\u00e9es au d\u00e9tachement en France de salari\u00e9s \u00e9trangers ? - Le Blog GERESO","isPartOf":{"@id":"https:\/\/www.gereso.com\/actualites\/#website"},"datePublished":"2022-04-13T09:50:24+00:00","dateModified":"2022-04-13T09:52:46+00:00","author":{"@id":"https:\/\/www.gereso.com\/actualites\/#\/schema\/person\/197d8aef40cb4ae3f6a0aa9e1d3df2a6"},"breadcrumb":{"@id":"https:\/\/www.gereso.com\/actualites\/2022\/04\/13\/obligations-detachement-france-salaries-etrangers\/#breadcrumb"},"inLanguage":"fr-FR","potentialAction":[{"@type":"ReadAction","target":["https:\/\/www.gereso.com\/actualites\/2022\/04\/13\/obligations-detachement-france-salaries-etrangers\/"]}]},{"@type":"BreadcrumbList","@id":"https:\/\/www.gereso.com\/actualites\/2022\/04\/13\/obligations-detachement-france-salaries-etrangers\/#breadcrumb","itemListElement":[{"@type":"ListItem","position":1,"name":"Home","item":"https:\/\/www.gereso.com\/actualites\/"},{"@type":"ListItem","position":2,"name":"Quelles sont les obligations li\u00e9es au d\u00e9tachement en France de salari\u00e9s \u00e9trangers ?"}]},{"@type":"WebSite","@id":"https:\/\/www.gereso.com\/actualites\/#website","url":"https:\/\/www.gereso.com\/actualites\/","name":"Le Blog GERESO","description":"Toute l&#039;actu RH, Finance, Fonction Publique, Management...","potentialAction":[{"@type":"SearchAction","target":{"@type":"EntryPoint","urlTemplate":"https:\/\/www.gereso.com\/actualites\/?s={search_term_string}"},"query-input":{"@type":"PropertyValueSpecification","valueRequired":true,"valueName":"search_term_string"}}],"inLanguage":"fr-FR"},{"@type":"Person","@id":"https:\/\/www.gereso.com\/actualites\/#\/schema\/person\/197d8aef40cb4ae3f6a0aa9e1d3df2a6","name":"\u00c9quipe GERESO","image":{"@type":"ImageObject","inLanguage":"fr-FR","@id":"https:\/\/www.gereso.com\/actualites\/#\/schema\/person\/image\/","url":"https:\/\/www.gereso.com\/actualites\/wp-content\/uploads\/2013\/12\/avatar-gereso-1.png","contentUrl":"https:\/\/www.gereso.com\/actualites\/wp-content\/uploads\/2013\/12\/avatar-gereso-1.png","caption":"\u00c9quipe GERESO"},"url":"https:\/\/www.gereso.com\/actualites\/author\/gereso\/"}]}},"_links":{"self":[{"href":"https:\/\/www.gereso.com\/actualites\/wp-json\/wp\/v2\/posts\/26980","targetHints":{"allow":["GET"]}}],"collection":[{"href":"https:\/\/www.gereso.com\/actualites\/wp-json\/wp\/v2\/posts"}],"about":[{"href":"https:\/\/www.gereso.com\/actualites\/wp-json\/wp\/v2\/types\/post"}],"author":[{"embeddable":true,"href":"https:\/\/www.gereso.com\/actualites\/wp-json\/wp\/v2\/users\/32"}],"replies":[{"embeddable":true,"href":"https:\/\/www.gereso.com\/actualites\/wp-json\/wp\/v2\/comments?post=26980"}],"version-history":[{"count":4,"href":"https:\/\/www.gereso.com\/actualites\/wp-json\/wp\/v2\/posts\/26980\/revisions"}],"predecessor-version":[{"id":26986,"href":"https:\/\/www.gereso.com\/actualites\/wp-json\/wp\/v2\/posts\/26980\/revisions\/26986"}],"wp:attachment":[{"href":"https:\/\/www.gereso.com\/actualites\/wp-json\/wp\/v2\/media?parent=26980"}],"wp:term":[{"taxonomy":"category","embeddable":true,"href":"https:\/\/www.gereso.com\/actualites\/wp-json\/wp\/v2\/categories?post=26980"},{"taxonomy":"post_tag","embeddable":true,"href":"https:\/\/www.gereso.com\/actualites\/wp-json\/wp\/v2\/tags?post=26980"}],"curies":[{"name":"wp","href":"https:\/\/api.w.org\/{rel}","templated":true}]}}