{"id":26992,"date":"2022-04-13T12:17:41","date_gmt":"2022-04-13T10:17:41","guid":{"rendered":"https:\/\/www.gereso.com\/actualites\/?p=26992"},"modified":"2022-04-13T13:42:12","modified_gmt":"2022-04-13T11:42:12","slug":"conduite-etat-ivresse-retour-salon-professionnel-vehicule-fonction-faute-grave","status":"publish","type":"post","link":"https:\/\/www.gereso.com\/actualites\/2022\/04\/13\/conduite-etat-ivresse-retour-salon-professionnel-vehicule-fonction-faute-grave\/","title":{"rendered":"La conduite en \u00e9tat d&rsquo;ivresse au retour d&rsquo;un salon professionnel avec un v\u00e9hicule de fonction constitue-t-elle une faute grave ?"},"content":{"rendered":"\n<p>Dans cette affaire, un salari\u00e9 a <strong>un accident avec son v\u00e9hicule de fonction en raison notamment de son \u00e9tat alcoolique<\/strong> alors qu&rsquo;il rentre tardivement chez lui apr\u00e8s un salon professionnel. <\/p>\n\n\n\n<p><strong>Licenci\u00e9 pour faute grave,<\/strong> il conteste la rupture de son contrat estimant que les faits rel\u00e8vent de <strong>sa vie priv\u00e9e.<\/strong><\/p>\n\n\n\n<p>La cour d&rsquo;appel et la Cour de cassation consid\u00e8rent au contraire que <strong>les faits se rattachent \u00e0 la vie professionnelle<\/strong> puisqu&rsquo;ils se produisent avec le <strong>v\u00e9hicule de fonction du salari\u00e9<\/strong> au retour d&rsquo;un salon auquel l&#8217;employeur avait demand\u00e9 \u00e0 l&rsquo;int\u00e9ress\u00e9 de se rendre. <\/p>\n","protected":false},"excerpt":{"rendered":"<p>Dans cette affaire, un salari\u00e9 a un accident avec son v\u00e9hicule de fonction en raison notamment de son \u00e9tat alcoolique alors qu&rsquo;il rentre tardivement chez lui apr\u00e8s un salon professionnel. Licenci\u00e9 pour faute grave, il conteste la rupture de son contrat estimant que les faits rel\u00e8vent de sa vie priv\u00e9e. La cour d&rsquo;appel et la [&hellip;]<\/p>\n","protected":false},"author":32,"featured_media":0,"comment_status":"open","ping_status":"open","sticky":false,"template":"","format":"quote","meta":{"_acf_changed":false,"_mi_skip_tracking":false,"footnotes":""},"categories":[12,5],"tags":[],"class_list":["post-26992","post","type-post","status-publish","format-quote","hentry","category-actualites","category-droit-du-travail","post_format-post-format-quote"],"acf":[],"yoast_head":"<!-- This site is optimized with the Yoast SEO plugin v23.4 - https:\/\/yoast.com\/wordpress\/plugins\/seo\/ -->\n<title>La conduite en \u00e9tat d&#039;ivresse au retour d&#039;un salon professionnel avec un v\u00e9hicule de fonction constitue-t-elle une faute grave ? - Le Blog GERESO<\/title>\n<meta name=\"robots\" content=\"index, follow, max-snippet:-1, max-image-preview:large, max-video-preview:-1\" \/>\n<link rel=\"canonical\" href=\"https:\/\/www.gereso.com\/actualites\/2022\/04\/13\/conduite-etat-ivresse-retour-salon-professionnel-vehicule-fonction-faute-grave\/\" \/>\n<meta property=\"og:locale\" content=\"fr_FR\" \/>\n<meta property=\"og:type\" content=\"article\" \/>\n<meta property=\"og:title\" content=\"La conduite en \u00e9tat d&#039;ivresse au retour d&#039;un salon professionnel avec un v\u00e9hicule de fonction constitue-t-elle une faute grave ? - Le Blog GERESO\" \/>\n<meta property=\"og:description\" content=\"Dans cette affaire, un salari\u00e9 a un accident avec son v\u00e9hicule de fonction en raison notamment de son \u00e9tat alcoolique alors qu&rsquo;il rentre tardivement chez lui apr\u00e8s un salon professionnel. Licenci\u00e9 pour faute grave, il conteste la rupture de son contrat estimant que les faits rel\u00e8vent de sa vie priv\u00e9e. La cour d&rsquo;appel et la [&hellip;]\" \/>\n<meta property=\"og:url\" content=\"https:\/\/www.gereso.com\/actualites\/2022\/04\/13\/conduite-etat-ivresse-retour-salon-professionnel-vehicule-fonction-faute-grave\/\" \/>\n<meta property=\"og:site_name\" content=\"Le Blog GERESO\" \/>\n<meta property=\"article:published_time\" content=\"2022-04-13T10:17:41+00:00\" \/>\n<meta property=\"article:modified_time\" content=\"2022-04-13T11:42:12+00:00\" \/>\n<meta name=\"author\" content=\"\u00c9quipe GERESO\" \/>\n<meta name=\"twitter:card\" content=\"summary_large_image\" \/>\n<script type=\"application\/ld+json\" class=\"yoast-schema-graph\">{\"@context\":\"https:\/\/schema.org\",\"@graph\":[{\"@type\":\"WebPage\",\"@id\":\"https:\/\/www.gereso.com\/actualites\/2022\/04\/13\/conduite-etat-ivresse-retour-salon-professionnel-vehicule-fonction-faute-grave\/\",\"url\":\"https:\/\/www.gereso.com\/actualites\/2022\/04\/13\/conduite-etat-ivresse-retour-salon-professionnel-vehicule-fonction-faute-grave\/\",\"name\":\"La conduite en \u00e9tat d'ivresse au retour d'un salon professionnel avec un v\u00e9hicule de fonction constitue-t-elle une faute grave ? - Le Blog GERESO\",\"isPartOf\":{\"@id\":\"https:\/\/www.gereso.com\/actualites\/#website\"},\"datePublished\":\"2022-04-13T10:17:41+00:00\",\"dateModified\":\"2022-04-13T11:42:12+00:00\",\"author\":{\"@id\":\"https:\/\/www.gereso.com\/actualites\/#\/schema\/person\/197d8aef40cb4ae3f6a0aa9e1d3df2a6\"},\"breadcrumb\":{\"@id\":\"https:\/\/www.gereso.com\/actualites\/2022\/04\/13\/conduite-etat-ivresse-retour-salon-professionnel-vehicule-fonction-faute-grave\/#breadcrumb\"},\"inLanguage\":\"fr-FR\",\"potentialAction\":[{\"@type\":\"ReadAction\",\"target\":[\"https:\/\/www.gereso.com\/actualites\/2022\/04\/13\/conduite-etat-ivresse-retour-salon-professionnel-vehicule-fonction-faute-grave\/\"]}]},{\"@type\":\"BreadcrumbList\",\"@id\":\"https:\/\/www.gereso.com\/actualites\/2022\/04\/13\/conduite-etat-ivresse-retour-salon-professionnel-vehicule-fonction-faute-grave\/#breadcrumb\",\"itemListElement\":[{\"@type\":\"ListItem\",\"position\":1,\"name\":\"Home\",\"item\":\"https:\/\/www.gereso.com\/actualites\/\"},{\"@type\":\"ListItem\",\"position\":2,\"name\":\"La conduite en \u00e9tat d&rsquo;ivresse au retour d&rsquo;un salon professionnel avec un v\u00e9hicule de fonction constitue-t-elle une faute grave ?\"}]},{\"@type\":\"WebSite\",\"@id\":\"https:\/\/www.gereso.com\/actualites\/#website\",\"url\":\"https:\/\/www.gereso.com\/actualites\/\",\"name\":\"Le Blog GERESO\",\"description\":\"Toute l&#039;actu RH, Finance, Fonction Publique, Management...\",\"potentialAction\":[{\"@type\":\"SearchAction\",\"target\":{\"@type\":\"EntryPoint\",\"urlTemplate\":\"https:\/\/www.gereso.com\/actualites\/?s={search_term_string}\"},\"query-input\":{\"@type\":\"PropertyValueSpecification\",\"valueRequired\":true,\"valueName\":\"search_term_string\"}}],\"inLanguage\":\"fr-FR\"},{\"@type\":\"Person\",\"@id\":\"https:\/\/www.gereso.com\/actualites\/#\/schema\/person\/197d8aef40cb4ae3f6a0aa9e1d3df2a6\",\"name\":\"\u00c9quipe GERESO\",\"image\":{\"@type\":\"ImageObject\",\"inLanguage\":\"fr-FR\",\"@id\":\"https:\/\/www.gereso.com\/actualites\/#\/schema\/person\/image\/\",\"url\":\"https:\/\/www.gereso.com\/actualites\/wp-content\/uploads\/2013\/12\/avatar-gereso-1.png\",\"contentUrl\":\"https:\/\/www.gereso.com\/actualites\/wp-content\/uploads\/2013\/12\/avatar-gereso-1.png\",\"caption\":\"\u00c9quipe GERESO\"},\"url\":\"https:\/\/www.gereso.com\/actualites\/author\/gereso\/\"}]}<\/script>\n<!-- \/ Yoast SEO plugin. -->","yoast_head_json":{"title":"La conduite en \u00e9tat d'ivresse au retour d'un salon professionnel avec un v\u00e9hicule de fonction constitue-t-elle une faute grave ? - Le Blog GERESO","robots":{"index":"index","follow":"follow","max-snippet":"max-snippet:-1","max-image-preview":"max-image-preview:large","max-video-preview":"max-video-preview:-1"},"canonical":"https:\/\/www.gereso.com\/actualites\/2022\/04\/13\/conduite-etat-ivresse-retour-salon-professionnel-vehicule-fonction-faute-grave\/","og_locale":"fr_FR","og_type":"article","og_title":"La conduite en \u00e9tat d'ivresse au retour d'un salon professionnel avec un v\u00e9hicule de fonction constitue-t-elle une faute grave ? - Le Blog GERESO","og_description":"Dans cette affaire, un salari\u00e9 a un accident avec son v\u00e9hicule de fonction en raison notamment de son \u00e9tat alcoolique alors qu&rsquo;il rentre tardivement chez lui apr\u00e8s un salon professionnel. Licenci\u00e9 pour faute grave, il conteste la rupture de son contrat estimant que les faits rel\u00e8vent de sa vie priv\u00e9e. La cour d&rsquo;appel et la [&hellip;]","og_url":"https:\/\/www.gereso.com\/actualites\/2022\/04\/13\/conduite-etat-ivresse-retour-salon-professionnel-vehicule-fonction-faute-grave\/","og_site_name":"Le Blog GERESO","article_published_time":"2022-04-13T10:17:41+00:00","article_modified_time":"2022-04-13T11:42:12+00:00","author":"\u00c9quipe GERESO","twitter_card":"summary_large_image","schema":{"@context":"https:\/\/schema.org","@graph":[{"@type":"WebPage","@id":"https:\/\/www.gereso.com\/actualites\/2022\/04\/13\/conduite-etat-ivresse-retour-salon-professionnel-vehicule-fonction-faute-grave\/","url":"https:\/\/www.gereso.com\/actualites\/2022\/04\/13\/conduite-etat-ivresse-retour-salon-professionnel-vehicule-fonction-faute-grave\/","name":"La conduite en \u00e9tat d'ivresse au retour d'un salon professionnel avec un v\u00e9hicule de fonction constitue-t-elle une faute grave ? - Le Blog GERESO","isPartOf":{"@id":"https:\/\/www.gereso.com\/actualites\/#website"},"datePublished":"2022-04-13T10:17:41+00:00","dateModified":"2022-04-13T11:42:12+00:00","author":{"@id":"https:\/\/www.gereso.com\/actualites\/#\/schema\/person\/197d8aef40cb4ae3f6a0aa9e1d3df2a6"},"breadcrumb":{"@id":"https:\/\/www.gereso.com\/actualites\/2022\/04\/13\/conduite-etat-ivresse-retour-salon-professionnel-vehicule-fonction-faute-grave\/#breadcrumb"},"inLanguage":"fr-FR","potentialAction":[{"@type":"ReadAction","target":["https:\/\/www.gereso.com\/actualites\/2022\/04\/13\/conduite-etat-ivresse-retour-salon-professionnel-vehicule-fonction-faute-grave\/"]}]},{"@type":"BreadcrumbList","@id":"https:\/\/www.gereso.com\/actualites\/2022\/04\/13\/conduite-etat-ivresse-retour-salon-professionnel-vehicule-fonction-faute-grave\/#breadcrumb","itemListElement":[{"@type":"ListItem","position":1,"name":"Home","item":"https:\/\/www.gereso.com\/actualites\/"},{"@type":"ListItem","position":2,"name":"La conduite en \u00e9tat d&rsquo;ivresse au retour d&rsquo;un salon professionnel avec un v\u00e9hicule de fonction constitue-t-elle une faute grave ?"}]},{"@type":"WebSite","@id":"https:\/\/www.gereso.com\/actualites\/#website","url":"https:\/\/www.gereso.com\/actualites\/","name":"Le Blog GERESO","description":"Toute l&#039;actu RH, Finance, Fonction Publique, Management...","potentialAction":[{"@type":"SearchAction","target":{"@type":"EntryPoint","urlTemplate":"https:\/\/www.gereso.com\/actualites\/?s={search_term_string}"},"query-input":{"@type":"PropertyValueSpecification","valueRequired":true,"valueName":"search_term_string"}}],"inLanguage":"fr-FR"},{"@type":"Person","@id":"https:\/\/www.gereso.com\/actualites\/#\/schema\/person\/197d8aef40cb4ae3f6a0aa9e1d3df2a6","name":"\u00c9quipe GERESO","image":{"@type":"ImageObject","inLanguage":"fr-FR","@id":"https:\/\/www.gereso.com\/actualites\/#\/schema\/person\/image\/","url":"https:\/\/www.gereso.com\/actualites\/wp-content\/uploads\/2013\/12\/avatar-gereso-1.png","contentUrl":"https:\/\/www.gereso.com\/actualites\/wp-content\/uploads\/2013\/12\/avatar-gereso-1.png","caption":"\u00c9quipe GERESO"},"url":"https:\/\/www.gereso.com\/actualites\/author\/gereso\/"}]}},"_links":{"self":[{"href":"https:\/\/www.gereso.com\/actualites\/wp-json\/wp\/v2\/posts\/26992","targetHints":{"allow":["GET"]}}],"collection":[{"href":"https:\/\/www.gereso.com\/actualites\/wp-json\/wp\/v2\/posts"}],"about":[{"href":"https:\/\/www.gereso.com\/actualites\/wp-json\/wp\/v2\/types\/post"}],"author":[{"embeddable":true,"href":"https:\/\/www.gereso.com\/actualites\/wp-json\/wp\/v2\/users\/32"}],"replies":[{"embeddable":true,"href":"https:\/\/www.gereso.com\/actualites\/wp-json\/wp\/v2\/comments?post=26992"}],"version-history":[{"count":3,"href":"https:\/\/www.gereso.com\/actualites\/wp-json\/wp\/v2\/posts\/26992\/revisions"}],"predecessor-version":[{"id":27000,"href":"https:\/\/www.gereso.com\/actualites\/wp-json\/wp\/v2\/posts\/26992\/revisions\/27000"}],"wp:attachment":[{"href":"https:\/\/www.gereso.com\/actualites\/wp-json\/wp\/v2\/media?parent=26992"}],"wp:term":[{"taxonomy":"category","embeddable":true,"href":"https:\/\/www.gereso.com\/actualites\/wp-json\/wp\/v2\/categories?post=26992"},{"taxonomy":"post_tag","embeddable":true,"href":"https:\/\/www.gereso.com\/actualites\/wp-json\/wp\/v2\/tags?post=26992"}],"curies":[{"name":"wp","href":"https:\/\/api.w.org\/{rel}","templated":true}]}}