{"id":26996,"date":"2022-04-13T12:21:58","date_gmt":"2022-04-13T10:21:58","guid":{"rendered":"https:\/\/www.gereso.com\/actualites\/?p=26996"},"modified":"2022-04-13T12:22:00","modified_gmt":"2022-04-13T10:22:00","slug":"la-declaration-des-revenus-en-ligne-a-nouveau-disponible","status":"publish","type":"post","link":"https:\/\/www.gereso.com\/actualites\/2022\/04\/13\/la-declaration-des-revenus-en-ligne-a-nouveau-disponible\/","title":{"rendered":"La d\u00e9claration des revenus en ligne \u00e0 nouveau disponible"},"content":{"rendered":"\n<p>Suite \u00e0 des <strong>erreurs de pr\u00e9-remplissage<\/strong> rep\u00e9r\u00e9es par l\u2019administration fiscale, le service des d\u00e9clarations en ligne a \u00e9t\u00e9 bloqu\u00e9 le week-end dernier. Il est d\u00e9sormais de nouveau op\u00e9rationnel depuis ce matin. Comme chaque ann\u00e9e, la d\u00e9claration doit \u00eatre d\u00e9pos\u00e9e <strong>entre la fin mai et d\u00e9but juin<\/strong> selon le lieu de r\u00e9sidence.<\/p>\n<h2><strong>Des \u00e9ch\u00e9ances en mai ou juin<\/strong><\/h2>\n<p>Comme chaque ann\u00e9e, les contribuables doivent proc\u00e9der \u00e0 la d\u00e9claration de leurs revenus en ligne. Ils doivent se connecter sur leur espace particulier sur impots.gouv.fr et d\u00e9clarer leurs revenus per\u00e7us en 2021. La date limite de t\u00e9l\u00e9d\u00e9claration est fix\u00e9e\u00a0en fonction du d\u00e9partement o\u00f9 r\u00e9side le foyer fiscal\u00a0: \u00a0<\/p>\n<ul>\n<li>Mardi <strong>24 mai<\/strong> 2022 \u00e0 23h59 pour la zone 1 (d\u00e9partements <strong>1 \u00e0 19<\/strong> et les non-r\u00e9sidents)<\/li>\n<li>Mardi <strong>31 mai<\/strong> 2022 \u00e0 23h59 pour la zone 2 (d\u00e9partements <strong>20 \u00e0 49<\/strong>)<\/li>\n<li>Mercredi <strong>8 juin<\/strong> 2022 \u00e0 23h59 pour la zone 3 (d\u00e9partements 50 au <strong>976<\/strong>).<\/li>\n<\/ul>\n<p>La d\u00e9claration en ligne est en principe obligatoire pour les foyers dont la r\u00e9sidence est \u00e9quip\u00e9e d\u2019un acc\u00e8s internet. En revanche, les contribuables qui estiment ne pas \u00eatre en mesure de la r\u00e9aliser en ligne peuvent la souscrire en <strong>version papier<\/strong>, au plus tard pour le <strong>19 mai 2022<\/strong> \u00e0 23h59, y compris pour les r\u00e9sidents fran\u00e7ais \u00e0 l\u2019\u00e9tranger.<\/p>\n<p>Les avis d\u2019imposition seront ensuite disponibles selon les situations entre le 25 juillet et le 26 ao\u00fbt 2022.<\/p>\n<h2><strong>Le service d\u00e9sormais disponible<\/strong><\/h2>\n<p>Le service de d\u00e9claration en ligne, ouvert depuis jeudi dernier a presque aussit\u00f4t \u00e9t\u00e9 rendu indisponible par l\u2019administration fiscale. Des <strong>erreurs de pr\u00e9-remplissage<\/strong> ont en effet \u00e9t\u00e9 rep\u00e9r\u00e9es au sujet des traitements et salaires per\u00e7us par les agents des 3 <strong>fonctions publiques<\/strong> ayant r\u00e9alis\u00e9 des <strong>heures suppl\u00e9mentaires<\/strong> en 2021.<\/p>\n<p>Dans un <a href=\"https:\/\/www.impots.gouv.fr\/sites\/default\/files\/media\/cabcom\/presse\/cp_reouverture_declaration_en_ligne_le_e%20lundi_11_avril_v2.pdf\">communiqu\u00e9 de presse<\/a>, l\u2019administration fiscale invite les agents concern\u00e9s \u00e0 <strong>v\u00e9rifier les sommes pr\u00e9remplies<\/strong> par rapport \u00e0 l\u2019attestation annuelle d\u00e9livr\u00e9e par leur employeur ou avec leur bulletin de paye de d\u00e9cembre 2021 (cumul net imposable). Les sommes concern\u00e9es figurent dans les cases 1AJ et\/ou 1BJ et les heures suppl\u00e9mentaires exon\u00e9r\u00e9es dans les cases 1GH et\/ou 1HH. Une <strong>lettre d\u2019explication<\/strong> individualis\u00e9e sera envoy\u00e9e pour chaque agent concern\u00e9.<\/p>\n<p>Le service de d\u00e9claration en ligne est de nouveau disponible depuis ce d\u00e9but de semaine.<\/p>\n","protected":false},"excerpt":{"rendered":"<p>Suite \u00e0 des erreurs de pr\u00e9-remplissage rep\u00e9r\u00e9es par l\u2019administration fiscale, le service des d\u00e9clarations en ligne a \u00e9t\u00e9 bloqu\u00e9 le week-end dernier. Il est d\u00e9sormais de nouveau op\u00e9rationnel depuis ce matin. Comme chaque ann\u00e9e, la d\u00e9claration doit \u00eatre d\u00e9pos\u00e9e entre la fin mai et d\u00e9but juin selon le lieu de r\u00e9sidence. Des \u00e9ch\u00e9ances en mai [&hellip;]<\/p>\n","protected":false},"author":45,"featured_media":0,"comment_status":"open","ping_status":"open","sticky":false,"template":"","format":"quote","meta":{"_acf_changed":false,"_mi_skip_tracking":false,"footnotes":""},"categories":[1],"tags":[1441,1039],"class_list":["post-26996","post","type-post","status-publish","format-quote","hentry","category-non-classe","tag-declaration-des-revenus","tag-impot-sur-le-revenu","post_format-post-format-quote"],"acf":[],"yoast_head":"<!-- This site is optimized with the Yoast SEO plugin v23.4 - https:\/\/yoast.com\/wordpress\/plugins\/seo\/ -->\n<title>La d\u00e9claration des revenus en ligne \u00e0 nouveau disponible - Le Blog GERESO<\/title>\n<meta name=\"robots\" content=\"index, follow, max-snippet:-1, max-image-preview:large, max-video-preview:-1\" \/>\n<link rel=\"canonical\" href=\"https:\/\/www.gereso.com\/actualites\/2022\/04\/13\/la-declaration-des-revenus-en-ligne-a-nouveau-disponible\/\" \/>\n<meta property=\"og:locale\" content=\"fr_FR\" \/>\n<meta property=\"og:type\" content=\"article\" \/>\n<meta property=\"og:title\" content=\"La d\u00e9claration des revenus en ligne \u00e0 nouveau disponible - Le Blog GERESO\" \/>\n<meta property=\"og:description\" content=\"Suite \u00e0 des erreurs de pr\u00e9-remplissage rep\u00e9r\u00e9es par l\u2019administration fiscale, le service des d\u00e9clarations en ligne a \u00e9t\u00e9 bloqu\u00e9 le week-end dernier. Il est d\u00e9sormais de nouveau op\u00e9rationnel depuis ce matin. Comme chaque ann\u00e9e, la d\u00e9claration doit \u00eatre d\u00e9pos\u00e9e entre la fin mai et d\u00e9but juin selon le lieu de r\u00e9sidence. Des \u00e9ch\u00e9ances en mai [&hellip;]\" \/>\n<meta property=\"og:url\" content=\"https:\/\/www.gereso.com\/actualites\/2022\/04\/13\/la-declaration-des-revenus-en-ligne-a-nouveau-disponible\/\" \/>\n<meta property=\"og:site_name\" content=\"Le Blog GERESO\" \/>\n<meta property=\"article:published_time\" content=\"2022-04-13T10:21:58+00:00\" \/>\n<meta property=\"article:modified_time\" content=\"2022-04-13T10:22:00+00:00\" \/>\n<meta name=\"author\" content=\"Damien P\u00e9an\" \/>\n<meta name=\"twitter:card\" content=\"summary_large_image\" \/>\n<script type=\"application\/ld+json\" class=\"yoast-schema-graph\">{\"@context\":\"https:\/\/schema.org\",\"@graph\":[{\"@type\":\"WebPage\",\"@id\":\"https:\/\/www.gereso.com\/actualites\/2022\/04\/13\/la-declaration-des-revenus-en-ligne-a-nouveau-disponible\/\",\"url\":\"https:\/\/www.gereso.com\/actualites\/2022\/04\/13\/la-declaration-des-revenus-en-ligne-a-nouveau-disponible\/\",\"name\":\"La d\u00e9claration des revenus en ligne \u00e0 nouveau disponible - Le Blog GERESO\",\"isPartOf\":{\"@id\":\"https:\/\/www.gereso.com\/actualites\/#website\"},\"datePublished\":\"2022-04-13T10:21:58+00:00\",\"dateModified\":\"2022-04-13T10:22:00+00:00\",\"author\":{\"@id\":\"https:\/\/www.gereso.com\/actualites\/#\/schema\/person\/c91814f92d627ed4715993fbbf7c7e8d\"},\"breadcrumb\":{\"@id\":\"https:\/\/www.gereso.com\/actualites\/2022\/04\/13\/la-declaration-des-revenus-en-ligne-a-nouveau-disponible\/#breadcrumb\"},\"inLanguage\":\"fr-FR\",\"potentialAction\":[{\"@type\":\"ReadAction\",\"target\":[\"https:\/\/www.gereso.com\/actualites\/2022\/04\/13\/la-declaration-des-revenus-en-ligne-a-nouveau-disponible\/\"]}]},{\"@type\":\"BreadcrumbList\",\"@id\":\"https:\/\/www.gereso.com\/actualites\/2022\/04\/13\/la-declaration-des-revenus-en-ligne-a-nouveau-disponible\/#breadcrumb\",\"itemListElement\":[{\"@type\":\"ListItem\",\"position\":1,\"name\":\"Home\",\"item\":\"https:\/\/www.gereso.com\/actualites\/\"},{\"@type\":\"ListItem\",\"position\":2,\"name\":\"La d\u00e9claration des revenus en ligne \u00e0 nouveau disponible\"}]},{\"@type\":\"WebSite\",\"@id\":\"https:\/\/www.gereso.com\/actualites\/#website\",\"url\":\"https:\/\/www.gereso.com\/actualites\/\",\"name\":\"Le Blog GERESO\",\"description\":\"Toute l&#039;actu RH, Finance, Fonction Publique, Management...\",\"potentialAction\":[{\"@type\":\"SearchAction\",\"target\":{\"@type\":\"EntryPoint\",\"urlTemplate\":\"https:\/\/www.gereso.com\/actualites\/?s={search_term_string}\"},\"query-input\":{\"@type\":\"PropertyValueSpecification\",\"valueRequired\":true,\"valueName\":\"search_term_string\"}}],\"inLanguage\":\"fr-FR\"},{\"@type\":\"Person\",\"@id\":\"https:\/\/www.gereso.com\/actualites\/#\/schema\/person\/c91814f92d627ed4715993fbbf7c7e8d\",\"name\":\"Damien P\u00e9an\",\"image\":{\"@type\":\"ImageObject\",\"inLanguage\":\"fr-FR\",\"@id\":\"https:\/\/www.gereso.com\/actualites\/#\/schema\/person\/image\/\",\"url\":\"https:\/\/www.gereso.com\/actualites\/wp-content\/uploads\/2016\/03\/damien-pean.jpg\",\"contentUrl\":\"https:\/\/www.gereso.com\/actualites\/wp-content\/uploads\/2016\/03\/damien-pean.jpg\",\"caption\":\"Damien P\u00e9an\"},\"description\":\"Damien P\u00c9AN est titulaire du Dipl\u00f4me d'\u00e9tudes sup\u00e9rieures comptables et financi\u00e8res (DESCF). Il intervient depuis plusieurs ann\u00e9es aupr\u00e8s d'\u00e9tudiants en licence de comptabilit\u00e9 et de gestion, \u00e0 qui il enseigne le contr\u00f4le de gestion, la comptabilit\u00e9 approfondie, le management, la fiscalit\u00e9, le droit des soci\u00e9t\u00e9s et le droit du travail. Il intervient \u00e9galement en formation continue pour le compte de divers organismes de formation sur des th\u00e9matiques techniques en comptabilit\u00e9 et fiscalit\u00e9. Il forme aussi un public de non-initi\u00e9s aux fondamentaux de la finance.\",\"url\":\"https:\/\/www.gereso.com\/actualites\/author\/d-pean\/\"}]}<\/script>\n<!-- \/ Yoast SEO plugin. -->","yoast_head_json":{"title":"La d\u00e9claration des revenus en ligne \u00e0 nouveau disponible - Le Blog GERESO","robots":{"index":"index","follow":"follow","max-snippet":"max-snippet:-1","max-image-preview":"max-image-preview:large","max-video-preview":"max-video-preview:-1"},"canonical":"https:\/\/www.gereso.com\/actualites\/2022\/04\/13\/la-declaration-des-revenus-en-ligne-a-nouveau-disponible\/","og_locale":"fr_FR","og_type":"article","og_title":"La d\u00e9claration des revenus en ligne \u00e0 nouveau disponible - Le Blog GERESO","og_description":"Suite \u00e0 des erreurs de pr\u00e9-remplissage rep\u00e9r\u00e9es par l\u2019administration fiscale, le service des d\u00e9clarations en ligne a \u00e9t\u00e9 bloqu\u00e9 le week-end dernier. Il est d\u00e9sormais de nouveau op\u00e9rationnel depuis ce matin. Comme chaque ann\u00e9e, la d\u00e9claration doit \u00eatre d\u00e9pos\u00e9e entre la fin mai et d\u00e9but juin selon le lieu de r\u00e9sidence. Des \u00e9ch\u00e9ances en mai [&hellip;]","og_url":"https:\/\/www.gereso.com\/actualites\/2022\/04\/13\/la-declaration-des-revenus-en-ligne-a-nouveau-disponible\/","og_site_name":"Le Blog GERESO","article_published_time":"2022-04-13T10:21:58+00:00","article_modified_time":"2022-04-13T10:22:00+00:00","author":"Damien P\u00e9an","twitter_card":"summary_large_image","schema":{"@context":"https:\/\/schema.org","@graph":[{"@type":"WebPage","@id":"https:\/\/www.gereso.com\/actualites\/2022\/04\/13\/la-declaration-des-revenus-en-ligne-a-nouveau-disponible\/","url":"https:\/\/www.gereso.com\/actualites\/2022\/04\/13\/la-declaration-des-revenus-en-ligne-a-nouveau-disponible\/","name":"La d\u00e9claration des revenus en ligne \u00e0 nouveau disponible - Le Blog GERESO","isPartOf":{"@id":"https:\/\/www.gereso.com\/actualites\/#website"},"datePublished":"2022-04-13T10:21:58+00:00","dateModified":"2022-04-13T10:22:00+00:00","author":{"@id":"https:\/\/www.gereso.com\/actualites\/#\/schema\/person\/c91814f92d627ed4715993fbbf7c7e8d"},"breadcrumb":{"@id":"https:\/\/www.gereso.com\/actualites\/2022\/04\/13\/la-declaration-des-revenus-en-ligne-a-nouveau-disponible\/#breadcrumb"},"inLanguage":"fr-FR","potentialAction":[{"@type":"ReadAction","target":["https:\/\/www.gereso.com\/actualites\/2022\/04\/13\/la-declaration-des-revenus-en-ligne-a-nouveau-disponible\/"]}]},{"@type":"BreadcrumbList","@id":"https:\/\/www.gereso.com\/actualites\/2022\/04\/13\/la-declaration-des-revenus-en-ligne-a-nouveau-disponible\/#breadcrumb","itemListElement":[{"@type":"ListItem","position":1,"name":"Home","item":"https:\/\/www.gereso.com\/actualites\/"},{"@type":"ListItem","position":2,"name":"La d\u00e9claration des revenus en ligne \u00e0 nouveau disponible"}]},{"@type":"WebSite","@id":"https:\/\/www.gereso.com\/actualites\/#website","url":"https:\/\/www.gereso.com\/actualites\/","name":"Le Blog GERESO","description":"Toute l&#039;actu RH, Finance, Fonction Publique, Management...","potentialAction":[{"@type":"SearchAction","target":{"@type":"EntryPoint","urlTemplate":"https:\/\/www.gereso.com\/actualites\/?s={search_term_string}"},"query-input":{"@type":"PropertyValueSpecification","valueRequired":true,"valueName":"search_term_string"}}],"inLanguage":"fr-FR"},{"@type":"Person","@id":"https:\/\/www.gereso.com\/actualites\/#\/schema\/person\/c91814f92d627ed4715993fbbf7c7e8d","name":"Damien P\u00e9an","image":{"@type":"ImageObject","inLanguage":"fr-FR","@id":"https:\/\/www.gereso.com\/actualites\/#\/schema\/person\/image\/","url":"https:\/\/www.gereso.com\/actualites\/wp-content\/uploads\/2016\/03\/damien-pean.jpg","contentUrl":"https:\/\/www.gereso.com\/actualites\/wp-content\/uploads\/2016\/03\/damien-pean.jpg","caption":"Damien P\u00e9an"},"description":"Damien P\u00c9AN est titulaire du Dipl\u00f4me d'\u00e9tudes sup\u00e9rieures comptables et financi\u00e8res (DESCF). Il intervient depuis plusieurs ann\u00e9es aupr\u00e8s d'\u00e9tudiants en licence de comptabilit\u00e9 et de gestion, \u00e0 qui il enseigne le contr\u00f4le de gestion, la comptabilit\u00e9 approfondie, le management, la fiscalit\u00e9, le droit des soci\u00e9t\u00e9s et le droit du travail. Il intervient \u00e9galement en formation continue pour le compte de divers organismes de formation sur des th\u00e9matiques techniques en comptabilit\u00e9 et fiscalit\u00e9. Il forme aussi un public de non-initi\u00e9s aux fondamentaux de la finance.","url":"https:\/\/www.gereso.com\/actualites\/author\/d-pean\/"}]}},"_links":{"self":[{"href":"https:\/\/www.gereso.com\/actualites\/wp-json\/wp\/v2\/posts\/26996","targetHints":{"allow":["GET"]}}],"collection":[{"href":"https:\/\/www.gereso.com\/actualites\/wp-json\/wp\/v2\/posts"}],"about":[{"href":"https:\/\/www.gereso.com\/actualites\/wp-json\/wp\/v2\/types\/post"}],"author":[{"embeddable":true,"href":"https:\/\/www.gereso.com\/actualites\/wp-json\/wp\/v2\/users\/45"}],"replies":[{"embeddable":true,"href":"https:\/\/www.gereso.com\/actualites\/wp-json\/wp\/v2\/comments?post=26996"}],"version-history":[{"count":1,"href":"https:\/\/www.gereso.com\/actualites\/wp-json\/wp\/v2\/posts\/26996\/revisions"}],"predecessor-version":[{"id":26997,"href":"https:\/\/www.gereso.com\/actualites\/wp-json\/wp\/v2\/posts\/26996\/revisions\/26997"}],"wp:attachment":[{"href":"https:\/\/www.gereso.com\/actualites\/wp-json\/wp\/v2\/media?parent=26996"}],"wp:term":[{"taxonomy":"category","embeddable":true,"href":"https:\/\/www.gereso.com\/actualites\/wp-json\/wp\/v2\/categories?post=26996"},{"taxonomy":"post_tag","embeddable":true,"href":"https:\/\/www.gereso.com\/actualites\/wp-json\/wp\/v2\/tags?post=26996"}],"curies":[{"name":"wp","href":"https:\/\/api.w.org\/{rel}","templated":true}]}}