{"id":27029,"date":"2022-04-13T14:27:27","date_gmt":"2022-04-13T12:27:27","guid":{"rendered":"https:\/\/www.gereso.com\/actualites\/?p=27029"},"modified":"2022-04-13T14:27:29","modified_gmt":"2022-04-13T12:27:29","slug":"prime-depend-activite-salarie-acquiert-prorata-temporis","status":"publish","type":"post","link":"https:\/\/www.gereso.com\/actualites\/2022\/04\/13\/prime-depend-activite-salarie-acquiert-prorata-temporis\/","title":{"rendered":"Une prime qui d\u00e9pend de l&rsquo;activit\u00e9 du salari\u00e9 s&rsquo;acquiert prorata temporis"},"content":{"rendered":"\n\n\n<p>Les primes qui constituent la partie variable de la r\u00e9mun\u00e9ration d\u2019une salari\u00e9e, lui \u00e9tant vers\u00e9es en contrepartie de son activit\u00e9, lui sont acquises au prorata de son temps de pr\u00e9sence dans l\u2019entreprise au cours  de l\u2019exercice. D\u00e8s lors, si le salari\u00e9 quitte l\u2019entreprise en cours d\u2019exercice, cette prime doit lui \u00eatre vers\u00e9e prorata temporis. C\u2019est le principe que vient de rappeler la Cour de cassation au sujet d\u2019une prime d\u2019objectifs, dans une affaire jug\u00e9e le 9 f\u00e9vrier 2022.<\/p>\n\n\n\n<h2 style=\"color: #d10016\"><strong>Une salari\u00e9e conteste la proratisation de sa prime d\u2019objectifs l\u2019ann\u00e9e de son d\u00e9part<\/strong><\/h2>\n\n\n\n<p>Une salari\u00e9e avait \u00e9t\u00e9 embauch\u00e9e le 4 mai 2015 en tant que directrice g\u00e9n\u00e9rale d\u2019une entreprise d\u2019\u00e9pice-rie fine. \u00c0 la suite de son licenciement pour faute grave le 25 novembre 2016, elle avait saisi la juridiction prud\u2019homale de diverses demandes.<\/p>\n\n\n\n<p>La salari\u00e9e r\u00e9clamait notamment un rappel de salaire au titre de la prime d\u2019objectif pr\u00e9vue \u00e0 son contrat de travail. Le montant de la prime \u00e9tait fix\u00e9 \u00e0 7 % du r\u00e9sultat op\u00e9rationnel courant et, en tout \u00e9tat de cause, plafonn\u00e9 \u00e0 30 000 \u20ac.<\/p>\n\n\n\n<p>\u00c0 son d\u00e9part de l\u2019entreprise, la salari\u00e9e avait per\u00e7u la prime d\u2019objectif 2016 calcul\u00e9e en fonction de son temps de pr\u00e9sence dans l\u2019entreprise au cours de l\u2019ann\u00e9e civile, soit 10 mois sur 12, repr\u00e9sentant une somme globale de 25000 \u20ac brut.<\/p>\n\n\n\n<p>Pour justifier ce prorata, l\u2019argumentaire de la soci\u00e9t\u00e9 \u00e9tait simple&nbsp;: le contrat de travail avait pr\u00e9vu une proratisation de la prime sur objectifs au titre de l&rsquo;ann\u00e9e 2015, ann\u00e9e d&#8217;embauche de la salari\u00e9e. Il s\u2019en d\u00e9duisait que la prime devait \u00e9galement \u00eatre proratis\u00e9e en cas de d\u00e9part de la salari\u00e9e en cours d&rsquo;ann\u00e9e.<\/p>\n\n\n\n<p>Une proratisation que la salari\u00e9e contestait, estimant que celle-ci \u00e9tait pr\u00e9vue au contrat pour l&rsquo;ann\u00e9e 2015 seulement, au regard de son embauche \u00e0 compter du 4 mai 2015, mais non pour les ann\u00e9es suivantes. Elle faisait \u00e9galement valoir qu\u2019en 2016, elle avait d\u00e9-pass\u00e9 son objectif d\u00e8s le mois de septembre, le chiffre d&rsquo;affaires de la soci\u00e9t\u00e9 ayant doubl\u00e9 en un an, passant de 2,3 millions \u00e0 4 millions d&rsquo;euros en 2016, au-del\u00e0 de l&rsquo;objectif fix\u00e9 par l&#8217;employeur.<\/p>\n\n\n\n<h2 style=\"color: #d10016\"><strong>Pas besoin de mention contractuelle pour proratiser la prime d\u2019objectifs en cas de d\u00e9part en cours d\u2019ann\u00e9e<\/strong><\/h2>\n\n\n\n<p>Les juges d\u2019appel avaient donn\u00e9 gain de cause \u00e0 la salari\u00e9e. Ils avaient consid\u00e9r\u00e9 qu&rsquo;aucun des \u00e9l\u00e9ments vers\u00e9s aux d\u00e9bats ne permettait d\u2019\u00e9tablir que les parties, en cas de d\u00e9part de la salari\u00e9e en cours d&rsquo;ann\u00e9e, entendaient calculer la prime au prorata des mois de pr\u00e9sence dans l&rsquo;entreprise si l&rsquo;objectif fix\u00e9 \u00e9tait atteint au jour du d\u00e9part. Par cons\u00e9quent, ils avaient condamn\u00e9 l\u2019employeur au paiement d&rsquo;un solde de prime sur objectifs de 5 000 \u20ac pour l&rsquo;ann\u00e9e 2016.<\/p>\n\n\n\n<p>Un raisonnement invalid\u00e9 par la Cour de cassation, qui rappelle que lorsqu&rsquo;une prime constitue la partie variable de la r\u00e9mun\u00e9ration vers\u00e9e au salari\u00e9 en contrepartie de son activit\u00e9, elle s&rsquo;acquiert au prorata du temps de pr\u00e9sence du salari\u00e9 dans l&rsquo;entreprise au cours de l&rsquo;exercice.<\/p>\n\n\n\n<p>D\u00e8s lors, dans la mesure o\u00f9 les juges du fond avaient constat\u00e9 que la salari\u00e9e avait quitt\u00e9 l&rsquo;entreprise le 25 novembre 2016, ils auraient d\u00fb en d\u00e9duire que la prime annuelle sur objectif de l&rsquo;ann\u00e9e 2016 n&rsquo;\u00e9tait due qu&rsquo;en proportion du temps de pr\u00e9sence de la salari\u00e9e au cours de cet exercice.<\/p>\n\n\n\n<p>L\u2019affaire est donc renvoy\u00e9e devant de nouveaux juges qui devront r\u00e9examiner ce point.<\/p>\n\n\n\n<p><em>Cass. soc. 9 f\u00e9vrier 2022, n\u00b0 20-12611 FD<\/em><\/p>\n","protected":false},"excerpt":{"rendered":"<p>Les primes qui constituent la partie variable de la r\u00e9mun\u00e9ration d\u2019une salari\u00e9e, lui \u00e9tant vers\u00e9es en contrepartie de son activit\u00e9, lui sont acquises au prorata de son temps de pr\u00e9sence dans l\u2019entreprise au cours de l\u2019exercice. D\u00e8s lors, si le salari\u00e9 quitte l\u2019entreprise en cours d\u2019exercice, cette prime doit lui \u00eatre vers\u00e9e prorata temporis. C\u2019est [&hellip;]<\/p>\n","protected":false},"author":32,"featured_media":0,"comment_status":"open","ping_status":"open","sticky":false,"template":"","format":"quote","meta":{"_acf_changed":false,"_mi_skip_tracking":false,"footnotes":""},"categories":[12,8],"tags":[],"class_list":["post-27029","post","type-post","status-publish","format-quote","hentry","category-actualites","category-paie-et-administration-du-personnel","post_format-post-format-quote"],"acf":[],"yoast_head":"<!-- This site is optimized with the Yoast SEO plugin v23.4 - https:\/\/yoast.com\/wordpress\/plugins\/seo\/ -->\n<title>Une prime qui d\u00e9pend de l&#039;activit\u00e9 du salari\u00e9 s&#039;acquiert prorata temporis - Le Blog GERESO<\/title>\n<meta name=\"robots\" content=\"index, follow, max-snippet:-1, max-image-preview:large, max-video-preview:-1\" \/>\n<link rel=\"canonical\" href=\"https:\/\/www.gereso.com\/actualites\/2022\/04\/13\/prime-depend-activite-salarie-acquiert-prorata-temporis\/\" \/>\n<meta property=\"og:locale\" content=\"fr_FR\" \/>\n<meta property=\"og:type\" content=\"article\" \/>\n<meta property=\"og:title\" content=\"Une prime qui d\u00e9pend de l&#039;activit\u00e9 du salari\u00e9 s&#039;acquiert prorata temporis - Le Blog GERESO\" \/>\n<meta property=\"og:description\" content=\"Les primes qui constituent la partie variable de la r\u00e9mun\u00e9ration d\u2019une salari\u00e9e, lui \u00e9tant vers\u00e9es en contrepartie de son activit\u00e9, lui sont acquises au prorata de son temps de pr\u00e9sence dans l\u2019entreprise au cours de l\u2019exercice. D\u00e8s lors, si le salari\u00e9 quitte l\u2019entreprise en cours d\u2019exercice, cette prime doit lui \u00eatre vers\u00e9e prorata temporis. C\u2019est [&hellip;]\" \/>\n<meta property=\"og:url\" content=\"https:\/\/www.gereso.com\/actualites\/2022\/04\/13\/prime-depend-activite-salarie-acquiert-prorata-temporis\/\" \/>\n<meta property=\"og:site_name\" content=\"Le Blog GERESO\" \/>\n<meta property=\"article:published_time\" content=\"2022-04-13T12:27:27+00:00\" \/>\n<meta property=\"article:modified_time\" content=\"2022-04-13T12:27:29+00:00\" \/>\n<meta name=\"author\" content=\"\u00c9quipe GERESO\" \/>\n<meta name=\"twitter:card\" content=\"summary_large_image\" \/>\n<script type=\"application\/ld+json\" class=\"yoast-schema-graph\">{\"@context\":\"https:\/\/schema.org\",\"@graph\":[{\"@type\":\"WebPage\",\"@id\":\"https:\/\/www.gereso.com\/actualites\/2022\/04\/13\/prime-depend-activite-salarie-acquiert-prorata-temporis\/\",\"url\":\"https:\/\/www.gereso.com\/actualites\/2022\/04\/13\/prime-depend-activite-salarie-acquiert-prorata-temporis\/\",\"name\":\"Une prime qui d\u00e9pend de l'activit\u00e9 du salari\u00e9 s'acquiert prorata temporis - Le Blog GERESO\",\"isPartOf\":{\"@id\":\"https:\/\/www.gereso.com\/actualites\/#website\"},\"datePublished\":\"2022-04-13T12:27:27+00:00\",\"dateModified\":\"2022-04-13T12:27:29+00:00\",\"author\":{\"@id\":\"https:\/\/www.gereso.com\/actualites\/#\/schema\/person\/197d8aef40cb4ae3f6a0aa9e1d3df2a6\"},\"breadcrumb\":{\"@id\":\"https:\/\/www.gereso.com\/actualites\/2022\/04\/13\/prime-depend-activite-salarie-acquiert-prorata-temporis\/#breadcrumb\"},\"inLanguage\":\"fr-FR\",\"potentialAction\":[{\"@type\":\"ReadAction\",\"target\":[\"https:\/\/www.gereso.com\/actualites\/2022\/04\/13\/prime-depend-activite-salarie-acquiert-prorata-temporis\/\"]}]},{\"@type\":\"BreadcrumbList\",\"@id\":\"https:\/\/www.gereso.com\/actualites\/2022\/04\/13\/prime-depend-activite-salarie-acquiert-prorata-temporis\/#breadcrumb\",\"itemListElement\":[{\"@type\":\"ListItem\",\"position\":1,\"name\":\"Home\",\"item\":\"https:\/\/www.gereso.com\/actualites\/\"},{\"@type\":\"ListItem\",\"position\":2,\"name\":\"Une prime qui d\u00e9pend de l&rsquo;activit\u00e9 du salari\u00e9 s&rsquo;acquiert prorata temporis\"}]},{\"@type\":\"WebSite\",\"@id\":\"https:\/\/www.gereso.com\/actualites\/#website\",\"url\":\"https:\/\/www.gereso.com\/actualites\/\",\"name\":\"Le Blog GERESO\",\"description\":\"Toute l&#039;actu RH, Finance, Fonction Publique, Management...\",\"potentialAction\":[{\"@type\":\"SearchAction\",\"target\":{\"@type\":\"EntryPoint\",\"urlTemplate\":\"https:\/\/www.gereso.com\/actualites\/?s={search_term_string}\"},\"query-input\":{\"@type\":\"PropertyValueSpecification\",\"valueRequired\":true,\"valueName\":\"search_term_string\"}}],\"inLanguage\":\"fr-FR\"},{\"@type\":\"Person\",\"@id\":\"https:\/\/www.gereso.com\/actualites\/#\/schema\/person\/197d8aef40cb4ae3f6a0aa9e1d3df2a6\",\"name\":\"\u00c9quipe GERESO\",\"image\":{\"@type\":\"ImageObject\",\"inLanguage\":\"fr-FR\",\"@id\":\"https:\/\/www.gereso.com\/actualites\/#\/schema\/person\/image\/\",\"url\":\"https:\/\/www.gereso.com\/actualites\/wp-content\/uploads\/2013\/12\/avatar-gereso-1.png\",\"contentUrl\":\"https:\/\/www.gereso.com\/actualites\/wp-content\/uploads\/2013\/12\/avatar-gereso-1.png\",\"caption\":\"\u00c9quipe GERESO\"},\"url\":\"https:\/\/www.gereso.com\/actualites\/author\/gereso\/\"}]}<\/script>\n<!-- \/ Yoast SEO plugin. -->","yoast_head_json":{"title":"Une prime qui d\u00e9pend de l'activit\u00e9 du salari\u00e9 s'acquiert prorata temporis - Le Blog GERESO","robots":{"index":"index","follow":"follow","max-snippet":"max-snippet:-1","max-image-preview":"max-image-preview:large","max-video-preview":"max-video-preview:-1"},"canonical":"https:\/\/www.gereso.com\/actualites\/2022\/04\/13\/prime-depend-activite-salarie-acquiert-prorata-temporis\/","og_locale":"fr_FR","og_type":"article","og_title":"Une prime qui d\u00e9pend de l'activit\u00e9 du salari\u00e9 s'acquiert prorata temporis - Le Blog GERESO","og_description":"Les primes qui constituent la partie variable de la r\u00e9mun\u00e9ration d\u2019une salari\u00e9e, lui \u00e9tant vers\u00e9es en contrepartie de son activit\u00e9, lui sont acquises au prorata de son temps de pr\u00e9sence dans l\u2019entreprise au cours de l\u2019exercice. D\u00e8s lors, si le salari\u00e9 quitte l\u2019entreprise en cours d\u2019exercice, cette prime doit lui \u00eatre vers\u00e9e prorata temporis. C\u2019est [&hellip;]","og_url":"https:\/\/www.gereso.com\/actualites\/2022\/04\/13\/prime-depend-activite-salarie-acquiert-prorata-temporis\/","og_site_name":"Le Blog GERESO","article_published_time":"2022-04-13T12:27:27+00:00","article_modified_time":"2022-04-13T12:27:29+00:00","author":"\u00c9quipe GERESO","twitter_card":"summary_large_image","schema":{"@context":"https:\/\/schema.org","@graph":[{"@type":"WebPage","@id":"https:\/\/www.gereso.com\/actualites\/2022\/04\/13\/prime-depend-activite-salarie-acquiert-prorata-temporis\/","url":"https:\/\/www.gereso.com\/actualites\/2022\/04\/13\/prime-depend-activite-salarie-acquiert-prorata-temporis\/","name":"Une prime qui d\u00e9pend de l'activit\u00e9 du salari\u00e9 s'acquiert prorata temporis - Le Blog GERESO","isPartOf":{"@id":"https:\/\/www.gereso.com\/actualites\/#website"},"datePublished":"2022-04-13T12:27:27+00:00","dateModified":"2022-04-13T12:27:29+00:00","author":{"@id":"https:\/\/www.gereso.com\/actualites\/#\/schema\/person\/197d8aef40cb4ae3f6a0aa9e1d3df2a6"},"breadcrumb":{"@id":"https:\/\/www.gereso.com\/actualites\/2022\/04\/13\/prime-depend-activite-salarie-acquiert-prorata-temporis\/#breadcrumb"},"inLanguage":"fr-FR","potentialAction":[{"@type":"ReadAction","target":["https:\/\/www.gereso.com\/actualites\/2022\/04\/13\/prime-depend-activite-salarie-acquiert-prorata-temporis\/"]}]},{"@type":"BreadcrumbList","@id":"https:\/\/www.gereso.com\/actualites\/2022\/04\/13\/prime-depend-activite-salarie-acquiert-prorata-temporis\/#breadcrumb","itemListElement":[{"@type":"ListItem","position":1,"name":"Home","item":"https:\/\/www.gereso.com\/actualites\/"},{"@type":"ListItem","position":2,"name":"Une prime qui d\u00e9pend de l&rsquo;activit\u00e9 du salari\u00e9 s&rsquo;acquiert prorata temporis"}]},{"@type":"WebSite","@id":"https:\/\/www.gereso.com\/actualites\/#website","url":"https:\/\/www.gereso.com\/actualites\/","name":"Le Blog GERESO","description":"Toute l&#039;actu RH, Finance, Fonction Publique, Management...","potentialAction":[{"@type":"SearchAction","target":{"@type":"EntryPoint","urlTemplate":"https:\/\/www.gereso.com\/actualites\/?s={search_term_string}"},"query-input":{"@type":"PropertyValueSpecification","valueRequired":true,"valueName":"search_term_string"}}],"inLanguage":"fr-FR"},{"@type":"Person","@id":"https:\/\/www.gereso.com\/actualites\/#\/schema\/person\/197d8aef40cb4ae3f6a0aa9e1d3df2a6","name":"\u00c9quipe GERESO","image":{"@type":"ImageObject","inLanguage":"fr-FR","@id":"https:\/\/www.gereso.com\/actualites\/#\/schema\/person\/image\/","url":"https:\/\/www.gereso.com\/actualites\/wp-content\/uploads\/2013\/12\/avatar-gereso-1.png","contentUrl":"https:\/\/www.gereso.com\/actualites\/wp-content\/uploads\/2013\/12\/avatar-gereso-1.png","caption":"\u00c9quipe GERESO"},"url":"https:\/\/www.gereso.com\/actualites\/author\/gereso\/"}]}},"_links":{"self":[{"href":"https:\/\/www.gereso.com\/actualites\/wp-json\/wp\/v2\/posts\/27029","targetHints":{"allow":["GET"]}}],"collection":[{"href":"https:\/\/www.gereso.com\/actualites\/wp-json\/wp\/v2\/posts"}],"about":[{"href":"https:\/\/www.gereso.com\/actualites\/wp-json\/wp\/v2\/types\/post"}],"author":[{"embeddable":true,"href":"https:\/\/www.gereso.com\/actualites\/wp-json\/wp\/v2\/users\/32"}],"replies":[{"embeddable":true,"href":"https:\/\/www.gereso.com\/actualites\/wp-json\/wp\/v2\/comments?post=27029"}],"version-history":[{"count":10,"href":"https:\/\/www.gereso.com\/actualites\/wp-json\/wp\/v2\/posts\/27029\/revisions"}],"predecessor-version":[{"id":27039,"href":"https:\/\/www.gereso.com\/actualites\/wp-json\/wp\/v2\/posts\/27029\/revisions\/27039"}],"wp:attachment":[{"href":"https:\/\/www.gereso.com\/actualites\/wp-json\/wp\/v2\/media?parent=27029"}],"wp:term":[{"taxonomy":"category","embeddable":true,"href":"https:\/\/www.gereso.com\/actualites\/wp-json\/wp\/v2\/categories?post=27029"},{"taxonomy":"post_tag","embeddable":true,"href":"https:\/\/www.gereso.com\/actualites\/wp-json\/wp\/v2\/tags?post=27029"}],"curies":[{"name":"wp","href":"https:\/\/api.w.org\/{rel}","templated":true}]}}