{"id":27146,"date":"2022-04-15T09:24:44","date_gmt":"2022-04-15T07:24:44","guid":{"rendered":"https:\/\/www.gereso.com\/actualites\/?p=27146"},"modified":"2022-04-15T09:24:47","modified_gmt":"2022-04-15T07:24:47","slug":"mesure-de-suspension-dun-agent-en-conge-de-maladie-qui-ne-satisfait-pas-a-lobligation-vaccinale-contre-la-covid-19-nentre-en-vigueur-quau-terme-dudit-conge","status":"publish","type":"post","link":"https:\/\/www.gereso.com\/actualites\/2022\/04\/15\/mesure-de-suspension-dun-agent-en-conge-de-maladie-qui-ne-satisfait-pas-a-lobligation-vaccinale-contre-la-covid-19-nentre-en-vigueur-quau-terme-dudit-conge\/","title":{"rendered":"Une mesure de suspension d&rsquo;un agent en cong\u00e9 de maladie qui ne satisfait pas \u00e0 l&rsquo;obligation vaccinale contre la Covid-19 n&rsquo;entre en vigueur qu&rsquo;au terme dudit cong\u00e9"},"content":{"rendered":"\n\n\n<p>Il r\u00e9sulte des dispositions de l&rsquo;article 41 de la loi du 9 janvier 1986 portant dispositions statutaires relatives \u00e0 la fonction publique hospitali\u00e8re, du I de l&rsquo;article 12 de la loi du 5 ao\u00fbt 2021 relative \u00e0 la gestion de la crise sanitaire et du III de l&rsquo;article 14 de cette m\u00eame loi que, si le directeur d&rsquo;un \u00e9tablissement de sant\u00e9 public peut l\u00e9galement prendre une mesure de sus-pension \u00e0 l&rsquo;\u00e9gard d&rsquo;un agent qui ne satisfait pas \u00e0 l&rsquo;obligation vaccinale contre la Covid-19 alors que cet agent est d\u00e9j\u00e0 en cong\u00e9 de maladie, cette mesure et la suspension de traitement qui lui est associ\u00e9e ne peuvent toutefois entrer en vigueur qu&rsquo;\u00e0 compter de la date \u00e0 laquelle prend fin le cong\u00e9 de maladie de l&rsquo;agent en question.<\/p>\n\n\n\n<p>Ainsi, en jugeant, pour suspendre l&rsquo;ex\u00e9cution de la d\u00e9cision de suspension du 17 septembre 2021, que le moyen tir\u00e9 de ce que cette d\u00e9cision ne pouvait \u00eatre d&rsquo;effet imm\u00e9diat alors que l&rsquo;int\u00e9ress\u00e9e \u00e9tait en cong\u00e9 de maladie depuis le 3 septembre pr\u00e9c\u00e9dent et devait voir son entr\u00e9e en vigueur diff\u00e9r\u00e9e au terme du cong\u00e9 maladie \u00e9tait de nature \u00e0 faire na\u00eetre un doute s\u00e9rieux quant \u00e0 sa l\u00e9galit\u00e9, le juge des r\u00e9f\u00e9r\u00e9s du tribunal administratif n&rsquo;a pas commis d&rsquo;erreur de droit.<\/p>\n\n\n\n<p>En outre, en estimant, pour juger que la condition d&rsquo;urgence pr\u00e9vue par l&rsquo;<a href=\"https:\/\/www.legifrance.gouv.fr\/codes\/article_lc\/LEGIARTI000006449326\/\" target=\"_blank\" rel=\"noreferrer noopener\">article L. 521-1 du Code de justice administrative<\/a> \u00e9tait remplie, que la d\u00e9cision de suspension contest\u00e9e portait \u00e0 la situation financi\u00e8re de l\u2019agent une atteinte suffisamment grave et imm\u00e9diate et qu&rsquo;aucun int\u00e9r\u00eat public tenant \u00e0 la protection de la sant\u00e9 publique ne s&rsquo;attachait au maintien de son ex\u00e9cution, le juge des r\u00e9f\u00e9r\u00e9s a port\u00e9 sur les pi\u00e8ces du dossier qui lui \u00e9tait soumises une appr\u00e9ciation souveraine exempte de d\u00e9naturation et n&rsquo;a pas com-mis d&rsquo;erreur de droit.<\/p>\n\n\n\n<p><em>Conseil d&rsquo;\u00c9tat, 2 mars 2022, n\u00b0 458353<\/em><\/p>\n","protected":false},"excerpt":{"rendered":"<p>Il r\u00e9sulte des dispositions de l&rsquo;article 41 de la loi du 9 janvier 1986 portant dispositions statutaires relatives \u00e0 la fonction publique hospitali\u00e8re, du I de l&rsquo;article 12 de la loi du 5 ao\u00fbt 2021 relative \u00e0 la gestion de la crise sanitaire et du III de l&rsquo;article 14 de cette m\u00eame loi que, si [&hellip;]<\/p>\n","protected":false},"author":32,"featured_media":0,"comment_status":"open","ping_status":"open","sticky":false,"template":"","format":"quote","meta":{"_acf_changed":false,"_mi_skip_tracking":false,"footnotes":""},"categories":[12,6],"tags":[],"class_list":["post-27146","post","type-post","status-publish","format-quote","hentry","category-actualites","category-fonction-publique","post_format-post-format-quote"],"acf":[],"yoast_head":"<!-- This site is optimized with the Yoast SEO plugin v23.4 - https:\/\/yoast.com\/wordpress\/plugins\/seo\/ -->\n<title>Une mesure de suspension d&#039;un agent en cong\u00e9 de maladie qui ne satisfait pas \u00e0 l&#039;obligation vaccinale contre la Covid-19 n&#039;entre en vigueur qu&#039;au terme dudit cong\u00e9 - Le Blog GERESO<\/title>\n<meta name=\"robots\" content=\"index, follow, max-snippet:-1, max-image-preview:large, max-video-preview:-1\" \/>\n<link rel=\"canonical\" href=\"https:\/\/www.gereso.com\/actualites\/2022\/04\/15\/mesure-de-suspension-dun-agent-en-conge-de-maladie-qui-ne-satisfait-pas-a-lobligation-vaccinale-contre-la-covid-19-nentre-en-vigueur-quau-terme-dudit-conge\/\" \/>\n<meta property=\"og:locale\" content=\"fr_FR\" \/>\n<meta property=\"og:type\" content=\"article\" \/>\n<meta property=\"og:title\" content=\"Une mesure de suspension d&#039;un agent en cong\u00e9 de maladie qui ne satisfait pas \u00e0 l&#039;obligation vaccinale contre la Covid-19 n&#039;entre en vigueur qu&#039;au terme dudit cong\u00e9 - Le Blog GERESO\" \/>\n<meta property=\"og:description\" content=\"Il r\u00e9sulte des dispositions de l&rsquo;article 41 de la loi du 9 janvier 1986 portant dispositions statutaires relatives \u00e0 la fonction publique hospitali\u00e8re, du I de l&rsquo;article 12 de la loi du 5 ao\u00fbt 2021 relative \u00e0 la gestion de la crise sanitaire et du III de l&rsquo;article 14 de cette m\u00eame loi que, si [&hellip;]\" \/>\n<meta property=\"og:url\" content=\"https:\/\/www.gereso.com\/actualites\/2022\/04\/15\/mesure-de-suspension-dun-agent-en-conge-de-maladie-qui-ne-satisfait-pas-a-lobligation-vaccinale-contre-la-covid-19-nentre-en-vigueur-quau-terme-dudit-conge\/\" \/>\n<meta property=\"og:site_name\" content=\"Le Blog GERESO\" \/>\n<meta property=\"article:published_time\" content=\"2022-04-15T07:24:44+00:00\" \/>\n<meta property=\"article:modified_time\" content=\"2022-04-15T07:24:47+00:00\" \/>\n<meta name=\"author\" content=\"\u00c9quipe GERESO\" \/>\n<meta name=\"twitter:card\" content=\"summary_large_image\" \/>\n<script type=\"application\/ld+json\" class=\"yoast-schema-graph\">{\"@context\":\"https:\/\/schema.org\",\"@graph\":[{\"@type\":\"WebPage\",\"@id\":\"https:\/\/www.gereso.com\/actualites\/2022\/04\/15\/mesure-de-suspension-dun-agent-en-conge-de-maladie-qui-ne-satisfait-pas-a-lobligation-vaccinale-contre-la-covid-19-nentre-en-vigueur-quau-terme-dudit-conge\/\",\"url\":\"https:\/\/www.gereso.com\/actualites\/2022\/04\/15\/mesure-de-suspension-dun-agent-en-conge-de-maladie-qui-ne-satisfait-pas-a-lobligation-vaccinale-contre-la-covid-19-nentre-en-vigueur-quau-terme-dudit-conge\/\",\"name\":\"Une mesure de suspension d'un agent en cong\u00e9 de maladie qui ne satisfait pas \u00e0 l'obligation vaccinale contre la Covid-19 n'entre en vigueur qu'au terme dudit cong\u00e9 - Le Blog GERESO\",\"isPartOf\":{\"@id\":\"https:\/\/www.gereso.com\/actualites\/#website\"},\"datePublished\":\"2022-04-15T07:24:44+00:00\",\"dateModified\":\"2022-04-15T07:24:47+00:00\",\"author\":{\"@id\":\"https:\/\/www.gereso.com\/actualites\/#\/schema\/person\/197d8aef40cb4ae3f6a0aa9e1d3df2a6\"},\"breadcrumb\":{\"@id\":\"https:\/\/www.gereso.com\/actualites\/2022\/04\/15\/mesure-de-suspension-dun-agent-en-conge-de-maladie-qui-ne-satisfait-pas-a-lobligation-vaccinale-contre-la-covid-19-nentre-en-vigueur-quau-terme-dudit-conge\/#breadcrumb\"},\"inLanguage\":\"fr-FR\",\"potentialAction\":[{\"@type\":\"ReadAction\",\"target\":[\"https:\/\/www.gereso.com\/actualites\/2022\/04\/15\/mesure-de-suspension-dun-agent-en-conge-de-maladie-qui-ne-satisfait-pas-a-lobligation-vaccinale-contre-la-covid-19-nentre-en-vigueur-quau-terme-dudit-conge\/\"]}]},{\"@type\":\"BreadcrumbList\",\"@id\":\"https:\/\/www.gereso.com\/actualites\/2022\/04\/15\/mesure-de-suspension-dun-agent-en-conge-de-maladie-qui-ne-satisfait-pas-a-lobligation-vaccinale-contre-la-covid-19-nentre-en-vigueur-quau-terme-dudit-conge\/#breadcrumb\",\"itemListElement\":[{\"@type\":\"ListItem\",\"position\":1,\"name\":\"Home\",\"item\":\"https:\/\/www.gereso.com\/actualites\/\"},{\"@type\":\"ListItem\",\"position\":2,\"name\":\"Une mesure de suspension d&rsquo;un agent en cong\u00e9 de maladie qui ne satisfait pas \u00e0 l&rsquo;obligation vaccinale contre la Covid-19 n&rsquo;entre en vigueur qu&rsquo;au terme dudit cong\u00e9\"}]},{\"@type\":\"WebSite\",\"@id\":\"https:\/\/www.gereso.com\/actualites\/#website\",\"url\":\"https:\/\/www.gereso.com\/actualites\/\",\"name\":\"Le Blog GERESO\",\"description\":\"Toute l&#039;actu RH, Finance, Fonction Publique, Management...\",\"potentialAction\":[{\"@type\":\"SearchAction\",\"target\":{\"@type\":\"EntryPoint\",\"urlTemplate\":\"https:\/\/www.gereso.com\/actualites\/?s={search_term_string}\"},\"query-input\":{\"@type\":\"PropertyValueSpecification\",\"valueRequired\":true,\"valueName\":\"search_term_string\"}}],\"inLanguage\":\"fr-FR\"},{\"@type\":\"Person\",\"@id\":\"https:\/\/www.gereso.com\/actualites\/#\/schema\/person\/197d8aef40cb4ae3f6a0aa9e1d3df2a6\",\"name\":\"\u00c9quipe GERESO\",\"image\":{\"@type\":\"ImageObject\",\"inLanguage\":\"fr-FR\",\"@id\":\"https:\/\/www.gereso.com\/actualites\/#\/schema\/person\/image\/\",\"url\":\"https:\/\/www.gereso.com\/actualites\/wp-content\/uploads\/2013\/12\/avatar-gereso-1.png\",\"contentUrl\":\"https:\/\/www.gereso.com\/actualites\/wp-content\/uploads\/2013\/12\/avatar-gereso-1.png\",\"caption\":\"\u00c9quipe GERESO\"},\"url\":\"https:\/\/www.gereso.com\/actualites\/author\/gereso\/\"}]}<\/script>\n<!-- \/ Yoast SEO plugin. -->","yoast_head_json":{"title":"Une mesure de suspension d'un agent en cong\u00e9 de maladie qui ne satisfait pas \u00e0 l'obligation vaccinale contre la Covid-19 n'entre en vigueur qu'au terme dudit cong\u00e9 - Le Blog GERESO","robots":{"index":"index","follow":"follow","max-snippet":"max-snippet:-1","max-image-preview":"max-image-preview:large","max-video-preview":"max-video-preview:-1"},"canonical":"https:\/\/www.gereso.com\/actualites\/2022\/04\/15\/mesure-de-suspension-dun-agent-en-conge-de-maladie-qui-ne-satisfait-pas-a-lobligation-vaccinale-contre-la-covid-19-nentre-en-vigueur-quau-terme-dudit-conge\/","og_locale":"fr_FR","og_type":"article","og_title":"Une mesure de suspension d'un agent en cong\u00e9 de maladie qui ne satisfait pas \u00e0 l'obligation vaccinale contre la Covid-19 n'entre en vigueur qu'au terme dudit cong\u00e9 - Le Blog GERESO","og_description":"Il r\u00e9sulte des dispositions de l&rsquo;article 41 de la loi du 9 janvier 1986 portant dispositions statutaires relatives \u00e0 la fonction publique hospitali\u00e8re, du I de l&rsquo;article 12 de la loi du 5 ao\u00fbt 2021 relative \u00e0 la gestion de la crise sanitaire et du III de l&rsquo;article 14 de cette m\u00eame loi que, si [&hellip;]","og_url":"https:\/\/www.gereso.com\/actualites\/2022\/04\/15\/mesure-de-suspension-dun-agent-en-conge-de-maladie-qui-ne-satisfait-pas-a-lobligation-vaccinale-contre-la-covid-19-nentre-en-vigueur-quau-terme-dudit-conge\/","og_site_name":"Le Blog GERESO","article_published_time":"2022-04-15T07:24:44+00:00","article_modified_time":"2022-04-15T07:24:47+00:00","author":"\u00c9quipe GERESO","twitter_card":"summary_large_image","schema":{"@context":"https:\/\/schema.org","@graph":[{"@type":"WebPage","@id":"https:\/\/www.gereso.com\/actualites\/2022\/04\/15\/mesure-de-suspension-dun-agent-en-conge-de-maladie-qui-ne-satisfait-pas-a-lobligation-vaccinale-contre-la-covid-19-nentre-en-vigueur-quau-terme-dudit-conge\/","url":"https:\/\/www.gereso.com\/actualites\/2022\/04\/15\/mesure-de-suspension-dun-agent-en-conge-de-maladie-qui-ne-satisfait-pas-a-lobligation-vaccinale-contre-la-covid-19-nentre-en-vigueur-quau-terme-dudit-conge\/","name":"Une mesure de suspension d'un agent en cong\u00e9 de maladie qui ne satisfait pas \u00e0 l'obligation vaccinale contre la Covid-19 n'entre en vigueur qu'au terme dudit cong\u00e9 - Le Blog GERESO","isPartOf":{"@id":"https:\/\/www.gereso.com\/actualites\/#website"},"datePublished":"2022-04-15T07:24:44+00:00","dateModified":"2022-04-15T07:24:47+00:00","author":{"@id":"https:\/\/www.gereso.com\/actualites\/#\/schema\/person\/197d8aef40cb4ae3f6a0aa9e1d3df2a6"},"breadcrumb":{"@id":"https:\/\/www.gereso.com\/actualites\/2022\/04\/15\/mesure-de-suspension-dun-agent-en-conge-de-maladie-qui-ne-satisfait-pas-a-lobligation-vaccinale-contre-la-covid-19-nentre-en-vigueur-quau-terme-dudit-conge\/#breadcrumb"},"inLanguage":"fr-FR","potentialAction":[{"@type":"ReadAction","target":["https:\/\/www.gereso.com\/actualites\/2022\/04\/15\/mesure-de-suspension-dun-agent-en-conge-de-maladie-qui-ne-satisfait-pas-a-lobligation-vaccinale-contre-la-covid-19-nentre-en-vigueur-quau-terme-dudit-conge\/"]}]},{"@type":"BreadcrumbList","@id":"https:\/\/www.gereso.com\/actualites\/2022\/04\/15\/mesure-de-suspension-dun-agent-en-conge-de-maladie-qui-ne-satisfait-pas-a-lobligation-vaccinale-contre-la-covid-19-nentre-en-vigueur-quau-terme-dudit-conge\/#breadcrumb","itemListElement":[{"@type":"ListItem","position":1,"name":"Home","item":"https:\/\/www.gereso.com\/actualites\/"},{"@type":"ListItem","position":2,"name":"Une mesure de suspension d&rsquo;un agent en cong\u00e9 de maladie qui ne satisfait pas \u00e0 l&rsquo;obligation vaccinale contre la Covid-19 n&rsquo;entre en vigueur qu&rsquo;au terme dudit cong\u00e9"}]},{"@type":"WebSite","@id":"https:\/\/www.gereso.com\/actualites\/#website","url":"https:\/\/www.gereso.com\/actualites\/","name":"Le Blog GERESO","description":"Toute l&#039;actu RH, Finance, Fonction Publique, Management...","potentialAction":[{"@type":"SearchAction","target":{"@type":"EntryPoint","urlTemplate":"https:\/\/www.gereso.com\/actualites\/?s={search_term_string}"},"query-input":{"@type":"PropertyValueSpecification","valueRequired":true,"valueName":"search_term_string"}}],"inLanguage":"fr-FR"},{"@type":"Person","@id":"https:\/\/www.gereso.com\/actualites\/#\/schema\/person\/197d8aef40cb4ae3f6a0aa9e1d3df2a6","name":"\u00c9quipe GERESO","image":{"@type":"ImageObject","inLanguage":"fr-FR","@id":"https:\/\/www.gereso.com\/actualites\/#\/schema\/person\/image\/","url":"https:\/\/www.gereso.com\/actualites\/wp-content\/uploads\/2013\/12\/avatar-gereso-1.png","contentUrl":"https:\/\/www.gereso.com\/actualites\/wp-content\/uploads\/2013\/12\/avatar-gereso-1.png","caption":"\u00c9quipe GERESO"},"url":"https:\/\/www.gereso.com\/actualites\/author\/gereso\/"}]}},"_links":{"self":[{"href":"https:\/\/www.gereso.com\/actualites\/wp-json\/wp\/v2\/posts\/27146","targetHints":{"allow":["GET"]}}],"collection":[{"href":"https:\/\/www.gereso.com\/actualites\/wp-json\/wp\/v2\/posts"}],"about":[{"href":"https:\/\/www.gereso.com\/actualites\/wp-json\/wp\/v2\/types\/post"}],"author":[{"embeddable":true,"href":"https:\/\/www.gereso.com\/actualites\/wp-json\/wp\/v2\/users\/32"}],"replies":[{"embeddable":true,"href":"https:\/\/www.gereso.com\/actualites\/wp-json\/wp\/v2\/comments?post=27146"}],"version-history":[{"count":4,"href":"https:\/\/www.gereso.com\/actualites\/wp-json\/wp\/v2\/posts\/27146\/revisions"}],"predecessor-version":[{"id":27152,"href":"https:\/\/www.gereso.com\/actualites\/wp-json\/wp\/v2\/posts\/27146\/revisions\/27152"}],"wp:attachment":[{"href":"https:\/\/www.gereso.com\/actualites\/wp-json\/wp\/v2\/media?parent=27146"}],"wp:term":[{"taxonomy":"category","embeddable":true,"href":"https:\/\/www.gereso.com\/actualites\/wp-json\/wp\/v2\/categories?post=27146"},{"taxonomy":"post_tag","embeddable":true,"href":"https:\/\/www.gereso.com\/actualites\/wp-json\/wp\/v2\/tags?post=27146"}],"curies":[{"name":"wp","href":"https:\/\/api.w.org\/{rel}","templated":true}]}}