{"id":27264,"date":"2022-04-29T10:19:32","date_gmt":"2022-04-29T08:19:32","guid":{"rendered":"https:\/\/www.gereso.com\/actualites\/?p=27264"},"modified":"2022-05-02T17:28:00","modified_gmt":"2022-05-02T15:28:00","slug":"impact-penibilite-travail-droits-retraite","status":"publish","type":"post","link":"https:\/\/www.gereso.com\/actualites\/2022\/04\/29\/impact-penibilite-travail-droits-retraite\/","title":{"rendered":"P\u00e9nibilit\u00e9 au travail et droits \u00e0 retraite"},"content":{"rendered":"\n\n\n<p>Le sujet de la <strong>p\u00e9nibilit\u00e9 au travail<\/strong> n\u2019est pas r\u00e9cent. Le concept commence \u00e0 appara\u00eetre d\u00e8s le d\u00e9but de la r\u00e9volution industrielle \u00e0 la fin du XVIIIe si\u00e8cle. Il renvoie \u00ab\u00a0<em>\u00e0 la conception du travail qu\u2019une soci\u00e9t\u00e9 se fait, \u00e0 la place de l\u2019homme dans le processus productif et \u00e0 l\u2019\u00e9quilibre acceptable entre les sacrifices individuels consentis pour la collectivit\u00e9 par la fourniture de sa force productive et la satisfaction des besoins individuels et familiaux procur\u00e9e par le travail<\/em>\u00a0\u00bb<sup>1<\/sup>. <strong>L\u2019identification et la prise en charge des risques professionnels<\/strong> susceptibles d\u2019affecter la sant\u00e9 des travailleurs ont beaucoup \u00e9volu\u00e9 dans le temps. Ainsi, ce n\u2019est qu\u2019en 2012 qu\u2019une <strong>d\u00e9finition juridique de la p\u00e9nibilit\u00e9<\/strong> est int\u00e9gr\u00e9e dans le Code du travail comme visant<strong> l&rsquo;exposition \u00e0 un ou plusieurs facteurs de risques li\u00e9s \u00e0 des contraintes physiques marqu\u00e9es, un environnement physique agressif ou \u00e0 certains rythmes de travail<sup>2<\/sup>.<\/strong><\/p>\n\n\n\n<h2 style=\"color: #d10016\"><strong>I. M\u00e9canismes de compensation de la p\u00e9nibilit\u00e9 dans les r\u00e9gimes priv\u00e9s de retraite<\/strong><\/h2>\n\n\n\n<p>En termes de droits retraite, la p\u00e9nibilit\u00e9 au travail est trait\u00e9e par des <strong>m\u00e9canismes d\u2019anticipation de la date de liquidation des droits <\/strong>par rapport \u00e0 l\u2019\u00e2ge l\u00e9gal de d\u00e9part.<\/p>\n\n\n\n<p>Il faut tout d\u2019abord souligner que beaucoup de personnes exer\u00e7ant un travail consid\u00e9r\u00e9 comme \u00ab&nbsp;p\u00e9nible&nbsp;\u00bb ne partent pas au titre de cette situation mais au titre d\u2019autres dispositifs connexes, soit, par exemple, parce qu\u2019ils sont reconnus<strong> invalides<\/strong> par l\u2019Assurance maladie, <strong>en situation de handicap,<\/strong> <strong>\u00ab&nbsp;carri\u00e8re longues&nbsp;\u00bb<\/strong> etc.&nbsp;Pour les autres, deux m\u00e9canismes de compensation de la p\u00e9nibilit\u00e9 peuvent les concerner, bien diff\u00e9rents dans leur objet, financ\u00e9s int\u00e9gralement par des cotisations patronales.<\/p>\n\n\n\n<p>Le premier par ordre chronologique, c\u2019est la <strong>retraite anticip\u00e9e au titre de l\u2019incapacit\u00e9 permanente. <\/strong>Elle vise \u00e0 r\u00e9parer une situation m\u00e9dicalement constat\u00e9e. Mise en place par la r\u00e9forme des retraites de 2010<sup>3<\/sup>, elle pr\u00e9voit un <strong>maintien de l\u2019\u00e2ge de d\u00e9part \u00e0 la retraite \u00e0 60 ans,<\/strong> et le <strong>calcul automatique d\u2019une retraite \u00e0 taux plein<\/strong>, pour tous les salari\u00e9s justifiant d\u2019une incapacit\u00e9 permanente au titre d\u2019une maladie professionnelle ou d\u2019un accident du travail, sous certaines conditions de taux d\u2019incapacit\u00e9 et\/ou de dur\u00e9e d\u2019exposition au(x) risque(s). En 2021, 3 178 retraites ont \u00e9t\u00e9 attribu\u00e9es au titre de ce dispositif. 1 939 pour les hommes et 1 239 pour les femmes.<\/p>\n\n\n\n<p>Beaucoup estimaient que le dispositif, trop restrictif, n\u2019\u00e9tait pas \u00e0 la hauteur des enjeux et que le traitement des situations de p\u00e9nibilit\u00e9, dans le cadre de la retraite, devait \u00e9galement rev\u00eatir une dimension pr\u00e9ventive. Intervenir en amont de la r\u00e9alisation du risque pour pr\u00e9venir l\u2019usure professionnelle.<\/p>\n\n\n\n<p>Le sujet, complexe, a fait l\u2019objet de longues n\u00e9gociations entre les organisations syndicales et patronales, aboutissant \u00e0 la cr\u00e9ation, par l\u2019interm\u00e9diaire de la derni\u00e8re r\u00e9forme des retraites en date<sup>4<\/sup>, d\u2019un <strong>compte personnel de pr\u00e9vention de la p\u00e9nibilit\u00e9 (C3P), <\/strong>en dehors donc de consid\u00e9rations li\u00e9es \u00e0 un quelconque taux d\u2019incapacit\u00e9 constat\u00e9, mais bien dans une d\u00e9marche de pr\u00e9vention.<\/p>\n\n\n\n<p>Son fonctionnement repose sur le<strong> cumul de points par les salari\u00e9s en fonction de leur exposition \u00e0 une liste de risques professionnels.<\/strong> Initialement au nombre de 10 (voir ci-dessous), ils ont \u00e9t\u00e9 rapidement r\u00e9duits \u00e0 6 face \u00e0 la difficult\u00e9 constat\u00e9e de pouvoir \u00e9valuer l\u2019exposition \u00e0 certains risques. Le compte a \u00e9t\u00e9 renomm\u00e9 <a href=\"https:\/\/www.gereso.com\/actualites\/2018\/02\/05\/ordonnance-macron-dispositifs-penibilite\/\" target=\"_blank\" rel=\"noreferrer noopener\">compte professionnel de pr\u00e9vention (C2P)<\/a>. Les 4 facteurs de risques \u00ab&nbsp;retir\u00e9s&nbsp;\u00bb du compte ont alors \u00e9t\u00e9 r\u00e9int\u00e9gr\u00e9s dans le dispositif de 2010.<\/p>\n\n\n\n<!doctype html>\n<html>\n<head>\n<meta charset=\"utf-8\">\n\n<\/head>\n\n<body>\n<table border=\"1\">\n<tbody>\n\t\n\n<tr>\n<td style=\"text-align: center;\" bgcolor=\"#d10016\" width=\"352\"><p><span style=\"color: #ffffff;\"><strong>AVANT (C3P)<\/strong><\/span><\/p>\n<\/td>\n<td style=\"text-align: center;\" bgcolor=\"#d10016\" width=\"154\"><p><span style=\"color: #ffffff;\"><strong>APRES (C2P)<\/strong><\/span><\/p>\n<\/td>\n\n<\/tr>\n\n\t\n\t<tr>\n<td width: \"134px;\">\n<p>\n\t<ol>\n\t\t<li>Travail en milieu hyperbare<\/li>\n\t\t<li>Travail de nuit<\/li>\n\t\t<li>Travail en \u00e9quipes successives alternantes<\/li>\n\t\t<li>Travail r\u00e9p\u00e9titif<\/li>\n\t\t<li><strong>Manutentions manuelles de charges<\/strong><\/li>\n\t\t<li><strong>Postures p\u00e9nibles<\/strong><\/li>\n\t\t<li><strong>Vibrations m\u00e9caniques<\/strong><\/li>\n\t\t<li><strong>Agents chimiques dangereux (ACD)<\/strong><\/li>\n\t\t<li>Temp\u00e9ratures extr\u00eames<\/li>\n\t\t<li>Bruit<\/li>\n\t<\/ol>\n\t\n\t\n\t<\/p>\n\n\t<\/td>\n\t\n\t<td width: \"134px;\">\n<p>\n\t<ol>\n\t\t<li>Travail en milieu hyperbare<\/li>\n\t\t<li>Travail de nuit<\/li>\n\t\t<li>Travail en \u00e9quipes successives alternantes<\/li>\n\t\t<li>Travail r\u00e9p\u00e9titif<\/li>\n\t\t<li>Temp\u00e9ratures extr\u00eames<\/li>\n\t\t<li>Bruit<\/li>\n\t\t\n\t\t<\/ol>\n\t\t\n\t<\/p>\n\t<\/td>\n\t<\/tr>\n\n<\/tbody>\n<\/table>\n<\/body>\n<\/html>\n\n\n\n<p>Les <strong>droits li\u00e9s au compte <\/strong>(maximum 100 points sur toute la carri\u00e8re) sont utilisables sous diff\u00e9rentes formes et dans des conditions pr\u00e9cises&nbsp;: formation professionnelle, passage \u00e0 temps partiel sans perte de r\u00e9mun\u00e9ration et, bien entendu, avancer son d\u00e9part en retraite. Le b\u00e9n\u00e9ficiaire peut anticiper jusqu\u2019\u00e0 8 trimestres, donc 2 ans, sa date de d\u00e9part.<\/p>\n\n\n\n<div class=\"wp-block-image\"><figure class=\"aligncenter size-full\"><img fetchpriority=\"high\" decoding=\"async\" width=\"542\" height=\"180\" src=\"https:\/\/www.gereso.com\/actualites\/wp-content\/uploads\/2022\/04\/fonctionnement-c2p.jpg\" alt=\"\" class=\"wp-image-27292\" srcset=\"https:\/\/www.gereso.com\/actualites\/wp-content\/uploads\/2022\/04\/fonctionnement-c2p.jpg 542w, https:\/\/www.gereso.com\/actualites\/wp-content\/uploads\/2022\/04\/fonctionnement-c2p-300x100.jpg 300w\" sizes=\"(max-width: 542px) 100vw, 542px\" \/><\/figure><\/div>\n\n\n\n<h4>Quelques chiffres&nbsp;: <\/h4>\n\n\n\n<p><em>E<\/em>n 2019, la moiti\u00e9 des titulaires d\u2019un compte p\u00e9nibilit\u00e9 travaillait dans le secteur de <strong>l&rsquo;industrie manufacturi\u00e8re<\/strong>. Les secteurs des \u00ab\u00a0activit\u00e9s de services administratifs et de soutien\u00a0\u00bb et des \u00ab\u00a0transports et entreposage\u00a0\u00bb repr\u00e9sentent chacun 15 % des hommes expos\u00e9s.<\/p>\n\n\n\n<p><em>Le secteur de l&rsquo;industrie manufacturi\u00e8re recense \u00e9galement le plus d&rsquo;expos\u00e9es \u00e0 la p\u00e9nibilit\u00e9 parmi les femmes (un tiers). Le secteur de la \u00ab\u00a0sant\u00e9 humaine et action sociale\u00a0\u00bb repr\u00e9sente quant \u00e0 lui un peu plus d&rsquo;un quart des femmes expos\u00e9es et celui des \u00ab\u00a0activit\u00e9s de services administratifs et de soutien\u00a0\u00bb environ 15 %<sup>5<\/sup>.<\/em><\/p>\n\n\n\n<p>A noter qu\u2019il existe \u00e9galement des <strong>dispositifs particuliers pour certaines situations tr\u00e8s sp\u00e9cifiques <\/strong>comme par exemple celui qui permet aux salari\u00e9s ou anciens salari\u00e9s expos\u00e9s \u00e0 l\u2019amiante de cesser leur activit\u00e9 de mani\u00e8re anticip\u00e9e, tout en \u00e9tant indemnis\u00e9s. En 2021, 2 678 retraites personnelles au titre du dispositif amiante ont \u00e9t\u00e9 attribu\u00e9es&nbsp;: 2 313 pour les hommes, 365 pour les femmes.<\/p>\n\n\n\n<p>Ces diff\u00e9rents m\u00e9canismes s\u2019appliquent \u00e9galement au personnel des employeurs publics employ\u00e9 dans les conditions du droit priv\u00e9 (les agents contractuels).<\/p>\n\n\n\n<h2 style=\"color: #d10016\"><strong>II. M\u00e9canismes de compensation de la p\u00e9nibilit\u00e9 dans les r\u00e9gimes publics de retraite<\/strong><\/h2>\n\n\n\n<p>Alors que la p\u00e9nibilit\u00e9 est plut\u00f4t une <strong>notion qui fait r\u00e9f\u00e9rence \u00e0 l\u2019individu <\/strong>et \u00e0 une situation m\u00e9dicalement objectiv\u00e9e dans le priv\u00e9, la notion est plut\u00f4t utilis\u00e9e dans la fonction publique au regard de <strong>cat\u00e9gories d\u2019emplois <\/strong>exerc\u00e9s par les fonctionnaires. La p\u00e9nibilit\u00e9 dans la sph\u00e8re publique est reconnue quand l\u2019exercice d\u2019un travail pr\u00e9sente un <strong>risque particulier ou des fatigues exceptionnelles,<\/strong> de mani\u00e8re permanente. Il faut entendre ici les risques inh\u00e9rents de fa\u00e7on permanente \u00e0 un emploi et conduisant, par le simple exercice de cet emploi, \u00e0 une usure pr\u00e9matur\u00e9e de l\u2019agent public qui soit telle qu&rsquo;elle justifie un d\u00e9part anticip\u00e9 \u00e0 la retraite.<\/p>\n\n\n\n<p>Les emplois qui entrent dans le champ ces m\u00e9tiers sont class\u00e9s en <strong>\u00ab&nbsp;cat\u00e9gories actives&nbsp;\u00bb<\/strong>, dont la liste est d\u00e9termin\u00e9e par d\u00e9crets ou arr\u00eat\u00e9s minist\u00e9riels. On en retrouve dans toute la fonction publique.<\/p>\n\n\n\n<p>On citera notamment&nbsp;:<\/p>\n\n\n\n<ul class=\"wp-block-list\"><li><strong>Pour la fonction publique d\u2019Etat <\/strong>: personnels actifs de la police nationale, personnels de surveillance de l&rsquo;administration p\u00e9nitentiaire, contr\u00f4leurs a\u00e9riens etc.<\/li><li><strong>Pour la fonction publique hospitali\u00e8re<\/strong> : aides-soignantes, sages-femmes, assistantes sociales etc.<\/li><li><strong>Pour la fonction publique territoriale<\/strong> : agents de police municipale, sapeurs-pompiers professionnels, etc.<\/li><\/ul>\n\n\n\n<p>Ces populations b\u00e9n\u00e9ficient, sous certaines conditions, dont principalement une dur\u00e9e minimale de services actifs, d\u2019une <strong>possibilit\u00e9 de d\u00e9part anticip\u00e9 compris entre 52 et 57 ans.<\/strong> Sur environ 110.000 d\u00e9parts en retraite de fonctionnaires sur l\u2019ann\u00e9e 2019 (hors militaires), on en a d\u00e9compt\u00e9 environ 7.500 dans la fonction publique d\u2019Etat, 5.100 dans la fonction publique territoriale et 9.200 dans la fonction publique hospitali\u00e8re. Soit au total pr\u00e8s de 20% des d\u00e9parts constat\u00e9s sur l\u2019exercice.<\/p>\n\n\n\n<p><article class=\"obj_encart-formation\">\n<div class=\"ctn_encart\">\n<h3>Votre formation sur ce th\u00e8me<\/h3>\n<h2>&nbsp;ACTUALIT\u00c9S RETRAITE&nbsp;<\/h2>\n<h4>2 jours \u2013 En pr\u00e9sentiel ou \u00e0 distance<\/h4>\n<ul>\n<li><strong>Comprendre les diff\u00e9rentes validations<\/strong> de trimestres au r\u00e9gime g\u00e9n\u00e9ral et de points en AGIRC-ARRCO.<\/li>\n<li><strong>Analyser les incidences de la r\u00e9forme<\/strong> des retraites au niveau de l&rsquo;entreprise, notamment sur la gestion des carri\u00e8res.<\/li>\n<li><strong>Mesurer l&rsquo;impact de la r\u00e9forme AGIRC-ARRCO<\/strong> sur les montants de retraite, avec les coefficients minorants ou majorants temporaires.<\/li>\n<li><strong>Comprendre le futur r\u00e9gime universel<\/strong> en points et ses applications possibles \u00e0 partir de 2022 et 2025.<\/li>\n\n<\/ul>\n<div class=\"ctn_btn\">\n<a class=\"obj_btn\" target=\"_blank\" href=\"https:\/\/www.gereso.com\/ACTR\" rel=\"noopener\"><span>En savoir plus<\/span><\/a>\n<a class=\"obj_btn\" target=\"_blank\" href=\"https:\/\/www.gereso.com\/client\/programme-pdf\/ACTR.pdf\" rel=\"noopener\"><span>T\u00e9l\u00e9charger le programme PDF<\/span><\/a>\n<\/div>\n<\/div>\n<\/article><\/p>\n\n\n\n<h2 style=\"color: #d10016\"><strong>III. Pistes de r\u00e9formes <\/strong><\/h2>\n\n\n\n<p>Nous \u00e9voquions <a href=\"https:\/\/www.gereso.com\/actualites\/2022\/03\/28\/presidentielles-2022-tour-horizon-programme-principaux-candidats-protection-sociale\/\" target=\"_blank\" rel=\"noreferrer noopener\">dans un pr\u00e9c\u00e9dent article<\/a> le programme des principaux candidats \u00e0 l\u2019\u00e9lection pr\u00e9sidentielle, dont celui du pr\u00e9sident r\u00e9\u00e9lu, Emmanuel Macron. Celui-ci s\u2019est notamment engag\u00e9 \u00e0 <strong>relever l\u2019\u00e2ge l\u00e9gal de d\u00e9part \u00e0 la retraite de 62 \u00e0 64 voire 65 ans. <\/strong>Les modalit\u00e9s pr\u00e9cises de la mesure devraient \u00eatre discut\u00e9es dans les prochains mois avec les partenaires sociaux.<\/p>\n\n\n\n<p>Cela suscite des interrogations quand au <strong>traitement des m\u00e9tiers p\u00e9nibles vis-\u00e0-vis de la retraite<\/strong>&nbsp;: les d\u00e9parts anticip\u00e9s vont-ils \u00eatre maintenus dans les m\u00eames conditions&nbsp;? ou devront-ils suivre le report de l\u2019\u00e2ge l\u00e9gal&nbsp;? le cas \u00e9ch\u00e9ant dans quelles conditions&nbsp;?<\/p>\n\n\n\n<p>L\u2019acceptabilit\u00e9 de la r\u00e9forme d\u00e9pendra beaucoup des \u00ab&nbsp;concessions&nbsp;\u00bb que sera pr\u00eat \u00e0 faire le gouvernement sur la question. La prise en compte de la p\u00e9nibilit\u00e9 au travail sera probablement remise sur la table. Des membres du gouvernement actuel ont d\u00e9j\u00e0 \u00e9voqu\u00e9 la p<strong>ossibilit\u00e9 d\u2019\u00e9tendre la d\u00e9finition de la p\u00e9nibilit\u00e9 \u00e0 l&rsquo;usure professionnelle psychologique<sup>6<\/sup>.<\/strong><\/p>\n\n\n\n<p>Des discussions sur <strong>l\u2019emploi des seniors et l\u2019am\u00e9nagement des fins de carri\u00e8re,<\/strong> notamment pour s\u2019orienter vers des m\u00e9tiers moins p\u00e9nibles, seront \u00e9galement au programme des prochains mois.<\/p>\n\n\n\n<hr class=\"wp-block-separator\"\/>\n\n\n\n<h2 style=\"color: #d10016\"><strong>R\u00e9f\u00e9rences&nbsp;:<\/strong><\/h2>\n\n\n\n<ol>\n<li>Extrait rapport d\u2019information de l\u2019Assembl\u00e9e nationale sur la p\u00e9nibilit\u00e9 au travail, n\u00b0910, mai 2008<\/li>\n<li>Article L4161-1 du Code du travail<\/li>\n<li>Loi n\u00b02010-1330 du 9 novembre 2010<\/li>\n<li><a href=\"https:\/\/www.legifrance.gouv.fr\/loda\/id\/JORFTEXT000028493476\/\" target=\"_blank\" rel=\"noreferrer noopener\">Loi n\u00b02014-40 du 20 janvier 2014<\/a> garantissant l&rsquo;avenir et la justice du syst\u00e8me de retraites<\/li>\n<li>Rapport d\u2019\u00e9valuation des politiques de s\u00e9curit\u00e9 sociale accident du travail maladie professionnelle, annex\u00e9 au projet de loi de financement de la s\u00e9curit\u00e9 sociale pour 2022.<\/li>\n<li>D\u00e9claration Elisabeth Borne, ministre du Travail, sur BFMTV 18 avril 2022<\/li>\n<\/ol>\n","protected":false},"excerpt":{"rendered":"<p>Le sujet de la p\u00e9nibilit\u00e9 au travail n\u2019est pas r\u00e9cent. Le concept commence \u00e0 appara\u00eetre d\u00e8s le d\u00e9but de la r\u00e9volution industrielle \u00e0 la fin du XVIIIe si\u00e8cle. Il renvoie \u00ab\u00a0\u00e0 la conception du travail qu\u2019une soci\u00e9t\u00e9 se fait, \u00e0 la place de l\u2019homme dans le processus productif et \u00e0 l\u2019\u00e9quilibre acceptable entre les sacrifices [&hellip;]<\/p>\n","protected":false},"author":35,"featured_media":27327,"comment_status":"open","ping_status":"open","sticky":false,"template":"","format":"standard","meta":{"_acf_changed":false,"_mi_skip_tracking":false,"footnotes":""},"categories":[12,4],"tags":[],"class_list":["post-27264","post","type-post","status-publish","format-standard","has-post-thumbnail","hentry","category-actualites","category-retraite-et-protection-sociale"],"acf":[],"yoast_head":"<!-- This site is optimized with the Yoast SEO plugin v23.4 - https:\/\/yoast.com\/wordpress\/plugins\/seo\/ -->\n<title>P\u00e9nibilit\u00e9 au travail et droits \u00e0 retraite - Le Blog GERESO<\/title>\n<meta name=\"robots\" content=\"index, follow, max-snippet:-1, max-image-preview:large, max-video-preview:-1\" \/>\n<link rel=\"canonical\" href=\"https:\/\/www.gereso.com\/actualites\/2022\/04\/29\/impact-penibilite-travail-droits-retraite\/\" \/>\n<meta property=\"og:locale\" content=\"fr_FR\" \/>\n<meta property=\"og:type\" content=\"article\" \/>\n<meta property=\"og:title\" content=\"P\u00e9nibilit\u00e9 au travail et droits \u00e0 retraite - Le Blog GERESO\" \/>\n<meta property=\"og:description\" content=\"Le sujet de la p\u00e9nibilit\u00e9 au travail n\u2019est pas r\u00e9cent. Le concept commence \u00e0 appara\u00eetre d\u00e8s le d\u00e9but de la r\u00e9volution industrielle \u00e0 la fin du XVIIIe si\u00e8cle. Il renvoie \u00ab\u00a0\u00e0 la conception du travail qu\u2019une soci\u00e9t\u00e9 se fait, \u00e0 la place de l\u2019homme dans le processus productif et \u00e0 l\u2019\u00e9quilibre acceptable entre les sacrifices [&hellip;]\" \/>\n<meta property=\"og:url\" content=\"https:\/\/www.gereso.com\/actualites\/2022\/04\/29\/impact-penibilite-travail-droits-retraite\/\" \/>\n<meta property=\"og:site_name\" content=\"Le Blog GERESO\" \/>\n<meta property=\"article:published_time\" content=\"2022-04-29T08:19:32+00:00\" \/>\n<meta property=\"article:modified_time\" content=\"2022-05-02T15:28:00+00:00\" \/>\n<meta property=\"og:image\" content=\"https:\/\/www.gereso.com\/actualites\/wp-content\/uploads\/2022\/04\/Impact-de-la-penibilite-au-travail-sur-les-droits-retraite.jpg\" \/>\n\t<meta property=\"og:image:width\" content=\"600\" \/>\n\t<meta property=\"og:image:height\" content=\"400\" \/>\n\t<meta property=\"og:image:type\" content=\"image\/jpeg\" \/>\n<meta name=\"author\" content=\"Florent Sarrazin\" \/>\n<meta name=\"twitter:card\" content=\"summary_large_image\" \/>\n<script type=\"application\/ld+json\" class=\"yoast-schema-graph\">{\"@context\":\"https:\/\/schema.org\",\"@graph\":[{\"@type\":\"WebPage\",\"@id\":\"https:\/\/www.gereso.com\/actualites\/2022\/04\/29\/impact-penibilite-travail-droits-retraite\/\",\"url\":\"https:\/\/www.gereso.com\/actualites\/2022\/04\/29\/impact-penibilite-travail-droits-retraite\/\",\"name\":\"P\u00e9nibilit\u00e9 au travail et droits \u00e0 retraite - Le Blog GERESO\",\"isPartOf\":{\"@id\":\"https:\/\/www.gereso.com\/actualites\/#website\"},\"primaryImageOfPage\":{\"@id\":\"https:\/\/www.gereso.com\/actualites\/2022\/04\/29\/impact-penibilite-travail-droits-retraite\/#primaryimage\"},\"image\":{\"@id\":\"https:\/\/www.gereso.com\/actualites\/2022\/04\/29\/impact-penibilite-travail-droits-retraite\/#primaryimage\"},\"thumbnailUrl\":\"https:\/\/www.gereso.com\/actualites\/wp-content\/uploads\/2022\/04\/Impact-de-la-penibilite-au-travail-sur-les-droits-retraite.jpg\",\"datePublished\":\"2022-04-29T08:19:32+00:00\",\"dateModified\":\"2022-05-02T15:28:00+00:00\",\"author\":{\"@id\":\"https:\/\/www.gereso.com\/actualites\/#\/schema\/person\/4b51e16ede07b8d2568288fd6beb849a\"},\"breadcrumb\":{\"@id\":\"https:\/\/www.gereso.com\/actualites\/2022\/04\/29\/impact-penibilite-travail-droits-retraite\/#breadcrumb\"},\"inLanguage\":\"fr-FR\",\"potentialAction\":[{\"@type\":\"ReadAction\",\"target\":[\"https:\/\/www.gereso.com\/actualites\/2022\/04\/29\/impact-penibilite-travail-droits-retraite\/\"]}]},{\"@type\":\"ImageObject\",\"inLanguage\":\"fr-FR\",\"@id\":\"https:\/\/www.gereso.com\/actualites\/2022\/04\/29\/impact-penibilite-travail-droits-retraite\/#primaryimage\",\"url\":\"https:\/\/www.gereso.com\/actualites\/wp-content\/uploads\/2022\/04\/Impact-de-la-penibilite-au-travail-sur-les-droits-retraite.jpg\",\"contentUrl\":\"https:\/\/www.gereso.com\/actualites\/wp-content\/uploads\/2022\/04\/Impact-de-la-penibilite-au-travail-sur-les-droits-retraite.jpg\",\"width\":600,\"height\":400,\"caption\":\"Impact de la p\u00e9nibilit\u00e9 au travail sur les droits retraite\"},{\"@type\":\"BreadcrumbList\",\"@id\":\"https:\/\/www.gereso.com\/actualites\/2022\/04\/29\/impact-penibilite-travail-droits-retraite\/#breadcrumb\",\"itemListElement\":[{\"@type\":\"ListItem\",\"position\":1,\"name\":\"Home\",\"item\":\"https:\/\/www.gereso.com\/actualites\/\"},{\"@type\":\"ListItem\",\"position\":2,\"name\":\"P\u00e9nibilit\u00e9 au travail et droits \u00e0 retraite\"}]},{\"@type\":\"WebSite\",\"@id\":\"https:\/\/www.gereso.com\/actualites\/#website\",\"url\":\"https:\/\/www.gereso.com\/actualites\/\",\"name\":\"Le Blog GERESO\",\"description\":\"Toute l&#039;actu RH, Finance, Fonction Publique, Management...\",\"potentialAction\":[{\"@type\":\"SearchAction\",\"target\":{\"@type\":\"EntryPoint\",\"urlTemplate\":\"https:\/\/www.gereso.com\/actualites\/?s={search_term_string}\"},\"query-input\":{\"@type\":\"PropertyValueSpecification\",\"valueRequired\":true,\"valueName\":\"search_term_string\"}}],\"inLanguage\":\"fr-FR\"},{\"@type\":\"Person\",\"@id\":\"https:\/\/www.gereso.com\/actualites\/#\/schema\/person\/4b51e16ede07b8d2568288fd6beb849a\",\"name\":\"Florent Sarrazin\",\"image\":{\"@type\":\"ImageObject\",\"inLanguage\":\"fr-FR\",\"@id\":\"https:\/\/www.gereso.com\/actualites\/#\/schema\/person\/image\/\",\"url\":\"https:\/\/www.gereso.com\/actualites\/wp-content\/uploads\/2013\/10\/florent-sarrazin-1-144x144.jpg\",\"contentUrl\":\"https:\/\/www.gereso.com\/actualites\/wp-content\/uploads\/2013\/10\/florent-sarrazin-1-144x144.jpg\",\"caption\":\"Florent Sarrazin\"},\"description\":\"Juriste de formation, tour \u00e0 tour journaliste sp\u00e9cialis\u00e9, formateur-conseil pour GERESO, consultant en strat\u00e9gie de carri\u00e8re et d\u00e9sormais consultant juriste en protection sociale, Florent Sarrazin dispose d\u2019une expertise technique dans le domaine de la retraite et de la protection sociale.\",\"url\":\"https:\/\/www.gereso.com\/actualites\/author\/f-sarrazin\/\"}]}<\/script>\n<!-- \/ Yoast SEO plugin. -->","yoast_head_json":{"title":"P\u00e9nibilit\u00e9 au travail et droits \u00e0 retraite - Le Blog GERESO","robots":{"index":"index","follow":"follow","max-snippet":"max-snippet:-1","max-image-preview":"max-image-preview:large","max-video-preview":"max-video-preview:-1"},"canonical":"https:\/\/www.gereso.com\/actualites\/2022\/04\/29\/impact-penibilite-travail-droits-retraite\/","og_locale":"fr_FR","og_type":"article","og_title":"P\u00e9nibilit\u00e9 au travail et droits \u00e0 retraite - Le Blog GERESO","og_description":"Le sujet de la p\u00e9nibilit\u00e9 au travail n\u2019est pas r\u00e9cent. Le concept commence \u00e0 appara\u00eetre d\u00e8s le d\u00e9but de la r\u00e9volution industrielle \u00e0 la fin du XVIIIe si\u00e8cle. Il renvoie \u00ab\u00a0\u00e0 la conception du travail qu\u2019une soci\u00e9t\u00e9 se fait, \u00e0 la place de l\u2019homme dans le processus productif et \u00e0 l\u2019\u00e9quilibre acceptable entre les sacrifices [&hellip;]","og_url":"https:\/\/www.gereso.com\/actualites\/2022\/04\/29\/impact-penibilite-travail-droits-retraite\/","og_site_name":"Le Blog GERESO","article_published_time":"2022-04-29T08:19:32+00:00","article_modified_time":"2022-05-02T15:28:00+00:00","og_image":[{"width":600,"height":400,"url":"https:\/\/www.gereso.com\/actualites\/wp-content\/uploads\/2022\/04\/Impact-de-la-penibilite-au-travail-sur-les-droits-retraite.jpg","type":"image\/jpeg"}],"author":"Florent Sarrazin","twitter_card":"summary_large_image","schema":{"@context":"https:\/\/schema.org","@graph":[{"@type":"WebPage","@id":"https:\/\/www.gereso.com\/actualites\/2022\/04\/29\/impact-penibilite-travail-droits-retraite\/","url":"https:\/\/www.gereso.com\/actualites\/2022\/04\/29\/impact-penibilite-travail-droits-retraite\/","name":"P\u00e9nibilit\u00e9 au travail et droits \u00e0 retraite - Le Blog GERESO","isPartOf":{"@id":"https:\/\/www.gereso.com\/actualites\/#website"},"primaryImageOfPage":{"@id":"https:\/\/www.gereso.com\/actualites\/2022\/04\/29\/impact-penibilite-travail-droits-retraite\/#primaryimage"},"image":{"@id":"https:\/\/www.gereso.com\/actualites\/2022\/04\/29\/impact-penibilite-travail-droits-retraite\/#primaryimage"},"thumbnailUrl":"https:\/\/www.gereso.com\/actualites\/wp-content\/uploads\/2022\/04\/Impact-de-la-penibilite-au-travail-sur-les-droits-retraite.jpg","datePublished":"2022-04-29T08:19:32+00:00","dateModified":"2022-05-02T15:28:00+00:00","author":{"@id":"https:\/\/www.gereso.com\/actualites\/#\/schema\/person\/4b51e16ede07b8d2568288fd6beb849a"},"breadcrumb":{"@id":"https:\/\/www.gereso.com\/actualites\/2022\/04\/29\/impact-penibilite-travail-droits-retraite\/#breadcrumb"},"inLanguage":"fr-FR","potentialAction":[{"@type":"ReadAction","target":["https:\/\/www.gereso.com\/actualites\/2022\/04\/29\/impact-penibilite-travail-droits-retraite\/"]}]},{"@type":"ImageObject","inLanguage":"fr-FR","@id":"https:\/\/www.gereso.com\/actualites\/2022\/04\/29\/impact-penibilite-travail-droits-retraite\/#primaryimage","url":"https:\/\/www.gereso.com\/actualites\/wp-content\/uploads\/2022\/04\/Impact-de-la-penibilite-au-travail-sur-les-droits-retraite.jpg","contentUrl":"https:\/\/www.gereso.com\/actualites\/wp-content\/uploads\/2022\/04\/Impact-de-la-penibilite-au-travail-sur-les-droits-retraite.jpg","width":600,"height":400,"caption":"Impact de la p\u00e9nibilit\u00e9 au travail sur les droits retraite"},{"@type":"BreadcrumbList","@id":"https:\/\/www.gereso.com\/actualites\/2022\/04\/29\/impact-penibilite-travail-droits-retraite\/#breadcrumb","itemListElement":[{"@type":"ListItem","position":1,"name":"Home","item":"https:\/\/www.gereso.com\/actualites\/"},{"@type":"ListItem","position":2,"name":"P\u00e9nibilit\u00e9 au travail et droits \u00e0 retraite"}]},{"@type":"WebSite","@id":"https:\/\/www.gereso.com\/actualites\/#website","url":"https:\/\/www.gereso.com\/actualites\/","name":"Le Blog GERESO","description":"Toute l&#039;actu RH, Finance, Fonction Publique, Management...","potentialAction":[{"@type":"SearchAction","target":{"@type":"EntryPoint","urlTemplate":"https:\/\/www.gereso.com\/actualites\/?s={search_term_string}"},"query-input":{"@type":"PropertyValueSpecification","valueRequired":true,"valueName":"search_term_string"}}],"inLanguage":"fr-FR"},{"@type":"Person","@id":"https:\/\/www.gereso.com\/actualites\/#\/schema\/person\/4b51e16ede07b8d2568288fd6beb849a","name":"Florent Sarrazin","image":{"@type":"ImageObject","inLanguage":"fr-FR","@id":"https:\/\/www.gereso.com\/actualites\/#\/schema\/person\/image\/","url":"https:\/\/www.gereso.com\/actualites\/wp-content\/uploads\/2013\/10\/florent-sarrazin-1-144x144.jpg","contentUrl":"https:\/\/www.gereso.com\/actualites\/wp-content\/uploads\/2013\/10\/florent-sarrazin-1-144x144.jpg","caption":"Florent Sarrazin"},"description":"Juriste de formation, tour \u00e0 tour journaliste sp\u00e9cialis\u00e9, formateur-conseil pour GERESO, consultant en strat\u00e9gie de carri\u00e8re et d\u00e9sormais consultant juriste en protection sociale, Florent Sarrazin dispose d\u2019une expertise technique dans le domaine de la retraite et de la protection sociale.","url":"https:\/\/www.gereso.com\/actualites\/author\/f-sarrazin\/"}]}},"_links":{"self":[{"href":"https:\/\/www.gereso.com\/actualites\/wp-json\/wp\/v2\/posts\/27264","targetHints":{"allow":["GET"]}}],"collection":[{"href":"https:\/\/www.gereso.com\/actualites\/wp-json\/wp\/v2\/posts"}],"about":[{"href":"https:\/\/www.gereso.com\/actualites\/wp-json\/wp\/v2\/types\/post"}],"author":[{"embeddable":true,"href":"https:\/\/www.gereso.com\/actualites\/wp-json\/wp\/v2\/users\/35"}],"replies":[{"embeddable":true,"href":"https:\/\/www.gereso.com\/actualites\/wp-json\/wp\/v2\/comments?post=27264"}],"version-history":[{"count":64,"href":"https:\/\/www.gereso.com\/actualites\/wp-json\/wp\/v2\/posts\/27264\/revisions"}],"predecessor-version":[{"id":27704,"href":"https:\/\/www.gereso.com\/actualites\/wp-json\/wp\/v2\/posts\/27264\/revisions\/27704"}],"wp:featuredmedia":[{"embeddable":true,"href":"https:\/\/www.gereso.com\/actualites\/wp-json\/wp\/v2\/media\/27327"}],"wp:attachment":[{"href":"https:\/\/www.gereso.com\/actualites\/wp-json\/wp\/v2\/media?parent=27264"}],"wp:term":[{"taxonomy":"category","embeddable":true,"href":"https:\/\/www.gereso.com\/actualites\/wp-json\/wp\/v2\/categories?post=27264"},{"taxonomy":"post_tag","embeddable":true,"href":"https:\/\/www.gereso.com\/actualites\/wp-json\/wp\/v2\/tags?post=27264"}],"curies":[{"name":"wp","href":"https:\/\/api.w.org\/{rel}","templated":true}]}}