{"id":27502,"date":"2022-05-09T14:08:14","date_gmt":"2022-05-09T12:08:14","guid":{"rendered":"https:\/\/www.gereso.com\/actualites\/?p=27502"},"modified":"2022-05-09T14:08:16","modified_gmt":"2022-05-09T12:08:16","slug":"service-medecine-prevention-fonction-publique-territoriale","status":"publish","type":"post","link":"https:\/\/www.gereso.com\/actualites\/2022\/05\/09\/service-medecine-prevention-fonction-publique-territoriale\/","title":{"rendered":"Le service de m\u00e9decine de pr\u00e9vention dans la fonction publique territoriale"},"content":{"rendered":"\n\n\n<p>Afin de r\u00e9pondre aux difficult\u00e9s de recrutement de m\u00e9decins de pr\u00e9vention, notamment dans certaines sp\u00e9cialit\u00e9s, de rapprocher du secteur priv\u00e9, les dispositions applicables \u00e0 la m\u00e9decine pr\u00e9ventive dans le secteur public, mais \u00e9galement de d\u00e9velopper la pluridisciplinarit\u00e9 et d\u2019accorder ce r\u00e9gime avec les d\u00e9veloppements technologiques, le gouvernement a modifi\u00e9 le <a href=\"https:\/\/www.legifrance.gouv.fr\/loda\/id\/JORFTEXT000000700869\/\" target=\"_blank\" rel=\"noreferrer noopener\">d\u00e9cret n\u00b0 85-603 du 10 juin 1985<\/a> relatif \u00e0 l&rsquo;hygi\u00e8ne et \u00e0 la s\u00e9curit\u00e9 du travail ainsi qu&rsquo;\u00e0 la m\u00e9decine professionnelle et pr\u00e9ventive dans la fonction publique territoriale.<\/p>\n\n\n\n<p>Ainsi, le <a href=\"https:\/\/www.legifrance.gouv.fr\/jorf\/id\/JORFTEXT000045582426\" target=\"_blank\" rel=\"noreferrer noopener\">d\u00e9cret n\u00b0 2022-551 du 13 avril 2022<\/a> relatif aux services de m\u00e9decine de pr\u00e9vention dans la fonction publique territoriale vient pr\u00e9ciser le r\u00f4le du m\u00e9decin du travail, renforce son action, l\u2019enrichit et<br>l\u2019\u00e9largit.<\/p>\n\n\n\n<p>Par ailleurs, parmi les \u00e9l\u00e9ments qui permettent le rapprochement du secteur priv\u00e9, figure tout particuli\u00e8rement le changement de vocabulaire : toute r\u00e9f\u00e9rence \u00e0 la notion de m\u00e9decin de pr\u00e9vention a \u00e9t\u00e9 supprim\u00e9e pour la remplacer par celle de m\u00e9decin du travail.<\/p>\n\n\n\n<h3>L&rsquo;organisation du service de pr\u00e9vention<\/h3>\n\n\n\n<p>Le m\u00e9decin du travail a la possibilit\u00e9 de faire appel \u00e0 des professionnels de la sant\u00e9 au travail ou \u00e0 des organismes poss\u00e9dant des comp\u00e9tences dans ces domaines.<\/p>\n\n\n\n<p>Alors qu\u2019il coordonnait cette \u00e9quipe, le m\u00e9decin du travail a d\u00e9sormais \u00e9galement la charge de l\u2019animer,<br>lui conf\u00e9rant ainsi un r\u00f4le plus dynamique.<\/p>\n\n\n\n<p>\u00c0 cet effet, le m\u00e9decin de pr\u00e9vention fixe d\u00e9sormais les objectifs et modalit\u00e9s de fonctionnement du service de m\u00e9decine de pr\u00e9vention dans un protocole \u00e9crit.<\/p>\n\n\n\n<p>Le service de m\u00e9decine du travail a \u00e9galement d\u00e9sormais la possibilit\u00e9 d\u2019accueillir des internes en m\u00e9decine du travail.<\/p>\n\n\n\n<p>Le service peut \u00e9galement recourir \u00e0 une forme de t\u00e9l\u00e9consultation.<\/p>\n\n\n\n<p>Par ailleurs, il incombe d\u00e9sormais \u00e0 l&rsquo;autorit\u00e9 administrative d&rsquo;organiser l&rsquo;acc\u00e8s des m\u00e9decins du travail \u00e0 la formation continue et de satisfaire \u00e0 leur obligation de d\u00e9veloppement professionnel continu.<\/p>\n\n\n\n<h3>Le suivi m\u00e9dical des agents<\/h3>\n\n\n\n<p> Auparavant obligatoirement inform\u00e9 avant toute utilisation de substances ou de produits dangereux, le m\u00e9decin du travail re\u00e7oit d\u00e9sormais les fiches de donn\u00e9es de s\u00e9curit\u00e9 d\u00e9livr\u00e9es par les fournisseurs de ces produits de substances ou produits dangereux.<\/p>\n\n\n\n<p>De plus, si le m\u00e9decin du travail avait la possibilit\u00e9 de recommander, de mani\u00e8re g\u00e9n\u00e9rale, des examens compl\u00e9mentaires, il peut d\u00e9sormais r\u00e9aliser, prescrire ou recommander les examens compl\u00e9mentaires n\u00e9cessaires.<\/p>\n\n\n\n<ul>\n<li>\u00c0 la d\u00e9termination de la compatibilit\u00e9 entre le poste de travail et l&rsquo;\u00e9tat de sant\u00e9 de l&rsquo;agent, notamment au\nd\u00e9pistage des affections pouvant entra\u00eener une contre-indication \u00e0 ce poste de travail.<\/li>\n<li>Au d\u00e9pistage d&rsquo;une maladie professionnelle ou \u00e0 caract\u00e8re professionnel susceptible de r\u00e9sulter de\nl&rsquo;activit\u00e9 professionnelle de l&rsquo;agent.<\/li>\n<li>Au d\u00e9pistage des maladies dangereuses pour l&rsquo;entourage professionnel de l&rsquo;agent.<\/li>\n<\/ul>\n\n\n\n<p>Le champ des b\u00e9n\u00e9ficiaires du suivi m\u00e9dical renforc\u00e9 est \u00e9galement \u00e9largi.<\/p>\n\n\n\n<p>D\u00e9sormais, ce ne sont plus seulement les agents handicap\u00e9s et les femmes enceintes, notamment, qui en b\u00e9n\u00e9ficient, mais, respectivement, les agents en situation de handicap et les femmes venant d\u2019accoucher ou allaitantes.<\/p>\n\n\n\n<p><em>Le renforcement du r\u00f4le du m\u00e9decin du travail<\/em><\/p>\n\n\n\n<p>L\u2019objectif des visites m\u00e9dicales est \u00e9galement pr\u00e9cis\u00e9 par le texte. Elles ont d\u00e9sormais pr\u00e9cis\u00e9ment pour objet&nbsp;:<\/p>\n\n\n\n<ul>\n<li>D&rsquo;interroger l&rsquo;agent sur son \u00e9tat de sant\u00e9.<\/li>\n<li>De l&rsquo;informer sur les risques \u00e9ventuels auxquels l&rsquo;expose son poste de travail.<\/li>\n<li>De le sensibiliser sur les moyens de pr\u00e9vention \u00e0 mettre en \u0153uvre.<\/li>\n<li>D&rsquo;identifier si son \u00e9tat de sant\u00e9 ou les risques auxquels il est expos\u00e9 n\u00e9cessitent une orientation vers\nle m\u00e9decin du travail.<\/li>\n<li>De l&rsquo;informer sur les modalit\u00e9s de suivi de son \u00e9tat de sant\u00e9 par le service et sur la possibilit\u00e9 dont il dispose, \u00e0 tout moment, de b\u00e9n\u00e9ficier d&rsquo;une visite \u00e0 sa demande avec le m\u00e9decin du travail.<\/li>\n<\/ul>\n\n\n\n<p><\/p>\n\n\n","protected":false},"excerpt":{"rendered":"<p>Afin de r\u00e9pondre aux difficult\u00e9s de recrutement de m\u00e9decins de pr\u00e9vention, notamment dans certaines sp\u00e9cialit\u00e9s, de rapprocher du secteur priv\u00e9, les dispositions applicables \u00e0 la m\u00e9decine pr\u00e9ventive dans le secteur public, mais \u00e9galement de d\u00e9velopper la pluridisciplinarit\u00e9 et d\u2019accorder ce r\u00e9gime avec les d\u00e9veloppements technologiques, le gouvernement a modifi\u00e9 le d\u00e9cret n\u00b0 85-603 du 10 [&hellip;]<\/p>\n","protected":false},"author":32,"featured_media":0,"comment_status":"open","ping_status":"open","sticky":false,"template":"","format":"quote","meta":{"_acf_changed":false,"_mi_skip_tracking":false,"footnotes":""},"categories":[12,6],"tags":[],"class_list":["post-27502","post","type-post","status-publish","format-quote","hentry","category-actualites","category-fonction-publique","post_format-post-format-quote"],"acf":[],"yoast_head":"<!-- This site is optimized with the Yoast SEO plugin v23.4 - https:\/\/yoast.com\/wordpress\/plugins\/seo\/ -->\n<title>Le service de m\u00e9decine de pr\u00e9vention dans la fonction publique territoriale - Le Blog GERESO<\/title>\n<meta name=\"robots\" content=\"index, follow, max-snippet:-1, max-image-preview:large, max-video-preview:-1\" \/>\n<link rel=\"canonical\" href=\"https:\/\/www.gereso.com\/actualites\/2022\/05\/09\/service-medecine-prevention-fonction-publique-territoriale\/\" \/>\n<meta property=\"og:locale\" content=\"fr_FR\" \/>\n<meta property=\"og:type\" content=\"article\" \/>\n<meta property=\"og:title\" content=\"Le service de m\u00e9decine de pr\u00e9vention dans la fonction publique territoriale - Le Blog GERESO\" \/>\n<meta property=\"og:description\" content=\"Afin de r\u00e9pondre aux difficult\u00e9s de recrutement de m\u00e9decins de pr\u00e9vention, notamment dans certaines sp\u00e9cialit\u00e9s, de rapprocher du secteur priv\u00e9, les dispositions applicables \u00e0 la m\u00e9decine pr\u00e9ventive dans le secteur public, mais \u00e9galement de d\u00e9velopper la pluridisciplinarit\u00e9 et d\u2019accorder ce r\u00e9gime avec les d\u00e9veloppements technologiques, le gouvernement a modifi\u00e9 le d\u00e9cret n\u00b0 85-603 du 10 [&hellip;]\" \/>\n<meta property=\"og:url\" content=\"https:\/\/www.gereso.com\/actualites\/2022\/05\/09\/service-medecine-prevention-fonction-publique-territoriale\/\" \/>\n<meta property=\"og:site_name\" content=\"Le Blog GERESO\" \/>\n<meta property=\"article:published_time\" content=\"2022-05-09T12:08:14+00:00\" \/>\n<meta property=\"article:modified_time\" content=\"2022-05-09T12:08:16+00:00\" \/>\n<meta name=\"author\" content=\"\u00c9quipe GERESO\" \/>\n<meta name=\"twitter:card\" content=\"summary_large_image\" \/>\n<script type=\"application\/ld+json\" class=\"yoast-schema-graph\">{\"@context\":\"https:\/\/schema.org\",\"@graph\":[{\"@type\":\"WebPage\",\"@id\":\"https:\/\/www.gereso.com\/actualites\/2022\/05\/09\/service-medecine-prevention-fonction-publique-territoriale\/\",\"url\":\"https:\/\/www.gereso.com\/actualites\/2022\/05\/09\/service-medecine-prevention-fonction-publique-territoriale\/\",\"name\":\"Le service de m\u00e9decine de pr\u00e9vention dans la fonction publique territoriale - Le Blog GERESO\",\"isPartOf\":{\"@id\":\"https:\/\/www.gereso.com\/actualites\/#website\"},\"datePublished\":\"2022-05-09T12:08:14+00:00\",\"dateModified\":\"2022-05-09T12:08:16+00:00\",\"author\":{\"@id\":\"https:\/\/www.gereso.com\/actualites\/#\/schema\/person\/197d8aef40cb4ae3f6a0aa9e1d3df2a6\"},\"breadcrumb\":{\"@id\":\"https:\/\/www.gereso.com\/actualites\/2022\/05\/09\/service-medecine-prevention-fonction-publique-territoriale\/#breadcrumb\"},\"inLanguage\":\"fr-FR\",\"potentialAction\":[{\"@type\":\"ReadAction\",\"target\":[\"https:\/\/www.gereso.com\/actualites\/2022\/05\/09\/service-medecine-prevention-fonction-publique-territoriale\/\"]}]},{\"@type\":\"BreadcrumbList\",\"@id\":\"https:\/\/www.gereso.com\/actualites\/2022\/05\/09\/service-medecine-prevention-fonction-publique-territoriale\/#breadcrumb\",\"itemListElement\":[{\"@type\":\"ListItem\",\"position\":1,\"name\":\"Home\",\"item\":\"https:\/\/www.gereso.com\/actualites\/\"},{\"@type\":\"ListItem\",\"position\":2,\"name\":\"Le service de m\u00e9decine de pr\u00e9vention dans la fonction publique territoriale\"}]},{\"@type\":\"WebSite\",\"@id\":\"https:\/\/www.gereso.com\/actualites\/#website\",\"url\":\"https:\/\/www.gereso.com\/actualites\/\",\"name\":\"Le Blog GERESO\",\"description\":\"Toute l&#039;actu RH, Finance, Fonction Publique, Management...\",\"potentialAction\":[{\"@type\":\"SearchAction\",\"target\":{\"@type\":\"EntryPoint\",\"urlTemplate\":\"https:\/\/www.gereso.com\/actualites\/?s={search_term_string}\"},\"query-input\":{\"@type\":\"PropertyValueSpecification\",\"valueRequired\":true,\"valueName\":\"search_term_string\"}}],\"inLanguage\":\"fr-FR\"},{\"@type\":\"Person\",\"@id\":\"https:\/\/www.gereso.com\/actualites\/#\/schema\/person\/197d8aef40cb4ae3f6a0aa9e1d3df2a6\",\"name\":\"\u00c9quipe GERESO\",\"image\":{\"@type\":\"ImageObject\",\"inLanguage\":\"fr-FR\",\"@id\":\"https:\/\/www.gereso.com\/actualites\/#\/schema\/person\/image\/\",\"url\":\"https:\/\/www.gereso.com\/actualites\/wp-content\/uploads\/2013\/12\/avatar-gereso-1.png\",\"contentUrl\":\"https:\/\/www.gereso.com\/actualites\/wp-content\/uploads\/2013\/12\/avatar-gereso-1.png\",\"caption\":\"\u00c9quipe GERESO\"},\"url\":\"https:\/\/www.gereso.com\/actualites\/author\/gereso\/\"}]}<\/script>\n<!-- \/ Yoast SEO plugin. -->","yoast_head_json":{"title":"Le service de m\u00e9decine de pr\u00e9vention dans la fonction publique territoriale - Le Blog GERESO","robots":{"index":"index","follow":"follow","max-snippet":"max-snippet:-1","max-image-preview":"max-image-preview:large","max-video-preview":"max-video-preview:-1"},"canonical":"https:\/\/www.gereso.com\/actualites\/2022\/05\/09\/service-medecine-prevention-fonction-publique-territoriale\/","og_locale":"fr_FR","og_type":"article","og_title":"Le service de m\u00e9decine de pr\u00e9vention dans la fonction publique territoriale - Le Blog GERESO","og_description":"Afin de r\u00e9pondre aux difficult\u00e9s de recrutement de m\u00e9decins de pr\u00e9vention, notamment dans certaines sp\u00e9cialit\u00e9s, de rapprocher du secteur priv\u00e9, les dispositions applicables \u00e0 la m\u00e9decine pr\u00e9ventive dans le secteur public, mais \u00e9galement de d\u00e9velopper la pluridisciplinarit\u00e9 et d\u2019accorder ce r\u00e9gime avec les d\u00e9veloppements technologiques, le gouvernement a modifi\u00e9 le d\u00e9cret n\u00b0 85-603 du 10 [&hellip;]","og_url":"https:\/\/www.gereso.com\/actualites\/2022\/05\/09\/service-medecine-prevention-fonction-publique-territoriale\/","og_site_name":"Le Blog GERESO","article_published_time":"2022-05-09T12:08:14+00:00","article_modified_time":"2022-05-09T12:08:16+00:00","author":"\u00c9quipe GERESO","twitter_card":"summary_large_image","schema":{"@context":"https:\/\/schema.org","@graph":[{"@type":"WebPage","@id":"https:\/\/www.gereso.com\/actualites\/2022\/05\/09\/service-medecine-prevention-fonction-publique-territoriale\/","url":"https:\/\/www.gereso.com\/actualites\/2022\/05\/09\/service-medecine-prevention-fonction-publique-territoriale\/","name":"Le service de m\u00e9decine de pr\u00e9vention dans la fonction publique territoriale - Le Blog GERESO","isPartOf":{"@id":"https:\/\/www.gereso.com\/actualites\/#website"},"datePublished":"2022-05-09T12:08:14+00:00","dateModified":"2022-05-09T12:08:16+00:00","author":{"@id":"https:\/\/www.gereso.com\/actualites\/#\/schema\/person\/197d8aef40cb4ae3f6a0aa9e1d3df2a6"},"breadcrumb":{"@id":"https:\/\/www.gereso.com\/actualites\/2022\/05\/09\/service-medecine-prevention-fonction-publique-territoriale\/#breadcrumb"},"inLanguage":"fr-FR","potentialAction":[{"@type":"ReadAction","target":["https:\/\/www.gereso.com\/actualites\/2022\/05\/09\/service-medecine-prevention-fonction-publique-territoriale\/"]}]},{"@type":"BreadcrumbList","@id":"https:\/\/www.gereso.com\/actualites\/2022\/05\/09\/service-medecine-prevention-fonction-publique-territoriale\/#breadcrumb","itemListElement":[{"@type":"ListItem","position":1,"name":"Home","item":"https:\/\/www.gereso.com\/actualites\/"},{"@type":"ListItem","position":2,"name":"Le service de m\u00e9decine de pr\u00e9vention dans la fonction publique territoriale"}]},{"@type":"WebSite","@id":"https:\/\/www.gereso.com\/actualites\/#website","url":"https:\/\/www.gereso.com\/actualites\/","name":"Le Blog GERESO","description":"Toute l&#039;actu RH, Finance, Fonction Publique, Management...","potentialAction":[{"@type":"SearchAction","target":{"@type":"EntryPoint","urlTemplate":"https:\/\/www.gereso.com\/actualites\/?s={search_term_string}"},"query-input":{"@type":"PropertyValueSpecification","valueRequired":true,"valueName":"search_term_string"}}],"inLanguage":"fr-FR"},{"@type":"Person","@id":"https:\/\/www.gereso.com\/actualites\/#\/schema\/person\/197d8aef40cb4ae3f6a0aa9e1d3df2a6","name":"\u00c9quipe GERESO","image":{"@type":"ImageObject","inLanguage":"fr-FR","@id":"https:\/\/www.gereso.com\/actualites\/#\/schema\/person\/image\/","url":"https:\/\/www.gereso.com\/actualites\/wp-content\/uploads\/2013\/12\/avatar-gereso-1.png","contentUrl":"https:\/\/www.gereso.com\/actualites\/wp-content\/uploads\/2013\/12\/avatar-gereso-1.png","caption":"\u00c9quipe GERESO"},"url":"https:\/\/www.gereso.com\/actualites\/author\/gereso\/"}]}},"_links":{"self":[{"href":"https:\/\/www.gereso.com\/actualites\/wp-json\/wp\/v2\/posts\/27502","targetHints":{"allow":["GET"]}}],"collection":[{"href":"https:\/\/www.gereso.com\/actualites\/wp-json\/wp\/v2\/posts"}],"about":[{"href":"https:\/\/www.gereso.com\/actualites\/wp-json\/wp\/v2\/types\/post"}],"author":[{"embeddable":true,"href":"https:\/\/www.gereso.com\/actualites\/wp-json\/wp\/v2\/users\/32"}],"replies":[{"embeddable":true,"href":"https:\/\/www.gereso.com\/actualites\/wp-json\/wp\/v2\/comments?post=27502"}],"version-history":[{"count":10,"href":"https:\/\/www.gereso.com\/actualites\/wp-json\/wp\/v2\/posts\/27502\/revisions"}],"predecessor-version":[{"id":27512,"href":"https:\/\/www.gereso.com\/actualites\/wp-json\/wp\/v2\/posts\/27502\/revisions\/27512"}],"wp:attachment":[{"href":"https:\/\/www.gereso.com\/actualites\/wp-json\/wp\/v2\/media?parent=27502"}],"wp:term":[{"taxonomy":"category","embeddable":true,"href":"https:\/\/www.gereso.com\/actualites\/wp-json\/wp\/v2\/categories?post=27502"},{"taxonomy":"post_tag","embeddable":true,"href":"https:\/\/www.gereso.com\/actualites\/wp-json\/wp\/v2\/tags?post=27502"}],"curies":[{"name":"wp","href":"https:\/\/api.w.org\/{rel}","templated":true}]}}