{"id":27519,"date":"2022-05-09T14:33:36","date_gmt":"2022-05-09T12:33:36","guid":{"rendered":"https:\/\/www.gereso.com\/actualites\/?p=27519"},"modified":"2022-05-09T14:33:38","modified_gmt":"2022-05-09T12:33:38","slug":"perennisation-procedure-mediation-obligatoire-prealable-saisine-juge-administratif","status":"publish","type":"post","link":"https:\/\/www.gereso.com\/actualites\/2022\/05\/09\/perennisation-procedure-mediation-obligatoire-prealable-saisine-juge-administratif\/","title":{"rendered":"La p\u00e9rennisation de la proc\u00e9dure de m\u00e9diation obligatoire pr\u00e9alable \u00e0 la saisine du juge administratif"},"content":{"rendered":"\n\n\n<p>Par d\u00e9cret n\u00b0 2022-433 du 25 mars 2022 relatif \u00e0 la proc\u00e9dure de m\u00e9diation pr\u00e9alable obligatoire, le gouvernement a entendu p\u00e9renniser la proc\u00e9dure de m\u00e9diation pr\u00e9alable obligatoire applicable \u00e0 certains litiges de la fonction publique et \u00e0 certains litiges sociaux.<\/p>\n\n\n\n<p>Le d\u00e9cret fixe les modalit\u00e9s et d\u00e9lais d&rsquo;engagement de la proc\u00e9dure de m\u00e9diation pr\u00e9alable obligatoire, ainsi que les cat\u00e9gories de d\u00e9cisions devant faire l&rsquo;objet d&rsquo;une m\u00e9diation pr\u00e9alable obligatoire.<\/p>\n\n\n\n<p>Les agents publics concern\u00e9s par la proc\u00e9dure de m\u00e9diation pr\u00e9alable obligatoire sont&nbsp;:<\/p>\n\n\n\n<ul>\n<li>Les agents de la fonction publique de l&rsquo;\u00c9tat affect\u00e9s dans les services acad\u00e9miques et d\u00e9partementaux, les \u00e9coles maternelles et \u00e9l\u00e9mentaires et les \u00e9tablissements publics locaux d&rsquo;enseignement du ressort de celles des acad\u00e9mies qui figurent sur l\u2019arr\u00eat\u00e9 du 30 mars 2022 (https:\/\/www.le-<br>gifrance.gouv.fr\/jorf\/id\/JORFTEXT000045457858)<\/li>\n<li>Les agents de la fonction publique territoriale employ\u00e9s dans les collectivit\u00e9s territoriales et leurs \u00e9tablissements publics ayant pr\u00e9alablement conclu, avec le centre de gestion de la fonction publique territoriale dont ils rel\u00e8vent, une convention pour assurer la m\u00e9diation.<\/li><\/ul>\n\n\n\n<p>La proc\u00e9dure de m\u00e9diation pr\u00e9alable obligatoire est applicable aux recours form\u00e9s par les agents publics \u00e0 l&rsquo;encontre&nbsp;:<\/p>\n\n\n\n<ul>\n<li>Des d\u00e9cisions administratives individuelles d\u00e9favorables relatives \u00e0 l&rsquo;un des \u00e9l\u00e9ments de r\u00e9mun\u00e9ration (le traitement&nbsp;; l&rsquo;indemnit\u00e9 de r\u00e9sidence&nbsp;; le suppl\u00e9ment familial de traitement et les primes et indemnit\u00e9s institu\u00e9es par une disposition l\u00e9gislative ou r\u00e9glementaire).<\/li>\n<li>Le refus de d\u00e9tachement ou de placement en disponibilit\u00e9 et, pour les agents contractuels, refus de cong\u00e9s non r\u00e9mun\u00e9r\u00e9s.<\/li>\n<li>Des d\u00e9cisions administratives individuelles d\u00e9favorables relatives \u00e0 la r\u00e9int\u00e9gration \u00e0 l&rsquo;issue d&rsquo;un d\u00e9tachement, d&rsquo;un placement en disponibilit\u00e9 ou d&rsquo;un cong\u00e9 parental ou relatives au r\u00e9emploi d&rsquo;un agent contractuel \u00e0 l&rsquo;issue d&rsquo;un cong\u00e9 non r\u00e9mun\u00e9r\u00e9.<\/li>\n<li>Des d\u00e9cisions administratives individuelles d\u00e9favorables relatives au classement de l&rsquo;agent \u00e0 l&rsquo;issue d&rsquo;un avancement de grade ou d&rsquo;un changement de corps ou cadre d&#8217;emploi obtenu par promotion interne.<\/li>\n<li> Des d\u00e9cisions administratives individuelles d\u00e9favorables relatives \u00e0 la formation professionnelle tout au long de la vie.<\/li>\n<li>Des d\u00e9cisions administratives individuelles d\u00e9favorables relatives aux mesures appropri\u00e9es prises par\nles employeurs publics \u00e0 l&rsquo;\u00e9gard des travailleurs handicap\u00e9s en application des <a href=\"https:\/\/www.legifrance.gouv.fr\/codes\/id\/LEGISCTA000044427702\/2022-03-01\" target=\"_blank\" rel=\"noreferrer noopener\">articles L. 131-8 et\nL. 131-10 du Code g\u00e9n\u00e9ral de la fonction publique<\/a>.<\/li>\n<li>Des d\u00e9cisions administratives individuelles d\u00e9favorables concernant l&rsquo;am\u00e9nagement des conditions de\ntravail des fonctionnaires qui ne sont plus en mesure d&rsquo;exercer leurs fonctions.<\/li>\n<\/ul>\n\n\n\n<p>Attention, la notification, pour ces d\u00e9cisions doit, pour que les d\u00e9lais courent, mentionner cette obligation et indiquer les coordonn\u00e9es du m\u00e9diateur comp\u00e9tent.<\/p>\n","protected":false},"excerpt":{"rendered":"<p>Par d\u00e9cret n\u00b0 2022-433 du 25 mars 2022 relatif \u00e0 la proc\u00e9dure de m\u00e9diation pr\u00e9alable obligatoire, le gouvernement a entendu p\u00e9renniser la proc\u00e9dure de m\u00e9diation pr\u00e9alable obligatoire applicable \u00e0 certains litiges de la fonction publique et \u00e0 certains litiges sociaux. Le d\u00e9cret fixe les modalit\u00e9s et d\u00e9lais d&rsquo;engagement de la proc\u00e9dure de m\u00e9diation pr\u00e9alable obligatoire, [&hellip;]<\/p>\n","protected":false},"author":32,"featured_media":0,"comment_status":"open","ping_status":"open","sticky":false,"template":"","format":"quote","meta":{"_acf_changed":false,"_mi_skip_tracking":false,"footnotes":""},"categories":[1],"tags":[],"class_list":["post-27519","post","type-post","status-publish","format-quote","hentry","category-non-classe","post_format-post-format-quote"],"acf":[],"yoast_head":"<!-- This site is optimized with the Yoast SEO plugin v23.4 - https:\/\/yoast.com\/wordpress\/plugins\/seo\/ -->\n<title>La p\u00e9rennisation de la proc\u00e9dure de m\u00e9diation obligatoire pr\u00e9alable \u00e0 la saisine du juge administratif - Le Blog GERESO<\/title>\n<meta name=\"robots\" content=\"index, follow, max-snippet:-1, max-image-preview:large, max-video-preview:-1\" \/>\n<link rel=\"canonical\" href=\"https:\/\/www.gereso.com\/actualites\/2022\/05\/09\/perennisation-procedure-mediation-obligatoire-prealable-saisine-juge-administratif\/\" \/>\n<meta property=\"og:locale\" content=\"fr_FR\" \/>\n<meta property=\"og:type\" content=\"article\" \/>\n<meta property=\"og:title\" content=\"La p\u00e9rennisation de la proc\u00e9dure de m\u00e9diation obligatoire pr\u00e9alable \u00e0 la saisine du juge administratif - Le Blog GERESO\" \/>\n<meta property=\"og:description\" content=\"Par d\u00e9cret n\u00b0 2022-433 du 25 mars 2022 relatif \u00e0 la proc\u00e9dure de m\u00e9diation pr\u00e9alable obligatoire, le gouvernement a entendu p\u00e9renniser la proc\u00e9dure de m\u00e9diation pr\u00e9alable obligatoire applicable \u00e0 certains litiges de la fonction publique et \u00e0 certains litiges sociaux. Le d\u00e9cret fixe les modalit\u00e9s et d\u00e9lais d&rsquo;engagement de la proc\u00e9dure de m\u00e9diation pr\u00e9alable obligatoire, [&hellip;]\" \/>\n<meta property=\"og:url\" content=\"https:\/\/www.gereso.com\/actualites\/2022\/05\/09\/perennisation-procedure-mediation-obligatoire-prealable-saisine-juge-administratif\/\" \/>\n<meta property=\"og:site_name\" content=\"Le Blog GERESO\" \/>\n<meta property=\"article:published_time\" content=\"2022-05-09T12:33:36+00:00\" \/>\n<meta property=\"article:modified_time\" content=\"2022-05-09T12:33:38+00:00\" \/>\n<meta name=\"author\" content=\"\u00c9quipe GERESO\" \/>\n<meta name=\"twitter:card\" content=\"summary_large_image\" \/>\n<script type=\"application\/ld+json\" class=\"yoast-schema-graph\">{\"@context\":\"https:\/\/schema.org\",\"@graph\":[{\"@type\":\"WebPage\",\"@id\":\"https:\/\/www.gereso.com\/actualites\/2022\/05\/09\/perennisation-procedure-mediation-obligatoire-prealable-saisine-juge-administratif\/\",\"url\":\"https:\/\/www.gereso.com\/actualites\/2022\/05\/09\/perennisation-procedure-mediation-obligatoire-prealable-saisine-juge-administratif\/\",\"name\":\"La p\u00e9rennisation de la proc\u00e9dure de m\u00e9diation obligatoire pr\u00e9alable \u00e0 la saisine du juge administratif - Le Blog GERESO\",\"isPartOf\":{\"@id\":\"https:\/\/www.gereso.com\/actualites\/#website\"},\"datePublished\":\"2022-05-09T12:33:36+00:00\",\"dateModified\":\"2022-05-09T12:33:38+00:00\",\"author\":{\"@id\":\"https:\/\/www.gereso.com\/actualites\/#\/schema\/person\/197d8aef40cb4ae3f6a0aa9e1d3df2a6\"},\"breadcrumb\":{\"@id\":\"https:\/\/www.gereso.com\/actualites\/2022\/05\/09\/perennisation-procedure-mediation-obligatoire-prealable-saisine-juge-administratif\/#breadcrumb\"},\"inLanguage\":\"fr-FR\",\"potentialAction\":[{\"@type\":\"ReadAction\",\"target\":[\"https:\/\/www.gereso.com\/actualites\/2022\/05\/09\/perennisation-procedure-mediation-obligatoire-prealable-saisine-juge-administratif\/\"]}]},{\"@type\":\"BreadcrumbList\",\"@id\":\"https:\/\/www.gereso.com\/actualites\/2022\/05\/09\/perennisation-procedure-mediation-obligatoire-prealable-saisine-juge-administratif\/#breadcrumb\",\"itemListElement\":[{\"@type\":\"ListItem\",\"position\":1,\"name\":\"Home\",\"item\":\"https:\/\/www.gereso.com\/actualites\/\"},{\"@type\":\"ListItem\",\"position\":2,\"name\":\"La p\u00e9rennisation de la proc\u00e9dure de m\u00e9diation obligatoire pr\u00e9alable \u00e0 la saisine du juge administratif\"}]},{\"@type\":\"WebSite\",\"@id\":\"https:\/\/www.gereso.com\/actualites\/#website\",\"url\":\"https:\/\/www.gereso.com\/actualites\/\",\"name\":\"Le Blog GERESO\",\"description\":\"Toute l&#039;actu RH, Finance, Fonction Publique, Management...\",\"potentialAction\":[{\"@type\":\"SearchAction\",\"target\":{\"@type\":\"EntryPoint\",\"urlTemplate\":\"https:\/\/www.gereso.com\/actualites\/?s={search_term_string}\"},\"query-input\":{\"@type\":\"PropertyValueSpecification\",\"valueRequired\":true,\"valueName\":\"search_term_string\"}}],\"inLanguage\":\"fr-FR\"},{\"@type\":\"Person\",\"@id\":\"https:\/\/www.gereso.com\/actualites\/#\/schema\/person\/197d8aef40cb4ae3f6a0aa9e1d3df2a6\",\"name\":\"\u00c9quipe GERESO\",\"image\":{\"@type\":\"ImageObject\",\"inLanguage\":\"fr-FR\",\"@id\":\"https:\/\/www.gereso.com\/actualites\/#\/schema\/person\/image\/\",\"url\":\"https:\/\/www.gereso.com\/actualites\/wp-content\/uploads\/2013\/12\/avatar-gereso-1.png\",\"contentUrl\":\"https:\/\/www.gereso.com\/actualites\/wp-content\/uploads\/2013\/12\/avatar-gereso-1.png\",\"caption\":\"\u00c9quipe GERESO\"},\"url\":\"https:\/\/www.gereso.com\/actualites\/author\/gereso\/\"}]}<\/script>\n<!-- \/ Yoast SEO plugin. -->","yoast_head_json":{"title":"La p\u00e9rennisation de la proc\u00e9dure de m\u00e9diation obligatoire pr\u00e9alable \u00e0 la saisine du juge administratif - Le Blog GERESO","robots":{"index":"index","follow":"follow","max-snippet":"max-snippet:-1","max-image-preview":"max-image-preview:large","max-video-preview":"max-video-preview:-1"},"canonical":"https:\/\/www.gereso.com\/actualites\/2022\/05\/09\/perennisation-procedure-mediation-obligatoire-prealable-saisine-juge-administratif\/","og_locale":"fr_FR","og_type":"article","og_title":"La p\u00e9rennisation de la proc\u00e9dure de m\u00e9diation obligatoire pr\u00e9alable \u00e0 la saisine du juge administratif - Le Blog GERESO","og_description":"Par d\u00e9cret n\u00b0 2022-433 du 25 mars 2022 relatif \u00e0 la proc\u00e9dure de m\u00e9diation pr\u00e9alable obligatoire, le gouvernement a entendu p\u00e9renniser la proc\u00e9dure de m\u00e9diation pr\u00e9alable obligatoire applicable \u00e0 certains litiges de la fonction publique et \u00e0 certains litiges sociaux. Le d\u00e9cret fixe les modalit\u00e9s et d\u00e9lais d&rsquo;engagement de la proc\u00e9dure de m\u00e9diation pr\u00e9alable obligatoire, [&hellip;]","og_url":"https:\/\/www.gereso.com\/actualites\/2022\/05\/09\/perennisation-procedure-mediation-obligatoire-prealable-saisine-juge-administratif\/","og_site_name":"Le Blog GERESO","article_published_time":"2022-05-09T12:33:36+00:00","article_modified_time":"2022-05-09T12:33:38+00:00","author":"\u00c9quipe GERESO","twitter_card":"summary_large_image","schema":{"@context":"https:\/\/schema.org","@graph":[{"@type":"WebPage","@id":"https:\/\/www.gereso.com\/actualites\/2022\/05\/09\/perennisation-procedure-mediation-obligatoire-prealable-saisine-juge-administratif\/","url":"https:\/\/www.gereso.com\/actualites\/2022\/05\/09\/perennisation-procedure-mediation-obligatoire-prealable-saisine-juge-administratif\/","name":"La p\u00e9rennisation de la proc\u00e9dure de m\u00e9diation obligatoire pr\u00e9alable \u00e0 la saisine du juge administratif - Le Blog GERESO","isPartOf":{"@id":"https:\/\/www.gereso.com\/actualites\/#website"},"datePublished":"2022-05-09T12:33:36+00:00","dateModified":"2022-05-09T12:33:38+00:00","author":{"@id":"https:\/\/www.gereso.com\/actualites\/#\/schema\/person\/197d8aef40cb4ae3f6a0aa9e1d3df2a6"},"breadcrumb":{"@id":"https:\/\/www.gereso.com\/actualites\/2022\/05\/09\/perennisation-procedure-mediation-obligatoire-prealable-saisine-juge-administratif\/#breadcrumb"},"inLanguage":"fr-FR","potentialAction":[{"@type":"ReadAction","target":["https:\/\/www.gereso.com\/actualites\/2022\/05\/09\/perennisation-procedure-mediation-obligatoire-prealable-saisine-juge-administratif\/"]}]},{"@type":"BreadcrumbList","@id":"https:\/\/www.gereso.com\/actualites\/2022\/05\/09\/perennisation-procedure-mediation-obligatoire-prealable-saisine-juge-administratif\/#breadcrumb","itemListElement":[{"@type":"ListItem","position":1,"name":"Home","item":"https:\/\/www.gereso.com\/actualites\/"},{"@type":"ListItem","position":2,"name":"La p\u00e9rennisation de la proc\u00e9dure de m\u00e9diation obligatoire pr\u00e9alable \u00e0 la saisine du juge administratif"}]},{"@type":"WebSite","@id":"https:\/\/www.gereso.com\/actualites\/#website","url":"https:\/\/www.gereso.com\/actualites\/","name":"Le Blog GERESO","description":"Toute l&#039;actu RH, Finance, Fonction Publique, Management...","potentialAction":[{"@type":"SearchAction","target":{"@type":"EntryPoint","urlTemplate":"https:\/\/www.gereso.com\/actualites\/?s={search_term_string}"},"query-input":{"@type":"PropertyValueSpecification","valueRequired":true,"valueName":"search_term_string"}}],"inLanguage":"fr-FR"},{"@type":"Person","@id":"https:\/\/www.gereso.com\/actualites\/#\/schema\/person\/197d8aef40cb4ae3f6a0aa9e1d3df2a6","name":"\u00c9quipe GERESO","image":{"@type":"ImageObject","inLanguage":"fr-FR","@id":"https:\/\/www.gereso.com\/actualites\/#\/schema\/person\/image\/","url":"https:\/\/www.gereso.com\/actualites\/wp-content\/uploads\/2013\/12\/avatar-gereso-1.png","contentUrl":"https:\/\/www.gereso.com\/actualites\/wp-content\/uploads\/2013\/12\/avatar-gereso-1.png","caption":"\u00c9quipe GERESO"},"url":"https:\/\/www.gereso.com\/actualites\/author\/gereso\/"}]}},"_links":{"self":[{"href":"https:\/\/www.gereso.com\/actualites\/wp-json\/wp\/v2\/posts\/27519","targetHints":{"allow":["GET"]}}],"collection":[{"href":"https:\/\/www.gereso.com\/actualites\/wp-json\/wp\/v2\/posts"}],"about":[{"href":"https:\/\/www.gereso.com\/actualites\/wp-json\/wp\/v2\/types\/post"}],"author":[{"embeddable":true,"href":"https:\/\/www.gereso.com\/actualites\/wp-json\/wp\/v2\/users\/32"}],"replies":[{"embeddable":true,"href":"https:\/\/www.gereso.com\/actualites\/wp-json\/wp\/v2\/comments?post=27519"}],"version-history":[{"count":7,"href":"https:\/\/www.gereso.com\/actualites\/wp-json\/wp\/v2\/posts\/27519\/revisions"}],"predecessor-version":[{"id":27527,"href":"https:\/\/www.gereso.com\/actualites\/wp-json\/wp\/v2\/posts\/27519\/revisions\/27527"}],"wp:attachment":[{"href":"https:\/\/www.gereso.com\/actualites\/wp-json\/wp\/v2\/media?parent=27519"}],"wp:term":[{"taxonomy":"category","embeddable":true,"href":"https:\/\/www.gereso.com\/actualites\/wp-json\/wp\/v2\/categories?post=27519"},{"taxonomy":"post_tag","embeddable":true,"href":"https:\/\/www.gereso.com\/actualites\/wp-json\/wp\/v2\/tags?post=27519"}],"curies":[{"name":"wp","href":"https:\/\/api.w.org\/{rel}","templated":true}]}}