{"id":27809,"date":"2022-05-18T16:54:54","date_gmt":"2022-05-18T14:54:54","guid":{"rendered":"https:\/\/www.gereso.com\/actualites\/?p=27809"},"modified":"2022-05-18T16:54:56","modified_gmt":"2022-05-18T14:54:56","slug":"report-visites-medicales-suite-crise-sanitaire","status":"publish","type":"post","link":"https:\/\/www.gereso.com\/actualites\/2022\/05\/18\/report-visites-medicales-suite-crise-sanitaire\/","title":{"rendered":"Report des visites m\u00e9dicales suite \u00e0 la crise sanitaire"},"content":{"rendered":"\n\n\n<p>Sont concern\u00e9es&nbsp;:<\/p>\n\n\n\n<ul class=\"wp-block-list\"><li>Les visites d\u2019information et de pr\u00e9vention (Vip).<\/li><li>Les visites p\u00e9riodiques.<\/li><li>Les visites effectu\u00e9es dans le cadre du suivi des travailleurs handicap\u00e9s et de nuit.<\/li><li>Les visites \u00e0 la demande des salari\u00e9s.<\/li><\/ul>\n\n\n\n<p>Sont exclues&nbsp;:<\/p>\n\n\n\n<ul><li>Les visites m\u00e9dicales d\u2019aptitude (Vma).<\/li><li>Les visites de pr\u00e9-reprise et de reprise.<\/li><li>Les visites de mi-carri\u00e8re et de fin de carri\u00e8re.<\/li><\/ul>\n\n\n\n<p>Les visites qui ont d\u00e9j\u00e0 fait l\u2019objet d\u2019un report et qui devaient avoir lieu depuis le 15 d\u00e9cembre 2021 ne peuvent \u00eatre report\u00e9es que dans la limite de 6 mois.<\/p>\n\n\n\n<p>Les visites m\u00e9dicales dont l\u2019\u00e9ch\u00e9ance doit intervenir entre le 15 d\u00e9cembre 2021 et le 31 juillet 2022 peuvent \u00eatre report\u00e9es dans la limite d\u2019un an<\/p>\n","protected":false},"excerpt":{"rendered":"<p>Sont concern\u00e9es&nbsp;: Les visites d\u2019information et de pr\u00e9vention (Vip). Les visites p\u00e9riodiques. Les visites effectu\u00e9es dans le cadre du suivi des travailleurs handicap\u00e9s et de nuit. Les visites \u00e0 la demande des salari\u00e9s. Sont exclues&nbsp;: Les visites m\u00e9dicales d\u2019aptitude (Vma). Les visites de pr\u00e9-reprise et de reprise. Les visites de mi-carri\u00e8re et de fin de [&hellip;]<\/p>\n","protected":false},"author":32,"featured_media":0,"comment_status":"open","ping_status":"open","sticky":false,"template":"","format":"quote","meta":{"_acf_changed":false,"_mi_skip_tracking":false,"footnotes":""},"categories":[12,13],"tags":[],"class_list":["post-27809","post","type-post","status-publish","format-quote","hentry","category-actualites","category-sante-et-securite-au-travail","post_format-post-format-quote"],"acf":[],"yoast_head":"<!-- This site is optimized with the Yoast SEO plugin v23.4 - https:\/\/yoast.com\/wordpress\/plugins\/seo\/ -->\n<title>Report des visites m\u00e9dicales suite \u00e0 la crise sanitaire - Le Blog GERESO<\/title>\n<meta name=\"robots\" content=\"index, follow, max-snippet:-1, max-image-preview:large, max-video-preview:-1\" \/>\n<link rel=\"canonical\" href=\"https:\/\/www.gereso.com\/actualites\/2022\/05\/18\/report-visites-medicales-suite-crise-sanitaire\/\" \/>\n<meta property=\"og:locale\" content=\"fr_FR\" \/>\n<meta property=\"og:type\" content=\"article\" \/>\n<meta property=\"og:title\" content=\"Report des visites m\u00e9dicales suite \u00e0 la crise sanitaire - Le Blog GERESO\" \/>\n<meta property=\"og:description\" content=\"Sont concern\u00e9es&nbsp;: Les visites d\u2019information et de pr\u00e9vention (Vip). Les visites p\u00e9riodiques. Les visites effectu\u00e9es dans le cadre du suivi des travailleurs handicap\u00e9s et de nuit. Les visites \u00e0 la demande des salari\u00e9s. Sont exclues&nbsp;: Les visites m\u00e9dicales d\u2019aptitude (Vma). Les visites de pr\u00e9-reprise et de reprise. Les visites de mi-carri\u00e8re et de fin de [&hellip;]\" \/>\n<meta property=\"og:url\" content=\"https:\/\/www.gereso.com\/actualites\/2022\/05\/18\/report-visites-medicales-suite-crise-sanitaire\/\" \/>\n<meta property=\"og:site_name\" content=\"Le Blog GERESO\" \/>\n<meta property=\"article:published_time\" content=\"2022-05-18T14:54:54+00:00\" \/>\n<meta property=\"article:modified_time\" content=\"2022-05-18T14:54:56+00:00\" \/>\n<meta name=\"author\" content=\"\u00c9quipe GERESO\" \/>\n<meta name=\"twitter:card\" content=\"summary_large_image\" \/>\n<script type=\"application\/ld+json\" class=\"yoast-schema-graph\">{\"@context\":\"https:\/\/schema.org\",\"@graph\":[{\"@type\":\"WebPage\",\"@id\":\"https:\/\/www.gereso.com\/actualites\/2022\/05\/18\/report-visites-medicales-suite-crise-sanitaire\/\",\"url\":\"https:\/\/www.gereso.com\/actualites\/2022\/05\/18\/report-visites-medicales-suite-crise-sanitaire\/\",\"name\":\"Report des visites m\u00e9dicales suite \u00e0 la crise sanitaire - Le Blog GERESO\",\"isPartOf\":{\"@id\":\"https:\/\/www.gereso.com\/actualites\/#website\"},\"datePublished\":\"2022-05-18T14:54:54+00:00\",\"dateModified\":\"2022-05-18T14:54:56+00:00\",\"author\":{\"@id\":\"https:\/\/www.gereso.com\/actualites\/#\/schema\/person\/197d8aef40cb4ae3f6a0aa9e1d3df2a6\"},\"breadcrumb\":{\"@id\":\"https:\/\/www.gereso.com\/actualites\/2022\/05\/18\/report-visites-medicales-suite-crise-sanitaire\/#breadcrumb\"},\"inLanguage\":\"fr-FR\",\"potentialAction\":[{\"@type\":\"ReadAction\",\"target\":[\"https:\/\/www.gereso.com\/actualites\/2022\/05\/18\/report-visites-medicales-suite-crise-sanitaire\/\"]}]},{\"@type\":\"BreadcrumbList\",\"@id\":\"https:\/\/www.gereso.com\/actualites\/2022\/05\/18\/report-visites-medicales-suite-crise-sanitaire\/#breadcrumb\",\"itemListElement\":[{\"@type\":\"ListItem\",\"position\":1,\"name\":\"Home\",\"item\":\"https:\/\/www.gereso.com\/actualites\/\"},{\"@type\":\"ListItem\",\"position\":2,\"name\":\"Report des visites m\u00e9dicales suite \u00e0 la crise sanitaire\"}]},{\"@type\":\"WebSite\",\"@id\":\"https:\/\/www.gereso.com\/actualites\/#website\",\"url\":\"https:\/\/www.gereso.com\/actualites\/\",\"name\":\"Le Blog GERESO\",\"description\":\"Toute l&#039;actu RH, Finance, Fonction Publique, Management...\",\"potentialAction\":[{\"@type\":\"SearchAction\",\"target\":{\"@type\":\"EntryPoint\",\"urlTemplate\":\"https:\/\/www.gereso.com\/actualites\/?s={search_term_string}\"},\"query-input\":{\"@type\":\"PropertyValueSpecification\",\"valueRequired\":true,\"valueName\":\"search_term_string\"}}],\"inLanguage\":\"fr-FR\"},{\"@type\":\"Person\",\"@id\":\"https:\/\/www.gereso.com\/actualites\/#\/schema\/person\/197d8aef40cb4ae3f6a0aa9e1d3df2a6\",\"name\":\"\u00c9quipe GERESO\",\"image\":{\"@type\":\"ImageObject\",\"inLanguage\":\"fr-FR\",\"@id\":\"https:\/\/www.gereso.com\/actualites\/#\/schema\/person\/image\/\",\"url\":\"https:\/\/www.gereso.com\/actualites\/wp-content\/uploads\/2013\/12\/avatar-gereso-1.png\",\"contentUrl\":\"https:\/\/www.gereso.com\/actualites\/wp-content\/uploads\/2013\/12\/avatar-gereso-1.png\",\"caption\":\"\u00c9quipe GERESO\"},\"url\":\"https:\/\/www.gereso.com\/actualites\/author\/gereso\/\"}]}<\/script>\n<!-- \/ Yoast SEO plugin. -->","yoast_head_json":{"title":"Report des visites m\u00e9dicales suite \u00e0 la crise sanitaire - Le Blog GERESO","robots":{"index":"index","follow":"follow","max-snippet":"max-snippet:-1","max-image-preview":"max-image-preview:large","max-video-preview":"max-video-preview:-1"},"canonical":"https:\/\/www.gereso.com\/actualites\/2022\/05\/18\/report-visites-medicales-suite-crise-sanitaire\/","og_locale":"fr_FR","og_type":"article","og_title":"Report des visites m\u00e9dicales suite \u00e0 la crise sanitaire - Le Blog GERESO","og_description":"Sont concern\u00e9es&nbsp;: Les visites d\u2019information et de pr\u00e9vention (Vip). Les visites p\u00e9riodiques. Les visites effectu\u00e9es dans le cadre du suivi des travailleurs handicap\u00e9s et de nuit. Les visites \u00e0 la demande des salari\u00e9s. Sont exclues&nbsp;: Les visites m\u00e9dicales d\u2019aptitude (Vma). Les visites de pr\u00e9-reprise et de reprise. Les visites de mi-carri\u00e8re et de fin de [&hellip;]","og_url":"https:\/\/www.gereso.com\/actualites\/2022\/05\/18\/report-visites-medicales-suite-crise-sanitaire\/","og_site_name":"Le Blog GERESO","article_published_time":"2022-05-18T14:54:54+00:00","article_modified_time":"2022-05-18T14:54:56+00:00","author":"\u00c9quipe GERESO","twitter_card":"summary_large_image","schema":{"@context":"https:\/\/schema.org","@graph":[{"@type":"WebPage","@id":"https:\/\/www.gereso.com\/actualites\/2022\/05\/18\/report-visites-medicales-suite-crise-sanitaire\/","url":"https:\/\/www.gereso.com\/actualites\/2022\/05\/18\/report-visites-medicales-suite-crise-sanitaire\/","name":"Report des visites m\u00e9dicales suite \u00e0 la crise sanitaire - Le Blog GERESO","isPartOf":{"@id":"https:\/\/www.gereso.com\/actualites\/#website"},"datePublished":"2022-05-18T14:54:54+00:00","dateModified":"2022-05-18T14:54:56+00:00","author":{"@id":"https:\/\/www.gereso.com\/actualites\/#\/schema\/person\/197d8aef40cb4ae3f6a0aa9e1d3df2a6"},"breadcrumb":{"@id":"https:\/\/www.gereso.com\/actualites\/2022\/05\/18\/report-visites-medicales-suite-crise-sanitaire\/#breadcrumb"},"inLanguage":"fr-FR","potentialAction":[{"@type":"ReadAction","target":["https:\/\/www.gereso.com\/actualites\/2022\/05\/18\/report-visites-medicales-suite-crise-sanitaire\/"]}]},{"@type":"BreadcrumbList","@id":"https:\/\/www.gereso.com\/actualites\/2022\/05\/18\/report-visites-medicales-suite-crise-sanitaire\/#breadcrumb","itemListElement":[{"@type":"ListItem","position":1,"name":"Home","item":"https:\/\/www.gereso.com\/actualites\/"},{"@type":"ListItem","position":2,"name":"Report des visites m\u00e9dicales suite \u00e0 la crise sanitaire"}]},{"@type":"WebSite","@id":"https:\/\/www.gereso.com\/actualites\/#website","url":"https:\/\/www.gereso.com\/actualites\/","name":"Le Blog GERESO","description":"Toute l&#039;actu RH, Finance, Fonction Publique, Management...","potentialAction":[{"@type":"SearchAction","target":{"@type":"EntryPoint","urlTemplate":"https:\/\/www.gereso.com\/actualites\/?s={search_term_string}"},"query-input":{"@type":"PropertyValueSpecification","valueRequired":true,"valueName":"search_term_string"}}],"inLanguage":"fr-FR"},{"@type":"Person","@id":"https:\/\/www.gereso.com\/actualites\/#\/schema\/person\/197d8aef40cb4ae3f6a0aa9e1d3df2a6","name":"\u00c9quipe GERESO","image":{"@type":"ImageObject","inLanguage":"fr-FR","@id":"https:\/\/www.gereso.com\/actualites\/#\/schema\/person\/image\/","url":"https:\/\/www.gereso.com\/actualites\/wp-content\/uploads\/2013\/12\/avatar-gereso-1.png","contentUrl":"https:\/\/www.gereso.com\/actualites\/wp-content\/uploads\/2013\/12\/avatar-gereso-1.png","caption":"\u00c9quipe GERESO"},"url":"https:\/\/www.gereso.com\/actualites\/author\/gereso\/"}]}},"_links":{"self":[{"href":"https:\/\/www.gereso.com\/actualites\/wp-json\/wp\/v2\/posts\/27809","targetHints":{"allow":["GET"]}}],"collection":[{"href":"https:\/\/www.gereso.com\/actualites\/wp-json\/wp\/v2\/posts"}],"about":[{"href":"https:\/\/www.gereso.com\/actualites\/wp-json\/wp\/v2\/types\/post"}],"author":[{"embeddable":true,"href":"https:\/\/www.gereso.com\/actualites\/wp-json\/wp\/v2\/users\/32"}],"replies":[{"embeddable":true,"href":"https:\/\/www.gereso.com\/actualites\/wp-json\/wp\/v2\/comments?post=27809"}],"version-history":[{"count":3,"href":"https:\/\/www.gereso.com\/actualites\/wp-json\/wp\/v2\/posts\/27809\/revisions"}],"predecessor-version":[{"id":27813,"href":"https:\/\/www.gereso.com\/actualites\/wp-json\/wp\/v2\/posts\/27809\/revisions\/27813"}],"wp:attachment":[{"href":"https:\/\/www.gereso.com\/actualites\/wp-json\/wp\/v2\/media?parent=27809"}],"wp:term":[{"taxonomy":"category","embeddable":true,"href":"https:\/\/www.gereso.com\/actualites\/wp-json\/wp\/v2\/categories?post=27809"},{"taxonomy":"post_tag","embeddable":true,"href":"https:\/\/www.gereso.com\/actualites\/wp-json\/wp\/v2\/tags?post=27809"}],"curies":[{"name":"wp","href":"https:\/\/api.w.org\/{rel}","templated":true}]}}