{"id":27814,"date":"2022-05-18T16:58:51","date_gmt":"2022-05-18T14:58:51","guid":{"rendered":"https:\/\/www.gereso.com\/actualites\/?p=27814"},"modified":"2022-05-18T16:58:53","modified_gmt":"2022-05-18T14:58:53","slug":"organisation-rendez-vous-liaison-arret-travail","status":"publish","type":"post","link":"https:\/\/www.gereso.com\/actualites\/2022\/05\/18\/organisation-rendez-vous-liaison-arret-travail\/","title":{"rendered":"L&rsquo;organisation du rendez-vous de liaison en cas d&rsquo;arr\u00eat de travail"},"content":{"rendered":"\n<p>En cas d\u2019arr\u00eat de travail sup\u00e9rieur \u00e0 30 jours, l\u2019employeur doit organiser un rendez-vous avec le salari\u00e9 ou ce dernier peut le solliciter.<\/p>\n\n\n\n<p>Cet \u00e9change vise \u00e0 informer l\u2019int\u00e9ress\u00e9 qu\u2019il peut b\u00e9n\u00e9ficier d\u2019actions de pr\u00e9vention de la d\u00e9sinsertion professionnelle, d\u2019un examen de pr\u00e9-reprise et de mesures d\u2019am\u00e9nagement du poste et du temps de travail.<\/p>\n\n\n\n<p>Le salari\u00e9 est en droit de refuser cet entretien et aucune cons\u00e9quence ne peut \u00eatre tir\u00e9e de son refus.<\/p>\n\n\n\n<p>Compte tenu de son objet, l\u2019entretien peut se tenir pendant la p\u00e9riode d\u2019arr\u00eat de<br>travail du salari\u00e9.<\/p>\n\n\n\n<p><em><a href=\"https:\/\/www.legifrance.gouv.fr\/jorf\/id\/JORFTEXT000045365939\" target=\"_blank\" rel=\"noreferrer noopener\">D\u00e9cret n\u00b0 2022-373 du 16 mars 2022<\/a><\/em><\/p>\n","protected":false},"excerpt":{"rendered":"<p>En cas d\u2019arr\u00eat de travail sup\u00e9rieur \u00e0 30 jours, l\u2019employeur doit organiser un rendez-vous avec le salari\u00e9 ou ce dernier peut le solliciter. Cet \u00e9change vise \u00e0 informer l\u2019int\u00e9ress\u00e9 qu\u2019il peut b\u00e9n\u00e9ficier d\u2019actions de pr\u00e9vention de la d\u00e9sinsertion professionnelle, d\u2019un examen de pr\u00e9-reprise et de mesures d\u2019am\u00e9nagement du poste et du temps de travail. Le [&hellip;]<\/p>\n","protected":false},"author":32,"featured_media":0,"comment_status":"open","ping_status":"open","sticky":false,"template":"","format":"quote","meta":{"_acf_changed":false,"_mi_skip_tracking":false,"footnotes":""},"categories":[12,5],"tags":[],"class_list":["post-27814","post","type-post","status-publish","format-quote","hentry","category-actualites","category-droit-du-travail","post_format-post-format-quote"],"acf":[],"yoast_head":"<!-- This site is optimized with the Yoast SEO plugin v23.4 - https:\/\/yoast.com\/wordpress\/plugins\/seo\/ -->\n<title>L&#039;organisation du rendez-vous de liaison en cas d&#039;arr\u00eat de travail - Le Blog GERESO<\/title>\n<meta name=\"robots\" content=\"index, follow, max-snippet:-1, max-image-preview:large, max-video-preview:-1\" \/>\n<link rel=\"canonical\" href=\"https:\/\/www.gereso.com\/actualites\/2022\/05\/18\/organisation-rendez-vous-liaison-arret-travail\/\" \/>\n<meta property=\"og:locale\" content=\"fr_FR\" \/>\n<meta property=\"og:type\" content=\"article\" \/>\n<meta property=\"og:title\" content=\"L&#039;organisation du rendez-vous de liaison en cas d&#039;arr\u00eat de travail - Le Blog GERESO\" \/>\n<meta property=\"og:description\" content=\"En cas d\u2019arr\u00eat de travail sup\u00e9rieur \u00e0 30 jours, l\u2019employeur doit organiser un rendez-vous avec le salari\u00e9 ou ce dernier peut le solliciter. Cet \u00e9change vise \u00e0 informer l\u2019int\u00e9ress\u00e9 qu\u2019il peut b\u00e9n\u00e9ficier d\u2019actions de pr\u00e9vention de la d\u00e9sinsertion professionnelle, d\u2019un examen de pr\u00e9-reprise et de mesures d\u2019am\u00e9nagement du poste et du temps de travail. Le [&hellip;]\" \/>\n<meta property=\"og:url\" content=\"https:\/\/www.gereso.com\/actualites\/2022\/05\/18\/organisation-rendez-vous-liaison-arret-travail\/\" \/>\n<meta property=\"og:site_name\" content=\"Le Blog GERESO\" \/>\n<meta property=\"article:published_time\" content=\"2022-05-18T14:58:51+00:00\" \/>\n<meta property=\"article:modified_time\" content=\"2022-05-18T14:58:53+00:00\" \/>\n<meta name=\"author\" content=\"\u00c9quipe GERESO\" \/>\n<meta name=\"twitter:card\" content=\"summary_large_image\" \/>\n<script type=\"application\/ld+json\" class=\"yoast-schema-graph\">{\"@context\":\"https:\/\/schema.org\",\"@graph\":[{\"@type\":\"WebPage\",\"@id\":\"https:\/\/www.gereso.com\/actualites\/2022\/05\/18\/organisation-rendez-vous-liaison-arret-travail\/\",\"url\":\"https:\/\/www.gereso.com\/actualites\/2022\/05\/18\/organisation-rendez-vous-liaison-arret-travail\/\",\"name\":\"L'organisation du rendez-vous de liaison en cas d'arr\u00eat de travail - Le Blog GERESO\",\"isPartOf\":{\"@id\":\"https:\/\/www.gereso.com\/actualites\/#website\"},\"datePublished\":\"2022-05-18T14:58:51+00:00\",\"dateModified\":\"2022-05-18T14:58:53+00:00\",\"author\":{\"@id\":\"https:\/\/www.gereso.com\/actualites\/#\/schema\/person\/197d8aef40cb4ae3f6a0aa9e1d3df2a6\"},\"breadcrumb\":{\"@id\":\"https:\/\/www.gereso.com\/actualites\/2022\/05\/18\/organisation-rendez-vous-liaison-arret-travail\/#breadcrumb\"},\"inLanguage\":\"fr-FR\",\"potentialAction\":[{\"@type\":\"ReadAction\",\"target\":[\"https:\/\/www.gereso.com\/actualites\/2022\/05\/18\/organisation-rendez-vous-liaison-arret-travail\/\"]}]},{\"@type\":\"BreadcrumbList\",\"@id\":\"https:\/\/www.gereso.com\/actualites\/2022\/05\/18\/organisation-rendez-vous-liaison-arret-travail\/#breadcrumb\",\"itemListElement\":[{\"@type\":\"ListItem\",\"position\":1,\"name\":\"Home\",\"item\":\"https:\/\/www.gereso.com\/actualites\/\"},{\"@type\":\"ListItem\",\"position\":2,\"name\":\"L&rsquo;organisation du rendez-vous de liaison en cas d&rsquo;arr\u00eat de travail\"}]},{\"@type\":\"WebSite\",\"@id\":\"https:\/\/www.gereso.com\/actualites\/#website\",\"url\":\"https:\/\/www.gereso.com\/actualites\/\",\"name\":\"Le Blog GERESO\",\"description\":\"Toute l&#039;actu RH, Finance, Fonction Publique, Management...\",\"potentialAction\":[{\"@type\":\"SearchAction\",\"target\":{\"@type\":\"EntryPoint\",\"urlTemplate\":\"https:\/\/www.gereso.com\/actualites\/?s={search_term_string}\"},\"query-input\":{\"@type\":\"PropertyValueSpecification\",\"valueRequired\":true,\"valueName\":\"search_term_string\"}}],\"inLanguage\":\"fr-FR\"},{\"@type\":\"Person\",\"@id\":\"https:\/\/www.gereso.com\/actualites\/#\/schema\/person\/197d8aef40cb4ae3f6a0aa9e1d3df2a6\",\"name\":\"\u00c9quipe GERESO\",\"image\":{\"@type\":\"ImageObject\",\"inLanguage\":\"fr-FR\",\"@id\":\"https:\/\/www.gereso.com\/actualites\/#\/schema\/person\/image\/\",\"url\":\"https:\/\/www.gereso.com\/actualites\/wp-content\/uploads\/2013\/12\/avatar-gereso-1.png\",\"contentUrl\":\"https:\/\/www.gereso.com\/actualites\/wp-content\/uploads\/2013\/12\/avatar-gereso-1.png\",\"caption\":\"\u00c9quipe GERESO\"},\"url\":\"https:\/\/www.gereso.com\/actualites\/author\/gereso\/\"}]}<\/script>\n<!-- \/ Yoast SEO plugin. -->","yoast_head_json":{"title":"L'organisation du rendez-vous de liaison en cas d'arr\u00eat de travail - Le Blog GERESO","robots":{"index":"index","follow":"follow","max-snippet":"max-snippet:-1","max-image-preview":"max-image-preview:large","max-video-preview":"max-video-preview:-1"},"canonical":"https:\/\/www.gereso.com\/actualites\/2022\/05\/18\/organisation-rendez-vous-liaison-arret-travail\/","og_locale":"fr_FR","og_type":"article","og_title":"L'organisation du rendez-vous de liaison en cas d'arr\u00eat de travail - Le Blog GERESO","og_description":"En cas d\u2019arr\u00eat de travail sup\u00e9rieur \u00e0 30 jours, l\u2019employeur doit organiser un rendez-vous avec le salari\u00e9 ou ce dernier peut le solliciter. Cet \u00e9change vise \u00e0 informer l\u2019int\u00e9ress\u00e9 qu\u2019il peut b\u00e9n\u00e9ficier d\u2019actions de pr\u00e9vention de la d\u00e9sinsertion professionnelle, d\u2019un examen de pr\u00e9-reprise et de mesures d\u2019am\u00e9nagement du poste et du temps de travail. Le [&hellip;]","og_url":"https:\/\/www.gereso.com\/actualites\/2022\/05\/18\/organisation-rendez-vous-liaison-arret-travail\/","og_site_name":"Le Blog GERESO","article_published_time":"2022-05-18T14:58:51+00:00","article_modified_time":"2022-05-18T14:58:53+00:00","author":"\u00c9quipe GERESO","twitter_card":"summary_large_image","schema":{"@context":"https:\/\/schema.org","@graph":[{"@type":"WebPage","@id":"https:\/\/www.gereso.com\/actualites\/2022\/05\/18\/organisation-rendez-vous-liaison-arret-travail\/","url":"https:\/\/www.gereso.com\/actualites\/2022\/05\/18\/organisation-rendez-vous-liaison-arret-travail\/","name":"L'organisation du rendez-vous de liaison en cas d'arr\u00eat de travail - Le Blog GERESO","isPartOf":{"@id":"https:\/\/www.gereso.com\/actualites\/#website"},"datePublished":"2022-05-18T14:58:51+00:00","dateModified":"2022-05-18T14:58:53+00:00","author":{"@id":"https:\/\/www.gereso.com\/actualites\/#\/schema\/person\/197d8aef40cb4ae3f6a0aa9e1d3df2a6"},"breadcrumb":{"@id":"https:\/\/www.gereso.com\/actualites\/2022\/05\/18\/organisation-rendez-vous-liaison-arret-travail\/#breadcrumb"},"inLanguage":"fr-FR","potentialAction":[{"@type":"ReadAction","target":["https:\/\/www.gereso.com\/actualites\/2022\/05\/18\/organisation-rendez-vous-liaison-arret-travail\/"]}]},{"@type":"BreadcrumbList","@id":"https:\/\/www.gereso.com\/actualites\/2022\/05\/18\/organisation-rendez-vous-liaison-arret-travail\/#breadcrumb","itemListElement":[{"@type":"ListItem","position":1,"name":"Home","item":"https:\/\/www.gereso.com\/actualites\/"},{"@type":"ListItem","position":2,"name":"L&rsquo;organisation du rendez-vous de liaison en cas d&rsquo;arr\u00eat de travail"}]},{"@type":"WebSite","@id":"https:\/\/www.gereso.com\/actualites\/#website","url":"https:\/\/www.gereso.com\/actualites\/","name":"Le Blog GERESO","description":"Toute l&#039;actu RH, Finance, Fonction Publique, Management...","potentialAction":[{"@type":"SearchAction","target":{"@type":"EntryPoint","urlTemplate":"https:\/\/www.gereso.com\/actualites\/?s={search_term_string}"},"query-input":{"@type":"PropertyValueSpecification","valueRequired":true,"valueName":"search_term_string"}}],"inLanguage":"fr-FR"},{"@type":"Person","@id":"https:\/\/www.gereso.com\/actualites\/#\/schema\/person\/197d8aef40cb4ae3f6a0aa9e1d3df2a6","name":"\u00c9quipe GERESO","image":{"@type":"ImageObject","inLanguage":"fr-FR","@id":"https:\/\/www.gereso.com\/actualites\/#\/schema\/person\/image\/","url":"https:\/\/www.gereso.com\/actualites\/wp-content\/uploads\/2013\/12\/avatar-gereso-1.png","contentUrl":"https:\/\/www.gereso.com\/actualites\/wp-content\/uploads\/2013\/12\/avatar-gereso-1.png","caption":"\u00c9quipe GERESO"},"url":"https:\/\/www.gereso.com\/actualites\/author\/gereso\/"}]}},"_links":{"self":[{"href":"https:\/\/www.gereso.com\/actualites\/wp-json\/wp\/v2\/posts\/27814","targetHints":{"allow":["GET"]}}],"collection":[{"href":"https:\/\/www.gereso.com\/actualites\/wp-json\/wp\/v2\/posts"}],"about":[{"href":"https:\/\/www.gereso.com\/actualites\/wp-json\/wp\/v2\/types\/post"}],"author":[{"embeddable":true,"href":"https:\/\/www.gereso.com\/actualites\/wp-json\/wp\/v2\/users\/32"}],"replies":[{"embeddable":true,"href":"https:\/\/www.gereso.com\/actualites\/wp-json\/wp\/v2\/comments?post=27814"}],"version-history":[{"count":1,"href":"https:\/\/www.gereso.com\/actualites\/wp-json\/wp\/v2\/posts\/27814\/revisions"}],"predecessor-version":[{"id":27815,"href":"https:\/\/www.gereso.com\/actualites\/wp-json\/wp\/v2\/posts\/27814\/revisions\/27815"}],"wp:attachment":[{"href":"https:\/\/www.gereso.com\/actualites\/wp-json\/wp\/v2\/media?parent=27814"}],"wp:term":[{"taxonomy":"category","embeddable":true,"href":"https:\/\/www.gereso.com\/actualites\/wp-json\/wp\/v2\/categories?post=27814"},{"taxonomy":"post_tag","embeddable":true,"href":"https:\/\/www.gereso.com\/actualites\/wp-json\/wp\/v2\/tags?post=27814"}],"curies":[{"name":"wp","href":"https:\/\/api.w.org\/{rel}","templated":true}]}}