{"id":27817,"date":"2022-05-18T17:10:30","date_gmt":"2022-05-18T15:10:30","guid":{"rendered":"https:\/\/www.gereso.com\/actualites\/?p=27817"},"modified":"2023-04-03T13:50:33","modified_gmt":"2023-04-03T11:50:33","slug":"nouvelles-regles-cumul-pension-invalidite-revenus-activites-remplacement","status":"publish","type":"post","link":"https:\/\/www.gereso.com\/actualites\/2022\/05\/18\/nouvelles-regles-cumul-pension-invalidite-revenus-activites-remplacement\/","title":{"rendered":"Nouvelles r\u00e8gles de cumul pension d&rsquo;invalidit\u00e9 et revenus d&rsquo;activit\u00e9s ou de remplacement"},"content":{"rendered":"\n\n\n<p>A compter du 1er avril 2022, la personne invalide pourra cumuler int\u00e9gralement ses revenus d\u2019activit\u00e9s ou de remplacement jusqu\u2019au niveau de salaire pr\u00e9c\u00e9dant sa mise en invalidit\u00e9, puis conserver 50 % de ses gains au-del\u00e0 de ce seuil.<\/p>\n\n\n\n<p>Les r\u00e9mun\u00e9rations prises en compte sont le salaire, les r\u00e9mun\u00e9rations des stagiaires de la formation professionnelle, les r\u00e9mun\u00e9rations de stage de reclassement ou de r\u00e9\u00e9ducation professionnelle, les revenus de remplacement (indemnit\u00e9s journali\u00e8res, allocations ch\u00f4mage).<\/p>\n\n\n\n<p>Concr\u00e8tement, ces assouplissements permettent de garantir aux pensionn\u00e9s concern\u00e9s, un gain en cas d\u2019exercice d\u2019une activit\u00e9 professionnelle et de favoriser la reprise d\u2019activit\u00e9s professionnelles.<\/p>\n\n\n\n<p><em><a href=\"https:\/\/www.legifrance.gouv.fr\/loda\/id\/JORFTEXT000045245209\/\" target=\"_blank\" rel=\"noreferrer noopener\">D\u00e9cret n\u00b0 2022-257 du 23 f\u00e9vrier<\/a><\/em><\/p>\n","protected":false},"excerpt":{"rendered":"<p>A compter du 1er avril 2022, la personne invalide pourra cumuler int\u00e9gralement ses revenus d\u2019activit\u00e9s ou de remplacement jusqu\u2019au niveau de salaire pr\u00e9c\u00e9dant sa mise en invalidit\u00e9, puis conserver 50 % de ses gains au-del\u00e0 de ce seuil. Les r\u00e9mun\u00e9rations prises en compte sont le salaire, les r\u00e9mun\u00e9rations des stagiaires de la formation professionnelle, les [&hellip;]<\/p>\n","protected":false},"author":32,"featured_media":0,"comment_status":"open","ping_status":"open","sticky":false,"template":"","format":"quote","meta":{"_acf_changed":false,"_mi_skip_tracking":false,"footnotes":""},"categories":[12,5],"tags":[],"class_list":["post-27817","post","type-post","status-publish","format-quote","hentry","category-actualites","category-droit-du-travail","post_format-post-format-quote"],"acf":[],"yoast_head":"<!-- This site is optimized with the Yoast SEO plugin v23.4 - https:\/\/yoast.com\/wordpress\/plugins\/seo\/ -->\n<title>Nouvelles r\u00e8gles de cumul pension d&rsquo;invalidit\u00e9 et revenus d&rsquo;activit\u00e9s ou de remplacement - Le Blog GERESO<\/title>\n<meta name=\"robots\" content=\"index, follow, max-snippet:-1, max-image-preview:large, max-video-preview:-1\" \/>\n<link rel=\"canonical\" href=\"https:\/\/www.gereso.com\/actualites\/2022\/05\/18\/nouvelles-regles-cumul-pension-invalidite-revenus-activites-remplacement\/\" \/>\n<meta property=\"og:locale\" content=\"fr_FR\" \/>\n<meta property=\"og:type\" content=\"article\" \/>\n<meta property=\"og:title\" content=\"Nouvelles r\u00e8gles de cumul pension d&rsquo;invalidit\u00e9 et revenus d&rsquo;activit\u00e9s ou de remplacement - Le Blog GERESO\" \/>\n<meta property=\"og:description\" content=\"A compter du 1er avril 2022, la personne invalide pourra cumuler int\u00e9gralement ses revenus d\u2019activit\u00e9s ou de remplacement jusqu\u2019au niveau de salaire pr\u00e9c\u00e9dant sa mise en invalidit\u00e9, puis conserver 50 % de ses gains au-del\u00e0 de ce seuil. Les r\u00e9mun\u00e9rations prises en compte sont le salaire, les r\u00e9mun\u00e9rations des stagiaires de la formation professionnelle, les [&hellip;]\" \/>\n<meta property=\"og:url\" content=\"https:\/\/www.gereso.com\/actualites\/2022\/05\/18\/nouvelles-regles-cumul-pension-invalidite-revenus-activites-remplacement\/\" \/>\n<meta property=\"og:site_name\" content=\"Le Blog GERESO\" \/>\n<meta property=\"article:published_time\" content=\"2022-05-18T15:10:30+00:00\" \/>\n<meta property=\"article:modified_time\" content=\"2023-04-03T11:50:33+00:00\" \/>\n<meta name=\"author\" content=\"\u00c9quipe GERESO\" \/>\n<meta name=\"twitter:card\" content=\"summary_large_image\" \/>\n<script type=\"application\/ld+json\" class=\"yoast-schema-graph\">{\"@context\":\"https:\/\/schema.org\",\"@graph\":[{\"@type\":\"WebPage\",\"@id\":\"https:\/\/www.gereso.com\/actualites\/2022\/05\/18\/nouvelles-regles-cumul-pension-invalidite-revenus-activites-remplacement\/\",\"url\":\"https:\/\/www.gereso.com\/actualites\/2022\/05\/18\/nouvelles-regles-cumul-pension-invalidite-revenus-activites-remplacement\/\",\"name\":\"Nouvelles r\u00e8gles de cumul pension d&rsquo;invalidit\u00e9 et revenus d&rsquo;activit\u00e9s ou de remplacement - Le Blog GERESO\",\"isPartOf\":{\"@id\":\"https:\/\/www.gereso.com\/actualites\/#website\"},\"datePublished\":\"2022-05-18T15:10:30+00:00\",\"dateModified\":\"2023-04-03T11:50:33+00:00\",\"author\":{\"@id\":\"https:\/\/www.gereso.com\/actualites\/#\/schema\/person\/197d8aef40cb4ae3f6a0aa9e1d3df2a6\"},\"breadcrumb\":{\"@id\":\"https:\/\/www.gereso.com\/actualites\/2022\/05\/18\/nouvelles-regles-cumul-pension-invalidite-revenus-activites-remplacement\/#breadcrumb\"},\"inLanguage\":\"fr-FR\",\"potentialAction\":[{\"@type\":\"ReadAction\",\"target\":[\"https:\/\/www.gereso.com\/actualites\/2022\/05\/18\/nouvelles-regles-cumul-pension-invalidite-revenus-activites-remplacement\/\"]}]},{\"@type\":\"BreadcrumbList\",\"@id\":\"https:\/\/www.gereso.com\/actualites\/2022\/05\/18\/nouvelles-regles-cumul-pension-invalidite-revenus-activites-remplacement\/#breadcrumb\",\"itemListElement\":[{\"@type\":\"ListItem\",\"position\":1,\"name\":\"Home\",\"item\":\"https:\/\/www.gereso.com\/actualites\/\"},{\"@type\":\"ListItem\",\"position\":2,\"name\":\"Nouvelles r\u00e8gles de cumul pension d&rsquo;invalidit\u00e9 et revenus d&rsquo;activit\u00e9s ou de remplacement\"}]},{\"@type\":\"WebSite\",\"@id\":\"https:\/\/www.gereso.com\/actualites\/#website\",\"url\":\"https:\/\/www.gereso.com\/actualites\/\",\"name\":\"Le Blog GERESO\",\"description\":\"Toute l&#039;actu RH, Finance, Fonction Publique, Management...\",\"potentialAction\":[{\"@type\":\"SearchAction\",\"target\":{\"@type\":\"EntryPoint\",\"urlTemplate\":\"https:\/\/www.gereso.com\/actualites\/?s={search_term_string}\"},\"query-input\":{\"@type\":\"PropertyValueSpecification\",\"valueRequired\":true,\"valueName\":\"search_term_string\"}}],\"inLanguage\":\"fr-FR\"},{\"@type\":\"Person\",\"@id\":\"https:\/\/www.gereso.com\/actualites\/#\/schema\/person\/197d8aef40cb4ae3f6a0aa9e1d3df2a6\",\"name\":\"\u00c9quipe GERESO\",\"image\":{\"@type\":\"ImageObject\",\"inLanguage\":\"fr-FR\",\"@id\":\"https:\/\/www.gereso.com\/actualites\/#\/schema\/person\/image\/\",\"url\":\"https:\/\/www.gereso.com\/actualites\/wp-content\/uploads\/2013\/12\/avatar-gereso-1.png\",\"contentUrl\":\"https:\/\/www.gereso.com\/actualites\/wp-content\/uploads\/2013\/12\/avatar-gereso-1.png\",\"caption\":\"\u00c9quipe GERESO\"},\"url\":\"https:\/\/www.gereso.com\/actualites\/author\/gereso\/\"}]}<\/script>\n<!-- \/ Yoast SEO plugin. -->","yoast_head_json":{"title":"Nouvelles r\u00e8gles de cumul pension d&rsquo;invalidit\u00e9 et revenus d&rsquo;activit\u00e9s ou de remplacement - Le Blog GERESO","robots":{"index":"index","follow":"follow","max-snippet":"max-snippet:-1","max-image-preview":"max-image-preview:large","max-video-preview":"max-video-preview:-1"},"canonical":"https:\/\/www.gereso.com\/actualites\/2022\/05\/18\/nouvelles-regles-cumul-pension-invalidite-revenus-activites-remplacement\/","og_locale":"fr_FR","og_type":"article","og_title":"Nouvelles r\u00e8gles de cumul pension d&rsquo;invalidit\u00e9 et revenus d&rsquo;activit\u00e9s ou de remplacement - Le Blog GERESO","og_description":"A compter du 1er avril 2022, la personne invalide pourra cumuler int\u00e9gralement ses revenus d\u2019activit\u00e9s ou de remplacement jusqu\u2019au niveau de salaire pr\u00e9c\u00e9dant sa mise en invalidit\u00e9, puis conserver 50 % de ses gains au-del\u00e0 de ce seuil. Les r\u00e9mun\u00e9rations prises en compte sont le salaire, les r\u00e9mun\u00e9rations des stagiaires de la formation professionnelle, les [&hellip;]","og_url":"https:\/\/www.gereso.com\/actualites\/2022\/05\/18\/nouvelles-regles-cumul-pension-invalidite-revenus-activites-remplacement\/","og_site_name":"Le Blog GERESO","article_published_time":"2022-05-18T15:10:30+00:00","article_modified_time":"2023-04-03T11:50:33+00:00","author":"\u00c9quipe GERESO","twitter_card":"summary_large_image","schema":{"@context":"https:\/\/schema.org","@graph":[{"@type":"WebPage","@id":"https:\/\/www.gereso.com\/actualites\/2022\/05\/18\/nouvelles-regles-cumul-pension-invalidite-revenus-activites-remplacement\/","url":"https:\/\/www.gereso.com\/actualites\/2022\/05\/18\/nouvelles-regles-cumul-pension-invalidite-revenus-activites-remplacement\/","name":"Nouvelles r\u00e8gles de cumul pension d&rsquo;invalidit\u00e9 et revenus d&rsquo;activit\u00e9s ou de remplacement - Le Blog GERESO","isPartOf":{"@id":"https:\/\/www.gereso.com\/actualites\/#website"},"datePublished":"2022-05-18T15:10:30+00:00","dateModified":"2023-04-03T11:50:33+00:00","author":{"@id":"https:\/\/www.gereso.com\/actualites\/#\/schema\/person\/197d8aef40cb4ae3f6a0aa9e1d3df2a6"},"breadcrumb":{"@id":"https:\/\/www.gereso.com\/actualites\/2022\/05\/18\/nouvelles-regles-cumul-pension-invalidite-revenus-activites-remplacement\/#breadcrumb"},"inLanguage":"fr-FR","potentialAction":[{"@type":"ReadAction","target":["https:\/\/www.gereso.com\/actualites\/2022\/05\/18\/nouvelles-regles-cumul-pension-invalidite-revenus-activites-remplacement\/"]}]},{"@type":"BreadcrumbList","@id":"https:\/\/www.gereso.com\/actualites\/2022\/05\/18\/nouvelles-regles-cumul-pension-invalidite-revenus-activites-remplacement\/#breadcrumb","itemListElement":[{"@type":"ListItem","position":1,"name":"Home","item":"https:\/\/www.gereso.com\/actualites\/"},{"@type":"ListItem","position":2,"name":"Nouvelles r\u00e8gles de cumul pension d&rsquo;invalidit\u00e9 et revenus d&rsquo;activit\u00e9s ou de remplacement"}]},{"@type":"WebSite","@id":"https:\/\/www.gereso.com\/actualites\/#website","url":"https:\/\/www.gereso.com\/actualites\/","name":"Le Blog GERESO","description":"Toute l&#039;actu RH, Finance, Fonction Publique, Management...","potentialAction":[{"@type":"SearchAction","target":{"@type":"EntryPoint","urlTemplate":"https:\/\/www.gereso.com\/actualites\/?s={search_term_string}"},"query-input":{"@type":"PropertyValueSpecification","valueRequired":true,"valueName":"search_term_string"}}],"inLanguage":"fr-FR"},{"@type":"Person","@id":"https:\/\/www.gereso.com\/actualites\/#\/schema\/person\/197d8aef40cb4ae3f6a0aa9e1d3df2a6","name":"\u00c9quipe GERESO","image":{"@type":"ImageObject","inLanguage":"fr-FR","@id":"https:\/\/www.gereso.com\/actualites\/#\/schema\/person\/image\/","url":"https:\/\/www.gereso.com\/actualites\/wp-content\/uploads\/2013\/12\/avatar-gereso-1.png","contentUrl":"https:\/\/www.gereso.com\/actualites\/wp-content\/uploads\/2013\/12\/avatar-gereso-1.png","caption":"\u00c9quipe GERESO"},"url":"https:\/\/www.gereso.com\/actualites\/author\/gereso\/"}]}},"_links":{"self":[{"href":"https:\/\/www.gereso.com\/actualites\/wp-json\/wp\/v2\/posts\/27817","targetHints":{"allow":["GET"]}}],"collection":[{"href":"https:\/\/www.gereso.com\/actualites\/wp-json\/wp\/v2\/posts"}],"about":[{"href":"https:\/\/www.gereso.com\/actualites\/wp-json\/wp\/v2\/types\/post"}],"author":[{"embeddable":true,"href":"https:\/\/www.gereso.com\/actualites\/wp-json\/wp\/v2\/users\/32"}],"replies":[{"embeddable":true,"href":"https:\/\/www.gereso.com\/actualites\/wp-json\/wp\/v2\/comments?post=27817"}],"version-history":[{"count":2,"href":"https:\/\/www.gereso.com\/actualites\/wp-json\/wp\/v2\/posts\/27817\/revisions"}],"predecessor-version":[{"id":34243,"href":"https:\/\/www.gereso.com\/actualites\/wp-json\/wp\/v2\/posts\/27817\/revisions\/34243"}],"wp:attachment":[{"href":"https:\/\/www.gereso.com\/actualites\/wp-json\/wp\/v2\/media?parent=27817"}],"wp:term":[{"taxonomy":"category","embeddable":true,"href":"https:\/\/www.gereso.com\/actualites\/wp-json\/wp\/v2\/categories?post=27817"},{"taxonomy":"post_tag","embeddable":true,"href":"https:\/\/www.gereso.com\/actualites\/wp-json\/wp\/v2\/tags?post=27817"}],"curies":[{"name":"wp","href":"https:\/\/api.w.org\/{rel}","templated":true}]}}