{"id":27835,"date":"2022-05-18T17:32:55","date_gmt":"2022-05-18T15:32:55","guid":{"rendered":"https:\/\/www.gereso.com\/actualites\/?p=27835"},"modified":"2022-05-18T17:32:57","modified_gmt":"2022-05-18T15:32:57","slug":"prise-charge-opco-depenses-formation-sante-securite-membres-cse-referent-harcelement","status":"publish","type":"post","link":"https:\/\/www.gereso.com\/actualites\/2022\/05\/18\/prise-charge-opco-depenses-formation-sante-securite-membres-cse-referent-harcelement\/","title":{"rendered":"Prise en charge par les OPCO des d\u00e9penses li\u00e9es \u00e0 la formation sant\u00e9 et s\u00e9curit\u00e9 des membres du CSE et r\u00e9f\u00e9rent harc\u00e8lement"},"content":{"rendered":"\n<p>En principe, le financement de cette formation est pris en charge par l&#8217;employeur quelle que soit la taille de l\u2019entreprise.<\/p>\n\n\n\n<p>Mais, depuis le 31 mars 2022, dans les entreprises de moins de 50 salari\u00e9s, l\u2019OPCO peut assurer&nbsp;:<\/p>\n\n\n\n<ul class=\"wp-block-list\"><li>Les co\u00fbts p\u00e9dagogiques.<\/li><li>La r\u00e9mun\u00e9ration et les charges sociales l\u00e9gales et conventionnelles des salari\u00e9s en formation, dans la limite du Smic par heure de formation.<\/li><li>Les frais annexes de transport, de restauration et d&rsquo;h\u00e9bergement aff\u00e9rents \u00e0 la formation suivie.<\/li><li>Lorsque les formations se d\u00e9roulent pour tout ou partie en dehors du temps de travail, les frais de garde d&rsquo;enfants ou de parents \u00e0 charge.<\/li><\/ul>\n\n\n\n<p><em><a href=\"https:\/\/www.legifrance.gouv.fr\/jorf\/id\/JORFTEXT000045381978\" target=\"_blank\" rel=\"noreferrer noopener\">D\u00e9cret n\u00b0 2022-395 du 18 mars 2022<\/a><\/em><\/p>\n","protected":false},"excerpt":{"rendered":"<p>En principe, le financement de cette formation est pris en charge par l&#8217;employeur quelle que soit la taille de l\u2019entreprise. Mais, depuis le 31 mars 2022, dans les entreprises de moins de 50 salari\u00e9s, l\u2019OPCO peut assurer&nbsp;: Les co\u00fbts p\u00e9dagogiques. La r\u00e9mun\u00e9ration et les charges sociales l\u00e9gales et conventionnelles des salari\u00e9s en formation, dans la [&hellip;]<\/p>\n","protected":false},"author":32,"featured_media":0,"comment_status":"open","ping_status":"open","sticky":false,"template":"","format":"quote","meta":{"_acf_changed":false,"_mi_skip_tracking":false,"footnotes":""},"categories":[12,13],"tags":[],"class_list":["post-27835","post","type-post","status-publish","format-quote","hentry","category-actualites","category-sante-et-securite-au-travail","post_format-post-format-quote"],"acf":[],"yoast_head":"<!-- This site is optimized with the Yoast SEO plugin v23.4 - https:\/\/yoast.com\/wordpress\/plugins\/seo\/ -->\n<title>Prise en charge par les OPCO des d\u00e9penses li\u00e9es \u00e0 la formation sant\u00e9 et s\u00e9curit\u00e9 des membres du CSE et r\u00e9f\u00e9rent harc\u00e8lement - Le Blog GERESO<\/title>\n<meta name=\"robots\" content=\"index, follow, max-snippet:-1, max-image-preview:large, max-video-preview:-1\" \/>\n<link rel=\"canonical\" href=\"https:\/\/www.gereso.com\/actualites\/2022\/05\/18\/prise-charge-opco-depenses-formation-sante-securite-membres-cse-referent-harcelement\/\" \/>\n<meta property=\"og:locale\" content=\"fr_FR\" \/>\n<meta property=\"og:type\" content=\"article\" \/>\n<meta property=\"og:title\" content=\"Prise en charge par les OPCO des d\u00e9penses li\u00e9es \u00e0 la formation sant\u00e9 et s\u00e9curit\u00e9 des membres du CSE et r\u00e9f\u00e9rent harc\u00e8lement - Le Blog GERESO\" \/>\n<meta property=\"og:description\" content=\"En principe, le financement de cette formation est pris en charge par l&#8217;employeur quelle que soit la taille de l\u2019entreprise. Mais, depuis le 31 mars 2022, dans les entreprises de moins de 50 salari\u00e9s, l\u2019OPCO peut assurer&nbsp;: Les co\u00fbts p\u00e9dagogiques. La r\u00e9mun\u00e9ration et les charges sociales l\u00e9gales et conventionnelles des salari\u00e9s en formation, dans la [&hellip;]\" \/>\n<meta property=\"og:url\" content=\"https:\/\/www.gereso.com\/actualites\/2022\/05\/18\/prise-charge-opco-depenses-formation-sante-securite-membres-cse-referent-harcelement\/\" \/>\n<meta property=\"og:site_name\" content=\"Le Blog GERESO\" \/>\n<meta property=\"article:published_time\" content=\"2022-05-18T15:32:55+00:00\" \/>\n<meta property=\"article:modified_time\" content=\"2022-05-18T15:32:57+00:00\" \/>\n<meta name=\"author\" content=\"\u00c9quipe GERESO\" \/>\n<meta name=\"twitter:card\" content=\"summary_large_image\" \/>\n<script type=\"application\/ld+json\" class=\"yoast-schema-graph\">{\"@context\":\"https:\/\/schema.org\",\"@graph\":[{\"@type\":\"WebPage\",\"@id\":\"https:\/\/www.gereso.com\/actualites\/2022\/05\/18\/prise-charge-opco-depenses-formation-sante-securite-membres-cse-referent-harcelement\/\",\"url\":\"https:\/\/www.gereso.com\/actualites\/2022\/05\/18\/prise-charge-opco-depenses-formation-sante-securite-membres-cse-referent-harcelement\/\",\"name\":\"Prise en charge par les OPCO des d\u00e9penses li\u00e9es \u00e0 la formation sant\u00e9 et s\u00e9curit\u00e9 des membres du CSE et r\u00e9f\u00e9rent harc\u00e8lement - Le Blog GERESO\",\"isPartOf\":{\"@id\":\"https:\/\/www.gereso.com\/actualites\/#website\"},\"datePublished\":\"2022-05-18T15:32:55+00:00\",\"dateModified\":\"2022-05-18T15:32:57+00:00\",\"author\":{\"@id\":\"https:\/\/www.gereso.com\/actualites\/#\/schema\/person\/197d8aef40cb4ae3f6a0aa9e1d3df2a6\"},\"breadcrumb\":{\"@id\":\"https:\/\/www.gereso.com\/actualites\/2022\/05\/18\/prise-charge-opco-depenses-formation-sante-securite-membres-cse-referent-harcelement\/#breadcrumb\"},\"inLanguage\":\"fr-FR\",\"potentialAction\":[{\"@type\":\"ReadAction\",\"target\":[\"https:\/\/www.gereso.com\/actualites\/2022\/05\/18\/prise-charge-opco-depenses-formation-sante-securite-membres-cse-referent-harcelement\/\"]}]},{\"@type\":\"BreadcrumbList\",\"@id\":\"https:\/\/www.gereso.com\/actualites\/2022\/05\/18\/prise-charge-opco-depenses-formation-sante-securite-membres-cse-referent-harcelement\/#breadcrumb\",\"itemListElement\":[{\"@type\":\"ListItem\",\"position\":1,\"name\":\"Home\",\"item\":\"https:\/\/www.gereso.com\/actualites\/\"},{\"@type\":\"ListItem\",\"position\":2,\"name\":\"Prise en charge par les OPCO des d\u00e9penses li\u00e9es \u00e0 la formation sant\u00e9 et s\u00e9curit\u00e9 des membres du CSE et r\u00e9f\u00e9rent harc\u00e8lement\"}]},{\"@type\":\"WebSite\",\"@id\":\"https:\/\/www.gereso.com\/actualites\/#website\",\"url\":\"https:\/\/www.gereso.com\/actualites\/\",\"name\":\"Le Blog GERESO\",\"description\":\"Toute l&#039;actu RH, Finance, Fonction Publique, Management...\",\"potentialAction\":[{\"@type\":\"SearchAction\",\"target\":{\"@type\":\"EntryPoint\",\"urlTemplate\":\"https:\/\/www.gereso.com\/actualites\/?s={search_term_string}\"},\"query-input\":{\"@type\":\"PropertyValueSpecification\",\"valueRequired\":true,\"valueName\":\"search_term_string\"}}],\"inLanguage\":\"fr-FR\"},{\"@type\":\"Person\",\"@id\":\"https:\/\/www.gereso.com\/actualites\/#\/schema\/person\/197d8aef40cb4ae3f6a0aa9e1d3df2a6\",\"name\":\"\u00c9quipe GERESO\",\"image\":{\"@type\":\"ImageObject\",\"inLanguage\":\"fr-FR\",\"@id\":\"https:\/\/www.gereso.com\/actualites\/#\/schema\/person\/image\/\",\"url\":\"https:\/\/www.gereso.com\/actualites\/wp-content\/uploads\/2013\/12\/avatar-gereso-1.png\",\"contentUrl\":\"https:\/\/www.gereso.com\/actualites\/wp-content\/uploads\/2013\/12\/avatar-gereso-1.png\",\"caption\":\"\u00c9quipe GERESO\"},\"url\":\"https:\/\/www.gereso.com\/actualites\/author\/gereso\/\"}]}<\/script>\n<!-- \/ Yoast SEO plugin. -->","yoast_head_json":{"title":"Prise en charge par les OPCO des d\u00e9penses li\u00e9es \u00e0 la formation sant\u00e9 et s\u00e9curit\u00e9 des membres du CSE et r\u00e9f\u00e9rent harc\u00e8lement - Le Blog GERESO","robots":{"index":"index","follow":"follow","max-snippet":"max-snippet:-1","max-image-preview":"max-image-preview:large","max-video-preview":"max-video-preview:-1"},"canonical":"https:\/\/www.gereso.com\/actualites\/2022\/05\/18\/prise-charge-opco-depenses-formation-sante-securite-membres-cse-referent-harcelement\/","og_locale":"fr_FR","og_type":"article","og_title":"Prise en charge par les OPCO des d\u00e9penses li\u00e9es \u00e0 la formation sant\u00e9 et s\u00e9curit\u00e9 des membres du CSE et r\u00e9f\u00e9rent harc\u00e8lement - Le Blog GERESO","og_description":"En principe, le financement de cette formation est pris en charge par l&#8217;employeur quelle que soit la taille de l\u2019entreprise. Mais, depuis le 31 mars 2022, dans les entreprises de moins de 50 salari\u00e9s, l\u2019OPCO peut assurer&nbsp;: Les co\u00fbts p\u00e9dagogiques. La r\u00e9mun\u00e9ration et les charges sociales l\u00e9gales et conventionnelles des salari\u00e9s en formation, dans la [&hellip;]","og_url":"https:\/\/www.gereso.com\/actualites\/2022\/05\/18\/prise-charge-opco-depenses-formation-sante-securite-membres-cse-referent-harcelement\/","og_site_name":"Le Blog GERESO","article_published_time":"2022-05-18T15:32:55+00:00","article_modified_time":"2022-05-18T15:32:57+00:00","author":"\u00c9quipe GERESO","twitter_card":"summary_large_image","schema":{"@context":"https:\/\/schema.org","@graph":[{"@type":"WebPage","@id":"https:\/\/www.gereso.com\/actualites\/2022\/05\/18\/prise-charge-opco-depenses-formation-sante-securite-membres-cse-referent-harcelement\/","url":"https:\/\/www.gereso.com\/actualites\/2022\/05\/18\/prise-charge-opco-depenses-formation-sante-securite-membres-cse-referent-harcelement\/","name":"Prise en charge par les OPCO des d\u00e9penses li\u00e9es \u00e0 la formation sant\u00e9 et s\u00e9curit\u00e9 des membres du CSE et r\u00e9f\u00e9rent harc\u00e8lement - Le Blog GERESO","isPartOf":{"@id":"https:\/\/www.gereso.com\/actualites\/#website"},"datePublished":"2022-05-18T15:32:55+00:00","dateModified":"2022-05-18T15:32:57+00:00","author":{"@id":"https:\/\/www.gereso.com\/actualites\/#\/schema\/person\/197d8aef40cb4ae3f6a0aa9e1d3df2a6"},"breadcrumb":{"@id":"https:\/\/www.gereso.com\/actualites\/2022\/05\/18\/prise-charge-opco-depenses-formation-sante-securite-membres-cse-referent-harcelement\/#breadcrumb"},"inLanguage":"fr-FR","potentialAction":[{"@type":"ReadAction","target":["https:\/\/www.gereso.com\/actualites\/2022\/05\/18\/prise-charge-opco-depenses-formation-sante-securite-membres-cse-referent-harcelement\/"]}]},{"@type":"BreadcrumbList","@id":"https:\/\/www.gereso.com\/actualites\/2022\/05\/18\/prise-charge-opco-depenses-formation-sante-securite-membres-cse-referent-harcelement\/#breadcrumb","itemListElement":[{"@type":"ListItem","position":1,"name":"Home","item":"https:\/\/www.gereso.com\/actualites\/"},{"@type":"ListItem","position":2,"name":"Prise en charge par les OPCO des d\u00e9penses li\u00e9es \u00e0 la formation sant\u00e9 et s\u00e9curit\u00e9 des membres du CSE et r\u00e9f\u00e9rent harc\u00e8lement"}]},{"@type":"WebSite","@id":"https:\/\/www.gereso.com\/actualites\/#website","url":"https:\/\/www.gereso.com\/actualites\/","name":"Le Blog GERESO","description":"Toute l&#039;actu RH, Finance, Fonction Publique, Management...","potentialAction":[{"@type":"SearchAction","target":{"@type":"EntryPoint","urlTemplate":"https:\/\/www.gereso.com\/actualites\/?s={search_term_string}"},"query-input":{"@type":"PropertyValueSpecification","valueRequired":true,"valueName":"search_term_string"}}],"inLanguage":"fr-FR"},{"@type":"Person","@id":"https:\/\/www.gereso.com\/actualites\/#\/schema\/person\/197d8aef40cb4ae3f6a0aa9e1d3df2a6","name":"\u00c9quipe GERESO","image":{"@type":"ImageObject","inLanguage":"fr-FR","@id":"https:\/\/www.gereso.com\/actualites\/#\/schema\/person\/image\/","url":"https:\/\/www.gereso.com\/actualites\/wp-content\/uploads\/2013\/12\/avatar-gereso-1.png","contentUrl":"https:\/\/www.gereso.com\/actualites\/wp-content\/uploads\/2013\/12\/avatar-gereso-1.png","caption":"\u00c9quipe GERESO"},"url":"https:\/\/www.gereso.com\/actualites\/author\/gereso\/"}]}},"_links":{"self":[{"href":"https:\/\/www.gereso.com\/actualites\/wp-json\/wp\/v2\/posts\/27835","targetHints":{"allow":["GET"]}}],"collection":[{"href":"https:\/\/www.gereso.com\/actualites\/wp-json\/wp\/v2\/posts"}],"about":[{"href":"https:\/\/www.gereso.com\/actualites\/wp-json\/wp\/v2\/types\/post"}],"author":[{"embeddable":true,"href":"https:\/\/www.gereso.com\/actualites\/wp-json\/wp\/v2\/users\/32"}],"replies":[{"embeddable":true,"href":"https:\/\/www.gereso.com\/actualites\/wp-json\/wp\/v2\/comments?post=27835"}],"version-history":[{"count":4,"href":"https:\/\/www.gereso.com\/actualites\/wp-json\/wp\/v2\/posts\/27835\/revisions"}],"predecessor-version":[{"id":27839,"href":"https:\/\/www.gereso.com\/actualites\/wp-json\/wp\/v2\/posts\/27835\/revisions\/27839"}],"wp:attachment":[{"href":"https:\/\/www.gereso.com\/actualites\/wp-json\/wp\/v2\/media?parent=27835"}],"wp:term":[{"taxonomy":"category","embeddable":true,"href":"https:\/\/www.gereso.com\/actualites\/wp-json\/wp\/v2\/categories?post=27835"},{"taxonomy":"post_tag","embeddable":true,"href":"https:\/\/www.gereso.com\/actualites\/wp-json\/wp\/v2\/tags?post=27835"}],"curies":[{"name":"wp","href":"https:\/\/api.w.org\/{rel}","templated":true}]}}