{"id":27840,"date":"2022-05-19T08:49:04","date_gmt":"2022-05-19T06:49:04","guid":{"rendered":"https:\/\/www.gereso.com\/actualites\/?p=27840"},"modified":"2022-05-19T08:49:06","modified_gmt":"2022-05-19T06:49:06","slug":"temps-trajet-domicile-lieu-travail","status":"publish","type":"post","link":"https:\/\/www.gereso.com\/actualites\/2022\/05\/19\/temps-trajet-domicile-lieu-travail\/","title":{"rendered":"Temps de trajet domicile-lieu de travail"},"content":{"rendered":"\n\n\n<p>Le temps de d\u00e9placement professionnel pour se rendre sur le lieu d&rsquo;ex\u00e9cution du contrat de travail n&rsquo;est pas un temps de travail effectif. <\/p>\n\n\n\n<p>Toutefois, s&rsquo;il d\u00e9passe le temps normal de trajet entre le domicile et le lieu habituel de travail, il fait l&rsquo;objet d&rsquo;une contrepartie soit sous forme de repos, soit sous forme financi\u00e8re. La part de ce temps de d\u00e9placement professionnel co\u00efncidant avec l&rsquo;horaire de travail n&rsquo;entra\u00eene aucune perte de salaire.<\/p>\n\n\n\n<p><em><a href=\"https:\/\/www.legifrance.gouv.fr\/codes\/article_lc\/LEGIARTI000033020507\/\" target=\"_blank\" rel=\"noreferrer noopener\">Article L. 3121-4 du Code du travail <\/a><\/em><\/p>\n\n\n\n<p>La contrepartie fix\u00e9e ne doit pas \u00eatre d\u00e9risoire. Il appartient au juge de contr\u00f4ler que le montant de la contrepartie financi\u00e8re unilat\u00e9ralement fix\u00e9e par l&#8217;employeur est suffisant. <\/p>\n\n\n\n<p>En l&rsquo;absence d&rsquo;accord collectif ou d&rsquo;engagement unilat\u00e9ral de l&#8217;employeur, il appartient au juge de fixer le<br>montant de la contrepartie due.<\/p>\n\n\n\n<p><em>Cass. soc., 14 novembre 2012, n\u00b0 11-18574, BC V n\u00b0 295<\/em><\/p>\n\n\n\n<p>Pour la Cour de cassation, il appartient au juge du fond d\u2019appr\u00e9cier le caract\u00e8re suffisant de la contrepartie fix\u00e9e par l\u2019employeur.<\/p>\n\n\n\n<p>Dans cette affaire, la Cour de cassation a estim\u00e9 qu\u2019il appartenait aux juges d\u2019appel, dans l\u2019exercice de leur pouvoir souverain d\u2019appr\u00e9ciation, de contr\u00f4ler si le montant de la contrepartie allou\u00e9e aux salari\u00e9s r\u00e9- pondait \u00e0 ces exigences l\u00e9gales et s\u2019il n&rsquo;\u00e9tait pas d\u00e9risoire.<\/p>\n\n\n\n<p><em>Cass. soc. 30 mars 2022, n\u00b0 20-17230 FSB, 2e moyen<\/em><\/p>\n","protected":false},"excerpt":{"rendered":"<p>Le temps de d\u00e9placement professionnel pour se rendre sur le lieu d&rsquo;ex\u00e9cution du contrat de travail n&rsquo;est pas un temps de travail effectif. Toutefois, s&rsquo;il d\u00e9passe le temps normal de trajet entre le domicile et le lieu habituel de travail, il fait l&rsquo;objet d&rsquo;une contrepartie soit sous forme de repos, soit sous forme financi\u00e8re. La [&hellip;]<\/p>\n","protected":false},"author":32,"featured_media":0,"comment_status":"open","ping_status":"open","sticky":false,"template":"","format":"quote","meta":{"_acf_changed":false,"_mi_skip_tracking":false,"footnotes":""},"categories":[12,5,8],"tags":[],"class_list":["post-27840","post","type-post","status-publish","format-quote","hentry","category-actualites","category-droit-du-travail","category-paie-et-administration-du-personnel","post_format-post-format-quote"],"acf":[],"yoast_head":"<!-- This site is optimized with the Yoast SEO plugin v23.4 - https:\/\/yoast.com\/wordpress\/plugins\/seo\/ -->\n<title>Temps de trajet domicile-lieu de travail - Le Blog GERESO<\/title>\n<meta name=\"robots\" content=\"index, follow, max-snippet:-1, max-image-preview:large, max-video-preview:-1\" \/>\n<link rel=\"canonical\" href=\"https:\/\/www.gereso.com\/actualites\/2022\/05\/19\/temps-trajet-domicile-lieu-travail\/\" \/>\n<meta property=\"og:locale\" content=\"fr_FR\" \/>\n<meta property=\"og:type\" content=\"article\" \/>\n<meta property=\"og:title\" content=\"Temps de trajet domicile-lieu de travail - Le Blog GERESO\" \/>\n<meta property=\"og:description\" content=\"Le temps de d\u00e9placement professionnel pour se rendre sur le lieu d&rsquo;ex\u00e9cution du contrat de travail n&rsquo;est pas un temps de travail effectif. Toutefois, s&rsquo;il d\u00e9passe le temps normal de trajet entre le domicile et le lieu habituel de travail, il fait l&rsquo;objet d&rsquo;une contrepartie soit sous forme de repos, soit sous forme financi\u00e8re. La [&hellip;]\" \/>\n<meta property=\"og:url\" content=\"https:\/\/www.gereso.com\/actualites\/2022\/05\/19\/temps-trajet-domicile-lieu-travail\/\" \/>\n<meta property=\"og:site_name\" content=\"Le Blog GERESO\" \/>\n<meta property=\"article:published_time\" content=\"2022-05-19T06:49:04+00:00\" \/>\n<meta property=\"article:modified_time\" content=\"2022-05-19T06:49:06+00:00\" \/>\n<meta name=\"author\" content=\"\u00c9quipe GERESO\" \/>\n<meta name=\"twitter:card\" content=\"summary_large_image\" \/>\n<script type=\"application\/ld+json\" class=\"yoast-schema-graph\">{\"@context\":\"https:\/\/schema.org\",\"@graph\":[{\"@type\":\"WebPage\",\"@id\":\"https:\/\/www.gereso.com\/actualites\/2022\/05\/19\/temps-trajet-domicile-lieu-travail\/\",\"url\":\"https:\/\/www.gereso.com\/actualites\/2022\/05\/19\/temps-trajet-domicile-lieu-travail\/\",\"name\":\"Temps de trajet domicile-lieu de travail - Le Blog GERESO\",\"isPartOf\":{\"@id\":\"https:\/\/www.gereso.com\/actualites\/#website\"},\"datePublished\":\"2022-05-19T06:49:04+00:00\",\"dateModified\":\"2022-05-19T06:49:06+00:00\",\"author\":{\"@id\":\"https:\/\/www.gereso.com\/actualites\/#\/schema\/person\/197d8aef40cb4ae3f6a0aa9e1d3df2a6\"},\"breadcrumb\":{\"@id\":\"https:\/\/www.gereso.com\/actualites\/2022\/05\/19\/temps-trajet-domicile-lieu-travail\/#breadcrumb\"},\"inLanguage\":\"fr-FR\",\"potentialAction\":[{\"@type\":\"ReadAction\",\"target\":[\"https:\/\/www.gereso.com\/actualites\/2022\/05\/19\/temps-trajet-domicile-lieu-travail\/\"]}]},{\"@type\":\"BreadcrumbList\",\"@id\":\"https:\/\/www.gereso.com\/actualites\/2022\/05\/19\/temps-trajet-domicile-lieu-travail\/#breadcrumb\",\"itemListElement\":[{\"@type\":\"ListItem\",\"position\":1,\"name\":\"Home\",\"item\":\"https:\/\/www.gereso.com\/actualites\/\"},{\"@type\":\"ListItem\",\"position\":2,\"name\":\"Temps de trajet domicile-lieu de travail\"}]},{\"@type\":\"WebSite\",\"@id\":\"https:\/\/www.gereso.com\/actualites\/#website\",\"url\":\"https:\/\/www.gereso.com\/actualites\/\",\"name\":\"Le Blog GERESO\",\"description\":\"Toute l&#039;actu RH, Finance, Fonction Publique, Management...\",\"potentialAction\":[{\"@type\":\"SearchAction\",\"target\":{\"@type\":\"EntryPoint\",\"urlTemplate\":\"https:\/\/www.gereso.com\/actualites\/?s={search_term_string}\"},\"query-input\":{\"@type\":\"PropertyValueSpecification\",\"valueRequired\":true,\"valueName\":\"search_term_string\"}}],\"inLanguage\":\"fr-FR\"},{\"@type\":\"Person\",\"@id\":\"https:\/\/www.gereso.com\/actualites\/#\/schema\/person\/197d8aef40cb4ae3f6a0aa9e1d3df2a6\",\"name\":\"\u00c9quipe GERESO\",\"image\":{\"@type\":\"ImageObject\",\"inLanguage\":\"fr-FR\",\"@id\":\"https:\/\/www.gereso.com\/actualites\/#\/schema\/person\/image\/\",\"url\":\"https:\/\/www.gereso.com\/actualites\/wp-content\/uploads\/2013\/12\/avatar-gereso-1.png\",\"contentUrl\":\"https:\/\/www.gereso.com\/actualites\/wp-content\/uploads\/2013\/12\/avatar-gereso-1.png\",\"caption\":\"\u00c9quipe GERESO\"},\"url\":\"https:\/\/www.gereso.com\/actualites\/author\/gereso\/\"}]}<\/script>\n<!-- \/ Yoast SEO plugin. -->","yoast_head_json":{"title":"Temps de trajet domicile-lieu de travail - Le Blog GERESO","robots":{"index":"index","follow":"follow","max-snippet":"max-snippet:-1","max-image-preview":"max-image-preview:large","max-video-preview":"max-video-preview:-1"},"canonical":"https:\/\/www.gereso.com\/actualites\/2022\/05\/19\/temps-trajet-domicile-lieu-travail\/","og_locale":"fr_FR","og_type":"article","og_title":"Temps de trajet domicile-lieu de travail - Le Blog GERESO","og_description":"Le temps de d\u00e9placement professionnel pour se rendre sur le lieu d&rsquo;ex\u00e9cution du contrat de travail n&rsquo;est pas un temps de travail effectif. Toutefois, s&rsquo;il d\u00e9passe le temps normal de trajet entre le domicile et le lieu habituel de travail, il fait l&rsquo;objet d&rsquo;une contrepartie soit sous forme de repos, soit sous forme financi\u00e8re. La [&hellip;]","og_url":"https:\/\/www.gereso.com\/actualites\/2022\/05\/19\/temps-trajet-domicile-lieu-travail\/","og_site_name":"Le Blog GERESO","article_published_time":"2022-05-19T06:49:04+00:00","article_modified_time":"2022-05-19T06:49:06+00:00","author":"\u00c9quipe GERESO","twitter_card":"summary_large_image","schema":{"@context":"https:\/\/schema.org","@graph":[{"@type":"WebPage","@id":"https:\/\/www.gereso.com\/actualites\/2022\/05\/19\/temps-trajet-domicile-lieu-travail\/","url":"https:\/\/www.gereso.com\/actualites\/2022\/05\/19\/temps-trajet-domicile-lieu-travail\/","name":"Temps de trajet domicile-lieu de travail - Le Blog GERESO","isPartOf":{"@id":"https:\/\/www.gereso.com\/actualites\/#website"},"datePublished":"2022-05-19T06:49:04+00:00","dateModified":"2022-05-19T06:49:06+00:00","author":{"@id":"https:\/\/www.gereso.com\/actualites\/#\/schema\/person\/197d8aef40cb4ae3f6a0aa9e1d3df2a6"},"breadcrumb":{"@id":"https:\/\/www.gereso.com\/actualites\/2022\/05\/19\/temps-trajet-domicile-lieu-travail\/#breadcrumb"},"inLanguage":"fr-FR","potentialAction":[{"@type":"ReadAction","target":["https:\/\/www.gereso.com\/actualites\/2022\/05\/19\/temps-trajet-domicile-lieu-travail\/"]}]},{"@type":"BreadcrumbList","@id":"https:\/\/www.gereso.com\/actualites\/2022\/05\/19\/temps-trajet-domicile-lieu-travail\/#breadcrumb","itemListElement":[{"@type":"ListItem","position":1,"name":"Home","item":"https:\/\/www.gereso.com\/actualites\/"},{"@type":"ListItem","position":2,"name":"Temps de trajet domicile-lieu de travail"}]},{"@type":"WebSite","@id":"https:\/\/www.gereso.com\/actualites\/#website","url":"https:\/\/www.gereso.com\/actualites\/","name":"Le Blog GERESO","description":"Toute l&#039;actu RH, Finance, Fonction Publique, Management...","potentialAction":[{"@type":"SearchAction","target":{"@type":"EntryPoint","urlTemplate":"https:\/\/www.gereso.com\/actualites\/?s={search_term_string}"},"query-input":{"@type":"PropertyValueSpecification","valueRequired":true,"valueName":"search_term_string"}}],"inLanguage":"fr-FR"},{"@type":"Person","@id":"https:\/\/www.gereso.com\/actualites\/#\/schema\/person\/197d8aef40cb4ae3f6a0aa9e1d3df2a6","name":"\u00c9quipe GERESO","image":{"@type":"ImageObject","inLanguage":"fr-FR","@id":"https:\/\/www.gereso.com\/actualites\/#\/schema\/person\/image\/","url":"https:\/\/www.gereso.com\/actualites\/wp-content\/uploads\/2013\/12\/avatar-gereso-1.png","contentUrl":"https:\/\/www.gereso.com\/actualites\/wp-content\/uploads\/2013\/12\/avatar-gereso-1.png","caption":"\u00c9quipe GERESO"},"url":"https:\/\/www.gereso.com\/actualites\/author\/gereso\/"}]}},"_links":{"self":[{"href":"https:\/\/www.gereso.com\/actualites\/wp-json\/wp\/v2\/posts\/27840","targetHints":{"allow":["GET"]}}],"collection":[{"href":"https:\/\/www.gereso.com\/actualites\/wp-json\/wp\/v2\/posts"}],"about":[{"href":"https:\/\/www.gereso.com\/actualites\/wp-json\/wp\/v2\/types\/post"}],"author":[{"embeddable":true,"href":"https:\/\/www.gereso.com\/actualites\/wp-json\/wp\/v2\/users\/32"}],"replies":[{"embeddable":true,"href":"https:\/\/www.gereso.com\/actualites\/wp-json\/wp\/v2\/comments?post=27840"}],"version-history":[{"count":1,"href":"https:\/\/www.gereso.com\/actualites\/wp-json\/wp\/v2\/posts\/27840\/revisions"}],"predecessor-version":[{"id":27841,"href":"https:\/\/www.gereso.com\/actualites\/wp-json\/wp\/v2\/posts\/27840\/revisions\/27841"}],"wp:attachment":[{"href":"https:\/\/www.gereso.com\/actualites\/wp-json\/wp\/v2\/media?parent=27840"}],"wp:term":[{"taxonomy":"category","embeddable":true,"href":"https:\/\/www.gereso.com\/actualites\/wp-json\/wp\/v2\/categories?post=27840"},{"taxonomy":"post_tag","embeddable":true,"href":"https:\/\/www.gereso.com\/actualites\/wp-json\/wp\/v2\/tags?post=27840"}],"curies":[{"name":"wp","href":"https:\/\/api.w.org\/{rel}","templated":true}]}}