{"id":27848,"date":"2022-05-19T09:00:59","date_gmt":"2022-05-19T07:00:59","guid":{"rendered":"https:\/\/www.gereso.com\/actualites\/?p=27848"},"modified":"2022-05-19T09:01:01","modified_gmt":"2022-05-19T07:01:01","slug":"decret-organise-les-modalites-gestion-traitement-situations-mobilite-internationale","status":"publish","type":"post","link":"https:\/\/www.gereso.com\/actualites\/2022\/05\/19\/decret-organise-les-modalites-gestion-traitement-situations-mobilite-internationale\/","title":{"rendered":"Un d\u00e9cret organise les modalit\u00e9s de gestion du traitement des situations de mobilit\u00e9 internationale"},"content":{"rendered":"\n\n\n<p>Depuis le mois de janvier 2022, la gestion des situations de mobilit\u00e9 internationale des salari\u00e9s rel\u00e8ve de<br>la comp\u00e9tence des Urssaf, avec la mise en place d\u2019un nouveau service en ligne (ILASS &#8211; Instruction de la l\u00e9gislation applicable \u00e0 la S\u00e9curit\u00e9 sociale), g\u00e9r\u00e9 par l\u2019Urssaf Caisse nationale (service mobilit\u00e9 internationale), permettant de traiter les formalit\u00e9s li\u00e9es notamment au d\u00e9tachement \u00e0 l\u2019\u00e9tranger.<\/p>\n\n\n\n<p>Ce service a remplac\u00e9 l\u2019ancien service DAE (D\u00e9tachement \u00e0 l\u2019\u00e9tranger).<\/p>\n\n\n\n<p>Un d\u00e9cret du 25 mars 2022 int\u00e8gre cette \u00e9volution dans le Code de la S\u00e9curit\u00e9 sociale en pr\u00e9cisant<br>qu\u2019en cas de mobilit\u00e9 internationale, la demande de maintien sous la l\u00e9gislation fran\u00e7aise de S\u00e9curit\u00e9 sociale doit \u00eatre adress\u00e9e \u00e0 l\u2019organisme de recouvrement comp\u00e9tent, en lieu et place de la caisse d\u2019assurance maladie d\u2019affiliation du salari\u00e9.<\/p>\n\n\n\n<p>Le texte pr\u00e9cise \u00e9galement qu\u2019\u00e0 partir du 1er juillet 2022, l\u2019employeur qui souhaite b\u00e9n\u00e9ficier d\u2019une d\u00e9rogation individuelle aux r\u00e8gles du d\u00e9tachement telles que pr\u00e9vues par les r\u00e8glements et accords internationaux en vue de maintenir le travailleur dans les r\u00e9gimes fran\u00e7ais de S\u00e9curit\u00e9 sociale, doit en faire la demande aupr\u00e8s de l\u2019organisme de recouvrement comp\u00e9tent.<\/p>\n\n\n\n<p>Le d\u00e9cret proc\u00e8de \u00e9galement \u00e0 la modification des comp\u00e9tences du Centre des liaisons europ\u00e9ennes et internationales de S\u00e9curit\u00e9 sociale (Cleiss), et actualise ses missions ainsi que son organisation administrative.<\/p>\n\n\n\n<p><em><a href=\"https:\/\/www.legifrance.gouv.fr\/jorf\/id\/JORFTEXT000045412446\" target=\"_blank\" rel=\"noreferrer noopener\">D\u00e9cret n\u00b0 2022-434 du 25 mars 2022, JO du 27 mars<\/a><\/em><\/p>\n","protected":false},"excerpt":{"rendered":"<p>Depuis le mois de janvier 2022, la gestion des situations de mobilit\u00e9 internationale des salari\u00e9s rel\u00e8ve dela comp\u00e9tence des Urssaf, avec la mise en place d\u2019un nouveau service en ligne (ILASS &#8211; Instruction de la l\u00e9gislation applicable \u00e0 la S\u00e9curit\u00e9 sociale), g\u00e9r\u00e9 par l\u2019Urssaf Caisse nationale (service mobilit\u00e9 internationale), permettant de traiter les formalit\u00e9s li\u00e9es [&hellip;]<\/p>\n","protected":false},"author":32,"featured_media":0,"comment_status":"open","ping_status":"open","sticky":false,"template":"","format":"quote","meta":{"_acf_changed":false,"_mi_skip_tracking":false,"footnotes":""},"categories":[12,8],"tags":[],"class_list":["post-27848","post","type-post","status-publish","format-quote","hentry","category-actualites","category-paie-et-administration-du-personnel","post_format-post-format-quote"],"acf":[],"yoast_head":"<!-- This site is optimized with the Yoast SEO plugin v23.4 - https:\/\/yoast.com\/wordpress\/plugins\/seo\/ -->\n<title>Un d\u00e9cret organise les modalit\u00e9s de gestion du traitement des situations de mobilit\u00e9 internationale - Le Blog GERESO<\/title>\n<meta name=\"robots\" content=\"index, follow, max-snippet:-1, max-image-preview:large, max-video-preview:-1\" \/>\n<link rel=\"canonical\" href=\"https:\/\/www.gereso.com\/actualites\/2022\/05\/19\/decret-organise-les-modalites-gestion-traitement-situations-mobilite-internationale\/\" \/>\n<meta property=\"og:locale\" content=\"fr_FR\" \/>\n<meta property=\"og:type\" content=\"article\" \/>\n<meta property=\"og:title\" content=\"Un d\u00e9cret organise les modalit\u00e9s de gestion du traitement des situations de mobilit\u00e9 internationale - Le Blog GERESO\" \/>\n<meta property=\"og:description\" content=\"Depuis le mois de janvier 2022, la gestion des situations de mobilit\u00e9 internationale des salari\u00e9s rel\u00e8ve dela comp\u00e9tence des Urssaf, avec la mise en place d\u2019un nouveau service en ligne (ILASS &#8211; Instruction de la l\u00e9gislation applicable \u00e0 la S\u00e9curit\u00e9 sociale), g\u00e9r\u00e9 par l\u2019Urssaf Caisse nationale (service mobilit\u00e9 internationale), permettant de traiter les formalit\u00e9s li\u00e9es [&hellip;]\" \/>\n<meta property=\"og:url\" content=\"https:\/\/www.gereso.com\/actualites\/2022\/05\/19\/decret-organise-les-modalites-gestion-traitement-situations-mobilite-internationale\/\" \/>\n<meta property=\"og:site_name\" content=\"Le Blog GERESO\" \/>\n<meta property=\"article:published_time\" content=\"2022-05-19T07:00:59+00:00\" \/>\n<meta property=\"article:modified_time\" content=\"2022-05-19T07:01:01+00:00\" \/>\n<meta name=\"author\" content=\"\u00c9quipe GERESO\" \/>\n<meta name=\"twitter:card\" content=\"summary_large_image\" \/>\n<script type=\"application\/ld+json\" class=\"yoast-schema-graph\">{\"@context\":\"https:\/\/schema.org\",\"@graph\":[{\"@type\":\"WebPage\",\"@id\":\"https:\/\/www.gereso.com\/actualites\/2022\/05\/19\/decret-organise-les-modalites-gestion-traitement-situations-mobilite-internationale\/\",\"url\":\"https:\/\/www.gereso.com\/actualites\/2022\/05\/19\/decret-organise-les-modalites-gestion-traitement-situations-mobilite-internationale\/\",\"name\":\"Un d\u00e9cret organise les modalit\u00e9s de gestion du traitement des situations de mobilit\u00e9 internationale - Le Blog GERESO\",\"isPartOf\":{\"@id\":\"https:\/\/www.gereso.com\/actualites\/#website\"},\"datePublished\":\"2022-05-19T07:00:59+00:00\",\"dateModified\":\"2022-05-19T07:01:01+00:00\",\"author\":{\"@id\":\"https:\/\/www.gereso.com\/actualites\/#\/schema\/person\/197d8aef40cb4ae3f6a0aa9e1d3df2a6\"},\"breadcrumb\":{\"@id\":\"https:\/\/www.gereso.com\/actualites\/2022\/05\/19\/decret-organise-les-modalites-gestion-traitement-situations-mobilite-internationale\/#breadcrumb\"},\"inLanguage\":\"fr-FR\",\"potentialAction\":[{\"@type\":\"ReadAction\",\"target\":[\"https:\/\/www.gereso.com\/actualites\/2022\/05\/19\/decret-organise-les-modalites-gestion-traitement-situations-mobilite-internationale\/\"]}]},{\"@type\":\"BreadcrumbList\",\"@id\":\"https:\/\/www.gereso.com\/actualites\/2022\/05\/19\/decret-organise-les-modalites-gestion-traitement-situations-mobilite-internationale\/#breadcrumb\",\"itemListElement\":[{\"@type\":\"ListItem\",\"position\":1,\"name\":\"Home\",\"item\":\"https:\/\/www.gereso.com\/actualites\/\"},{\"@type\":\"ListItem\",\"position\":2,\"name\":\"Un d\u00e9cret organise les modalit\u00e9s de gestion du traitement des situations de mobilit\u00e9 internationale\"}]},{\"@type\":\"WebSite\",\"@id\":\"https:\/\/www.gereso.com\/actualites\/#website\",\"url\":\"https:\/\/www.gereso.com\/actualites\/\",\"name\":\"Le Blog GERESO\",\"description\":\"Toute l&#039;actu RH, Finance, Fonction Publique, Management...\",\"potentialAction\":[{\"@type\":\"SearchAction\",\"target\":{\"@type\":\"EntryPoint\",\"urlTemplate\":\"https:\/\/www.gereso.com\/actualites\/?s={search_term_string}\"},\"query-input\":{\"@type\":\"PropertyValueSpecification\",\"valueRequired\":true,\"valueName\":\"search_term_string\"}}],\"inLanguage\":\"fr-FR\"},{\"@type\":\"Person\",\"@id\":\"https:\/\/www.gereso.com\/actualites\/#\/schema\/person\/197d8aef40cb4ae3f6a0aa9e1d3df2a6\",\"name\":\"\u00c9quipe GERESO\",\"image\":{\"@type\":\"ImageObject\",\"inLanguage\":\"fr-FR\",\"@id\":\"https:\/\/www.gereso.com\/actualites\/#\/schema\/person\/image\/\",\"url\":\"https:\/\/www.gereso.com\/actualites\/wp-content\/uploads\/2013\/12\/avatar-gereso-1.png\",\"contentUrl\":\"https:\/\/www.gereso.com\/actualites\/wp-content\/uploads\/2013\/12\/avatar-gereso-1.png\",\"caption\":\"\u00c9quipe GERESO\"},\"url\":\"https:\/\/www.gereso.com\/actualites\/author\/gereso\/\"}]}<\/script>\n<!-- \/ Yoast SEO plugin. -->","yoast_head_json":{"title":"Un d\u00e9cret organise les modalit\u00e9s de gestion du traitement des situations de mobilit\u00e9 internationale - Le Blog GERESO","robots":{"index":"index","follow":"follow","max-snippet":"max-snippet:-1","max-image-preview":"max-image-preview:large","max-video-preview":"max-video-preview:-1"},"canonical":"https:\/\/www.gereso.com\/actualites\/2022\/05\/19\/decret-organise-les-modalites-gestion-traitement-situations-mobilite-internationale\/","og_locale":"fr_FR","og_type":"article","og_title":"Un d\u00e9cret organise les modalit\u00e9s de gestion du traitement des situations de mobilit\u00e9 internationale - Le Blog GERESO","og_description":"Depuis le mois de janvier 2022, la gestion des situations de mobilit\u00e9 internationale des salari\u00e9s rel\u00e8ve dela comp\u00e9tence des Urssaf, avec la mise en place d\u2019un nouveau service en ligne (ILASS &#8211; Instruction de la l\u00e9gislation applicable \u00e0 la S\u00e9curit\u00e9 sociale), g\u00e9r\u00e9 par l\u2019Urssaf Caisse nationale (service mobilit\u00e9 internationale), permettant de traiter les formalit\u00e9s li\u00e9es [&hellip;]","og_url":"https:\/\/www.gereso.com\/actualites\/2022\/05\/19\/decret-organise-les-modalites-gestion-traitement-situations-mobilite-internationale\/","og_site_name":"Le Blog GERESO","article_published_time":"2022-05-19T07:00:59+00:00","article_modified_time":"2022-05-19T07:01:01+00:00","author":"\u00c9quipe GERESO","twitter_card":"summary_large_image","schema":{"@context":"https:\/\/schema.org","@graph":[{"@type":"WebPage","@id":"https:\/\/www.gereso.com\/actualites\/2022\/05\/19\/decret-organise-les-modalites-gestion-traitement-situations-mobilite-internationale\/","url":"https:\/\/www.gereso.com\/actualites\/2022\/05\/19\/decret-organise-les-modalites-gestion-traitement-situations-mobilite-internationale\/","name":"Un d\u00e9cret organise les modalit\u00e9s de gestion du traitement des situations de mobilit\u00e9 internationale - Le Blog GERESO","isPartOf":{"@id":"https:\/\/www.gereso.com\/actualites\/#website"},"datePublished":"2022-05-19T07:00:59+00:00","dateModified":"2022-05-19T07:01:01+00:00","author":{"@id":"https:\/\/www.gereso.com\/actualites\/#\/schema\/person\/197d8aef40cb4ae3f6a0aa9e1d3df2a6"},"breadcrumb":{"@id":"https:\/\/www.gereso.com\/actualites\/2022\/05\/19\/decret-organise-les-modalites-gestion-traitement-situations-mobilite-internationale\/#breadcrumb"},"inLanguage":"fr-FR","potentialAction":[{"@type":"ReadAction","target":["https:\/\/www.gereso.com\/actualites\/2022\/05\/19\/decret-organise-les-modalites-gestion-traitement-situations-mobilite-internationale\/"]}]},{"@type":"BreadcrumbList","@id":"https:\/\/www.gereso.com\/actualites\/2022\/05\/19\/decret-organise-les-modalites-gestion-traitement-situations-mobilite-internationale\/#breadcrumb","itemListElement":[{"@type":"ListItem","position":1,"name":"Home","item":"https:\/\/www.gereso.com\/actualites\/"},{"@type":"ListItem","position":2,"name":"Un d\u00e9cret organise les modalit\u00e9s de gestion du traitement des situations de mobilit\u00e9 internationale"}]},{"@type":"WebSite","@id":"https:\/\/www.gereso.com\/actualites\/#website","url":"https:\/\/www.gereso.com\/actualites\/","name":"Le Blog GERESO","description":"Toute l&#039;actu RH, Finance, Fonction Publique, Management...","potentialAction":[{"@type":"SearchAction","target":{"@type":"EntryPoint","urlTemplate":"https:\/\/www.gereso.com\/actualites\/?s={search_term_string}"},"query-input":{"@type":"PropertyValueSpecification","valueRequired":true,"valueName":"search_term_string"}}],"inLanguage":"fr-FR"},{"@type":"Person","@id":"https:\/\/www.gereso.com\/actualites\/#\/schema\/person\/197d8aef40cb4ae3f6a0aa9e1d3df2a6","name":"\u00c9quipe GERESO","image":{"@type":"ImageObject","inLanguage":"fr-FR","@id":"https:\/\/www.gereso.com\/actualites\/#\/schema\/person\/image\/","url":"https:\/\/www.gereso.com\/actualites\/wp-content\/uploads\/2013\/12\/avatar-gereso-1.png","contentUrl":"https:\/\/www.gereso.com\/actualites\/wp-content\/uploads\/2013\/12\/avatar-gereso-1.png","caption":"\u00c9quipe GERESO"},"url":"https:\/\/www.gereso.com\/actualites\/author\/gereso\/"}]}},"_links":{"self":[{"href":"https:\/\/www.gereso.com\/actualites\/wp-json\/wp\/v2\/posts\/27848","targetHints":{"allow":["GET"]}}],"collection":[{"href":"https:\/\/www.gereso.com\/actualites\/wp-json\/wp\/v2\/posts"}],"about":[{"href":"https:\/\/www.gereso.com\/actualites\/wp-json\/wp\/v2\/types\/post"}],"author":[{"embeddable":true,"href":"https:\/\/www.gereso.com\/actualites\/wp-json\/wp\/v2\/users\/32"}],"replies":[{"embeddable":true,"href":"https:\/\/www.gereso.com\/actualites\/wp-json\/wp\/v2\/comments?post=27848"}],"version-history":[{"count":2,"href":"https:\/\/www.gereso.com\/actualites\/wp-json\/wp\/v2\/posts\/27848\/revisions"}],"predecessor-version":[{"id":27850,"href":"https:\/\/www.gereso.com\/actualites\/wp-json\/wp\/v2\/posts\/27848\/revisions\/27850"}],"wp:attachment":[{"href":"https:\/\/www.gereso.com\/actualites\/wp-json\/wp\/v2\/media?parent=27848"}],"wp:term":[{"taxonomy":"category","embeddable":true,"href":"https:\/\/www.gereso.com\/actualites\/wp-json\/wp\/v2\/categories?post=27848"},{"taxonomy":"post_tag","embeddable":true,"href":"https:\/\/www.gereso.com\/actualites\/wp-json\/wp\/v2\/tags?post=27848"}],"curies":[{"name":"wp","href":"https:\/\/api.w.org\/{rel}","templated":true}]}}