{"id":27888,"date":"2022-05-20T19:23:02","date_gmt":"2022-05-20T17:23:02","guid":{"rendered":"https:\/\/www.gereso.com\/actualites\/?p=27888"},"modified":"2023-01-05T12:53:31","modified_gmt":"2023-01-05T10:53:31","slug":"nouveau-gouvernement-olivier-dussopt-au-travail-et-gabriel-attal-aux-comptes-publics","status":"publish","type":"post","link":"https:\/\/www.gereso.com\/actualites\/2022\/05\/20\/nouveau-gouvernement-olivier-dussopt-au-travail-et-gabriel-attal-aux-comptes-publics\/","title":{"rendered":"Nouveau Gouvernement\u00a0: Olivier Dussopt au travail et Gabriel Attal aux comptes publics"},"content":{"rendered":"\n<p>La composition du nouveau Gouvernement a \u00e9t\u00e9 annonc\u00e9e en fin d\u2019apr\u00e8s-midi ce 20 mai 2022. <strong>Olivier Dussopt<\/strong> est nomm\u00e9 ministre du Travail et <strong>Gabriel Attal<\/strong>, ministre d\u00e9l\u00e9gu\u00e9 aux Comptes publics.<\/p>\n<h2><strong>17 ministres, 6 ministres d\u00e9l\u00e9gu\u00e9s et 4 secr\u00e9taires d\u2019\u00c9tat<\/strong><\/h2>\n<p>Apr\u00e8s la nomination d\u2019<strong>Elisabeth Borne<\/strong> au poste de Premi\u00e8re ministre en remplacement de Jean Castex, l\u2019annonce des membres du Gouvernement \u00e9tait tr\u00e8s attendue. Le secr\u00e9taire d\u2019\u00c9tat g\u00e9n\u00e9ral, Alexis Kohler a d\u00e9voil\u00e9 cette liste ce vendredi \u00e0 16h30. 17 ministres, 6 ministres d\u00e9l\u00e9gu\u00e9s et 4 secr\u00e9taires d\u2019\u00c9tat ont \u00e9t\u00e9 d\u00e9sign\u00e9s.<\/p>\n<p>Plusieurs ministres ont conserv\u00e9 leur portefeuille. C\u2019est le cas de G\u00e9rald Darmanin, qui reste ministre de l\u2019Int\u00e9rieur et d\u2019\u00c9ric Dupond-Moretti, le ministre de la Justice. L\u2019intitul\u00e9 du portefeuille de <strong>Bruno Le Maire<\/strong> change l\u00e9g\u00e8rement. Il est d\u00e9sormais <strong>ministre de l\u2019\u00c9conomie, des Finances et de la Souverainet\u00e9 industrielle et num\u00e9rique<\/strong>.<\/p>\n<h2><strong>Olivier Dussopt au travail et Gabriel Attal aux Comptes publics<\/strong><\/h2>\n<p>En mati\u00e8re de droit fiscal et de droit du travail, on retrouvera en premi\u00e8re ligne, 2 personnalit\u00e9s d\u00e9j\u00e0 pr\u00e9sentes dans la pr\u00e9c\u00e9dente \u00e9quipe gouvernementale.<\/p>\n<p><strong>Olivier Dussopt<\/strong> est nomm\u00e9 ministre du Travail, du Plein emploi et de l\u2019Insertion. N\u00e9 en 1978, il a d\u2019abord \u00e9t\u00e9 \u00e9lu d\u00e9put\u00e9 PS en 2007 devenant ainsi le plus jeune d\u00e9put\u00e9 sous cette l\u00e9gislature. R\u00e9\u00e9lu en 2012, il est ensuite nomm\u00e9 le 24 novembre 2017, secr\u00e9taire d\u2019\u00c9tat aupr\u00e8s du ministre de l\u2019Action et des Comptes publics. Il conservera ce poste sous le Gouvernement de Jean Castex. Gabriel Attal le remplace sous le Gouvernement d\u2019Elisabeth Borne.<\/p>\n<p><strong>Gabriel Attal <\/strong>a \u00e9t\u00e9 nomm\u00e9 ministre d\u00e9l\u00e9gu\u00e9 aupr\u00e8s du ministre de l\u2019\u00c9conomie et des Finances, charg\u00e9 des Comptes publics. N\u00e9 en 1989, il a d&rsquo;abord \u00e9t\u00e9 membre du cabinet de la ministre de la Sant\u00e9, Marisol Touraine (2012 \u00e0 2017) puis Secr\u00e9taire d\u2019\u00c9tat aupr\u00e8s du ministre de l\u2019\u00c9ducation nationale et de la Jeunesse. Depuis le 6 juillet 2020, il \u00e9tait porte-parole du Gouvernement. Olivia Gr\u00e9goire le remplace \u00e0 ce poste sous ce nouveau Gouvernement. Gabriel Attal aura notamment pour mission de mener les prochaines loi de finances et loi de finances rectificatives.<\/p>\n","protected":false},"excerpt":{"rendered":"<p>La composition du nouveau Gouvernement a \u00e9t\u00e9 annonc\u00e9e en fin d\u2019apr\u00e8s-midi ce 20 mai 2022. Olivier Dussopt est nomm\u00e9 ministre du Travail et Gabriel Attal, ministre d\u00e9l\u00e9gu\u00e9 aux Comptes publics. 17 ministres, 6 ministres d\u00e9l\u00e9gu\u00e9s et 4 secr\u00e9taires d\u2019\u00c9tat Apr\u00e8s la nomination d\u2019Elisabeth Borne au poste de Premi\u00e8re ministre en remplacement de Jean Castex, l\u2019annonce [&hellip;]<\/p>\n","protected":false},"author":45,"featured_media":0,"comment_status":"open","ping_status":"open","sticky":false,"template":"","format":"quote","meta":{"_acf_changed":false,"_mi_skip_tracking":false,"footnotes":""},"categories":[12,3,5],"tags":[2235],"class_list":["post-27888","post","type-post","status-publish","format-quote","hentry","category-actualites","category-comptabilite-fiscalite-et-gestion-financiere","category-droit-du-travail","tag-ministre","post_format-post-format-quote"],"acf":[],"yoast_head":"<!-- This site is optimized with the Yoast SEO plugin v23.4 - https:\/\/yoast.com\/wordpress\/plugins\/seo\/ -->\n<title>Nouveau Gouvernement\u00a0: Olivier Dussopt au travail et Gabriel Attal aux comptes publics - Le Blog GERESO<\/title>\n<meta name=\"robots\" content=\"index, follow, max-snippet:-1, max-image-preview:large, max-video-preview:-1\" \/>\n<link rel=\"canonical\" href=\"https:\/\/www.gereso.com\/actualites\/2022\/05\/20\/nouveau-gouvernement-olivier-dussopt-au-travail-et-gabriel-attal-aux-comptes-publics\/\" \/>\n<meta property=\"og:locale\" content=\"fr_FR\" \/>\n<meta property=\"og:type\" content=\"article\" \/>\n<meta property=\"og:title\" content=\"Nouveau Gouvernement\u00a0: Olivier Dussopt au travail et Gabriel Attal aux comptes publics - Le Blog GERESO\" \/>\n<meta property=\"og:description\" content=\"La composition du nouveau Gouvernement a \u00e9t\u00e9 annonc\u00e9e en fin d\u2019apr\u00e8s-midi ce 20 mai 2022. Olivier Dussopt est nomm\u00e9 ministre du Travail et Gabriel Attal, ministre d\u00e9l\u00e9gu\u00e9 aux Comptes publics. 17 ministres, 6 ministres d\u00e9l\u00e9gu\u00e9s et 4 secr\u00e9taires d\u2019\u00c9tat Apr\u00e8s la nomination d\u2019Elisabeth Borne au poste de Premi\u00e8re ministre en remplacement de Jean Castex, l\u2019annonce [&hellip;]\" \/>\n<meta property=\"og:url\" content=\"https:\/\/www.gereso.com\/actualites\/2022\/05\/20\/nouveau-gouvernement-olivier-dussopt-au-travail-et-gabriel-attal-aux-comptes-publics\/\" \/>\n<meta property=\"og:site_name\" content=\"Le Blog GERESO\" \/>\n<meta property=\"article:published_time\" content=\"2022-05-20T17:23:02+00:00\" \/>\n<meta property=\"article:modified_time\" content=\"2023-01-05T10:53:31+00:00\" \/>\n<meta name=\"author\" content=\"Damien P\u00e9an\" \/>\n<meta name=\"twitter:card\" content=\"summary_large_image\" \/>\n<script type=\"application\/ld+json\" class=\"yoast-schema-graph\">{\"@context\":\"https:\/\/schema.org\",\"@graph\":[{\"@type\":\"WebPage\",\"@id\":\"https:\/\/www.gereso.com\/actualites\/2022\/05\/20\/nouveau-gouvernement-olivier-dussopt-au-travail-et-gabriel-attal-aux-comptes-publics\/\",\"url\":\"https:\/\/www.gereso.com\/actualites\/2022\/05\/20\/nouveau-gouvernement-olivier-dussopt-au-travail-et-gabriel-attal-aux-comptes-publics\/\",\"name\":\"Nouveau Gouvernement\u00a0: Olivier Dussopt au travail et Gabriel Attal aux comptes publics - Le Blog GERESO\",\"isPartOf\":{\"@id\":\"https:\/\/www.gereso.com\/actualites\/#website\"},\"datePublished\":\"2022-05-20T17:23:02+00:00\",\"dateModified\":\"2023-01-05T10:53:31+00:00\",\"author\":{\"@id\":\"https:\/\/www.gereso.com\/actualites\/#\/schema\/person\/c91814f92d627ed4715993fbbf7c7e8d\"},\"breadcrumb\":{\"@id\":\"https:\/\/www.gereso.com\/actualites\/2022\/05\/20\/nouveau-gouvernement-olivier-dussopt-au-travail-et-gabriel-attal-aux-comptes-publics\/#breadcrumb\"},\"inLanguage\":\"fr-FR\",\"potentialAction\":[{\"@type\":\"ReadAction\",\"target\":[\"https:\/\/www.gereso.com\/actualites\/2022\/05\/20\/nouveau-gouvernement-olivier-dussopt-au-travail-et-gabriel-attal-aux-comptes-publics\/\"]}]},{\"@type\":\"BreadcrumbList\",\"@id\":\"https:\/\/www.gereso.com\/actualites\/2022\/05\/20\/nouveau-gouvernement-olivier-dussopt-au-travail-et-gabriel-attal-aux-comptes-publics\/#breadcrumb\",\"itemListElement\":[{\"@type\":\"ListItem\",\"position\":1,\"name\":\"Home\",\"item\":\"https:\/\/www.gereso.com\/actualites\/\"},{\"@type\":\"ListItem\",\"position\":2,\"name\":\"Nouveau Gouvernement\u00a0: Olivier Dussopt au travail et Gabriel Attal aux comptes publics\"}]},{\"@type\":\"WebSite\",\"@id\":\"https:\/\/www.gereso.com\/actualites\/#website\",\"url\":\"https:\/\/www.gereso.com\/actualites\/\",\"name\":\"Le Blog GERESO\",\"description\":\"Toute l&#039;actu RH, Finance, Fonction Publique, Management...\",\"potentialAction\":[{\"@type\":\"SearchAction\",\"target\":{\"@type\":\"EntryPoint\",\"urlTemplate\":\"https:\/\/www.gereso.com\/actualites\/?s={search_term_string}\"},\"query-input\":{\"@type\":\"PropertyValueSpecification\",\"valueRequired\":true,\"valueName\":\"search_term_string\"}}],\"inLanguage\":\"fr-FR\"},{\"@type\":\"Person\",\"@id\":\"https:\/\/www.gereso.com\/actualites\/#\/schema\/person\/c91814f92d627ed4715993fbbf7c7e8d\",\"name\":\"Damien P\u00e9an\",\"image\":{\"@type\":\"ImageObject\",\"inLanguage\":\"fr-FR\",\"@id\":\"https:\/\/www.gereso.com\/actualites\/#\/schema\/person\/image\/\",\"url\":\"https:\/\/www.gereso.com\/actualites\/wp-content\/uploads\/2016\/03\/damien-pean.jpg\",\"contentUrl\":\"https:\/\/www.gereso.com\/actualites\/wp-content\/uploads\/2016\/03\/damien-pean.jpg\",\"caption\":\"Damien P\u00e9an\"},\"description\":\"Damien P\u00c9AN est titulaire du Dipl\u00f4me d'\u00e9tudes sup\u00e9rieures comptables et financi\u00e8res (DESCF). Il intervient depuis plusieurs ann\u00e9es aupr\u00e8s d'\u00e9tudiants en licence de comptabilit\u00e9 et de gestion, \u00e0 qui il enseigne le contr\u00f4le de gestion, la comptabilit\u00e9 approfondie, le management, la fiscalit\u00e9, le droit des soci\u00e9t\u00e9s et le droit du travail. Il intervient \u00e9galement en formation continue pour le compte de divers organismes de formation sur des th\u00e9matiques techniques en comptabilit\u00e9 et fiscalit\u00e9. Il forme aussi un public de non-initi\u00e9s aux fondamentaux de la finance.\",\"url\":\"https:\/\/www.gereso.com\/actualites\/author\/d-pean\/\"}]}<\/script>\n<!-- \/ Yoast SEO plugin. -->","yoast_head_json":{"title":"Nouveau Gouvernement\u00a0: Olivier Dussopt au travail et Gabriel Attal aux comptes publics - Le Blog GERESO","robots":{"index":"index","follow":"follow","max-snippet":"max-snippet:-1","max-image-preview":"max-image-preview:large","max-video-preview":"max-video-preview:-1"},"canonical":"https:\/\/www.gereso.com\/actualites\/2022\/05\/20\/nouveau-gouvernement-olivier-dussopt-au-travail-et-gabriel-attal-aux-comptes-publics\/","og_locale":"fr_FR","og_type":"article","og_title":"Nouveau Gouvernement\u00a0: Olivier Dussopt au travail et Gabriel Attal aux comptes publics - Le Blog GERESO","og_description":"La composition du nouveau Gouvernement a \u00e9t\u00e9 annonc\u00e9e en fin d\u2019apr\u00e8s-midi ce 20 mai 2022. Olivier Dussopt est nomm\u00e9 ministre du Travail et Gabriel Attal, ministre d\u00e9l\u00e9gu\u00e9 aux Comptes publics. 17 ministres, 6 ministres d\u00e9l\u00e9gu\u00e9s et 4 secr\u00e9taires d\u2019\u00c9tat Apr\u00e8s la nomination d\u2019Elisabeth Borne au poste de Premi\u00e8re ministre en remplacement de Jean Castex, l\u2019annonce [&hellip;]","og_url":"https:\/\/www.gereso.com\/actualites\/2022\/05\/20\/nouveau-gouvernement-olivier-dussopt-au-travail-et-gabriel-attal-aux-comptes-publics\/","og_site_name":"Le Blog GERESO","article_published_time":"2022-05-20T17:23:02+00:00","article_modified_time":"2023-01-05T10:53:31+00:00","author":"Damien P\u00e9an","twitter_card":"summary_large_image","schema":{"@context":"https:\/\/schema.org","@graph":[{"@type":"WebPage","@id":"https:\/\/www.gereso.com\/actualites\/2022\/05\/20\/nouveau-gouvernement-olivier-dussopt-au-travail-et-gabriel-attal-aux-comptes-publics\/","url":"https:\/\/www.gereso.com\/actualites\/2022\/05\/20\/nouveau-gouvernement-olivier-dussopt-au-travail-et-gabriel-attal-aux-comptes-publics\/","name":"Nouveau Gouvernement\u00a0: Olivier Dussopt au travail et Gabriel Attal aux comptes publics - Le Blog GERESO","isPartOf":{"@id":"https:\/\/www.gereso.com\/actualites\/#website"},"datePublished":"2022-05-20T17:23:02+00:00","dateModified":"2023-01-05T10:53:31+00:00","author":{"@id":"https:\/\/www.gereso.com\/actualites\/#\/schema\/person\/c91814f92d627ed4715993fbbf7c7e8d"},"breadcrumb":{"@id":"https:\/\/www.gereso.com\/actualites\/2022\/05\/20\/nouveau-gouvernement-olivier-dussopt-au-travail-et-gabriel-attal-aux-comptes-publics\/#breadcrumb"},"inLanguage":"fr-FR","potentialAction":[{"@type":"ReadAction","target":["https:\/\/www.gereso.com\/actualites\/2022\/05\/20\/nouveau-gouvernement-olivier-dussopt-au-travail-et-gabriel-attal-aux-comptes-publics\/"]}]},{"@type":"BreadcrumbList","@id":"https:\/\/www.gereso.com\/actualites\/2022\/05\/20\/nouveau-gouvernement-olivier-dussopt-au-travail-et-gabriel-attal-aux-comptes-publics\/#breadcrumb","itemListElement":[{"@type":"ListItem","position":1,"name":"Home","item":"https:\/\/www.gereso.com\/actualites\/"},{"@type":"ListItem","position":2,"name":"Nouveau Gouvernement\u00a0: Olivier Dussopt au travail et Gabriel Attal aux comptes publics"}]},{"@type":"WebSite","@id":"https:\/\/www.gereso.com\/actualites\/#website","url":"https:\/\/www.gereso.com\/actualites\/","name":"Le Blog GERESO","description":"Toute l&#039;actu RH, Finance, Fonction Publique, Management...","potentialAction":[{"@type":"SearchAction","target":{"@type":"EntryPoint","urlTemplate":"https:\/\/www.gereso.com\/actualites\/?s={search_term_string}"},"query-input":{"@type":"PropertyValueSpecification","valueRequired":true,"valueName":"search_term_string"}}],"inLanguage":"fr-FR"},{"@type":"Person","@id":"https:\/\/www.gereso.com\/actualites\/#\/schema\/person\/c91814f92d627ed4715993fbbf7c7e8d","name":"Damien P\u00e9an","image":{"@type":"ImageObject","inLanguage":"fr-FR","@id":"https:\/\/www.gereso.com\/actualites\/#\/schema\/person\/image\/","url":"https:\/\/www.gereso.com\/actualites\/wp-content\/uploads\/2016\/03\/damien-pean.jpg","contentUrl":"https:\/\/www.gereso.com\/actualites\/wp-content\/uploads\/2016\/03\/damien-pean.jpg","caption":"Damien P\u00e9an"},"description":"Damien P\u00c9AN est titulaire du Dipl\u00f4me d'\u00e9tudes sup\u00e9rieures comptables et financi\u00e8res (DESCF). Il intervient depuis plusieurs ann\u00e9es aupr\u00e8s d'\u00e9tudiants en licence de comptabilit\u00e9 et de gestion, \u00e0 qui il enseigne le contr\u00f4le de gestion, la comptabilit\u00e9 approfondie, le management, la fiscalit\u00e9, le droit des soci\u00e9t\u00e9s et le droit du travail. Il intervient \u00e9galement en formation continue pour le compte de divers organismes de formation sur des th\u00e9matiques techniques en comptabilit\u00e9 et fiscalit\u00e9. Il forme aussi un public de non-initi\u00e9s aux fondamentaux de la finance.","url":"https:\/\/www.gereso.com\/actualites\/author\/d-pean\/"}]}},"_links":{"self":[{"href":"https:\/\/www.gereso.com\/actualites\/wp-json\/wp\/v2\/posts\/27888","targetHints":{"allow":["GET"]}}],"collection":[{"href":"https:\/\/www.gereso.com\/actualites\/wp-json\/wp\/v2\/posts"}],"about":[{"href":"https:\/\/www.gereso.com\/actualites\/wp-json\/wp\/v2\/types\/post"}],"author":[{"embeddable":true,"href":"https:\/\/www.gereso.com\/actualites\/wp-json\/wp\/v2\/users\/45"}],"replies":[{"embeddable":true,"href":"https:\/\/www.gereso.com\/actualites\/wp-json\/wp\/v2\/comments?post=27888"}],"version-history":[{"count":2,"href":"https:\/\/www.gereso.com\/actualites\/wp-json\/wp\/v2\/posts\/27888\/revisions"}],"predecessor-version":[{"id":32545,"href":"https:\/\/www.gereso.com\/actualites\/wp-json\/wp\/v2\/posts\/27888\/revisions\/32545"}],"wp:attachment":[{"href":"https:\/\/www.gereso.com\/actualites\/wp-json\/wp\/v2\/media?parent=27888"}],"wp:term":[{"taxonomy":"category","embeddable":true,"href":"https:\/\/www.gereso.com\/actualites\/wp-json\/wp\/v2\/categories?post=27888"},{"taxonomy":"post_tag","embeddable":true,"href":"https:\/\/www.gereso.com\/actualites\/wp-json\/wp\/v2\/tags?post=27888"}],"curies":[{"name":"wp","href":"https:\/\/api.w.org\/{rel}","templated":true}]}}