{"id":28254,"date":"2022-06-15T09:06:01","date_gmt":"2022-06-15T07:06:01","guid":{"rendered":"https:\/\/www.gereso.com\/actualites\/?p=28254"},"modified":"2022-06-15T09:06:04","modified_gmt":"2022-06-15T07:06:04","slug":"webinaire-engagement-collaborateurs-finir-langue-bois","status":"publish","type":"post","link":"https:\/\/www.gereso.com\/actualites\/2022\/06\/15\/webinaire-engagement-collaborateurs-finir-langue-bois\/","title":{"rendered":"Webinaire \u00ab Engagement des collaborateurs : pour en finir avec la langue de bois ! \u00bb"},"content":{"rendered":"\n\n\n<h2>D\u00e9tails du webinaire&nbsp;:<\/h2>\n<h3 class=\"section-title\"><span class=\"title-inner\" data-animation=\"fadeInRight\" data-animation-delay=\"500\">DATE&nbsp;:<\/span><\/h3>\n<p>Mardi 14 juin 2022&nbsp;de 10h00 \u00e0 11h00<\/p>\n<h3 class=\"section-title\"><span class=\"title-inner\" data-animation=\"fadeInRight\" data-animation-delay=\"500\">R\u00c9SUM\u00c9&nbsp;:<\/span><\/h3>\n<p>Combien d\u2019<strong>articles<\/strong>, de <strong>livres blancs<\/strong>, ou d\u2019<strong>ouvrages<\/strong> ont d\u00e9j\u00e0 \u00e9t\u00e9 \u00e9crits sur ce sujet de l&rsquo;engagement des salari\u00e9s&nbsp;? Combien de <strong>conf\u00e9rences<\/strong>, ou de <strong>webinaires<\/strong> sont organis\u00e9s, chaque ann\u00e9e&nbsp;? Combien de prestataires tentent de&nbsp;vous <strong>vendre leurs solutions, ou leurs gadgets<\/strong>, pour devenir une entreprise qui sorte du lot&nbsp;? Combien de vid\u00e9os traitent de cette th\u00e9matique&nbsp;?<br><br>\n\nIl suffit de taper \u00ab&nbsp;engagement des salari\u00e9s&nbsp;\u00bb, sur Google, pour comprendre qu\u2019il existe <strong>un business<\/strong> autour de cette question, puisque le moteur de recherche affiche pr\u00e8s de 26 millions de r\u00e9sultats&nbsp;! Est-ce que tout a d\u00e9j\u00e0 \u00e9t\u00e9 dit&nbsp;? Difficile \u00e0 dire, tant le corpus est vaste.<br><br>\n\nUne chose est s\u00fbre&nbsp;: on parle de l\u2019engagement des collaboratrices et des collaborateurs comme d\u2019un <strong>objectif RH \u00e0 atteindre<\/strong>. On cherche, par des moyens plus ou moins cr\u00e9atifs, \u00e0 booster l\u2019engagement des femmes et des hommes qui travaillent. Certes, mais <strong>dans quel(s) but(s)&nbsp;?<\/strong><br><br>\n\nAu cours de l\u2019heure que nous passerons ensemble, nous nous poserons de nombreuses questions, afin de <strong>prendre de la hauteur<\/strong> et d\u2019<strong>aborder ce sujet de la mani\u00e8re la plus saine possible<\/strong>. Nous relativiserons, \u00e9galement, la notion d\u2019engagement, qui est sur les l\u00e8vres de nombreuses professionnelles et nombreux professionnels.\n<\/p>\n\n\n\n\n<h3 class=\"section-title\"><span class=\"title-inner\" data-animation=\"fadeInRight\" data-animation-delay=\"500\">OBJECTIFS&nbsp;:<\/span><\/h3>\n<ul>\n<li>D\u00e9composer la <strong>notion d\u2019engagement<\/strong>, afin de <strong>voir ce qui s\u2019y cache r\u00e9ellement<\/strong><\/li>\n<li>Se questionner sur l\u2019engagement d\u2019une personne, <strong>avant, pendant et apr\u00e8s<\/strong> son passage dans l\u2019entreprise<\/li>\n<li>Se demander si l\u2019entreprise est <strong>pr\u00eate \u00e0 g\u00e9rer<\/strong> l\u2019engagement des salari\u00e9\u00b7e\u00b7s<\/li>\n\n<\/ul>\n\n<h3 class=\"section-title\"><span class=\"title-inner\" data-animation=\"fadeInRight\" data-animation-delay=\"500\">L&rsquo;INTERVENANT&nbsp;:<\/span><\/h3>\n<p>Des articles aux s\u00e9quences p\u00e9dagogiques, en passant par les interviews, les grands \u00e9v\u00e9nements internes, les cours, les publications sur Facebook, Instagram, Twitter, LinkedIn et JobTeaser, le \u00ab&nbsp;ghostwriting&nbsp;\u00bb, les pr\u00e9sentations, les chroniques radiophoniques, l&#8217;employee advocacy, ou encore l&rsquo;onboarding&#8230; Les diff\u00e9rentes exp\u00e9riences professionnelles d\u2019<strong>Antoine Lafond<\/strong>, aussi vari\u00e9es soient-elles, ont toutes un point commun&nbsp;: le storytelling&nbsp;! L\u2019art de transmettre un message, de la mani\u00e8re la plus adapt\u00e9e, \u00e0 sa cible.<br>br&gt;\n\nPartager des informations, des histoires, des t\u00e9moignages, des conseils, des connaissances et des comp\u00e9tences, avec des lecteurs, des auditeurs, des collaborateurs, des directeurs, des \u00e9tudiants&#8230; tout en trouvant le moyen de les int\u00e9resser, en se mettant \u00e0 leur place. Voil\u00e0 ce qui l&rsquo;anime, depuis le d\u00e9but de sa carri\u00e8re.<br><br>\n\nIl y a beaucoup de choses \u00e0 changer dans le monde du travail et des ressources humaines&#8230; Initier des transformations positives, au sein des organisations, pour le bien de toutes les parties prenantes, c&rsquo;est aussi ce \u00e0 quoi il aspire. Mais \u00e0 sa mani\u00e8re&#8230; sans se cacher derri\u00e8re une couche de bullshit.<\/p>\n\n\n\n<h3 class=\"section-title\"><span class=\"title-inner\" data-animation=\"fadeInRight\" data-animation-delay=\"500\">WEBINAIRE&nbsp;:<\/span><\/h3>\n<h4>Replay du webinaire&nbsp;: Engagement des collaborateurs&amp;bsp;: pour en finir avec la langue de bois&nbsp;! :<\/h4>\n\n\n\n<figure class=\"wp-block-embed is-type-video is-provider-youtube wp-block-embed-youtube wp-embed-aspect-16-9 wp-has-aspect-ratio\"><div class=\"wp-block-embed__wrapper\">\n<iframe title=\"WEBINAIRE - Engagement des collaborateurs - Antoine Lafond\" width=\"644\" height=\"362\" src=\"https:\/\/www.youtube.com\/embed\/xkiY_X3cQFI?feature=oembed\" frameborder=\"0\" allow=\"accelerometer; autoplay; clipboard-write; encrypted-media; gyroscope; picture-in-picture; web-share\" referrerpolicy=\"strict-origin-when-cross-origin\" allowfullscreen><\/iframe>\n<\/div><\/figure>\n\n\n\n<p><h3 class=\"section-title\"><span class=\"title-inner\" data-animation=\"fadeInRight\" data-animation-delay=\"500\">DOCUMENT&nbsp;:<\/span><\/h3><\/p>\n\n\n\n<div data-wp-interactive=\"core\/file\" class=\"wp-block-file aligncenter\"><object data-wp-bind--hidden=\"!state.hasPdfPreview\" hidden class=\"wp-block-file__embed\" data=\"https:\/\/www.gereso.com\/actualites\/wp-content\/uploads\/2022\/06\/Webinaire-Engagement-GERESO.pdf\" type=\"application\/pdf\" style=\"width:100%;height:600px\" aria-label=\"Contenu embarqu\u00e9 Contenu embarqu\u00e9 Webinaire-Engagement-GERESO..\"><\/object><a id=\"wp-block-file--media-732a9dfb-8145-464c-b44d-97303f65b429\" href=\"https:\/\/www.gereso.com\/actualites\/wp-content\/uploads\/2022\/06\/Webinaire-Engagement-GERESO.pdf\">Webinaire-Engagement-GERESO<\/a><a href=\"https:\/\/www.gereso.com\/actualites\/wp-content\/uploads\/2022\/06\/Webinaire-Engagement-GERESO.pdf\" class=\"wp-block-file__button\" download aria-describedby=\"wp-block-file--media-732a9dfb-8145-464c-b44d-97303f65b429\">T\u00e9l\u00e9charger<\/a><\/div>\n","protected":false},"excerpt":{"rendered":"<p>D\u00e9tails du webinaire&nbsp;: DATE&nbsp;: Mardi 14 juin 2022&nbsp;de 10h00 \u00e0 11h00 R\u00c9SUM\u00c9&nbsp;: Combien d\u2019articles, de livres blancs, ou d\u2019ouvrages ont d\u00e9j\u00e0 \u00e9t\u00e9 \u00e9crits sur ce sujet de l&rsquo;engagement des salari\u00e9s&nbsp;? Combien de conf\u00e9rences, ou de webinaires sont organis\u00e9s, chaque ann\u00e9e&nbsp;? Combien de prestataires tentent de&nbsp;vous vendre leurs solutions, ou leurs gadgets, pour devenir une entreprise [&hellip;]<\/p>\n","protected":false},"author":32,"featured_media":0,"comment_status":"open","ping_status":"open","sticky":false,"template":"","format":"standard","meta":{"_acf_changed":false,"_mi_skip_tracking":false,"footnotes":""},"categories":[12,2],"tags":[],"class_list":["post-28254","post","type-post","status-publish","format-standard","hentry","category-actualites","category-ressources-humaines"],"acf":[],"yoast_head":"<!-- This site is optimized with the Yoast SEO plugin v23.4 - https:\/\/yoast.com\/wordpress\/plugins\/seo\/ -->\n<title>Webinaire \u00ab Engagement des collaborateurs : pour en finir avec la langue de bois ! \u00bb - Le Blog GERESO<\/title>\n<meta name=\"robots\" content=\"index, follow, max-snippet:-1, max-image-preview:large, max-video-preview:-1\" \/>\n<link rel=\"canonical\" href=\"https:\/\/www.gereso.com\/actualites\/2022\/06\/15\/webinaire-engagement-collaborateurs-finir-langue-bois\/\" \/>\n<meta property=\"og:locale\" content=\"fr_FR\" \/>\n<meta property=\"og:type\" content=\"article\" \/>\n<meta property=\"og:title\" content=\"Webinaire \u00ab Engagement des collaborateurs : pour en finir avec la langue de bois ! \u00bb - Le Blog GERESO\" \/>\n<meta property=\"og:description\" content=\"D\u00e9tails du webinaire&nbsp;: DATE&nbsp;: Mardi 14 juin 2022&nbsp;de 10h00 \u00e0 11h00 R\u00c9SUM\u00c9&nbsp;: Combien d\u2019articles, de livres blancs, ou d\u2019ouvrages ont d\u00e9j\u00e0 \u00e9t\u00e9 \u00e9crits sur ce sujet de l&rsquo;engagement des salari\u00e9s&nbsp;? Combien de conf\u00e9rences, ou de webinaires sont organis\u00e9s, chaque ann\u00e9e&nbsp;? Combien de prestataires tentent de&nbsp;vous vendre leurs solutions, ou leurs gadgets, pour devenir une entreprise [&hellip;]\" \/>\n<meta property=\"og:url\" content=\"https:\/\/www.gereso.com\/actualites\/2022\/06\/15\/webinaire-engagement-collaborateurs-finir-langue-bois\/\" \/>\n<meta property=\"og:site_name\" content=\"Le Blog GERESO\" \/>\n<meta property=\"article:published_time\" content=\"2022-06-15T07:06:01+00:00\" \/>\n<meta property=\"article:modified_time\" content=\"2022-06-15T07:06:04+00:00\" \/>\n<meta name=\"author\" content=\"\u00c9quipe GERESO\" \/>\n<meta name=\"twitter:card\" content=\"summary_large_image\" \/>\n<script type=\"application\/ld+json\" class=\"yoast-schema-graph\">{\"@context\":\"https:\/\/schema.org\",\"@graph\":[{\"@type\":\"WebPage\",\"@id\":\"https:\/\/www.gereso.com\/actualites\/2022\/06\/15\/webinaire-engagement-collaborateurs-finir-langue-bois\/\",\"url\":\"https:\/\/www.gereso.com\/actualites\/2022\/06\/15\/webinaire-engagement-collaborateurs-finir-langue-bois\/\",\"name\":\"Webinaire \u00ab Engagement des collaborateurs : pour en finir avec la langue de bois ! \u00bb - Le Blog GERESO\",\"isPartOf\":{\"@id\":\"https:\/\/www.gereso.com\/actualites\/#website\"},\"datePublished\":\"2022-06-15T07:06:01+00:00\",\"dateModified\":\"2022-06-15T07:06:04+00:00\",\"author\":{\"@id\":\"https:\/\/www.gereso.com\/actualites\/#\/schema\/person\/197d8aef40cb4ae3f6a0aa9e1d3df2a6\"},\"breadcrumb\":{\"@id\":\"https:\/\/www.gereso.com\/actualites\/2022\/06\/15\/webinaire-engagement-collaborateurs-finir-langue-bois\/#breadcrumb\"},\"inLanguage\":\"fr-FR\",\"potentialAction\":[{\"@type\":\"ReadAction\",\"target\":[\"https:\/\/www.gereso.com\/actualites\/2022\/06\/15\/webinaire-engagement-collaborateurs-finir-langue-bois\/\"]}]},{\"@type\":\"BreadcrumbList\",\"@id\":\"https:\/\/www.gereso.com\/actualites\/2022\/06\/15\/webinaire-engagement-collaborateurs-finir-langue-bois\/#breadcrumb\",\"itemListElement\":[{\"@type\":\"ListItem\",\"position\":1,\"name\":\"Home\",\"item\":\"https:\/\/www.gereso.com\/actualites\/\"},{\"@type\":\"ListItem\",\"position\":2,\"name\":\"Webinaire \u00ab Engagement des collaborateurs : pour en finir avec la langue de bois ! \u00bb\"}]},{\"@type\":\"WebSite\",\"@id\":\"https:\/\/www.gereso.com\/actualites\/#website\",\"url\":\"https:\/\/www.gereso.com\/actualites\/\",\"name\":\"Le Blog GERESO\",\"description\":\"Toute l&#039;actu RH, Finance, Fonction Publique, Management...\",\"potentialAction\":[{\"@type\":\"SearchAction\",\"target\":{\"@type\":\"EntryPoint\",\"urlTemplate\":\"https:\/\/www.gereso.com\/actualites\/?s={search_term_string}\"},\"query-input\":{\"@type\":\"PropertyValueSpecification\",\"valueRequired\":true,\"valueName\":\"search_term_string\"}}],\"inLanguage\":\"fr-FR\"},{\"@type\":\"Person\",\"@id\":\"https:\/\/www.gereso.com\/actualites\/#\/schema\/person\/197d8aef40cb4ae3f6a0aa9e1d3df2a6\",\"name\":\"\u00c9quipe GERESO\",\"image\":{\"@type\":\"ImageObject\",\"inLanguage\":\"fr-FR\",\"@id\":\"https:\/\/www.gereso.com\/actualites\/#\/schema\/person\/image\/\",\"url\":\"https:\/\/www.gereso.com\/actualites\/wp-content\/uploads\/2013\/12\/avatar-gereso-1.png\",\"contentUrl\":\"https:\/\/www.gereso.com\/actualites\/wp-content\/uploads\/2013\/12\/avatar-gereso-1.png\",\"caption\":\"\u00c9quipe GERESO\"},\"url\":\"https:\/\/www.gereso.com\/actualites\/author\/gereso\/\"}]}<\/script>\n<!-- \/ Yoast SEO plugin. -->","yoast_head_json":{"title":"Webinaire \u00ab Engagement des collaborateurs : pour en finir avec la langue de bois ! \u00bb - Le Blog GERESO","robots":{"index":"index","follow":"follow","max-snippet":"max-snippet:-1","max-image-preview":"max-image-preview:large","max-video-preview":"max-video-preview:-1"},"canonical":"https:\/\/www.gereso.com\/actualites\/2022\/06\/15\/webinaire-engagement-collaborateurs-finir-langue-bois\/","og_locale":"fr_FR","og_type":"article","og_title":"Webinaire \u00ab Engagement des collaborateurs : pour en finir avec la langue de bois ! \u00bb - Le Blog GERESO","og_description":"D\u00e9tails du webinaire&nbsp;: DATE&nbsp;: Mardi 14 juin 2022&nbsp;de 10h00 \u00e0 11h00 R\u00c9SUM\u00c9&nbsp;: Combien d\u2019articles, de livres blancs, ou d\u2019ouvrages ont d\u00e9j\u00e0 \u00e9t\u00e9 \u00e9crits sur ce sujet de l&rsquo;engagement des salari\u00e9s&nbsp;? Combien de conf\u00e9rences, ou de webinaires sont organis\u00e9s, chaque ann\u00e9e&nbsp;? Combien de prestataires tentent de&nbsp;vous vendre leurs solutions, ou leurs gadgets, pour devenir une entreprise [&hellip;]","og_url":"https:\/\/www.gereso.com\/actualites\/2022\/06\/15\/webinaire-engagement-collaborateurs-finir-langue-bois\/","og_site_name":"Le Blog GERESO","article_published_time":"2022-06-15T07:06:01+00:00","article_modified_time":"2022-06-15T07:06:04+00:00","author":"\u00c9quipe GERESO","twitter_card":"summary_large_image","schema":{"@context":"https:\/\/schema.org","@graph":[{"@type":"WebPage","@id":"https:\/\/www.gereso.com\/actualites\/2022\/06\/15\/webinaire-engagement-collaborateurs-finir-langue-bois\/","url":"https:\/\/www.gereso.com\/actualites\/2022\/06\/15\/webinaire-engagement-collaborateurs-finir-langue-bois\/","name":"Webinaire \u00ab Engagement des collaborateurs : pour en finir avec la langue de bois ! \u00bb - Le Blog GERESO","isPartOf":{"@id":"https:\/\/www.gereso.com\/actualites\/#website"},"datePublished":"2022-06-15T07:06:01+00:00","dateModified":"2022-06-15T07:06:04+00:00","author":{"@id":"https:\/\/www.gereso.com\/actualites\/#\/schema\/person\/197d8aef40cb4ae3f6a0aa9e1d3df2a6"},"breadcrumb":{"@id":"https:\/\/www.gereso.com\/actualites\/2022\/06\/15\/webinaire-engagement-collaborateurs-finir-langue-bois\/#breadcrumb"},"inLanguage":"fr-FR","potentialAction":[{"@type":"ReadAction","target":["https:\/\/www.gereso.com\/actualites\/2022\/06\/15\/webinaire-engagement-collaborateurs-finir-langue-bois\/"]}]},{"@type":"BreadcrumbList","@id":"https:\/\/www.gereso.com\/actualites\/2022\/06\/15\/webinaire-engagement-collaborateurs-finir-langue-bois\/#breadcrumb","itemListElement":[{"@type":"ListItem","position":1,"name":"Home","item":"https:\/\/www.gereso.com\/actualites\/"},{"@type":"ListItem","position":2,"name":"Webinaire \u00ab Engagement des collaborateurs : pour en finir avec la langue de bois ! \u00bb"}]},{"@type":"WebSite","@id":"https:\/\/www.gereso.com\/actualites\/#website","url":"https:\/\/www.gereso.com\/actualites\/","name":"Le Blog GERESO","description":"Toute l&#039;actu RH, Finance, Fonction Publique, Management...","potentialAction":[{"@type":"SearchAction","target":{"@type":"EntryPoint","urlTemplate":"https:\/\/www.gereso.com\/actualites\/?s={search_term_string}"},"query-input":{"@type":"PropertyValueSpecification","valueRequired":true,"valueName":"search_term_string"}}],"inLanguage":"fr-FR"},{"@type":"Person","@id":"https:\/\/www.gereso.com\/actualites\/#\/schema\/person\/197d8aef40cb4ae3f6a0aa9e1d3df2a6","name":"\u00c9quipe GERESO","image":{"@type":"ImageObject","inLanguage":"fr-FR","@id":"https:\/\/www.gereso.com\/actualites\/#\/schema\/person\/image\/","url":"https:\/\/www.gereso.com\/actualites\/wp-content\/uploads\/2013\/12\/avatar-gereso-1.png","contentUrl":"https:\/\/www.gereso.com\/actualites\/wp-content\/uploads\/2013\/12\/avatar-gereso-1.png","caption":"\u00c9quipe GERESO"},"url":"https:\/\/www.gereso.com\/actualites\/author\/gereso\/"}]}},"_links":{"self":[{"href":"https:\/\/www.gereso.com\/actualites\/wp-json\/wp\/v2\/posts\/28254","targetHints":{"allow":["GET"]}}],"collection":[{"href":"https:\/\/www.gereso.com\/actualites\/wp-json\/wp\/v2\/posts"}],"about":[{"href":"https:\/\/www.gereso.com\/actualites\/wp-json\/wp\/v2\/types\/post"}],"author":[{"embeddable":true,"href":"https:\/\/www.gereso.com\/actualites\/wp-json\/wp\/v2\/users\/32"}],"replies":[{"embeddable":true,"href":"https:\/\/www.gereso.com\/actualites\/wp-json\/wp\/v2\/comments?post=28254"}],"version-history":[{"count":5,"href":"https:\/\/www.gereso.com\/actualites\/wp-json\/wp\/v2\/posts\/28254\/revisions"}],"predecessor-version":[{"id":28270,"href":"https:\/\/www.gereso.com\/actualites\/wp-json\/wp\/v2\/posts\/28254\/revisions\/28270"}],"wp:attachment":[{"href":"https:\/\/www.gereso.com\/actualites\/wp-json\/wp\/v2\/media?parent=28254"}],"wp:term":[{"taxonomy":"category","embeddable":true,"href":"https:\/\/www.gereso.com\/actualites\/wp-json\/wp\/v2\/categories?post=28254"},{"taxonomy":"post_tag","embeddable":true,"href":"https:\/\/www.gereso.com\/actualites\/wp-json\/wp\/v2\/tags?post=28254"}],"curies":[{"name":"wp","href":"https:\/\/api.w.org\/{rel}","templated":true}]}}