{"id":28260,"date":"2022-06-15T09:19:28","date_gmt":"2022-06-15T07:19:28","guid":{"rendered":"https:\/\/www.gereso.com\/actualites\/?p=28260"},"modified":"2022-06-15T09:19:30","modified_gmt":"2022-06-15T07:19:30","slug":"webinaire-controle-urssaf-reste-zen","status":"publish","type":"post","link":"https:\/\/www.gereso.com\/actualites\/2022\/06\/15\/webinaire-controle-urssaf-reste-zen\/","title":{"rendered":"Webinaire \u00ab Contr\u00f4le URSSAF : je reste zen ! \u00bb"},"content":{"rendered":"\n\n\n<h2>D\u00e9tails du webinaire&nbsp;:<\/h2>\n<h3 class=\"section-title\"><span class=\"title-inner\" data-animation=\"fadeInRight\" data-animation-delay=\"500\">DATE&nbsp;:<\/span><\/h3>\n<p>Mardi 14 juin 2022&nbsp;de 15h00 \u00e0 16h00<\/p>\n<h3 class=\"section-title\"><span class=\"title-inner\" data-animation=\"fadeInRight\" data-animation-delay=\"500\">R\u00c9SUM\u00c9&nbsp;:<\/span><\/h3>\n<p>L&rsquo;annonce de la visite d&rsquo;un contr\u00f4leur URSSAF n&rsquo;est jamais une bonne nouvelle pour un dirigeant&nbsp;!<br><br> \n\nPour autant, pas de quoi paniquer&nbsp;! Car si pr\u00e8s de 70% des contr\u00f4les URSSAF aboutissent \u00e0 un redressement, il est toujours possible d&rsquo;agir pour \u00ab\u00a0limiter la casse\u00a0\u00bb voire de contester certains contr\u00f4les abusifs.<br><br>\n\nEn participant \u00e0 ce webinaire anim\u00e9 par Fran\u00e7ois Taquet, avocat en droit du travail et protection sociale, et auteur de l&rsquo;ouvrage \u00ab\u00a0<a href=\"https:\/\/librairie.gereso.com\/livre-entreprise\/paie-comptabilite-et-finance\/controle-urssaf-subir-ou-agir-ssaf2\/\" target=\"_blank\" rel=\"noopener\">Contr\u00f4le URSSAF&nbsp;: subir ou agir<\/a>\u00a0\u00bb (Editions GERESO), vous d\u00e9couvrirez les bonnes pratiques \u00e0 adopter et les pi\u00e8ges \u00e0 \u00e9viter lors d&rsquo;un contr\u00f4le URSSAF.\n<\/p>\n\n\n\n\n\n<h3 class=\"section-title\"><span class=\"title-inner\" data-animation=\"fadeInRight\" data-animation-delay=\"500\">WEBINAIRE&nbsp;:<\/span><\/h3>\n<h4>Replay du webinaire&nbsp;: Contr\u00f4le URSSAF&nbsp;: je reste zen&nbsp;!&nbsp;:<\/h4>\n\n\n\n<figure class=\"wp-block-embed is-type-video is-provider-youtube wp-block-embed-youtube wp-embed-aspect-16-9 wp-has-aspect-ratio\"><div class=\"wp-block-embed__wrapper\">\n<iframe title=\"WEBINAIRE - Contr\u00f4le URSSAF : je reste zen ! - Fran\u00e7ois Taquet\" width=\"644\" height=\"362\" src=\"https:\/\/www.youtube.com\/embed\/KNSmkQiVJB8?feature=oembed\" frameborder=\"0\" allow=\"accelerometer; autoplay; clipboard-write; encrypted-media; gyroscope; picture-in-picture; web-share\" referrerpolicy=\"strict-origin-when-cross-origin\" allowfullscreen><\/iframe>\n<\/div><\/figure>\n\n\n\n<p><h3 class=\"section-title\"><span class=\"title-inner\" data-animation=\"fadeInRight\" data-animation-delay=\"500\">DOCUMENT&nbsp;:<\/span><\/h3><\/p>\n\n\n\n<div data-wp-interactive=\"core\/file\" class=\"wp-block-file aligncenter\"><object data-wp-bind--hidden=\"!state.hasPdfPreview\" hidden class=\"wp-block-file__embed\" data=\"https:\/\/www.gereso.com\/actualites\/wp-content\/uploads\/2022\/06\/Webinaire-GERESO-Controle-URSSAF.pdf\" type=\"application\/pdf\" style=\"width:100%;height:600px\" aria-label=\"Contenu embarqu\u00e9 Contenu embarqu\u00e9 Webinaire-GERESO-Controle-URSSAF..\"><\/object><a id=\"wp-block-file--media-c8223bef-fc00-45d5-903e-79e5c0f7d02a\" href=\"https:\/\/www.gereso.com\/actualites\/wp-content\/uploads\/2022\/06\/Webinaire-GERESO-Controle-URSSAF.pdf\">Webinaire-GERESO-Controle-URSSAF<\/a><a href=\"https:\/\/www.gereso.com\/actualites\/wp-content\/uploads\/2022\/06\/Webinaire-GERESO-Controle-URSSAF.pdf\" class=\"wp-block-file__button\" download aria-describedby=\"wp-block-file--media-c8223bef-fc00-45d5-903e-79e5c0f7d02a\">T\u00e9l\u00e9charger<\/a><\/div>\n","protected":false},"excerpt":{"rendered":"<p>D\u00e9tails du webinaire&nbsp;: DATE&nbsp;: Mardi 14 juin 2022&nbsp;de 15h00 \u00e0 16h00 R\u00c9SUM\u00c9&nbsp;: L&rsquo;annonce de la visite d&rsquo;un contr\u00f4leur URSSAF n&rsquo;est jamais une bonne nouvelle pour un dirigeant&nbsp;! Pour autant, pas de quoi paniquer&nbsp;! Car si pr\u00e8s de 70% des contr\u00f4les URSSAF aboutissent \u00e0 un redressement, il est toujours possible d&rsquo;agir pour \u00ab\u00a0limiter la casse\u00a0\u00bb voire [&hellip;]<\/p>\n","protected":false},"author":32,"featured_media":0,"comment_status":"open","ping_status":"open","sticky":false,"template":"","format":"standard","meta":{"_acf_changed":false,"_mi_skip_tracking":false,"footnotes":""},"categories":[12,3],"tags":[],"class_list":["post-28260","post","type-post","status-publish","format-standard","hentry","category-actualites","category-comptabilite-fiscalite-et-gestion-financiere"],"acf":[],"yoast_head":"<!-- This site is optimized with the Yoast SEO plugin v23.4 - https:\/\/yoast.com\/wordpress\/plugins\/seo\/ -->\n<title>Webinaire \u00ab Contr\u00f4le URSSAF : je reste zen ! \u00bb - Le Blog GERESO<\/title>\n<meta name=\"robots\" content=\"index, follow, max-snippet:-1, max-image-preview:large, max-video-preview:-1\" \/>\n<link rel=\"canonical\" href=\"https:\/\/www.gereso.com\/actualites\/2022\/06\/15\/webinaire-controle-urssaf-reste-zen\/\" \/>\n<meta property=\"og:locale\" content=\"fr_FR\" \/>\n<meta property=\"og:type\" content=\"article\" \/>\n<meta property=\"og:title\" content=\"Webinaire \u00ab Contr\u00f4le URSSAF : je reste zen ! \u00bb - Le Blog GERESO\" \/>\n<meta property=\"og:description\" content=\"D\u00e9tails du webinaire&nbsp;: DATE&nbsp;: Mardi 14 juin 2022&nbsp;de 15h00 \u00e0 16h00 R\u00c9SUM\u00c9&nbsp;: L&rsquo;annonce de la visite d&rsquo;un contr\u00f4leur URSSAF n&rsquo;est jamais une bonne nouvelle pour un dirigeant&nbsp;! Pour autant, pas de quoi paniquer&nbsp;! Car si pr\u00e8s de 70% des contr\u00f4les URSSAF aboutissent \u00e0 un redressement, il est toujours possible d&rsquo;agir pour \u00ab\u00a0limiter la casse\u00a0\u00bb voire [&hellip;]\" \/>\n<meta property=\"og:url\" content=\"https:\/\/www.gereso.com\/actualites\/2022\/06\/15\/webinaire-controle-urssaf-reste-zen\/\" \/>\n<meta property=\"og:site_name\" content=\"Le Blog GERESO\" \/>\n<meta property=\"article:published_time\" content=\"2022-06-15T07:19:28+00:00\" \/>\n<meta property=\"article:modified_time\" content=\"2022-06-15T07:19:30+00:00\" \/>\n<meta name=\"author\" content=\"\u00c9quipe GERESO\" \/>\n<meta name=\"twitter:card\" content=\"summary_large_image\" \/>\n<script type=\"application\/ld+json\" class=\"yoast-schema-graph\">{\"@context\":\"https:\/\/schema.org\",\"@graph\":[{\"@type\":\"WebPage\",\"@id\":\"https:\/\/www.gereso.com\/actualites\/2022\/06\/15\/webinaire-controle-urssaf-reste-zen\/\",\"url\":\"https:\/\/www.gereso.com\/actualites\/2022\/06\/15\/webinaire-controle-urssaf-reste-zen\/\",\"name\":\"Webinaire \u00ab Contr\u00f4le URSSAF : je reste zen ! \u00bb - Le Blog GERESO\",\"isPartOf\":{\"@id\":\"https:\/\/www.gereso.com\/actualites\/#website\"},\"datePublished\":\"2022-06-15T07:19:28+00:00\",\"dateModified\":\"2022-06-15T07:19:30+00:00\",\"author\":{\"@id\":\"https:\/\/www.gereso.com\/actualites\/#\/schema\/person\/197d8aef40cb4ae3f6a0aa9e1d3df2a6\"},\"breadcrumb\":{\"@id\":\"https:\/\/www.gereso.com\/actualites\/2022\/06\/15\/webinaire-controle-urssaf-reste-zen\/#breadcrumb\"},\"inLanguage\":\"fr-FR\",\"potentialAction\":[{\"@type\":\"ReadAction\",\"target\":[\"https:\/\/www.gereso.com\/actualites\/2022\/06\/15\/webinaire-controle-urssaf-reste-zen\/\"]}]},{\"@type\":\"BreadcrumbList\",\"@id\":\"https:\/\/www.gereso.com\/actualites\/2022\/06\/15\/webinaire-controle-urssaf-reste-zen\/#breadcrumb\",\"itemListElement\":[{\"@type\":\"ListItem\",\"position\":1,\"name\":\"Home\",\"item\":\"https:\/\/www.gereso.com\/actualites\/\"},{\"@type\":\"ListItem\",\"position\":2,\"name\":\"Webinaire \u00ab Contr\u00f4le URSSAF : je reste zen ! \u00bb\"}]},{\"@type\":\"WebSite\",\"@id\":\"https:\/\/www.gereso.com\/actualites\/#website\",\"url\":\"https:\/\/www.gereso.com\/actualites\/\",\"name\":\"Le Blog GERESO\",\"description\":\"Toute l&#039;actu RH, Finance, Fonction Publique, Management...\",\"potentialAction\":[{\"@type\":\"SearchAction\",\"target\":{\"@type\":\"EntryPoint\",\"urlTemplate\":\"https:\/\/www.gereso.com\/actualites\/?s={search_term_string}\"},\"query-input\":{\"@type\":\"PropertyValueSpecification\",\"valueRequired\":true,\"valueName\":\"search_term_string\"}}],\"inLanguage\":\"fr-FR\"},{\"@type\":\"Person\",\"@id\":\"https:\/\/www.gereso.com\/actualites\/#\/schema\/person\/197d8aef40cb4ae3f6a0aa9e1d3df2a6\",\"name\":\"\u00c9quipe GERESO\",\"image\":{\"@type\":\"ImageObject\",\"inLanguage\":\"fr-FR\",\"@id\":\"https:\/\/www.gereso.com\/actualites\/#\/schema\/person\/image\/\",\"url\":\"https:\/\/www.gereso.com\/actualites\/wp-content\/uploads\/2013\/12\/avatar-gereso-1.png\",\"contentUrl\":\"https:\/\/www.gereso.com\/actualites\/wp-content\/uploads\/2013\/12\/avatar-gereso-1.png\",\"caption\":\"\u00c9quipe GERESO\"},\"url\":\"https:\/\/www.gereso.com\/actualites\/author\/gereso\/\"}]}<\/script>\n<!-- \/ Yoast SEO plugin. -->","yoast_head_json":{"title":"Webinaire \u00ab Contr\u00f4le URSSAF : je reste zen ! \u00bb - Le Blog GERESO","robots":{"index":"index","follow":"follow","max-snippet":"max-snippet:-1","max-image-preview":"max-image-preview:large","max-video-preview":"max-video-preview:-1"},"canonical":"https:\/\/www.gereso.com\/actualites\/2022\/06\/15\/webinaire-controle-urssaf-reste-zen\/","og_locale":"fr_FR","og_type":"article","og_title":"Webinaire \u00ab Contr\u00f4le URSSAF : je reste zen ! \u00bb - Le Blog GERESO","og_description":"D\u00e9tails du webinaire&nbsp;: DATE&nbsp;: Mardi 14 juin 2022&nbsp;de 15h00 \u00e0 16h00 R\u00c9SUM\u00c9&nbsp;: L&rsquo;annonce de la visite d&rsquo;un contr\u00f4leur URSSAF n&rsquo;est jamais une bonne nouvelle pour un dirigeant&nbsp;! Pour autant, pas de quoi paniquer&nbsp;! Car si pr\u00e8s de 70% des contr\u00f4les URSSAF aboutissent \u00e0 un redressement, il est toujours possible d&rsquo;agir pour \u00ab\u00a0limiter la casse\u00a0\u00bb voire [&hellip;]","og_url":"https:\/\/www.gereso.com\/actualites\/2022\/06\/15\/webinaire-controle-urssaf-reste-zen\/","og_site_name":"Le Blog GERESO","article_published_time":"2022-06-15T07:19:28+00:00","article_modified_time":"2022-06-15T07:19:30+00:00","author":"\u00c9quipe GERESO","twitter_card":"summary_large_image","schema":{"@context":"https:\/\/schema.org","@graph":[{"@type":"WebPage","@id":"https:\/\/www.gereso.com\/actualites\/2022\/06\/15\/webinaire-controle-urssaf-reste-zen\/","url":"https:\/\/www.gereso.com\/actualites\/2022\/06\/15\/webinaire-controle-urssaf-reste-zen\/","name":"Webinaire \u00ab Contr\u00f4le URSSAF : je reste zen ! \u00bb - Le Blog GERESO","isPartOf":{"@id":"https:\/\/www.gereso.com\/actualites\/#website"},"datePublished":"2022-06-15T07:19:28+00:00","dateModified":"2022-06-15T07:19:30+00:00","author":{"@id":"https:\/\/www.gereso.com\/actualites\/#\/schema\/person\/197d8aef40cb4ae3f6a0aa9e1d3df2a6"},"breadcrumb":{"@id":"https:\/\/www.gereso.com\/actualites\/2022\/06\/15\/webinaire-controle-urssaf-reste-zen\/#breadcrumb"},"inLanguage":"fr-FR","potentialAction":[{"@type":"ReadAction","target":["https:\/\/www.gereso.com\/actualites\/2022\/06\/15\/webinaire-controle-urssaf-reste-zen\/"]}]},{"@type":"BreadcrumbList","@id":"https:\/\/www.gereso.com\/actualites\/2022\/06\/15\/webinaire-controle-urssaf-reste-zen\/#breadcrumb","itemListElement":[{"@type":"ListItem","position":1,"name":"Home","item":"https:\/\/www.gereso.com\/actualites\/"},{"@type":"ListItem","position":2,"name":"Webinaire \u00ab Contr\u00f4le URSSAF : je reste zen ! \u00bb"}]},{"@type":"WebSite","@id":"https:\/\/www.gereso.com\/actualites\/#website","url":"https:\/\/www.gereso.com\/actualites\/","name":"Le Blog GERESO","description":"Toute l&#039;actu RH, Finance, Fonction Publique, Management...","potentialAction":[{"@type":"SearchAction","target":{"@type":"EntryPoint","urlTemplate":"https:\/\/www.gereso.com\/actualites\/?s={search_term_string}"},"query-input":{"@type":"PropertyValueSpecification","valueRequired":true,"valueName":"search_term_string"}}],"inLanguage":"fr-FR"},{"@type":"Person","@id":"https:\/\/www.gereso.com\/actualites\/#\/schema\/person\/197d8aef40cb4ae3f6a0aa9e1d3df2a6","name":"\u00c9quipe GERESO","image":{"@type":"ImageObject","inLanguage":"fr-FR","@id":"https:\/\/www.gereso.com\/actualites\/#\/schema\/person\/image\/","url":"https:\/\/www.gereso.com\/actualites\/wp-content\/uploads\/2013\/12\/avatar-gereso-1.png","contentUrl":"https:\/\/www.gereso.com\/actualites\/wp-content\/uploads\/2013\/12\/avatar-gereso-1.png","caption":"\u00c9quipe GERESO"},"url":"https:\/\/www.gereso.com\/actualites\/author\/gereso\/"}]}},"_links":{"self":[{"href":"https:\/\/www.gereso.com\/actualites\/wp-json\/wp\/v2\/posts\/28260","targetHints":{"allow":["GET"]}}],"collection":[{"href":"https:\/\/www.gereso.com\/actualites\/wp-json\/wp\/v2\/posts"}],"about":[{"href":"https:\/\/www.gereso.com\/actualites\/wp-json\/wp\/v2\/types\/post"}],"author":[{"embeddable":true,"href":"https:\/\/www.gereso.com\/actualites\/wp-json\/wp\/v2\/users\/32"}],"replies":[{"embeddable":true,"href":"https:\/\/www.gereso.com\/actualites\/wp-json\/wp\/v2\/comments?post=28260"}],"version-history":[{"count":4,"href":"https:\/\/www.gereso.com\/actualites\/wp-json\/wp\/v2\/posts\/28260\/revisions"}],"predecessor-version":[{"id":28271,"href":"https:\/\/www.gereso.com\/actualites\/wp-json\/wp\/v2\/posts\/28260\/revisions\/28271"}],"wp:attachment":[{"href":"https:\/\/www.gereso.com\/actualites\/wp-json\/wp\/v2\/media?parent=28260"}],"wp:term":[{"taxonomy":"category","embeddable":true,"href":"https:\/\/www.gereso.com\/actualites\/wp-json\/wp\/v2\/categories?post=28260"},{"taxonomy":"post_tag","embeddable":true,"href":"https:\/\/www.gereso.com\/actualites\/wp-json\/wp\/v2\/tags?post=28260"}],"curies":[{"name":"wp","href":"https:\/\/api.w.org\/{rel}","templated":true}]}}