{"id":28314,"date":"2022-06-24T09:40:15","date_gmt":"2022-06-24T07:40:15","guid":{"rendered":"https:\/\/www.gereso.com\/actualites\/?p=28314"},"modified":"2022-07-04T15:21:06","modified_gmt":"2022-07-04T13:21:06","slug":"webinaire-digitalisation-formations-pourquoi-opter-parcours-hybrides","status":"publish","type":"post","link":"https:\/\/www.gereso.com\/actualites\/2022\/06\/24\/webinaire-digitalisation-formations-pourquoi-opter-parcours-hybrides\/","title":{"rendered":"Webinaire \u00ab Digitalisation de vos formations : pourquoi opter pour des parcours hybrides ? \u00bb"},"content":{"rendered":"\n\n\n<h2>D\u00e9tails du webinaire&nbsp;:<\/h2>\n<h3 class=\"section-title\"><span class=\"title-inner\" data-animation=\"fadeInRight\" data-animation-delay=\"500\">DATE&nbsp;:<\/span><\/h3>\n<p>Jeudi 23 juin 2022&nbsp;de 11h00 \u00e0 12h00<\/p>\n<h3 class=\"section-title\"><span class=\"title-inner\" data-animation=\"fadeInRight\" data-animation-delay=\"500\">R\u00c9SUM\u00c9&nbsp;:<\/span><\/h3>\n<p>Ces 2 derni\u00e8res ann\u00e9es, les entreprises ont d\u00fb s\u2019adapter et se r\u00e9inventer \u00e0 tous les niveaux, notamment avec l\u2019av\u00e8nement du t\u00e9l\u00e9travail.<\/p>\n\n<p>En formation professionnelle \u00e9galement les modalit\u00e9s \u00e0 distance sont de plus en plus pl\u00e9biscit\u00e9es pour r\u00e9ponde \u00e0 l\u2019ad\u00e9quation&nbsp;: nouveau mode de travail et besoin de mont\u00e9e en comp\u00e9tences.<\/p>\n\n<p>Pour r\u00e9pondre \u00e0 ces changements, il ne suffit plus de transposer vos formations pr\u00e9sentielles en classes virtuelles mais d\u2019<strong>avoir une approche et une offre formation plus adapt\u00e9es aux nouveaux usages<\/strong>.<br>\nAvoir une approche de digitalisation de ses ressources p\u00e9dagogiques peut \u00eatre un vrai d\u00e9fi pour les entreprises apprenantes, mais \u00e9galement un enjeu RH fort, en termes de d\u00e9veloppement des comp\u00e9tences, d\u2019image de marque employeur, d\u2019onboarding des nouveaux collaborateurs \u2026<\/p>\n\n<p><strong>Mais est-ce que l\u2019on peut digitaliser tous types de formation&nbsp;? Sans perdre l\u2019efficacit\u00e9 p\u00e9dagogique.<\/strong><\/p>\n\n<p>Ce webinar a pour objectif de vous aider \u00e0 <strong>d\u00e9crypter le potentiel de digitalisation<\/strong> de vos formations en s\u2019appuyant sur une <strong>approche op\u00e9rationnelle et pragmatique<\/strong> issue de notre exp\u00e9rience de plus de 10 ans dans la production de Digital Learning.<\/p>\n<\/p>\n\n<h3 class=\"section-title\"><span class=\"title-inner\" data-animation=\"fadeInRight\" data-animation-delay=\"500\">PROGRAMME&nbsp;:<\/span><\/h3>\n<ul>\n<li>Est-ce qu\u2019on peut tout digitaliser&nbsp;?<\/li>\n<ul>\n<li>Et pour quelle efficacit\u00e9 p\u00e9dagogique&nbsp;?<\/li>\n<li>Par o\u00f9 commencer&nbsp;?? Analyse de l\u2019existant<\/li>\n<\/ul>\n<li>Qu\u2019est-ce que le Potentiel de Digitalisation&nbsp;?<\/li>\n<ul>\n<li>Une m\u00e9thode ou une approche op\u00e9rationnelle adapt\u00e9e \u00e0 chaque contexte<\/li>\n<li>Comment analyser le potentiel de digitalisation de ses formations<\/li>\n<li>Une feuille de route de transformation<\/li>\n<\/ul>\n<li>Comment mettre en \u0153uvre cette digitalisation&nbsp;?<\/li>\n<ul>\n<li>Choisir les modalit\u00e9s p\u00e9dagogiques pertinentes<\/li>\n<li>Orchestrer la production des ressources<\/li>\n<li>Avoir une approche d\u2019industrialisation<\/li>\n<\/ul>\n<li>Questions \/ r\u00e9ponses<\/li>\n<\/ul>\n\n<h3 class=\"section-title\"><span class=\"title-inner\" data-animation=\"fadeInRight\" data-animation-delay=\"500\">INTERVENANTS&nbsp;:<\/span><\/h3>\n<p>Fondateur de l\u2019agence de cr\u00e9ativit\u00e9 p\u00e9dagogique&nbsp;: <a href=\"https:\/\/www.minedesavoirs.com\/\" target=\"_blank\" rel=\"noopener\">Mine de Savoirs<\/a>, <strong>Alain Commissionne<\/strong> accompagne les organisation apprenante dans la digitalisation de leurs formations. Cr\u00e9ateur d\u2019exp\u00e9riences p\u00e9dagogiques innovantes, il allie p\u00e9dagogie, design et digital dans un but unique&nbsp;: l\u2019efficacit\u00e9 p\u00e9dagogique.<\/p>\n\n<p>Pr\u00e9curseur sur le march\u00e9 du LMS et du Digital Learning en France, <strong>Jean-David Amaoua<\/strong> a une exp\u00e9rience de plus de 25 ans dans le monde de la formation. Dirigeant de centre de formation et d\u2019agence de digital learning, il a une expertise op\u00e9rationnelle dans le conseil et la mise en \u0153uvre de grands projets de transformation.<\/p>\n\n<h3 class=\"section-title\"><span class=\"title-inner\" data-animation=\"fadeInRight\" data-animation-delay=\"500\">WEBINAIRE&nbsp;:<\/span><\/h3>\n<h4>Replay du webinaire&nbsp;: Digitalisation de vos formations&nbsp;: pourquoi opter pour des parcours hybrides&nbsp;?&nbsp;:<\/h4>\n\n\n\n<figure class=\"wp-block-embed is-type-video is-provider-youtube wp-block-embed-youtube wp-embed-aspect-16-9 wp-has-aspect-ratio\"><div class=\"wp-block-embed__wrapper\">\n<iframe title=\"WEBINAIRE - Digitalisation de vos formations - Alain Commissionne\" width=\"644\" height=\"362\" src=\"https:\/\/www.youtube.com\/embed\/_Z_G6nxU-ek?feature=oembed\" frameborder=\"0\" allow=\"accelerometer; autoplay; clipboard-write; encrypted-media; gyroscope; picture-in-picture; web-share\" referrerpolicy=\"strict-origin-when-cross-origin\" allowfullscreen><\/iframe>\n<\/div><\/figure>\n","protected":false},"excerpt":{"rendered":"<p>D\u00e9tails du webinaire&nbsp;: DATE&nbsp;: Jeudi 23 juin 2022&nbsp;de 11h00 \u00e0 12h00 R\u00c9SUM\u00c9&nbsp;: Ces 2 derni\u00e8res ann\u00e9es, les entreprises ont d\u00fb s\u2019adapter et se r\u00e9inventer \u00e0 tous les niveaux, notamment avec l\u2019av\u00e8nement du t\u00e9l\u00e9travail. En formation professionnelle \u00e9galement les modalit\u00e9s \u00e0 distance sont de plus en plus pl\u00e9biscit\u00e9es pour r\u00e9ponde \u00e0 l\u2019ad\u00e9quation&nbsp;: nouveau mode de travail [&hellip;]<\/p>\n","protected":false},"author":32,"featured_media":0,"comment_status":"open","ping_status":"open","sticky":false,"template":"","format":"standard","meta":{"_acf_changed":false,"_mi_skip_tracking":false,"footnotes":""},"categories":[12,828],"tags":[],"class_list":["post-28314","post","type-post","status-publish","format-standard","hentry","category-actualites","category-formation-professionnelle"],"acf":[],"yoast_head":"<!-- This site is optimized with the Yoast SEO plugin v23.4 - https:\/\/yoast.com\/wordpress\/plugins\/seo\/ -->\n<title>Webinaire \u00ab Digitalisation de vos formations : pourquoi opter pour des parcours hybrides ? \u00bb - Le Blog GERESO<\/title>\n<meta name=\"robots\" content=\"index, follow, max-snippet:-1, max-image-preview:large, max-video-preview:-1\" \/>\n<link rel=\"canonical\" href=\"https:\/\/www.gereso.com\/actualites\/2022\/06\/24\/webinaire-digitalisation-formations-pourquoi-opter-parcours-hybrides\/\" \/>\n<meta property=\"og:locale\" content=\"fr_FR\" \/>\n<meta property=\"og:type\" content=\"article\" \/>\n<meta property=\"og:title\" content=\"Webinaire \u00ab Digitalisation de vos formations : pourquoi opter pour des parcours hybrides ? \u00bb - Le Blog GERESO\" \/>\n<meta property=\"og:description\" content=\"D\u00e9tails du webinaire&nbsp;: DATE&nbsp;: Jeudi 23 juin 2022&nbsp;de 11h00 \u00e0 12h00 R\u00c9SUM\u00c9&nbsp;: Ces 2 derni\u00e8res ann\u00e9es, les entreprises ont d\u00fb s\u2019adapter et se r\u00e9inventer \u00e0 tous les niveaux, notamment avec l\u2019av\u00e8nement du t\u00e9l\u00e9travail. En formation professionnelle \u00e9galement les modalit\u00e9s \u00e0 distance sont de plus en plus pl\u00e9biscit\u00e9es pour r\u00e9ponde \u00e0 l\u2019ad\u00e9quation&nbsp;: nouveau mode de travail [&hellip;]\" \/>\n<meta property=\"og:url\" content=\"https:\/\/www.gereso.com\/actualites\/2022\/06\/24\/webinaire-digitalisation-formations-pourquoi-opter-parcours-hybrides\/\" \/>\n<meta property=\"og:site_name\" content=\"Le Blog GERESO\" \/>\n<meta property=\"article:published_time\" content=\"2022-06-24T07:40:15+00:00\" \/>\n<meta property=\"article:modified_time\" content=\"2022-07-04T13:21:06+00:00\" \/>\n<meta name=\"author\" content=\"\u00c9quipe GERESO\" \/>\n<meta name=\"twitter:card\" content=\"summary_large_image\" \/>\n<script type=\"application\/ld+json\" class=\"yoast-schema-graph\">{\"@context\":\"https:\/\/schema.org\",\"@graph\":[{\"@type\":\"WebPage\",\"@id\":\"https:\/\/www.gereso.com\/actualites\/2022\/06\/24\/webinaire-digitalisation-formations-pourquoi-opter-parcours-hybrides\/\",\"url\":\"https:\/\/www.gereso.com\/actualites\/2022\/06\/24\/webinaire-digitalisation-formations-pourquoi-opter-parcours-hybrides\/\",\"name\":\"Webinaire \u00ab Digitalisation de vos formations : pourquoi opter pour des parcours hybrides ? \u00bb - Le Blog GERESO\",\"isPartOf\":{\"@id\":\"https:\/\/www.gereso.com\/actualites\/#website\"},\"datePublished\":\"2022-06-24T07:40:15+00:00\",\"dateModified\":\"2022-07-04T13:21:06+00:00\",\"author\":{\"@id\":\"https:\/\/www.gereso.com\/actualites\/#\/schema\/person\/197d8aef40cb4ae3f6a0aa9e1d3df2a6\"},\"breadcrumb\":{\"@id\":\"https:\/\/www.gereso.com\/actualites\/2022\/06\/24\/webinaire-digitalisation-formations-pourquoi-opter-parcours-hybrides\/#breadcrumb\"},\"inLanguage\":\"fr-FR\",\"potentialAction\":[{\"@type\":\"ReadAction\",\"target\":[\"https:\/\/www.gereso.com\/actualites\/2022\/06\/24\/webinaire-digitalisation-formations-pourquoi-opter-parcours-hybrides\/\"]}]},{\"@type\":\"BreadcrumbList\",\"@id\":\"https:\/\/www.gereso.com\/actualites\/2022\/06\/24\/webinaire-digitalisation-formations-pourquoi-opter-parcours-hybrides\/#breadcrumb\",\"itemListElement\":[{\"@type\":\"ListItem\",\"position\":1,\"name\":\"Home\",\"item\":\"https:\/\/www.gereso.com\/actualites\/\"},{\"@type\":\"ListItem\",\"position\":2,\"name\":\"Webinaire \u00ab Digitalisation de vos formations : pourquoi opter pour des parcours hybrides ? \u00bb\"}]},{\"@type\":\"WebSite\",\"@id\":\"https:\/\/www.gereso.com\/actualites\/#website\",\"url\":\"https:\/\/www.gereso.com\/actualites\/\",\"name\":\"Le Blog GERESO\",\"description\":\"Toute l&#039;actu RH, Finance, Fonction Publique, Management...\",\"potentialAction\":[{\"@type\":\"SearchAction\",\"target\":{\"@type\":\"EntryPoint\",\"urlTemplate\":\"https:\/\/www.gereso.com\/actualites\/?s={search_term_string}\"},\"query-input\":{\"@type\":\"PropertyValueSpecification\",\"valueRequired\":true,\"valueName\":\"search_term_string\"}}],\"inLanguage\":\"fr-FR\"},{\"@type\":\"Person\",\"@id\":\"https:\/\/www.gereso.com\/actualites\/#\/schema\/person\/197d8aef40cb4ae3f6a0aa9e1d3df2a6\",\"name\":\"\u00c9quipe GERESO\",\"image\":{\"@type\":\"ImageObject\",\"inLanguage\":\"fr-FR\",\"@id\":\"https:\/\/www.gereso.com\/actualites\/#\/schema\/person\/image\/\",\"url\":\"https:\/\/www.gereso.com\/actualites\/wp-content\/uploads\/2013\/12\/avatar-gereso-1.png\",\"contentUrl\":\"https:\/\/www.gereso.com\/actualites\/wp-content\/uploads\/2013\/12\/avatar-gereso-1.png\",\"caption\":\"\u00c9quipe GERESO\"},\"url\":\"https:\/\/www.gereso.com\/actualites\/author\/gereso\/\"}]}<\/script>\n<!-- \/ Yoast SEO plugin. -->","yoast_head_json":{"title":"Webinaire \u00ab Digitalisation de vos formations : pourquoi opter pour des parcours hybrides ? \u00bb - Le Blog GERESO","robots":{"index":"index","follow":"follow","max-snippet":"max-snippet:-1","max-image-preview":"max-image-preview:large","max-video-preview":"max-video-preview:-1"},"canonical":"https:\/\/www.gereso.com\/actualites\/2022\/06\/24\/webinaire-digitalisation-formations-pourquoi-opter-parcours-hybrides\/","og_locale":"fr_FR","og_type":"article","og_title":"Webinaire \u00ab Digitalisation de vos formations : pourquoi opter pour des parcours hybrides ? \u00bb - Le Blog GERESO","og_description":"D\u00e9tails du webinaire&nbsp;: DATE&nbsp;: Jeudi 23 juin 2022&nbsp;de 11h00 \u00e0 12h00 R\u00c9SUM\u00c9&nbsp;: Ces 2 derni\u00e8res ann\u00e9es, les entreprises ont d\u00fb s\u2019adapter et se r\u00e9inventer \u00e0 tous les niveaux, notamment avec l\u2019av\u00e8nement du t\u00e9l\u00e9travail. En formation professionnelle \u00e9galement les modalit\u00e9s \u00e0 distance sont de plus en plus pl\u00e9biscit\u00e9es pour r\u00e9ponde \u00e0 l\u2019ad\u00e9quation&nbsp;: nouveau mode de travail [&hellip;]","og_url":"https:\/\/www.gereso.com\/actualites\/2022\/06\/24\/webinaire-digitalisation-formations-pourquoi-opter-parcours-hybrides\/","og_site_name":"Le Blog GERESO","article_published_time":"2022-06-24T07:40:15+00:00","article_modified_time":"2022-07-04T13:21:06+00:00","author":"\u00c9quipe GERESO","twitter_card":"summary_large_image","schema":{"@context":"https:\/\/schema.org","@graph":[{"@type":"WebPage","@id":"https:\/\/www.gereso.com\/actualites\/2022\/06\/24\/webinaire-digitalisation-formations-pourquoi-opter-parcours-hybrides\/","url":"https:\/\/www.gereso.com\/actualites\/2022\/06\/24\/webinaire-digitalisation-formations-pourquoi-opter-parcours-hybrides\/","name":"Webinaire \u00ab Digitalisation de vos formations : pourquoi opter pour des parcours hybrides ? \u00bb - Le Blog GERESO","isPartOf":{"@id":"https:\/\/www.gereso.com\/actualites\/#website"},"datePublished":"2022-06-24T07:40:15+00:00","dateModified":"2022-07-04T13:21:06+00:00","author":{"@id":"https:\/\/www.gereso.com\/actualites\/#\/schema\/person\/197d8aef40cb4ae3f6a0aa9e1d3df2a6"},"breadcrumb":{"@id":"https:\/\/www.gereso.com\/actualites\/2022\/06\/24\/webinaire-digitalisation-formations-pourquoi-opter-parcours-hybrides\/#breadcrumb"},"inLanguage":"fr-FR","potentialAction":[{"@type":"ReadAction","target":["https:\/\/www.gereso.com\/actualites\/2022\/06\/24\/webinaire-digitalisation-formations-pourquoi-opter-parcours-hybrides\/"]}]},{"@type":"BreadcrumbList","@id":"https:\/\/www.gereso.com\/actualites\/2022\/06\/24\/webinaire-digitalisation-formations-pourquoi-opter-parcours-hybrides\/#breadcrumb","itemListElement":[{"@type":"ListItem","position":1,"name":"Home","item":"https:\/\/www.gereso.com\/actualites\/"},{"@type":"ListItem","position":2,"name":"Webinaire \u00ab Digitalisation de vos formations : pourquoi opter pour des parcours hybrides ? \u00bb"}]},{"@type":"WebSite","@id":"https:\/\/www.gereso.com\/actualites\/#website","url":"https:\/\/www.gereso.com\/actualites\/","name":"Le Blog GERESO","description":"Toute l&#039;actu RH, Finance, Fonction Publique, Management...","potentialAction":[{"@type":"SearchAction","target":{"@type":"EntryPoint","urlTemplate":"https:\/\/www.gereso.com\/actualites\/?s={search_term_string}"},"query-input":{"@type":"PropertyValueSpecification","valueRequired":true,"valueName":"search_term_string"}}],"inLanguage":"fr-FR"},{"@type":"Person","@id":"https:\/\/www.gereso.com\/actualites\/#\/schema\/person\/197d8aef40cb4ae3f6a0aa9e1d3df2a6","name":"\u00c9quipe GERESO","image":{"@type":"ImageObject","inLanguage":"fr-FR","@id":"https:\/\/www.gereso.com\/actualites\/#\/schema\/person\/image\/","url":"https:\/\/www.gereso.com\/actualites\/wp-content\/uploads\/2013\/12\/avatar-gereso-1.png","contentUrl":"https:\/\/www.gereso.com\/actualites\/wp-content\/uploads\/2013\/12\/avatar-gereso-1.png","caption":"\u00c9quipe GERESO"},"url":"https:\/\/www.gereso.com\/actualites\/author\/gereso\/"}]}},"_links":{"self":[{"href":"https:\/\/www.gereso.com\/actualites\/wp-json\/wp\/v2\/posts\/28314","targetHints":{"allow":["GET"]}}],"collection":[{"href":"https:\/\/www.gereso.com\/actualites\/wp-json\/wp\/v2\/posts"}],"about":[{"href":"https:\/\/www.gereso.com\/actualites\/wp-json\/wp\/v2\/types\/post"}],"author":[{"embeddable":true,"href":"https:\/\/www.gereso.com\/actualites\/wp-json\/wp\/v2\/users\/32"}],"replies":[{"embeddable":true,"href":"https:\/\/www.gereso.com\/actualites\/wp-json\/wp\/v2\/comments?post=28314"}],"version-history":[{"count":9,"href":"https:\/\/www.gereso.com\/actualites\/wp-json\/wp\/v2\/posts\/28314\/revisions"}],"predecessor-version":[{"id":28819,"href":"https:\/\/www.gereso.com\/actualites\/wp-json\/wp\/v2\/posts\/28314\/revisions\/28819"}],"wp:attachment":[{"href":"https:\/\/www.gereso.com\/actualites\/wp-json\/wp\/v2\/media?parent=28314"}],"wp:term":[{"taxonomy":"category","embeddable":true,"href":"https:\/\/www.gereso.com\/actualites\/wp-json\/wp\/v2\/categories?post=28314"},{"taxonomy":"post_tag","embeddable":true,"href":"https:\/\/www.gereso.com\/actualites\/wp-json\/wp\/v2\/tags?post=28314"}],"curies":[{"name":"wp","href":"https:\/\/api.w.org\/{rel}","templated":true}]}}