{"id":28360,"date":"2022-06-27T14:23:20","date_gmt":"2022-06-27T12:23:20","guid":{"rendered":"https:\/\/www.gereso.com\/actualites\/?p=28360"},"modified":"2022-06-27T14:23:23","modified_gmt":"2022-06-27T12:23:23","slug":"responsabilite-financiere-gestionnaires-publics","status":"publish","type":"post","link":"https:\/\/www.gereso.com\/actualites\/2022\/06\/27\/responsabilite-financiere-gestionnaires-publics\/","title":{"rendered":"La responsabilit\u00e9 financi\u00e8re des gestionnaires publics"},"content":{"rendered":"\n\n\n<p>C\u2019est ainsi que l\u2019ordonnance n\u00b0 2022-408 du 23 mars 2022 (1), relative au r\u00e9gime de responsabilit\u00e9 financi\u00e8re des gestionnaires publics a \u00e9t\u00e9 \u00e9labor\u00e9e en application de l\u2019<a href=\"https:\/\/www.legifrance.gouv.fr\/loda\/article_lc\/LEGIARTI000044794498\" target=\"_blank\" rel=\"noreferrer noopener\">article 168 de la loi n\u00b0 2021-1900 du 30 d\u00e9cembre 2021<\/a>, de finances pour 2022. Ladite disposition habilitant le Gouvernement \u00e0 cr\u00e9er un r\u00e9gime juridictionnel unifi\u00e9 de responsabilit\u00e9 des gestionnaires publics et des gestionnaires des organismes relevant du code de la s\u00e9curit\u00e9 sociale (Acoss et Urssaf, notamment). Plus pr\u00e9cis\u00e9ment, <strong>cette r\u00e9forme du r\u00e9gime de responsabilit\u00e9 des gestionnaires publics instaure, \u00e0 compter du 1<sup>er<\/sup> janvier\u00a02023, un r\u00e9gime unifi\u00e9 de responsabilit\u00e9 dont seront justiciables tous les acteurs de la chaine financi\u00e8re qu&rsquo;ils exercent des fonctions d&rsquo;ordonnateur ou de comptable.<\/strong><\/p>\n\n\n\n<h2 style=\"color: #D10016\"><strong>I. Le constat des insuffisances du r\u00e9gime juridiques de responsabilit\u00e9 financi\u00e8re actuel<\/strong><\/h2>\n\n\n\n<p>L\u2019ordonnance, pr\u00e9cit\u00e9e, vise \u00e0 rem\u00e9dier aux limites soulign\u00e9es \u00e0 de multiples reprises des r\u00e9gimes actuels de responsabilit\u00e9 des ordonnateurs et des comptables tout en favorisant la responsabilisation des gestionnaires publics. S&rsquo;agissant des comptables publics, le r\u00e9gime actuel de responsabilit\u00e9 personnelle et p\u00e9cuniaire (RPP) repose sur une approche exhaustive, au premier euro, qui ne permet ni de cibler les op\u00e9rations les plus significatives ni de prendre en compte l&rsquo;\u00e9volution des cha\u00eenes financi\u00e8res qui se traduit notamment par une imbrication de plus en plus pouss\u00e9e des acteurs et des proc\u00e9dures. S&rsquo;agissant des justiciables de la Cour de discipline budg\u00e9taire et financi\u00e8re (CDBF), les poursuites demeurent, actuellement, restreintes et p\u00e2tissent de longs d\u00e9lais de proc\u00e9dure.<\/p>\n\n\n\n<h2 style=\"color: #D10016\"><strong>II. L\u2019\u00e9conomie g\u00e9n\u00e9rale de la r\u00e9forme engendr\u00e9e par l\u2019ordonnance du 23 mars 2022<\/strong><\/h2>\n\n\n\n<p>L&rsquo;objectif de la r\u00e9forme est de r\u00e9server l&rsquo;intervention d&rsquo;un juge financier uniquement aux infractions les plus graves ayant caus\u00e9 un pr\u00e9judice financier significatif \u00e0 l&rsquo;organisme public concern\u00e9 ou celles qui, compte tenu de leur nature, sont consid\u00e9r\u00e9es comme importantes eu \u00e9gard \u00e0 l&rsquo;ordre public financier (octroi d&rsquo;avantage injustifi\u00e9, non production de comptes pour un comptable).<\/p>\n\n\n\n<p><strong>Les erreurs ou fautes les moins graves doivent, ainsi, se voir apporter une r\u00e9ponse manag\u00e9riale sans l&rsquo;intervention d&rsquo;un juge<\/strong>. En outre, le nouveau r\u00e9gime ne remet pas en cause la s\u00e9paration des ordonnateurs et des comptables qui demeure le principe cardinal de l&rsquo;organisation de la cha\u00eene financi\u00e8re.<\/p>\n\n\n\n<p>Par ailleurs, l&rsquo;ordonnance, pr\u00e9cit\u00e9e, porte au niveau l\u00e9gislatif (et non plus r\u00e9glementaire) la proc\u00e9dure de r\u00e9quisition actuellement pr\u00e9vue par le d\u00e9cret du 7 novembre 2012, relatif \u00e0 la gestion budg\u00e9taire et comptable publique (CBCP) (2).<\/p>\n\n\n\n<p>Elle institue \u00e9galement une proc\u00e9dure de signalement permettant au comptable d&rsquo;attirer l&rsquo;attention de son ordonnateur sur des pratiques susceptibles de relever de la Cour, ce qui renforce son r\u00f4le de conseil.<\/p>\n\n\n\n<p>En outre, les situations de gestion de fait, d\u00e8s lors qu&rsquo;une personne non habilit\u00e9e vient agir dans le champ propre du comptable, constitueront une infraction du nouveau r\u00e9gime qui sera sanctionn\u00e9e en tant que telle.<\/p>\n\n\n\n<p>La r\u00e9forme met fin au r\u00e9gime de responsabilit\u00e9 personnelle et p\u00e9cuniaire auquel sont soumis les comptables publics, mais elle ne modifie pas l&rsquo;organisation comptable et ne signifie pas la disparition des missions des comptables qui conservent pleinement leur r\u00f4le en mati\u00e8re de contr\u00f4le des fonds publics. A cet \u00e9gard, les comptables publics continueront de veiller \u00e0 la r\u00e9gularit\u00e9 des op\u00e9rations de d\u00e9penses et de recettes, conform\u00e9ment aux dispositions du d\u00e9cret GBCP (articles 19 et 20). L&rsquo;objectif n&rsquo;est pas d&rsquo;amoindrir les contr\u00f4les des comptables mais de les centrer sur les enjeux les plus importants et sur les op\u00e9rations les plus risqu\u00e9es dans le cadre d&rsquo;une approche hi\u00e9rarchis\u00e9e.<\/p>\n\n\n\n<h2 style=\"color: #D10016\"><strong>III. Les justiciables<\/strong><\/h2>\n\n\n\n<p><strong>Ce r\u00e9gime de responsabilit\u00e9 concernera l&rsquo;ensemble des gestionnaires publics et des gestionnaires des organismes relevant du code de la s\u00e9curit\u00e9 sociale, qu&rsquo;ils exercent des fonctions d&rsquo;ordonnateur ou de comptable<\/strong>, c&rsquo;est-\u00e0-dire \u00e0 la fois les ordonnateurs et les administrateurs actuellement justiciables de la CDBF, \u00e0 l&rsquo;exclusion des ministres et des \u00e9lus locaux qui rel\u00e8vent d&rsquo;une responsabilit\u00e9 politique. <strong>Cependant, il s\u2019appliquera aussi aux membres de leurs cabinets et directeurs d&rsquo;administrations.<\/strong> Le justiciable ne sera pas passible de sanctions s&rsquo;il n&rsquo;a fait que se conformer aux instructions de son sup\u00e9rieur hi\u00e9rarchique ou de toute personne habilit\u00e9e ou s&rsquo;il peut exciper d&rsquo;un ordre \u00e9crit \u00e9manant d&rsquo;une autorit\u00e9 non justiciable. L&rsquo;ordre \u00e9crit pourra rev\u00eatir la forme d&rsquo;une d\u00e9lib\u00e9ration d&rsquo;une assembl\u00e9e d\u00e9lib\u00e9rante d&rsquo;une collectivit\u00e9 territoriale, d\u00e8s lors que l&rsquo;organe d\u00e9lib\u00e9rant aura \u00e9t\u00e9 d\u00fbment inform\u00e9 de l&rsquo;affaire et que la d\u00e9lib\u00e9ration pr\u00e9sentera un lien direct avec celle-ci.<\/p>\n\n\n\n<h2 style=\"color:#D10016\"><strong>IV. Les incriminations<\/strong><\/h2>\n\n\n\n<p><strong>Les fautes de gestion,<\/strong> correspondant \u00e0 des agissements manifestement incompatibles avec les int\u00e9r\u00eats de l&rsquo;organisme, \u00e0 des carences graves dans les contr\u00f4les ou \u00e0 des omissions ou n\u00e9gligences r\u00e9p\u00e9t\u00e9es dans le r\u00f4le de direction, d\u00e8s lors que ceux-ci ont occasionn\u00e9 un pr\u00e9judice financier significatif, seront \u00e9galement sanctionn\u00e9es pour les organismes soumis au contr\u00f4le de la Cour des comptes et des chambres r\u00e9gionales et territoriales des comptes (CRTC) exer\u00e7ant une activit\u00e9 industrielle et commerciale. L&rsquo;Etat ainsi que les collectivit\u00e9s territoriales (et leurs \u00e9tablissements publics locaux) et leurs budgets annexes ne seront pas dans le champ de l&rsquo;infraction.<\/p>\n\n\n\n<p><strong>D&rsquo;autres infractions issues du r\u00e9gime CDBF<\/strong> sont conserv\u00e9es et, le cas \u00e9ch\u00e9ant, adapt\u00e9es telles que :<\/p>\n\n\n\n<ul class=\"wp-block-list\"><li>L&rsquo;octroi d&rsquo;un avantage injustifi\u00e9&nbsp;;<\/li><li>Le non-respect des r\u00e8gles applicables en mati\u00e8re de contr\u00f4le budg\u00e9taire pour l&rsquo;engagement de d\u00e9penses&nbsp;;<\/li><li>L&rsquo;engagement de d\u00e9penses sans avoir la qualit\u00e9 d&rsquo;ordonnateur&nbsp;;<\/li><li>L&rsquo;inex\u00e9cution des d\u00e9cisions de justice.<\/li><\/ul>\n\n\n\n<p><strong>La gestion de fait constituera une infraction en tant que telle, tout comme l&rsquo;absence de production des comptes.<\/strong><\/p>\n\n\n\n<p>En outre, l\u2019ordonnance, pr\u00e9cit\u00e9e, cr\u00e9e <strong>une infraction nouvelle<\/strong> visant \u00e0 sanctionner les agissements ayant eu pour effet de faire \u00e9chec \u00e0 une proc\u00e9dure de mandatement d&rsquo;office.<\/p>\n\n\n\n<p><strong>Un dispositif gradu\u00e9 de sanctions est associ\u00e9 \u00e0 ces infractions<\/strong>. Ainsi, le juge pourra prononcer des amendes plafonn\u00e9es \u00e0 six mois de r\u00e9mun\u00e9ration, ou un mois pour les infractions formelles. Les amendes, individualis\u00e9es, seront proportionn\u00e9es \u00e0 la gravit\u00e9 des faits reproch\u00e9s, \u00e0 l&rsquo;\u00e9ventuelle r\u00e9it\u00e9ration des pratiques prohib\u00e9es et, le cas \u00e9ch\u00e9ant, \u00e0 l&rsquo;importance du pr\u00e9judice caus\u00e9.<\/p>\n\n\n\n<h2 style=\"color: #D10016\"><strong>V. Les r\u00e8gles de proc\u00e9dure<\/strong><\/h2>\n\n\n\n<p>La chambre du contentieux de la Cour des comptes, comprenant des membres de la Cour et des magistrats des CRTC, instruira et jugera les affaires. Afin de renforcer les droits des justiciables, une Cour d&rsquo;appel financi\u00e8re, pr\u00e9sid\u00e9e par le Premier pr\u00e9sident de la Cour des comptes sera institu\u00e9e. Elle sera compos\u00e9e de quatre conseillers d\u2019\u00c9tat, de quatre conseillers ma\u00eetres \u00e0 la Cour des comptes et de deux personnalit\u00e9s qualifi\u00e9es justifiant d&rsquo;une exp\u00e9rience sup\u00e9rieure \u00e0 dix ans dans le domaine de la gestion publique nomm\u00e9s pour cinq ans par d\u00e9cret du Premier ministre. Chaque membre de la Cour d&rsquo;appel financi\u00e8re remettra une d\u00e9claration d&rsquo;int\u00e9r\u00eats au pr\u00e9sident de celle-ci. L&rsquo;appel sera suspensif. Le Conseil d\u2019\u00c9tat demeurera la juridiction de cassation.<\/p>\n\n\n\n<p>Aux autorit\u00e9s ayant aujourd&rsquo;hui le pouvoir de saisir la CDBF s&rsquo;ajouteront les repr\u00e9sentants de l\u2019\u00c9tat dans le d\u00e9partement (les pr\u00e9fets) ainsi que les directeurs des finances publiques pour des faits ne relevant pas des services de l\u2019\u00c9tat en r\u00e9gion ou en d\u00e9partement, les chefs de service des inspections g\u00e9n\u00e9rales de l\u2019\u00c9tat et les commissaires aux comptes des organismes soumis au contr\u00f4le des juridictions financi\u00e8res.<\/p>\n\n\n\n<h3>Les r\u00e8gles de prescription<\/h3>\n\n\n\n<p>Comme c&rsquo;est le cas aujourd&rsquo;hui, s&rsquo;agissant des infractions poursuivies devant la CDBF, la Cour des comptes devra \u00eatre saisie dans un d\u00e9lai inf\u00e9rieur \u00e0 cinq ann\u00e9es r\u00e9volues \u00e0 compter du jour o\u00f9 aura \u00e9t\u00e9 commis le fait susceptible de constituer une infraction.<\/p>\n\n\n\n<p>S&rsquo;agissant de la gestion de fait, le d\u00e9lai de prescription restera fix\u00e9 \u00e0 dix ans, comme dans le droit actuel.<\/p>\n\n\n\n<h3>L\u2019application des r\u00e8gles relatives \u00e0 la responsabilit\u00e9 personnelle et p\u00e9cuniaire (RPP)<\/h3>\n\n\n\n<p>Tout en pr\u00e9voyant l&rsquo;abrogation des diff\u00e9rents r\u00e9gimes de RPP des comptables, l&rsquo;ordonnance garantit la s\u00e9paration de l&rsquo;ordonnateur et du comptable, notamment en conservant l&rsquo;infraction de gestion de fait et celle d&rsquo;engagement de d\u00e9penses sans avoir la qualit\u00e9 d&rsquo;ordonnateur. La proc\u00e9dure de r\u00e9quisition d&rsquo;un comptable par l&rsquo;ordonnateur, qui permet \u00e0 la fois au comptable de jouer pleinement son r\u00f4le de gardien des r\u00e8gles, et de proposer un m\u00e9canisme de r\u00e9solution des blocages, voit sa port\u00e9e r\u00e9affirm\u00e9e en \u00e9tant inscrite dans la loi. Elle est compl\u00e9t\u00e9e par le rappel du principe selon lequel un comptable ne peut \u00eatre tenu pour responsable des op\u00e9rations r\u00e9alis\u00e9es sur r\u00e9quisition r\u00e9guli\u00e8re d&rsquo;un ordonnateur.<\/p>\n\n\n\n<p>L&rsquo;ordonnance, pr\u00e9cit\u00e9e, introduit \u00e9galement une possibilit\u00e9 pour le comptable de signaler \u00e0 l&rsquo;ordonnateur toute op\u00e9ration susceptible de relever d&rsquo;une infraction, sanctionn\u00e9e par le juge financier, aux r\u00e8gles d&rsquo;ex\u00e9cution des recettes et des d\u00e9penses.<\/p>\n\n\n\n<p><article class=\"obj_encart-formation\">\n<div class=\"ctn_encart\">\n<h3>Votre formation sur ce th\u00e8me<\/h3>\n<h2>&nbsp;CONTR\u00d4LE DE GESTION DANS LE SECTEUR PUBLIC&nbsp;<\/h2>\n<h4>2 jours &#8211; En pr\u00e9sentiel ou \u00e0 distance<\/h4>\n<ul> \n<li><strong>Mettre en place le contr\u00f4le de gestion<\/strong> dans une structure publique.<\/li>\n<li><strong>Analyser les co\u00fbts<\/strong> dans les diff\u00e9rentes dimensions de la performance.<\/li>\n<li><strong>Savoir s\u00e9lectionner des indicateurs pertinents<\/strong> et construire son tableau de bord.<\/li>\n<li><strong>Conna\u00eetre les outils<\/strong> permettant de d\u00e9velopper une culture de la performance et des r\u00e9sultats dans des entit\u00e9s publiques.\n<\/li>\n<\/ul>\n<div class=\"ctn_btn\">\n<a class=\"obj_btn\" target=\"_blank\" href=\"https:\/\/www.gereso.com\/COGL\" rel=\"noopener\"><span>Inscription gratuite<\/span><\/a>\n<a class=\"obj_btn\" target=\"_blank\" href=\"https:\/\/www.gereso.com\/client\/programme-pdf\/COGL.pdf\" rel=\"noopener\"><span>T\u00e9l\u00e9charger le programme PDF<\/span><\/a>\n<\/div>\n<\/div>\n<\/article><\/p>\n\n\n\n<h2 style=\"color: #D10016\"><strong>VI. Les dispositions transitoires<\/strong><\/h2>\n\n\n\n<p>Au 1<sup>er<\/sup> janvier 2023, l&rsquo;ensemble des affaires ayant fait l&rsquo;objet d&rsquo;un r\u00e9quisitoire introductif devant les CRTC et devant la CDBF seront transf\u00e9r\u00e9es \u00e0 la chambre du contentieux de la Cour des comptes. Les r\u00e8gles de proc\u00e9dure nouvelles pr\u00e9vues par l&rsquo;ordonnance s&rsquo;appliqueront de fa\u00e7on imm\u00e9diate \u00e0 ces affaires.<\/p>\n\n\n\n<p>imm\u00e9diate \u00e0 ces affaires.<\/p>\n\n\n\n<p>S&rsquo;agissant du droit au fond, le r\u00e9gime de RPP des comptables publics continuera de s&rsquo;appliquer \u00e0 l&rsquo;ensemble des op\u00e9rations ayant fait l&rsquo;objet d&rsquo;un premier acte de mise en jeu de leur responsabilit\u00e9 administrative notifi\u00e9 avant cette date.<\/p>\n\n\n\n<p>Pour ce qui est des affaires en cours devant le juge financier, les r\u00e8gles de fond relatives au r\u00e9gime de RPP demeureront applicables dans les seuls cas o\u00f9 le manquement litigieux aura caus\u00e9 un pr\u00e9judice financier \u00e0 l&rsquo;organisme public concern\u00e9. En ce qui concerne les affaires en cours n&rsquo;ayant pas caus\u00e9 de pr\u00e9judice financier, le principe de r\u00e9troactivit\u00e9 de la loi r\u00e9pressive plus douce s&rsquo;appliquera. En pratique, le juge financier pourra continuer de prononcer des d\u00e9bets mais ne pourra plus condamner les comptables publics au versement d&rsquo;une somme non r\u00e9missible. Le ministre conservera, en outre, le pouvoir d&rsquo;accorder des remises gracieuses pour les proc\u00e9dures juridictionnelles et administratives en cours.<\/p>\n\n\n\n<p>En ce qui concerne les affaires en cours devant la CDBF, il appartiendra au juge d&rsquo;appliquer, pour chaque affaire, les r\u00e8gles de non-r\u00e9troactivit\u00e9 de la loi r\u00e9pressive plus s\u00e9v\u00e8re et de r\u00e9troactivit\u00e9 de la loi r\u00e9pressive la plus douce, le nouveau r\u00e9gime \u00e9tant de m\u00eame nature et venant succ\u00e9der \u00e0 celui de la CDBF, juridiction administrative de nature r\u00e9pressive.<\/p>\n\n\n\n<p>Les comptables dont la responsabilit\u00e9 n&rsquo;aura pas \u00e9t\u00e9 engag\u00e9e dans le cadre d&rsquo;une proc\u00e9dure administrative ou juridictionnelle en cours au 1<sup>er<\/sup> janvier 2023 seront d\u00e9clar\u00e9s quittes de leur gestion.<\/p>\n\n\n\n<p>Enfin, l&rsquo;obligation de production des comptes devant les juridictions financi\u00e8res \u00e9tant supprim\u00e9e \u00e0 compter du 1<sup>er<\/sup> janvier 2023, les comptes portant sur l&rsquo;exercice 2022, d\u00e9pos\u00e9s en 2023, n&rsquo;y seront pas soumis.<\/p>\n\n\n\n<hr class=\"wp-block-separator has-alpha-channel-opacity\"\/>\n\n\n\n<h2 style=\"color: #D10016\"><strong>R\u00e9f\u00e9rences&nbsp;:<\/strong><\/H2>\n\n\n\n<ol>\n<li>Publi\u00e9e au Journal officiel du 24 mars 2022&nbsp;;<\/li>\n<li><a href=\"https:\/\/www.legifrance.gouv.fr\/loda\/id\/JORFTEXT000026597003\/\" target=_blank\" rel=\"noopener\">D\u00e9cret n\u00b0 2012-1246<\/a>, du 7 novembre 2012, relatif \u00e0 la gestion budg\u00e9taire et comptable publique.<\/li>\n<\/ol>\n","protected":false},"excerpt":{"rendered":"<p>C\u2019est ainsi que l\u2019ordonnance n\u00b0 2022-408 du 23 mars 2022 (1), relative au r\u00e9gime de responsabilit\u00e9 financi\u00e8re des gestionnaires publics a \u00e9t\u00e9 \u00e9labor\u00e9e en application de l\u2019article 168 de la loi n\u00b0 2021-1900 du 30 d\u00e9cembre 2021, de finances pour 2022. Ladite disposition habilitant le Gouvernement \u00e0 cr\u00e9er un r\u00e9gime juridictionnel unifi\u00e9 de responsabilit\u00e9 des [&hellip;]<\/p>\n","protected":false},"author":32,"featured_media":28411,"comment_status":"open","ping_status":"open","sticky":false,"template":"","format":"standard","meta":{"_acf_changed":false,"_mi_skip_tracking":false,"footnotes":""},"categories":[12,6],"tags":[],"class_list":["post-28360","post","type-post","status-publish","format-standard","has-post-thumbnail","hentry","category-actualites","category-fonction-publique"],"acf":[],"yoast_head":"<!-- This site is optimized with the Yoast SEO plugin v23.4 - https:\/\/yoast.com\/wordpress\/plugins\/seo\/ -->\n<title>La responsabilit\u00e9 financi\u00e8re des gestionnaires publics - Le Blog GERESO<\/title>\n<meta name=\"robots\" content=\"index, follow, max-snippet:-1, max-image-preview:large, max-video-preview:-1\" \/>\n<link rel=\"canonical\" href=\"https:\/\/www.gereso.com\/actualites\/2022\/06\/27\/responsabilite-financiere-gestionnaires-publics\/\" \/>\n<meta property=\"og:locale\" content=\"fr_FR\" \/>\n<meta property=\"og:type\" content=\"article\" \/>\n<meta property=\"og:title\" content=\"La responsabilit\u00e9 financi\u00e8re des gestionnaires publics - Le Blog GERESO\" \/>\n<meta property=\"og:description\" content=\"C\u2019est ainsi que l\u2019ordonnance n\u00b0 2022-408 du 23 mars 2022 (1), relative au r\u00e9gime de responsabilit\u00e9 financi\u00e8re des gestionnaires publics a \u00e9t\u00e9 \u00e9labor\u00e9e en application de l\u2019article 168 de la loi n\u00b0 2021-1900 du 30 d\u00e9cembre 2021, de finances pour 2022. Ladite disposition habilitant le Gouvernement \u00e0 cr\u00e9er un r\u00e9gime juridictionnel unifi\u00e9 de responsabilit\u00e9 des [&hellip;]\" \/>\n<meta property=\"og:url\" content=\"https:\/\/www.gereso.com\/actualites\/2022\/06\/27\/responsabilite-financiere-gestionnaires-publics\/\" \/>\n<meta property=\"og:site_name\" content=\"Le Blog GERESO\" \/>\n<meta property=\"article:published_time\" content=\"2022-06-27T12:23:20+00:00\" \/>\n<meta property=\"article:modified_time\" content=\"2022-06-27T12:23:23+00:00\" \/>\n<meta property=\"og:image\" content=\"https:\/\/www.gereso.com\/actualites\/wp-content\/uploads\/2022\/06\/responsabilite-financiere-gestionnaires-publics.jpg\" \/>\n\t<meta property=\"og:image:width\" content=\"600\" \/>\n\t<meta property=\"og:image:height\" content=\"400\" \/>\n\t<meta property=\"og:image:type\" content=\"image\/jpeg\" \/>\n<meta name=\"author\" content=\"\u00c9quipe GERESO\" \/>\n<meta name=\"twitter:card\" content=\"summary_large_image\" \/>\n<script type=\"application\/ld+json\" class=\"yoast-schema-graph\">{\"@context\":\"https:\/\/schema.org\",\"@graph\":[{\"@type\":\"WebPage\",\"@id\":\"https:\/\/www.gereso.com\/actualites\/2022\/06\/27\/responsabilite-financiere-gestionnaires-publics\/\",\"url\":\"https:\/\/www.gereso.com\/actualites\/2022\/06\/27\/responsabilite-financiere-gestionnaires-publics\/\",\"name\":\"La responsabilit\u00e9 financi\u00e8re des gestionnaires publics - Le Blog GERESO\",\"isPartOf\":{\"@id\":\"https:\/\/www.gereso.com\/actualites\/#website\"},\"primaryImageOfPage\":{\"@id\":\"https:\/\/www.gereso.com\/actualites\/2022\/06\/27\/responsabilite-financiere-gestionnaires-publics\/#primaryimage\"},\"image\":{\"@id\":\"https:\/\/www.gereso.com\/actualites\/2022\/06\/27\/responsabilite-financiere-gestionnaires-publics\/#primaryimage\"},\"thumbnailUrl\":\"https:\/\/www.gereso.com\/actualites\/wp-content\/uploads\/2022\/06\/responsabilite-financiere-gestionnaires-publics.jpg\",\"datePublished\":\"2022-06-27T12:23:20+00:00\",\"dateModified\":\"2022-06-27T12:23:23+00:00\",\"author\":{\"@id\":\"https:\/\/www.gereso.com\/actualites\/#\/schema\/person\/197d8aef40cb4ae3f6a0aa9e1d3df2a6\"},\"breadcrumb\":{\"@id\":\"https:\/\/www.gereso.com\/actualites\/2022\/06\/27\/responsabilite-financiere-gestionnaires-publics\/#breadcrumb\"},\"inLanguage\":\"fr-FR\",\"potentialAction\":[{\"@type\":\"ReadAction\",\"target\":[\"https:\/\/www.gereso.com\/actualites\/2022\/06\/27\/responsabilite-financiere-gestionnaires-publics\/\"]}]},{\"@type\":\"ImageObject\",\"inLanguage\":\"fr-FR\",\"@id\":\"https:\/\/www.gereso.com\/actualites\/2022\/06\/27\/responsabilite-financiere-gestionnaires-publics\/#primaryimage\",\"url\":\"https:\/\/www.gereso.com\/actualites\/wp-content\/uploads\/2022\/06\/responsabilite-financiere-gestionnaires-publics.jpg\",\"contentUrl\":\"https:\/\/www.gereso.com\/actualites\/wp-content\/uploads\/2022\/06\/responsabilite-financiere-gestionnaires-publics.jpg\",\"width\":600,\"height\":400,\"caption\":\"La responsabilit\u00e9 financi\u00e8re des gestionnaires publics\"},{\"@type\":\"BreadcrumbList\",\"@id\":\"https:\/\/www.gereso.com\/actualites\/2022\/06\/27\/responsabilite-financiere-gestionnaires-publics\/#breadcrumb\",\"itemListElement\":[{\"@type\":\"ListItem\",\"position\":1,\"name\":\"Home\",\"item\":\"https:\/\/www.gereso.com\/actualites\/\"},{\"@type\":\"ListItem\",\"position\":2,\"name\":\"La responsabilit\u00e9 financi\u00e8re des gestionnaires publics\"}]},{\"@type\":\"WebSite\",\"@id\":\"https:\/\/www.gereso.com\/actualites\/#website\",\"url\":\"https:\/\/www.gereso.com\/actualites\/\",\"name\":\"Le Blog GERESO\",\"description\":\"Toute l&#039;actu RH, Finance, Fonction Publique, Management...\",\"potentialAction\":[{\"@type\":\"SearchAction\",\"target\":{\"@type\":\"EntryPoint\",\"urlTemplate\":\"https:\/\/www.gereso.com\/actualites\/?s={search_term_string}\"},\"query-input\":{\"@type\":\"PropertyValueSpecification\",\"valueRequired\":true,\"valueName\":\"search_term_string\"}}],\"inLanguage\":\"fr-FR\"},{\"@type\":\"Person\",\"@id\":\"https:\/\/www.gereso.com\/actualites\/#\/schema\/person\/197d8aef40cb4ae3f6a0aa9e1d3df2a6\",\"name\":\"\u00c9quipe GERESO\",\"image\":{\"@type\":\"ImageObject\",\"inLanguage\":\"fr-FR\",\"@id\":\"https:\/\/www.gereso.com\/actualites\/#\/schema\/person\/image\/\",\"url\":\"https:\/\/www.gereso.com\/actualites\/wp-content\/uploads\/2013\/12\/avatar-gereso-1.png\",\"contentUrl\":\"https:\/\/www.gereso.com\/actualites\/wp-content\/uploads\/2013\/12\/avatar-gereso-1.png\",\"caption\":\"\u00c9quipe GERESO\"},\"url\":\"https:\/\/www.gereso.com\/actualites\/author\/gereso\/\"}]}<\/script>\n<!-- \/ Yoast SEO plugin. -->","yoast_head_json":{"title":"La responsabilit\u00e9 financi\u00e8re des gestionnaires publics - Le Blog GERESO","robots":{"index":"index","follow":"follow","max-snippet":"max-snippet:-1","max-image-preview":"max-image-preview:large","max-video-preview":"max-video-preview:-1"},"canonical":"https:\/\/www.gereso.com\/actualites\/2022\/06\/27\/responsabilite-financiere-gestionnaires-publics\/","og_locale":"fr_FR","og_type":"article","og_title":"La responsabilit\u00e9 financi\u00e8re des gestionnaires publics - Le Blog GERESO","og_description":"C\u2019est ainsi que l\u2019ordonnance n\u00b0 2022-408 du 23 mars 2022 (1), relative au r\u00e9gime de responsabilit\u00e9 financi\u00e8re des gestionnaires publics a \u00e9t\u00e9 \u00e9labor\u00e9e en application de l\u2019article 168 de la loi n\u00b0 2021-1900 du 30 d\u00e9cembre 2021, de finances pour 2022. Ladite disposition habilitant le Gouvernement \u00e0 cr\u00e9er un r\u00e9gime juridictionnel unifi\u00e9 de responsabilit\u00e9 des [&hellip;]","og_url":"https:\/\/www.gereso.com\/actualites\/2022\/06\/27\/responsabilite-financiere-gestionnaires-publics\/","og_site_name":"Le Blog GERESO","article_published_time":"2022-06-27T12:23:20+00:00","article_modified_time":"2022-06-27T12:23:23+00:00","og_image":[{"width":600,"height":400,"url":"https:\/\/www.gereso.com\/actualites\/wp-content\/uploads\/2022\/06\/responsabilite-financiere-gestionnaires-publics.jpg","type":"image\/jpeg"}],"author":"\u00c9quipe GERESO","twitter_card":"summary_large_image","schema":{"@context":"https:\/\/schema.org","@graph":[{"@type":"WebPage","@id":"https:\/\/www.gereso.com\/actualites\/2022\/06\/27\/responsabilite-financiere-gestionnaires-publics\/","url":"https:\/\/www.gereso.com\/actualites\/2022\/06\/27\/responsabilite-financiere-gestionnaires-publics\/","name":"La responsabilit\u00e9 financi\u00e8re des gestionnaires publics - Le Blog GERESO","isPartOf":{"@id":"https:\/\/www.gereso.com\/actualites\/#website"},"primaryImageOfPage":{"@id":"https:\/\/www.gereso.com\/actualites\/2022\/06\/27\/responsabilite-financiere-gestionnaires-publics\/#primaryimage"},"image":{"@id":"https:\/\/www.gereso.com\/actualites\/2022\/06\/27\/responsabilite-financiere-gestionnaires-publics\/#primaryimage"},"thumbnailUrl":"https:\/\/www.gereso.com\/actualites\/wp-content\/uploads\/2022\/06\/responsabilite-financiere-gestionnaires-publics.jpg","datePublished":"2022-06-27T12:23:20+00:00","dateModified":"2022-06-27T12:23:23+00:00","author":{"@id":"https:\/\/www.gereso.com\/actualites\/#\/schema\/person\/197d8aef40cb4ae3f6a0aa9e1d3df2a6"},"breadcrumb":{"@id":"https:\/\/www.gereso.com\/actualites\/2022\/06\/27\/responsabilite-financiere-gestionnaires-publics\/#breadcrumb"},"inLanguage":"fr-FR","potentialAction":[{"@type":"ReadAction","target":["https:\/\/www.gereso.com\/actualites\/2022\/06\/27\/responsabilite-financiere-gestionnaires-publics\/"]}]},{"@type":"ImageObject","inLanguage":"fr-FR","@id":"https:\/\/www.gereso.com\/actualites\/2022\/06\/27\/responsabilite-financiere-gestionnaires-publics\/#primaryimage","url":"https:\/\/www.gereso.com\/actualites\/wp-content\/uploads\/2022\/06\/responsabilite-financiere-gestionnaires-publics.jpg","contentUrl":"https:\/\/www.gereso.com\/actualites\/wp-content\/uploads\/2022\/06\/responsabilite-financiere-gestionnaires-publics.jpg","width":600,"height":400,"caption":"La responsabilit\u00e9 financi\u00e8re des gestionnaires publics"},{"@type":"BreadcrumbList","@id":"https:\/\/www.gereso.com\/actualites\/2022\/06\/27\/responsabilite-financiere-gestionnaires-publics\/#breadcrumb","itemListElement":[{"@type":"ListItem","position":1,"name":"Home","item":"https:\/\/www.gereso.com\/actualites\/"},{"@type":"ListItem","position":2,"name":"La responsabilit\u00e9 financi\u00e8re des gestionnaires publics"}]},{"@type":"WebSite","@id":"https:\/\/www.gereso.com\/actualites\/#website","url":"https:\/\/www.gereso.com\/actualites\/","name":"Le Blog GERESO","description":"Toute l&#039;actu RH, Finance, Fonction Publique, Management...","potentialAction":[{"@type":"SearchAction","target":{"@type":"EntryPoint","urlTemplate":"https:\/\/www.gereso.com\/actualites\/?s={search_term_string}"},"query-input":{"@type":"PropertyValueSpecification","valueRequired":true,"valueName":"search_term_string"}}],"inLanguage":"fr-FR"},{"@type":"Person","@id":"https:\/\/www.gereso.com\/actualites\/#\/schema\/person\/197d8aef40cb4ae3f6a0aa9e1d3df2a6","name":"\u00c9quipe GERESO","image":{"@type":"ImageObject","inLanguage":"fr-FR","@id":"https:\/\/www.gereso.com\/actualites\/#\/schema\/person\/image\/","url":"https:\/\/www.gereso.com\/actualites\/wp-content\/uploads\/2013\/12\/avatar-gereso-1.png","contentUrl":"https:\/\/www.gereso.com\/actualites\/wp-content\/uploads\/2013\/12\/avatar-gereso-1.png","caption":"\u00c9quipe GERESO"},"url":"https:\/\/www.gereso.com\/actualites\/author\/gereso\/"}]}},"_links":{"self":[{"href":"https:\/\/www.gereso.com\/actualites\/wp-json\/wp\/v2\/posts\/28360","targetHints":{"allow":["GET"]}}],"collection":[{"href":"https:\/\/www.gereso.com\/actualites\/wp-json\/wp\/v2\/posts"}],"about":[{"href":"https:\/\/www.gereso.com\/actualites\/wp-json\/wp\/v2\/types\/post"}],"author":[{"embeddable":true,"href":"https:\/\/www.gereso.com\/actualites\/wp-json\/wp\/v2\/users\/32"}],"replies":[{"embeddable":true,"href":"https:\/\/www.gereso.com\/actualites\/wp-json\/wp\/v2\/comments?post=28360"}],"version-history":[{"count":51,"href":"https:\/\/www.gereso.com\/actualites\/wp-json\/wp\/v2\/posts\/28360\/revisions"}],"predecessor-version":[{"id":28428,"href":"https:\/\/www.gereso.com\/actualites\/wp-json\/wp\/v2\/posts\/28360\/revisions\/28428"}],"wp:featuredmedia":[{"embeddable":true,"href":"https:\/\/www.gereso.com\/actualites\/wp-json\/wp\/v2\/media\/28411"}],"wp:attachment":[{"href":"https:\/\/www.gereso.com\/actualites\/wp-json\/wp\/v2\/media?parent=28360"}],"wp:term":[{"taxonomy":"category","embeddable":true,"href":"https:\/\/www.gereso.com\/actualites\/wp-json\/wp\/v2\/categories?post=28360"},{"taxonomy":"post_tag","embeddable":true,"href":"https:\/\/www.gereso.com\/actualites\/wp-json\/wp\/v2\/tags?post=28360"}],"curies":[{"name":"wp","href":"https:\/\/api.w.org\/{rel}","templated":true}]}}