{"id":28418,"date":"2022-06-28T09:04:09","date_gmt":"2022-06-28T07:04:09","guid":{"rendered":"https:\/\/www.gereso.com\/actualites\/?p=28418"},"modified":"2022-09-07T16:18:14","modified_gmt":"2022-09-07T14:18:14","slug":"7-conseils-dicare-pour-rater-a-coup-sur-ses-recrutements","status":"publish","type":"post","link":"https:\/\/www.gereso.com\/actualites\/2022\/06\/28\/7-conseils-dicare-pour-rater-a-coup-sur-ses-recrutements\/","title":{"rendered":"7 conseils d&rsquo;ICARE pour rater \u00e0 coup s\u00fbr ses recrutements !"},"content":{"rendered":"\n\n\n<p>Depuis quelques mois, le recrutement est plus que jamais une activit\u00e9 capitale pour assurer la p\u00e9rennit\u00e9 de son activit\u00e9&nbsp;: combien d&rsquo;entreprises sont contraintes de limiter leurs ambitions par manque de ressources&nbsp;? Combien de recruteurs ne saisissent pas les opportunit\u00e9s qui se pr\u00e9sentent en ne retenant pas des profils qu&rsquo;ils ont des difficult\u00e9s \u00e0 d\u00e9crypter ou en n&rsquo;adoptant pas les comportements qui donnent envie aux candidats de rejoindre leur \u00e9quipe ?<\/p>\n\n\n\n<p>Entre capacit\u00e9 de s\u00e9duction et capacit\u00e9 de s\u00e9lection, ICARE vous livre aujourd&rsquo;hui ses <strong>7 meilleurs conseils pour rater \u00e0 coup s\u00fbr vos recrutements&nbsp;:<\/strong><\/p>\n\n\n\n<ol><li><strong>Faites patienter vos candidats&nbsp;:<\/strong> malgr\u00e9 le fait qu\u2019aujourd&rsquo;hui la dur\u00e9e de vie d&rsquo;une bonne candidature soit comparable \u00e0 celle d&rsquo;un sushi, si vous voulez \u00eatre certain de faire \u00ab\u00a0chou blanc\u00a0\u00bb, ne soyez r\u00e9actif ni dans la pr\u00e9s\u00e9lection des candidats ni dans la coordination post-entretien, laissez plut\u00f4t mariner les potentiels Talents&nbsp;!<\/li>\n\n<li><strong>Soyez impitoyable dans le tri des candidatures&nbsp;:<\/strong> sachant que 2 CV sur 3 seraient bidonn\u00e9s (selon EveryCheck en 2021) partez en chasse et traquez-y la moindre incoh\u00e9rence, le plus petit trou, le plus infime flou&nbsp;; d&rsquo;ailleurs pour quelles raisons devriez-vous vous int\u00e9resser \u00e0 une candidature sans lettre d&rsquo;accompagnement, surtout si le profil n&rsquo;est pas parfaitement align\u00e9 sur votre besoin&nbsp;?<\/li>\n\n<li><strong>Ne pr\u00e9parez pas vos questions<\/strong>&nbsp;: comme ICARE, vous \u00eates certainement un\u0660e expert\u0660e de la formulation des questions ouvertes, pertinentes et spontan\u00e9es&nbsp;; rien ne sert donc de cibler, avant l&rsquo;entretien, les fili\u00e8res de la candidature que vous souhaitez approfondir, ni m\u00eame de noter les questions sur un bloc car elles sortiront le moment venu d\u2019une mani\u00e8re aussi fluide qu&rsquo;une p\u00e2te \u00e0 cr\u00eapes sans grumeaux&nbsp;!<\/li>\n\n<li><strong>D\u00e9stabilisez votre interlocuteur\u0660rice <\/strong>: \u00e0 la synth\u00e8se des 2 points pr\u00e9c\u00e9dents, n&rsquo;h\u00e9sitez pas \u00e0 poser vos questions fa\u00e7on \u00ab\u00a0interrogatoire de police\u00a0\u00bb, voire \u00e0 aller chercher la personne sur des sujets personnels, intimes&nbsp;; la l\u00e9gislation obligeant le recruteur \u00e0 centrer l&rsquo;entretien sur des sujets en lien direct et n\u00e9cessaire avec l&#8217;emploi propos\u00e9 est trop restrictive et ne permet vraiment pas de savoir \u00e0 qui vous avez affaire&nbsp;!<\/li><li><strong>Ne vous abaissez pas \u00e0 vouloir s\u00e9duire&nbsp;<\/strong>: d&rsquo;ailleurs, du fait du tr\u00e8s grand nombre de CV re\u00e7us, il est inutile de se mettre en risque en inversant le rapport de force avec des candidats.es que vous aurez d&rsquo;autant plus de difficult\u00e9s \u00e0 manager une fois int\u00e9gr\u00e9s\u0660e\u0660s&nbsp;; montrez qui est le\/la patron.ne et ne rentrez pas dans le jeu de la s\u00e9duction, le\u0660la candidat\u0660e doit s&rsquo;estimer heureux\u05bc\u05bc\u05bc\u05bc\u05bc\u05bc\u05bc\u05bc\u05bc\u0660euse que vous l&rsquo;ayez pr\u00e9s\u00e9lectionn\u00e9\u05bc\u0660e !<\/li>\n\n<li><strong>S\u00e9lectionnez sur les mauvais crit\u00e8res&nbsp;<\/strong>: faites confiance \u00e0 Confucius (-551, -479), \u00ab\u00a0l&rsquo;exp\u00e9rience est une lanterne attach\u00e9e dans notre dos, qui n&rsquo;\u00e9claire que le chemin parcouru\u00a0\u00bb&nbsp;; privil\u00e9giez donc les candidats qui ont le bon parcours, voire les bons dipl\u00f4mes car ils ont d\u00e9montr\u00e9 ce dont ils \u00e9taient capables, ne vous attachez surtout pas aux motivations, aux comp\u00e9tences, au potentiel, aux comportements d\u00e9clar\u00e9s car ce ne sont que des parlottes&nbsp;!<\/li>\n\n<li><strong>Embauchez des \u00ab\u00a0sales cons\u00a0\u00bb&nbsp;<\/strong>: &nbsp;malgr\u00e9 la strat\u00e9gie d\u00e9fendue par Robert Sutton dans son ouvrage \u00ab\u00a0Objectif z\u00e9ro sale con\u00a0\u00bb, ne passez pas \u00e0 c\u00f4t\u00e9 d&rsquo;un\u0660e candidat\u0660e qui a les comp\u00e9tences au pr\u00e9texte de quelques d\u00e9viances comportementales&nbsp;; les gens talentueux ont le droit de \u00ab\u00a0se la jouer\u00a0\u00bb surtout si ce sont de vraies divas&nbsp;; l&rsquo;entreprise a plus que jamais besoin de \u00ab\u00a0Champion\u0660ne\u0660s\u00a0\u00bb, quel que soit le prix \u00e0 en payer&nbsp;!<\/li><\/ol>\n\n\n\n<p>Apr\u00e8s vous avoir livr\u00e9 ses cl\u00e9s pour rater \u00e0 coup s\u00fbr vos recrutements, ICARE revient \u00e0 la rentr\u00e9e pour vous proposer, dans la continuit\u00e9 de cet article, ses meilleurs conseils pour rater \u00e0 coup s\u00fbr l&rsquo;int\u00e9gration de vos Collaborateurs\u0660rice\u0660s.<\/p>\n\n\n\n<p>Dans cette attente nous vous souhaitons un tr\u00e8s agr\u00e9able \u00e9t\u00e9.<\/p>\n\n\n\n<p><article class=\"obj_encart-formation\">\n<div class=\"ctn_encart\">\n<h3>Votre formation sur ce th\u00e8me<\/h3>\n<h2>&nbsp;LE MANAGER RECRUTEUR&nbsp;<\/h2>\n<h4>2 jours &#8211; En pr\u00e9sentiel ou \u00e0 distance<\/h4>\n<ul> \n<li><strong>Formaliser le cahier des charges<\/strong> de chaque recrutement \u00e0 r\u00e9aliser.<\/li>\n<li><strong>Int\u00e9grer les techniques<\/strong> de pr\u00e9s\u00e9lection, de diagnostic et d&rsquo;\u00e9valuation d&rsquo;une candidature.<\/li>\n<li><strong>Adopter les comportements<\/strong> qui donnent envie au candidat d&rsquo;int\u00e9grer son \u00e9quipe.<\/li>\n<li><strong>Respecter le cadre l\u00e9gal<\/strong> du recrutement.<\/li>\n<li><strong>D\u00e9velopper la pertinence<\/strong> de ses prises de d\u00e9cision.<\/li>\n<\/ul>\n<div class=\"ctn_btn\">\n<a class=\"obj_btn\" target=\"_blank\" href=\"https:\/\/www.gereso.com\/REMA\" rel=\"noopener\"><span>Inscription gratuite<\/span><\/a>\n<a class=\"obj_btn\" target=\"_blank\" href=\"https:\/\/www.gereso.com\/client\/programme-pdf\/REMA.pdf\" rel=\"noopener\"><span>T\u00e9l\u00e9charger le programme PDF<\/span><\/a>\n<\/div>\n<\/div>\n<\/article><\/p>\n\n\n\n<table border=\"0\" bgcolor=\"#fafafa\" cellspacing=\"10\" cellpadding=\"10\" width=\"100%\"><tr>\n<td bgcolor=\"#fafafa\" style=\"border-left:15px solid #fafafa; border-right:15px solid #fafafa; border-top:15px solid #fafafa;\">\n<span style=\"color:#434546;font-size:20px;text-decoration:none;\"><center><b>L&rsquo;auteur<\/b><\/center><\/span>\n<p><strong><img decoding=\"async\" class=\"size-full wp-image-8994 alignleft\" src=\"https:\/\/www.gereso.com\/actualites\/wp-content\/uploads\/2021\/10\/Patrick-Van-Honacker.jpg\" alt=\"Patrick Van Honacker\" width=\"100\" height=\"130\"><\/strong>\n<b>Patrick Van Honacker<\/b><br>\nDe formation commerciale Patrick d\u00e9bute sa carri\u00e8re dans les forces de ventes du Groupe LACTALIS. Promu Manager tr\u00e8s jeune il suit de tr\u00e8s nombreuses formations, dont tout le catalogue manag\u00e9rial ICARE, pour apprendre et se perfectionner sans cesse dans le difficile exercice de l&rsquo;encadrement et l&rsquo;accompagnement des Hommes. Il croit \u00e0 un management qui concilie la recherche de la performance et du d\u00e9veloppement humain.<br>\nApr\u00e8s 15 ans dans la fonction commerciale dont 8 de Direction Nationale des Ventes il d\u00e9cide de prendre un virage professionnel humaniste et int\u00e8gre le P\u00f4le D\u00e9veloppement des Comp\u00e9tences du Groupe LACTALIS qu&rsquo;il dirige pendant 3 ans. <br>\nRiche d&rsquo;une double expertise en management et en Gestion des Ressources Humaines il rejoint en 2006 ICARE, son Organisme de Formation de c\u0153ur dont il a \u00e9prouv\u00e9 les m\u00e9thodes sur le terrain, pour accompagner les Hommes et leur Organisation dans la mise en \u0153uvre de relations authentiques, respectueuses, justes et d\u00e9veloppantes.<br>\nCoach, Consultant et Formateur certifi\u00e9 il dirige l&rsquo;Institut et conduit l&rsquo;\u00e9quipe p\u00e9dagogique ICARE depuis 2019. <\/p><\/td><\/tr><\/table>\n","protected":false},"excerpt":{"rendered":"<p>Depuis quelques mois, le recrutement est plus que jamais une activit\u00e9 capitale pour assurer la p\u00e9rennit\u00e9 de son activit\u00e9&nbsp;: combien d&rsquo;entreprises sont contraintes de limiter leurs ambitions par manque de ressources&nbsp;? Combien de recruteurs ne saisissent pas les opportunit\u00e9s qui se pr\u00e9sentent en ne retenant pas des profils qu&rsquo;ils ont des difficult\u00e9s \u00e0 d\u00e9crypter ou [&hellip;]<\/p>\n","protected":false},"author":84,"featured_media":28436,"comment_status":"open","ping_status":"open","sticky":false,"template":"","format":"standard","meta":{"_acf_changed":false,"_mi_skip_tracking":false,"footnotes":""},"categories":[12,10],"tags":[55,123],"class_list":["post-28418","post","type-post","status-publish","format-standard","has-post-thumbnail","hentry","category-actualites","category-management-et-leadership","tag-manager","tag-recrutement"],"acf":[],"yoast_head":"<!-- This site is optimized with the Yoast SEO plugin v23.4 - https:\/\/yoast.com\/wordpress\/plugins\/seo\/ -->\n<title>7 conseils d&rsquo;ICARE pour rater \u00e0 coup s\u00fbr ses recrutements ! - Le Blog GERESO<\/title>\n<meta name=\"robots\" content=\"index, follow, max-snippet:-1, max-image-preview:large, max-video-preview:-1\" \/>\n<link rel=\"canonical\" href=\"https:\/\/www.gereso.com\/actualites\/2022\/06\/28\/7-conseils-dicare-pour-rater-a-coup-sur-ses-recrutements\/\" \/>\n<meta property=\"og:locale\" content=\"fr_FR\" \/>\n<meta property=\"og:type\" content=\"article\" \/>\n<meta property=\"og:title\" content=\"7 conseils d&rsquo;ICARE pour rater \u00e0 coup s\u00fbr ses recrutements ! - Le Blog GERESO\" \/>\n<meta property=\"og:description\" content=\"Depuis quelques mois, le recrutement est plus que jamais une activit\u00e9 capitale pour assurer la p\u00e9rennit\u00e9 de son activit\u00e9&nbsp;: combien d&rsquo;entreprises sont contraintes de limiter leurs ambitions par manque de ressources&nbsp;? Combien de recruteurs ne saisissent pas les opportunit\u00e9s qui se pr\u00e9sentent en ne retenant pas des profils qu&rsquo;ils ont des difficult\u00e9s \u00e0 d\u00e9crypter ou [&hellip;]\" \/>\n<meta property=\"og:url\" content=\"https:\/\/www.gereso.com\/actualites\/2022\/06\/28\/7-conseils-dicare-pour-rater-a-coup-sur-ses-recrutements\/\" \/>\n<meta property=\"og:site_name\" content=\"Le Blog GERESO\" \/>\n<meta property=\"article:published_time\" content=\"2022-06-28T07:04:09+00:00\" \/>\n<meta property=\"article:modified_time\" content=\"2022-09-07T14:18:14+00:00\" \/>\n<meta property=\"og:image\" content=\"https:\/\/www.gereso.com\/actualites\/wp-content\/uploads\/2022\/06\/manager-recruteur.jpg\" \/>\n\t<meta property=\"og:image:width\" content=\"600\" \/>\n\t<meta property=\"og:image:height\" content=\"400\" \/>\n\t<meta property=\"og:image:type\" content=\"image\/jpeg\" \/>\n<meta name=\"author\" content=\"\u00c9quipe Icare\" \/>\n<meta name=\"twitter:card\" content=\"summary_large_image\" \/>\n<script type=\"application\/ld+json\" class=\"yoast-schema-graph\">{\"@context\":\"https:\/\/schema.org\",\"@graph\":[{\"@type\":\"WebPage\",\"@id\":\"https:\/\/www.gereso.com\/actualites\/2022\/06\/28\/7-conseils-dicare-pour-rater-a-coup-sur-ses-recrutements\/\",\"url\":\"https:\/\/www.gereso.com\/actualites\/2022\/06\/28\/7-conseils-dicare-pour-rater-a-coup-sur-ses-recrutements\/\",\"name\":\"7 conseils d&rsquo;ICARE pour rater \u00e0 coup s\u00fbr ses recrutements ! - Le Blog GERESO\",\"isPartOf\":{\"@id\":\"https:\/\/www.gereso.com\/actualites\/#website\"},\"primaryImageOfPage\":{\"@id\":\"https:\/\/www.gereso.com\/actualites\/2022\/06\/28\/7-conseils-dicare-pour-rater-a-coup-sur-ses-recrutements\/#primaryimage\"},\"image\":{\"@id\":\"https:\/\/www.gereso.com\/actualites\/2022\/06\/28\/7-conseils-dicare-pour-rater-a-coup-sur-ses-recrutements\/#primaryimage\"},\"thumbnailUrl\":\"https:\/\/www.gereso.com\/actualites\/wp-content\/uploads\/2022\/06\/manager-recruteur.jpg\",\"datePublished\":\"2022-06-28T07:04:09+00:00\",\"dateModified\":\"2022-09-07T14:18:14+00:00\",\"author\":{\"@id\":\"https:\/\/www.gereso.com\/actualites\/#\/schema\/person\/6b2d9038abb3603efe7e320f8a180189\"},\"breadcrumb\":{\"@id\":\"https:\/\/www.gereso.com\/actualites\/2022\/06\/28\/7-conseils-dicare-pour-rater-a-coup-sur-ses-recrutements\/#breadcrumb\"},\"inLanguage\":\"fr-FR\",\"potentialAction\":[{\"@type\":\"ReadAction\",\"target\":[\"https:\/\/www.gereso.com\/actualites\/2022\/06\/28\/7-conseils-dicare-pour-rater-a-coup-sur-ses-recrutements\/\"]}]},{\"@type\":\"ImageObject\",\"inLanguage\":\"fr-FR\",\"@id\":\"https:\/\/www.gereso.com\/actualites\/2022\/06\/28\/7-conseils-dicare-pour-rater-a-coup-sur-ses-recrutements\/#primaryimage\",\"url\":\"https:\/\/www.gereso.com\/actualites\/wp-content\/uploads\/2022\/06\/manager-recruteur.jpg\",\"contentUrl\":\"https:\/\/www.gereso.com\/actualites\/wp-content\/uploads\/2022\/06\/manager-recruteur.jpg\",\"width\":600,\"height\":400,\"caption\":\"7 conseils d'ICARE pour rater \u00e0 coup s\u00fbr ses recrutements !\"},{\"@type\":\"BreadcrumbList\",\"@id\":\"https:\/\/www.gereso.com\/actualites\/2022\/06\/28\/7-conseils-dicare-pour-rater-a-coup-sur-ses-recrutements\/#breadcrumb\",\"itemListElement\":[{\"@type\":\"ListItem\",\"position\":1,\"name\":\"Home\",\"item\":\"https:\/\/www.gereso.com\/actualites\/\"},{\"@type\":\"ListItem\",\"position\":2,\"name\":\"7 conseils d&rsquo;ICARE pour rater \u00e0 coup s\u00fbr ses recrutements !\"}]},{\"@type\":\"WebSite\",\"@id\":\"https:\/\/www.gereso.com\/actualites\/#website\",\"url\":\"https:\/\/www.gereso.com\/actualites\/\",\"name\":\"Le Blog GERESO\",\"description\":\"Toute l&#039;actu RH, Finance, Fonction Publique, Management...\",\"potentialAction\":[{\"@type\":\"SearchAction\",\"target\":{\"@type\":\"EntryPoint\",\"urlTemplate\":\"https:\/\/www.gereso.com\/actualites\/?s={search_term_string}\"},\"query-input\":{\"@type\":\"PropertyValueSpecification\",\"valueRequired\":true,\"valueName\":\"search_term_string\"}}],\"inLanguage\":\"fr-FR\"},{\"@type\":\"Person\",\"@id\":\"https:\/\/www.gereso.com\/actualites\/#\/schema\/person\/6b2d9038abb3603efe7e320f8a180189\",\"name\":\"\u00c9quipe Icare\",\"image\":{\"@type\":\"ImageObject\",\"inLanguage\":\"fr-FR\",\"@id\":\"https:\/\/www.gereso.com\/actualites\/#\/schema\/person\/image\/\",\"url\":\"https:\/\/www.gereso.com\/actualites\/wp-content\/uploads\/2021\/08\/Logo-Icare-120x120.jpg\",\"contentUrl\":\"https:\/\/www.gereso.com\/actualites\/wp-content\/uploads\/2021\/08\/Logo-Icare-120x120.jpg\",\"caption\":\"\u00c9quipe Icare\"},\"description\":\"Icare est un Institut dont les activit\u00e9s de formation, d'accompagnement et de conseil sont centr\u00e9es sur les th\u00e8mes de la communication, de la prise de parole en public, de la gestion des relations, du management et de la transmission des comp\u00e9tences. Ses prestations s\u2019adressent \u00e0 tous les collaborateurs et tous les managers souhaitant am\u00e9liorer de fa\u00e7on concr\u00e8te leurs postures, leurs comportements et leurs pratiques du quotidien. Son expertise s'appuie sur des intervenants tous coaches certifi\u00e9s et sur des m\u00e9thodes p\u00e9dagogiques tr\u00e8s participatives bas\u00e9es notamment sur le principe d'induction (partir de la r\u00e9alit\u00e9 des participants pour les accompagner vers les bonnes pratiques) et de tr\u00e8s nombreux tests, r\u00e9flexions, exercices et mises en situation. Anim\u00e9e depuis pr\u00e8s de 30 ans par une logique d'am\u00e9lioration continue l'organisation adh\u00e8re \u00e0 la F\u00e9d\u00e9ration de la Formation Professionnelle, est inscrite au Datadock et est certifi\u00e9e Qualiopi dans la cat\u00e9gorie des actions de formation.\",\"url\":\"https:\/\/www.gereso.com\/actualites\/author\/icare\/\"}]}<\/script>\n<!-- \/ Yoast SEO plugin. -->","yoast_head_json":{"title":"7 conseils d&rsquo;ICARE pour rater \u00e0 coup s\u00fbr ses recrutements ! - Le Blog GERESO","robots":{"index":"index","follow":"follow","max-snippet":"max-snippet:-1","max-image-preview":"max-image-preview:large","max-video-preview":"max-video-preview:-1"},"canonical":"https:\/\/www.gereso.com\/actualites\/2022\/06\/28\/7-conseils-dicare-pour-rater-a-coup-sur-ses-recrutements\/","og_locale":"fr_FR","og_type":"article","og_title":"7 conseils d&rsquo;ICARE pour rater \u00e0 coup s\u00fbr ses recrutements ! - Le Blog GERESO","og_description":"Depuis quelques mois, le recrutement est plus que jamais une activit\u00e9 capitale pour assurer la p\u00e9rennit\u00e9 de son activit\u00e9&nbsp;: combien d&rsquo;entreprises sont contraintes de limiter leurs ambitions par manque de ressources&nbsp;? Combien de recruteurs ne saisissent pas les opportunit\u00e9s qui se pr\u00e9sentent en ne retenant pas des profils qu&rsquo;ils ont des difficult\u00e9s \u00e0 d\u00e9crypter ou [&hellip;]","og_url":"https:\/\/www.gereso.com\/actualites\/2022\/06\/28\/7-conseils-dicare-pour-rater-a-coup-sur-ses-recrutements\/","og_site_name":"Le Blog GERESO","article_published_time":"2022-06-28T07:04:09+00:00","article_modified_time":"2022-09-07T14:18:14+00:00","og_image":[{"width":600,"height":400,"url":"https:\/\/www.gereso.com\/actualites\/wp-content\/uploads\/2022\/06\/manager-recruteur.jpg","type":"image\/jpeg"}],"author":"\u00c9quipe Icare","twitter_card":"summary_large_image","schema":{"@context":"https:\/\/schema.org","@graph":[{"@type":"WebPage","@id":"https:\/\/www.gereso.com\/actualites\/2022\/06\/28\/7-conseils-dicare-pour-rater-a-coup-sur-ses-recrutements\/","url":"https:\/\/www.gereso.com\/actualites\/2022\/06\/28\/7-conseils-dicare-pour-rater-a-coup-sur-ses-recrutements\/","name":"7 conseils d&rsquo;ICARE pour rater \u00e0 coup s\u00fbr ses recrutements ! - Le Blog GERESO","isPartOf":{"@id":"https:\/\/www.gereso.com\/actualites\/#website"},"primaryImageOfPage":{"@id":"https:\/\/www.gereso.com\/actualites\/2022\/06\/28\/7-conseils-dicare-pour-rater-a-coup-sur-ses-recrutements\/#primaryimage"},"image":{"@id":"https:\/\/www.gereso.com\/actualites\/2022\/06\/28\/7-conseils-dicare-pour-rater-a-coup-sur-ses-recrutements\/#primaryimage"},"thumbnailUrl":"https:\/\/www.gereso.com\/actualites\/wp-content\/uploads\/2022\/06\/manager-recruteur.jpg","datePublished":"2022-06-28T07:04:09+00:00","dateModified":"2022-09-07T14:18:14+00:00","author":{"@id":"https:\/\/www.gereso.com\/actualites\/#\/schema\/person\/6b2d9038abb3603efe7e320f8a180189"},"breadcrumb":{"@id":"https:\/\/www.gereso.com\/actualites\/2022\/06\/28\/7-conseils-dicare-pour-rater-a-coup-sur-ses-recrutements\/#breadcrumb"},"inLanguage":"fr-FR","potentialAction":[{"@type":"ReadAction","target":["https:\/\/www.gereso.com\/actualites\/2022\/06\/28\/7-conseils-dicare-pour-rater-a-coup-sur-ses-recrutements\/"]}]},{"@type":"ImageObject","inLanguage":"fr-FR","@id":"https:\/\/www.gereso.com\/actualites\/2022\/06\/28\/7-conseils-dicare-pour-rater-a-coup-sur-ses-recrutements\/#primaryimage","url":"https:\/\/www.gereso.com\/actualites\/wp-content\/uploads\/2022\/06\/manager-recruteur.jpg","contentUrl":"https:\/\/www.gereso.com\/actualites\/wp-content\/uploads\/2022\/06\/manager-recruteur.jpg","width":600,"height":400,"caption":"7 conseils d'ICARE pour rater \u00e0 coup s\u00fbr ses recrutements !"},{"@type":"BreadcrumbList","@id":"https:\/\/www.gereso.com\/actualites\/2022\/06\/28\/7-conseils-dicare-pour-rater-a-coup-sur-ses-recrutements\/#breadcrumb","itemListElement":[{"@type":"ListItem","position":1,"name":"Home","item":"https:\/\/www.gereso.com\/actualites\/"},{"@type":"ListItem","position":2,"name":"7 conseils d&rsquo;ICARE pour rater \u00e0 coup s\u00fbr ses recrutements !"}]},{"@type":"WebSite","@id":"https:\/\/www.gereso.com\/actualites\/#website","url":"https:\/\/www.gereso.com\/actualites\/","name":"Le Blog GERESO","description":"Toute l&#039;actu RH, Finance, Fonction Publique, Management...","potentialAction":[{"@type":"SearchAction","target":{"@type":"EntryPoint","urlTemplate":"https:\/\/www.gereso.com\/actualites\/?s={search_term_string}"},"query-input":{"@type":"PropertyValueSpecification","valueRequired":true,"valueName":"search_term_string"}}],"inLanguage":"fr-FR"},{"@type":"Person","@id":"https:\/\/www.gereso.com\/actualites\/#\/schema\/person\/6b2d9038abb3603efe7e320f8a180189","name":"\u00c9quipe Icare","image":{"@type":"ImageObject","inLanguage":"fr-FR","@id":"https:\/\/www.gereso.com\/actualites\/#\/schema\/person\/image\/","url":"https:\/\/www.gereso.com\/actualites\/wp-content\/uploads\/2021\/08\/Logo-Icare-120x120.jpg","contentUrl":"https:\/\/www.gereso.com\/actualites\/wp-content\/uploads\/2021\/08\/Logo-Icare-120x120.jpg","caption":"\u00c9quipe Icare"},"description":"Icare est un Institut dont les activit\u00e9s de formation, d'accompagnement et de conseil sont centr\u00e9es sur les th\u00e8mes de la communication, de la prise de parole en public, de la gestion des relations, du management et de la transmission des comp\u00e9tences. Ses prestations s\u2019adressent \u00e0 tous les collaborateurs et tous les managers souhaitant am\u00e9liorer de fa\u00e7on concr\u00e8te leurs postures, leurs comportements et leurs pratiques du quotidien. Son expertise s'appuie sur des intervenants tous coaches certifi\u00e9s et sur des m\u00e9thodes p\u00e9dagogiques tr\u00e8s participatives bas\u00e9es notamment sur le principe d'induction (partir de la r\u00e9alit\u00e9 des participants pour les accompagner vers les bonnes pratiques) et de tr\u00e8s nombreux tests, r\u00e9flexions, exercices et mises en situation. Anim\u00e9e depuis pr\u00e8s de 30 ans par une logique d'am\u00e9lioration continue l'organisation adh\u00e8re \u00e0 la F\u00e9d\u00e9ration de la Formation Professionnelle, est inscrite au Datadock et est certifi\u00e9e Qualiopi dans la cat\u00e9gorie des actions de formation.","url":"https:\/\/www.gereso.com\/actualites\/author\/icare\/"}]}},"_links":{"self":[{"href":"https:\/\/www.gereso.com\/actualites\/wp-json\/wp\/v2\/posts\/28418","targetHints":{"allow":["GET"]}}],"collection":[{"href":"https:\/\/www.gereso.com\/actualites\/wp-json\/wp\/v2\/posts"}],"about":[{"href":"https:\/\/www.gereso.com\/actualites\/wp-json\/wp\/v2\/types\/post"}],"author":[{"embeddable":true,"href":"https:\/\/www.gereso.com\/actualites\/wp-json\/wp\/v2\/users\/84"}],"replies":[{"embeddable":true,"href":"https:\/\/www.gereso.com\/actualites\/wp-json\/wp\/v2\/comments?post=28418"}],"version-history":[{"count":25,"href":"https:\/\/www.gereso.com\/actualites\/wp-json\/wp\/v2\/posts\/28418\/revisions"}],"predecessor-version":[{"id":29885,"href":"https:\/\/www.gereso.com\/actualites\/wp-json\/wp\/v2\/posts\/28418\/revisions\/29885"}],"wp:featuredmedia":[{"embeddable":true,"href":"https:\/\/www.gereso.com\/actualites\/wp-json\/wp\/v2\/media\/28436"}],"wp:attachment":[{"href":"https:\/\/www.gereso.com\/actualites\/wp-json\/wp\/v2\/media?parent=28418"}],"wp:term":[{"taxonomy":"category","embeddable":true,"href":"https:\/\/www.gereso.com\/actualites\/wp-json\/wp\/v2\/categories?post=28418"},{"taxonomy":"post_tag","embeddable":true,"href":"https:\/\/www.gereso.com\/actualites\/wp-json\/wp\/v2\/tags?post=28418"}],"curies":[{"name":"wp","href":"https:\/\/api.w.org\/{rel}","templated":true}]}}