{"id":29735,"date":"2022-09-19T13:39:19","date_gmt":"2022-09-19T11:39:19","guid":{"rendered":"https:\/\/www.gereso.com\/actualites\/?p=29735"},"modified":"2022-09-19T14:25:13","modified_gmt":"2022-09-19T12:25:13","slug":"prolongation-regles-indemnisation-assurance-chomage","status":"publish","type":"post","link":"https:\/\/www.gereso.com\/actualites\/2022\/09\/19\/prolongation-regles-indemnisation-assurance-chomage\/","title":{"rendered":"Prolongation des r\u00e8gles d&rsquo;indemnisation de l&rsquo;assurance ch\u00f4mage"},"content":{"rendered":"\n<p>Les r\u00e8gles d\u2019indemnisation de l\u2019assurance ch\u00f4mage, qui expirent le 31 octobre 2022, seront prolong\u00e9es pour avoir le temps d\u2019\u00e9valuer les effets de la derni\u00e8re r\u00e9forme entr\u00e9e en vigueur fin 2021, a indiqu\u00e9 le ministre du Travail, Olivier Dussopt, le 12 juillet 2022.<\/p>\n<p><em>\u00ab\u00a0Ces r\u00e8gles sont en vigueur jusqu\u2019au 31 octobre 2022 et nous travaillons pour voir comment les prolonger\u00a0\u00bb<\/em>, a d\u00e9clar\u00e9 le ministre. Il n\u2019a pas pr\u00e9cis\u00e9 le nouveau terme, mais selon des sources syndicales, cette prolongation pourrait \u00eatre d\u2019un an ou jusqu\u2019\u00e0 fin 2023.<\/p>\n<p>Le ministre a rappel\u00e9 que l\u2019application de la r\u00e9forme de 2019 a \u00e9t\u00e9 retard\u00e9e, mais que l\u2019Un\u00e9dic n\u2019a pas encore fait d\u2019\u00e9valuation de cette r\u00e9forme et elle n\u2019est pas attendue avant plusieurs mois.<\/p>\n<p><em>Source AFP<\/em><\/p>\n","protected":false},"excerpt":{"rendered":"<p>Les r\u00e8gles d\u2019indemnisation de l\u2019assurance ch\u00f4mage, qui expirent le 31 octobre 2022, seront prolong\u00e9es pour avoir le temps d\u2019\u00e9valuer les effets de la derni\u00e8re r\u00e9forme entr\u00e9e en vigueur fin 2021, a indiqu\u00e9 le ministre du Travail, Olivier Dussopt, le 12 juillet 2022. \u00ab\u00a0Ces r\u00e8gles sont en vigueur jusqu\u2019au 31 octobre 2022 et nous travaillons pour [&hellip;]<\/p>\n","protected":false},"author":32,"featured_media":0,"comment_status":"open","ping_status":"open","sticky":false,"template":"","format":"quote","meta":{"_acf_changed":false,"_mi_skip_tracking":false,"footnotes":""},"categories":[12,4],"tags":[],"class_list":["post-29735","post","type-post","status-publish","format-quote","hentry","category-actualites","category-retraite-et-protection-sociale","post_format-post-format-quote"],"acf":[],"yoast_head":"<!-- This site is optimized with the Yoast SEO plugin v23.4 - https:\/\/yoast.com\/wordpress\/plugins\/seo\/ -->\n<title>Prolongation des r\u00e8gles d&rsquo;indemnisation de l&rsquo;assurance ch\u00f4mage - Le Blog GERESO<\/title>\n<meta name=\"robots\" content=\"index, follow, max-snippet:-1, max-image-preview:large, max-video-preview:-1\" \/>\n<link rel=\"canonical\" href=\"https:\/\/www.gereso.com\/actualites\/2022\/09\/19\/prolongation-regles-indemnisation-assurance-chomage\/\" \/>\n<meta property=\"og:locale\" content=\"fr_FR\" \/>\n<meta property=\"og:type\" content=\"article\" \/>\n<meta property=\"og:title\" content=\"Prolongation des r\u00e8gles d&rsquo;indemnisation de l&rsquo;assurance ch\u00f4mage - Le Blog GERESO\" \/>\n<meta property=\"og:description\" content=\"Les r\u00e8gles d\u2019indemnisation de l\u2019assurance ch\u00f4mage, qui expirent le 31 octobre 2022, seront prolong\u00e9es pour avoir le temps d\u2019\u00e9valuer les effets de la derni\u00e8re r\u00e9forme entr\u00e9e en vigueur fin 2021, a indiqu\u00e9 le ministre du Travail, Olivier Dussopt, le 12 juillet 2022. \u00ab\u00a0Ces r\u00e8gles sont en vigueur jusqu\u2019au 31 octobre 2022 et nous travaillons pour [&hellip;]\" \/>\n<meta property=\"og:url\" content=\"https:\/\/www.gereso.com\/actualites\/2022\/09\/19\/prolongation-regles-indemnisation-assurance-chomage\/\" \/>\n<meta property=\"og:site_name\" content=\"Le Blog GERESO\" \/>\n<meta property=\"article:published_time\" content=\"2022-09-19T11:39:19+00:00\" \/>\n<meta property=\"article:modified_time\" content=\"2022-09-19T12:25:13+00:00\" \/>\n<meta name=\"author\" content=\"\u00c9quipe GERESO\" \/>\n<meta name=\"twitter:card\" content=\"summary_large_image\" \/>\n<script type=\"application\/ld+json\" class=\"yoast-schema-graph\">{\"@context\":\"https:\/\/schema.org\",\"@graph\":[{\"@type\":\"WebPage\",\"@id\":\"https:\/\/www.gereso.com\/actualites\/2022\/09\/19\/prolongation-regles-indemnisation-assurance-chomage\/\",\"url\":\"https:\/\/www.gereso.com\/actualites\/2022\/09\/19\/prolongation-regles-indemnisation-assurance-chomage\/\",\"name\":\"Prolongation des r\u00e8gles d&rsquo;indemnisation de l&rsquo;assurance ch\u00f4mage - Le Blog GERESO\",\"isPartOf\":{\"@id\":\"https:\/\/www.gereso.com\/actualites\/#website\"},\"datePublished\":\"2022-09-19T11:39:19+00:00\",\"dateModified\":\"2022-09-19T12:25:13+00:00\",\"author\":{\"@id\":\"https:\/\/www.gereso.com\/actualites\/#\/schema\/person\/197d8aef40cb4ae3f6a0aa9e1d3df2a6\"},\"breadcrumb\":{\"@id\":\"https:\/\/www.gereso.com\/actualites\/2022\/09\/19\/prolongation-regles-indemnisation-assurance-chomage\/#breadcrumb\"},\"inLanguage\":\"fr-FR\",\"potentialAction\":[{\"@type\":\"ReadAction\",\"target\":[\"https:\/\/www.gereso.com\/actualites\/2022\/09\/19\/prolongation-regles-indemnisation-assurance-chomage\/\"]}]},{\"@type\":\"BreadcrumbList\",\"@id\":\"https:\/\/www.gereso.com\/actualites\/2022\/09\/19\/prolongation-regles-indemnisation-assurance-chomage\/#breadcrumb\",\"itemListElement\":[{\"@type\":\"ListItem\",\"position\":1,\"name\":\"Home\",\"item\":\"https:\/\/www.gereso.com\/actualites\/\"},{\"@type\":\"ListItem\",\"position\":2,\"name\":\"Prolongation des r\u00e8gles d&rsquo;indemnisation de l&rsquo;assurance ch\u00f4mage\"}]},{\"@type\":\"WebSite\",\"@id\":\"https:\/\/www.gereso.com\/actualites\/#website\",\"url\":\"https:\/\/www.gereso.com\/actualites\/\",\"name\":\"Le Blog GERESO\",\"description\":\"Toute l&#039;actu RH, Finance, Fonction Publique, Management...\",\"potentialAction\":[{\"@type\":\"SearchAction\",\"target\":{\"@type\":\"EntryPoint\",\"urlTemplate\":\"https:\/\/www.gereso.com\/actualites\/?s={search_term_string}\"},\"query-input\":{\"@type\":\"PropertyValueSpecification\",\"valueRequired\":true,\"valueName\":\"search_term_string\"}}],\"inLanguage\":\"fr-FR\"},{\"@type\":\"Person\",\"@id\":\"https:\/\/www.gereso.com\/actualites\/#\/schema\/person\/197d8aef40cb4ae3f6a0aa9e1d3df2a6\",\"name\":\"\u00c9quipe GERESO\",\"image\":{\"@type\":\"ImageObject\",\"inLanguage\":\"fr-FR\",\"@id\":\"https:\/\/www.gereso.com\/actualites\/#\/schema\/person\/image\/\",\"url\":\"https:\/\/www.gereso.com\/actualites\/wp-content\/uploads\/2013\/12\/avatar-gereso-1.png\",\"contentUrl\":\"https:\/\/www.gereso.com\/actualites\/wp-content\/uploads\/2013\/12\/avatar-gereso-1.png\",\"caption\":\"\u00c9quipe GERESO\"},\"url\":\"https:\/\/www.gereso.com\/actualites\/author\/gereso\/\"}]}<\/script>\n<!-- \/ Yoast SEO plugin. -->","yoast_head_json":{"title":"Prolongation des r\u00e8gles d&rsquo;indemnisation de l&rsquo;assurance ch\u00f4mage - Le Blog GERESO","robots":{"index":"index","follow":"follow","max-snippet":"max-snippet:-1","max-image-preview":"max-image-preview:large","max-video-preview":"max-video-preview:-1"},"canonical":"https:\/\/www.gereso.com\/actualites\/2022\/09\/19\/prolongation-regles-indemnisation-assurance-chomage\/","og_locale":"fr_FR","og_type":"article","og_title":"Prolongation des r\u00e8gles d&rsquo;indemnisation de l&rsquo;assurance ch\u00f4mage - Le Blog GERESO","og_description":"Les r\u00e8gles d\u2019indemnisation de l\u2019assurance ch\u00f4mage, qui expirent le 31 octobre 2022, seront prolong\u00e9es pour avoir le temps d\u2019\u00e9valuer les effets de la derni\u00e8re r\u00e9forme entr\u00e9e en vigueur fin 2021, a indiqu\u00e9 le ministre du Travail, Olivier Dussopt, le 12 juillet 2022. \u00ab\u00a0Ces r\u00e8gles sont en vigueur jusqu\u2019au 31 octobre 2022 et nous travaillons pour [&hellip;]","og_url":"https:\/\/www.gereso.com\/actualites\/2022\/09\/19\/prolongation-regles-indemnisation-assurance-chomage\/","og_site_name":"Le Blog GERESO","article_published_time":"2022-09-19T11:39:19+00:00","article_modified_time":"2022-09-19T12:25:13+00:00","author":"\u00c9quipe GERESO","twitter_card":"summary_large_image","schema":{"@context":"https:\/\/schema.org","@graph":[{"@type":"WebPage","@id":"https:\/\/www.gereso.com\/actualites\/2022\/09\/19\/prolongation-regles-indemnisation-assurance-chomage\/","url":"https:\/\/www.gereso.com\/actualites\/2022\/09\/19\/prolongation-regles-indemnisation-assurance-chomage\/","name":"Prolongation des r\u00e8gles d&rsquo;indemnisation de l&rsquo;assurance ch\u00f4mage - Le Blog GERESO","isPartOf":{"@id":"https:\/\/www.gereso.com\/actualites\/#website"},"datePublished":"2022-09-19T11:39:19+00:00","dateModified":"2022-09-19T12:25:13+00:00","author":{"@id":"https:\/\/www.gereso.com\/actualites\/#\/schema\/person\/197d8aef40cb4ae3f6a0aa9e1d3df2a6"},"breadcrumb":{"@id":"https:\/\/www.gereso.com\/actualites\/2022\/09\/19\/prolongation-regles-indemnisation-assurance-chomage\/#breadcrumb"},"inLanguage":"fr-FR","potentialAction":[{"@type":"ReadAction","target":["https:\/\/www.gereso.com\/actualites\/2022\/09\/19\/prolongation-regles-indemnisation-assurance-chomage\/"]}]},{"@type":"BreadcrumbList","@id":"https:\/\/www.gereso.com\/actualites\/2022\/09\/19\/prolongation-regles-indemnisation-assurance-chomage\/#breadcrumb","itemListElement":[{"@type":"ListItem","position":1,"name":"Home","item":"https:\/\/www.gereso.com\/actualites\/"},{"@type":"ListItem","position":2,"name":"Prolongation des r\u00e8gles d&rsquo;indemnisation de l&rsquo;assurance ch\u00f4mage"}]},{"@type":"WebSite","@id":"https:\/\/www.gereso.com\/actualites\/#website","url":"https:\/\/www.gereso.com\/actualites\/","name":"Le Blog GERESO","description":"Toute l&#039;actu RH, Finance, Fonction Publique, Management...","potentialAction":[{"@type":"SearchAction","target":{"@type":"EntryPoint","urlTemplate":"https:\/\/www.gereso.com\/actualites\/?s={search_term_string}"},"query-input":{"@type":"PropertyValueSpecification","valueRequired":true,"valueName":"search_term_string"}}],"inLanguage":"fr-FR"},{"@type":"Person","@id":"https:\/\/www.gereso.com\/actualites\/#\/schema\/person\/197d8aef40cb4ae3f6a0aa9e1d3df2a6","name":"\u00c9quipe GERESO","image":{"@type":"ImageObject","inLanguage":"fr-FR","@id":"https:\/\/www.gereso.com\/actualites\/#\/schema\/person\/image\/","url":"https:\/\/www.gereso.com\/actualites\/wp-content\/uploads\/2013\/12\/avatar-gereso-1.png","contentUrl":"https:\/\/www.gereso.com\/actualites\/wp-content\/uploads\/2013\/12\/avatar-gereso-1.png","caption":"\u00c9quipe GERESO"},"url":"https:\/\/www.gereso.com\/actualites\/author\/gereso\/"}]}},"_links":{"self":[{"href":"https:\/\/www.gereso.com\/actualites\/wp-json\/wp\/v2\/posts\/29735","targetHints":{"allow":["GET"]}}],"collection":[{"href":"https:\/\/www.gereso.com\/actualites\/wp-json\/wp\/v2\/posts"}],"about":[{"href":"https:\/\/www.gereso.com\/actualites\/wp-json\/wp\/v2\/types\/post"}],"author":[{"embeddable":true,"href":"https:\/\/www.gereso.com\/actualites\/wp-json\/wp\/v2\/users\/32"}],"replies":[{"embeddable":true,"href":"https:\/\/www.gereso.com\/actualites\/wp-json\/wp\/v2\/comments?post=29735"}],"version-history":[{"count":11,"href":"https:\/\/www.gereso.com\/actualites\/wp-json\/wp\/v2\/posts\/29735\/revisions"}],"predecessor-version":[{"id":29961,"href":"https:\/\/www.gereso.com\/actualites\/wp-json\/wp\/v2\/posts\/29735\/revisions\/29961"}],"wp:attachment":[{"href":"https:\/\/www.gereso.com\/actualites\/wp-json\/wp\/v2\/media?parent=29735"}],"wp:term":[{"taxonomy":"category","embeddable":true,"href":"https:\/\/www.gereso.com\/actualites\/wp-json\/wp\/v2\/categories?post=29735"},{"taxonomy":"post_tag","embeddable":true,"href":"https:\/\/www.gereso.com\/actualites\/wp-json\/wp\/v2\/tags?post=29735"}],"curies":[{"name":"wp","href":"https:\/\/api.w.org\/{rel}","templated":true}]}}