{"id":29788,"date":"2022-09-06T00:16:10","date_gmt":"2022-09-05T22:16:10","guid":{"rendered":"https:\/\/www.gereso.com\/actualites\/?p=29788"},"modified":"2022-09-06T00:16:12","modified_gmt":"2022-09-05T22:16:12","slug":"projet-de-loi-de-finances-pour-2023-presentation-le-26-septembre","status":"publish","type":"post","link":"https:\/\/www.gereso.com\/actualites\/2022\/09\/06\/projet-de-loi-de-finances-pour-2023-presentation-le-26-septembre\/","title":{"rendered":"Projet de loi de finances pour 2023\u00a0: pr\u00e9sentation le 26 septembre"},"content":{"rendered":"\n<p>Exceptionnellement, cette ann\u00e9e, <strong>le projet de loi de finances<\/strong> sera pr\u00e9sent\u00e9 un lundi, le 26 septembre prochain. S\u2019en suivra le traditionnel marathon budg\u00e9taire jusqu\u2019\u00e0 d\u00e9but d\u00e9cembre.<\/p>\n<h2><strong>Le marathon budg\u00e9taire<\/strong><\/h2>\n<p>Traditionnellement, le projet de loi de finances est pr\u00e9sent\u00e9 en conseil des ministres le dernier mercredi du mois de septembre. Compte tenu d\u2019un d\u00e9placement \u00e0 l\u2019\u00e9tranger du chef de l\u2019\u00c9tat, le Gouvernement a annonc\u00e9 que le projet de loi de finances pour 2023 serait pr\u00e9sent\u00e9 lors d\u2019un conseil des ministres d\u00e9cal\u00e9s au <strong>lundi 26 septembre<\/strong>.<\/p>\n<p>Le projet de loi de finances sera pr\u00e9par\u00e9 par le ministre d\u00e9l\u00e9gu\u00e9 aux Comptes publics, Gabriel Attal et par le ministre de l\u2019\u00c9conomie, des Finances, et de la Souverainet\u00e9 industrielle et num\u00e9rique, Bruno Le Maire. Le texte complet sera ensuite d\u00e9pos\u00e9 \u00e0 l\u2019Assembl\u00e9e nationale pour le 3 octobre pour une <strong>discussion en s\u00e9ance publique \u00e0 compter du 10 octobre<\/strong>. Les d\u00e9put\u00e9s auront alors 40 jours au maximum pour proc\u00e9der \u00e0 la premi\u00e8re lecture. Les s\u00e9nateurs disposeront de 20 jours. 10 jours enfin seront accord\u00e9s pour trouver un accord dans le cadre d\u2019une commission mixte paritaire ou d\u2019une nouvelle lecture. Compte tenu de l\u2019absence de majorit\u00e9 absolue, les d\u00e9bats pourraient \u00eatre anim\u00e9s.<\/p>\n<p>Enfin, d\u2019ici la fin d\u2019ann\u00e9e, le Conseil constitutionnel, qui sera probablement saisi rendra son verdict sur le respect du texte par rapport \u00e0 la Constitution.<\/p>\n<h2><strong>Le contenu pr\u00e9visionnel du PLF 2023<\/strong><\/h2>\n<p>Si le contenu exact du projet de loi de finances pour 2023 est encore inconnu, lors de diff\u00e9rentes interviews, Bruno Le Maire a livr\u00e9 quelques pistes. Afin de lutter contre l\u2019inflation et de favoriser le pouvoir d\u2019achat des Fran\u00e7ais, le ministre a annonc\u00e9 que le <strong>bar\u00e8me de l\u2019imp\u00f4t sur le revenu<\/strong> serait revaloris\u00e9 en fonction de <strong>l\u2019inflation <\/strong>pr\u00e9visionnelle pour l\u2019ann\u00e9e 2022, \u00e0 savoir autour de 5%, soit une revalorisation in\u00e9dite sur ces derni\u00e8res d\u00e9cennies.<\/p>\n<p>Au niveau de la fiscalit\u00e9 des entreprises, Bruno Le Maire a r\u00e9affirm\u00e9 sa volont\u00e9 de ne pas augmenter les imp\u00f4ts. Au contraire, il a annonc\u00e9 \u00e0 plusieurs reprises la d\u00e9cision du Gouvernement de <strong>supprimer d\u00e9finitivement la CVAE<\/strong> (cotisation sur la valeur ajout\u00e9e des entreprises) dans le cadre de ce PLF 2023. Cet imp\u00f4t assis sur la valeur ajout\u00e9e d\u00e9gag\u00e9e par les entreprises r\u00e9alisant au moins 500.000 \u20ac de chiffre d\u2019affaires avait d\u00e9j\u00e0 fait l\u2019objet d\u2019une r\u00e9duction de moiti\u00e9 en 2021. Le co\u00fbt de la mesure est estim\u00e9 \u00e0 8 milliards \u20ac. Des compensations avec les communes et d\u00e9partements font actuellement l\u2019objet de concertations.<\/p>\n","protected":false},"excerpt":{"rendered":"<p>Exceptionnellement, cette ann\u00e9e, le projet de loi de finances sera pr\u00e9sent\u00e9 un lundi, le 26 septembre prochain. S\u2019en suivra le traditionnel marathon budg\u00e9taire jusqu\u2019\u00e0 d\u00e9but d\u00e9cembre. Le marathon budg\u00e9taire Traditionnellement, le projet de loi de finances est pr\u00e9sent\u00e9 en conseil des ministres le dernier mercredi du mois de septembre. Compte tenu d\u2019un d\u00e9placement \u00e0 l\u2019\u00e9tranger [&hellip;]<\/p>\n","protected":false},"author":45,"featured_media":0,"comment_status":"open","ping_status":"open","sticky":false,"template":"","format":"quote","meta":{"_acf_changed":false,"_mi_skip_tracking":false,"footnotes":""},"categories":[12,3],"tags":[1102,1039,2253],"class_list":["post-29788","post","type-post","status-publish","format-quote","hentry","category-actualites","category-comptabilite-fiscalite-et-gestion-financiere","tag-cvae","tag-impot-sur-le-revenu","tag-plf-2023","post_format-post-format-quote"],"acf":[],"yoast_head":"<!-- This site is optimized with the Yoast SEO plugin v23.4 - https:\/\/yoast.com\/wordpress\/plugins\/seo\/ -->\n<title>Projet de loi de finances pour 2023\u00a0: pr\u00e9sentation le 26 septembre - Le Blog GERESO<\/title>\n<meta name=\"robots\" content=\"index, follow, max-snippet:-1, max-image-preview:large, max-video-preview:-1\" \/>\n<link rel=\"canonical\" href=\"https:\/\/www.gereso.com\/actualites\/2022\/09\/06\/projet-de-loi-de-finances-pour-2023-presentation-le-26-septembre\/\" \/>\n<meta property=\"og:locale\" content=\"fr_FR\" \/>\n<meta property=\"og:type\" content=\"article\" \/>\n<meta property=\"og:title\" content=\"Projet de loi de finances pour 2023\u00a0: pr\u00e9sentation le 26 septembre - Le Blog GERESO\" \/>\n<meta property=\"og:description\" content=\"Exceptionnellement, cette ann\u00e9e, le projet de loi de finances sera pr\u00e9sent\u00e9 un lundi, le 26 septembre prochain. S\u2019en suivra le traditionnel marathon budg\u00e9taire jusqu\u2019\u00e0 d\u00e9but d\u00e9cembre. Le marathon budg\u00e9taire Traditionnellement, le projet de loi de finances est pr\u00e9sent\u00e9 en conseil des ministres le dernier mercredi du mois de septembre. Compte tenu d\u2019un d\u00e9placement \u00e0 l\u2019\u00e9tranger [&hellip;]\" \/>\n<meta property=\"og:url\" content=\"https:\/\/www.gereso.com\/actualites\/2022\/09\/06\/projet-de-loi-de-finances-pour-2023-presentation-le-26-septembre\/\" \/>\n<meta property=\"og:site_name\" content=\"Le Blog GERESO\" \/>\n<meta property=\"article:published_time\" content=\"2022-09-05T22:16:10+00:00\" \/>\n<meta property=\"article:modified_time\" content=\"2022-09-05T22:16:12+00:00\" \/>\n<meta name=\"author\" content=\"Damien P\u00e9an\" \/>\n<meta name=\"twitter:card\" content=\"summary_large_image\" \/>\n<script type=\"application\/ld+json\" class=\"yoast-schema-graph\">{\"@context\":\"https:\/\/schema.org\",\"@graph\":[{\"@type\":\"WebPage\",\"@id\":\"https:\/\/www.gereso.com\/actualites\/2022\/09\/06\/projet-de-loi-de-finances-pour-2023-presentation-le-26-septembre\/\",\"url\":\"https:\/\/www.gereso.com\/actualites\/2022\/09\/06\/projet-de-loi-de-finances-pour-2023-presentation-le-26-septembre\/\",\"name\":\"Projet de loi de finances pour 2023\u00a0: pr\u00e9sentation le 26 septembre - Le Blog GERESO\",\"isPartOf\":{\"@id\":\"https:\/\/www.gereso.com\/actualites\/#website\"},\"datePublished\":\"2022-09-05T22:16:10+00:00\",\"dateModified\":\"2022-09-05T22:16:12+00:00\",\"author\":{\"@id\":\"https:\/\/www.gereso.com\/actualites\/#\/schema\/person\/c91814f92d627ed4715993fbbf7c7e8d\"},\"breadcrumb\":{\"@id\":\"https:\/\/www.gereso.com\/actualites\/2022\/09\/06\/projet-de-loi-de-finances-pour-2023-presentation-le-26-septembre\/#breadcrumb\"},\"inLanguage\":\"fr-FR\",\"potentialAction\":[{\"@type\":\"ReadAction\",\"target\":[\"https:\/\/www.gereso.com\/actualites\/2022\/09\/06\/projet-de-loi-de-finances-pour-2023-presentation-le-26-septembre\/\"]}]},{\"@type\":\"BreadcrumbList\",\"@id\":\"https:\/\/www.gereso.com\/actualites\/2022\/09\/06\/projet-de-loi-de-finances-pour-2023-presentation-le-26-septembre\/#breadcrumb\",\"itemListElement\":[{\"@type\":\"ListItem\",\"position\":1,\"name\":\"Home\",\"item\":\"https:\/\/www.gereso.com\/actualites\/\"},{\"@type\":\"ListItem\",\"position\":2,\"name\":\"Projet de loi de finances pour 2023\u00a0: pr\u00e9sentation le 26 septembre\"}]},{\"@type\":\"WebSite\",\"@id\":\"https:\/\/www.gereso.com\/actualites\/#website\",\"url\":\"https:\/\/www.gereso.com\/actualites\/\",\"name\":\"Le Blog GERESO\",\"description\":\"Toute l&#039;actu RH, Finance, Fonction Publique, Management...\",\"potentialAction\":[{\"@type\":\"SearchAction\",\"target\":{\"@type\":\"EntryPoint\",\"urlTemplate\":\"https:\/\/www.gereso.com\/actualites\/?s={search_term_string}\"},\"query-input\":{\"@type\":\"PropertyValueSpecification\",\"valueRequired\":true,\"valueName\":\"search_term_string\"}}],\"inLanguage\":\"fr-FR\"},{\"@type\":\"Person\",\"@id\":\"https:\/\/www.gereso.com\/actualites\/#\/schema\/person\/c91814f92d627ed4715993fbbf7c7e8d\",\"name\":\"Damien P\u00e9an\",\"image\":{\"@type\":\"ImageObject\",\"inLanguage\":\"fr-FR\",\"@id\":\"https:\/\/www.gereso.com\/actualites\/#\/schema\/person\/image\/\",\"url\":\"https:\/\/www.gereso.com\/actualites\/wp-content\/uploads\/2016\/03\/damien-pean.jpg\",\"contentUrl\":\"https:\/\/www.gereso.com\/actualites\/wp-content\/uploads\/2016\/03\/damien-pean.jpg\",\"caption\":\"Damien P\u00e9an\"},\"description\":\"Damien P\u00c9AN est titulaire du Dipl\u00f4me d'\u00e9tudes sup\u00e9rieures comptables et financi\u00e8res (DESCF). Il intervient depuis plusieurs ann\u00e9es aupr\u00e8s d'\u00e9tudiants en licence de comptabilit\u00e9 et de gestion, \u00e0 qui il enseigne le contr\u00f4le de gestion, la comptabilit\u00e9 approfondie, le management, la fiscalit\u00e9, le droit des soci\u00e9t\u00e9s et le droit du travail. Il intervient \u00e9galement en formation continue pour le compte de divers organismes de formation sur des th\u00e9matiques techniques en comptabilit\u00e9 et fiscalit\u00e9. Il forme aussi un public de non-initi\u00e9s aux fondamentaux de la finance.\",\"url\":\"https:\/\/www.gereso.com\/actualites\/author\/d-pean\/\"}]}<\/script>\n<!-- \/ Yoast SEO plugin. -->","yoast_head_json":{"title":"Projet de loi de finances pour 2023\u00a0: pr\u00e9sentation le 26 septembre - Le Blog GERESO","robots":{"index":"index","follow":"follow","max-snippet":"max-snippet:-1","max-image-preview":"max-image-preview:large","max-video-preview":"max-video-preview:-1"},"canonical":"https:\/\/www.gereso.com\/actualites\/2022\/09\/06\/projet-de-loi-de-finances-pour-2023-presentation-le-26-septembre\/","og_locale":"fr_FR","og_type":"article","og_title":"Projet de loi de finances pour 2023\u00a0: pr\u00e9sentation le 26 septembre - Le Blog GERESO","og_description":"Exceptionnellement, cette ann\u00e9e, le projet de loi de finances sera pr\u00e9sent\u00e9 un lundi, le 26 septembre prochain. S\u2019en suivra le traditionnel marathon budg\u00e9taire jusqu\u2019\u00e0 d\u00e9but d\u00e9cembre. Le marathon budg\u00e9taire Traditionnellement, le projet de loi de finances est pr\u00e9sent\u00e9 en conseil des ministres le dernier mercredi du mois de septembre. Compte tenu d\u2019un d\u00e9placement \u00e0 l\u2019\u00e9tranger [&hellip;]","og_url":"https:\/\/www.gereso.com\/actualites\/2022\/09\/06\/projet-de-loi-de-finances-pour-2023-presentation-le-26-septembre\/","og_site_name":"Le Blog GERESO","article_published_time":"2022-09-05T22:16:10+00:00","article_modified_time":"2022-09-05T22:16:12+00:00","author":"Damien P\u00e9an","twitter_card":"summary_large_image","schema":{"@context":"https:\/\/schema.org","@graph":[{"@type":"WebPage","@id":"https:\/\/www.gereso.com\/actualites\/2022\/09\/06\/projet-de-loi-de-finances-pour-2023-presentation-le-26-septembre\/","url":"https:\/\/www.gereso.com\/actualites\/2022\/09\/06\/projet-de-loi-de-finances-pour-2023-presentation-le-26-septembre\/","name":"Projet de loi de finances pour 2023\u00a0: pr\u00e9sentation le 26 septembre - Le Blog GERESO","isPartOf":{"@id":"https:\/\/www.gereso.com\/actualites\/#website"},"datePublished":"2022-09-05T22:16:10+00:00","dateModified":"2022-09-05T22:16:12+00:00","author":{"@id":"https:\/\/www.gereso.com\/actualites\/#\/schema\/person\/c91814f92d627ed4715993fbbf7c7e8d"},"breadcrumb":{"@id":"https:\/\/www.gereso.com\/actualites\/2022\/09\/06\/projet-de-loi-de-finances-pour-2023-presentation-le-26-septembre\/#breadcrumb"},"inLanguage":"fr-FR","potentialAction":[{"@type":"ReadAction","target":["https:\/\/www.gereso.com\/actualites\/2022\/09\/06\/projet-de-loi-de-finances-pour-2023-presentation-le-26-septembre\/"]}]},{"@type":"BreadcrumbList","@id":"https:\/\/www.gereso.com\/actualites\/2022\/09\/06\/projet-de-loi-de-finances-pour-2023-presentation-le-26-septembre\/#breadcrumb","itemListElement":[{"@type":"ListItem","position":1,"name":"Home","item":"https:\/\/www.gereso.com\/actualites\/"},{"@type":"ListItem","position":2,"name":"Projet de loi de finances pour 2023\u00a0: pr\u00e9sentation le 26 septembre"}]},{"@type":"WebSite","@id":"https:\/\/www.gereso.com\/actualites\/#website","url":"https:\/\/www.gereso.com\/actualites\/","name":"Le Blog GERESO","description":"Toute l&#039;actu RH, Finance, Fonction Publique, Management...","potentialAction":[{"@type":"SearchAction","target":{"@type":"EntryPoint","urlTemplate":"https:\/\/www.gereso.com\/actualites\/?s={search_term_string}"},"query-input":{"@type":"PropertyValueSpecification","valueRequired":true,"valueName":"search_term_string"}}],"inLanguage":"fr-FR"},{"@type":"Person","@id":"https:\/\/www.gereso.com\/actualites\/#\/schema\/person\/c91814f92d627ed4715993fbbf7c7e8d","name":"Damien P\u00e9an","image":{"@type":"ImageObject","inLanguage":"fr-FR","@id":"https:\/\/www.gereso.com\/actualites\/#\/schema\/person\/image\/","url":"https:\/\/www.gereso.com\/actualites\/wp-content\/uploads\/2016\/03\/damien-pean.jpg","contentUrl":"https:\/\/www.gereso.com\/actualites\/wp-content\/uploads\/2016\/03\/damien-pean.jpg","caption":"Damien P\u00e9an"},"description":"Damien P\u00c9AN est titulaire du Dipl\u00f4me d'\u00e9tudes sup\u00e9rieures comptables et financi\u00e8res (DESCF). Il intervient depuis plusieurs ann\u00e9es aupr\u00e8s d'\u00e9tudiants en licence de comptabilit\u00e9 et de gestion, \u00e0 qui il enseigne le contr\u00f4le de gestion, la comptabilit\u00e9 approfondie, le management, la fiscalit\u00e9, le droit des soci\u00e9t\u00e9s et le droit du travail. Il intervient \u00e9galement en formation continue pour le compte de divers organismes de formation sur des th\u00e9matiques techniques en comptabilit\u00e9 et fiscalit\u00e9. Il forme aussi un public de non-initi\u00e9s aux fondamentaux de la finance.","url":"https:\/\/www.gereso.com\/actualites\/author\/d-pean\/"}]}},"_links":{"self":[{"href":"https:\/\/www.gereso.com\/actualites\/wp-json\/wp\/v2\/posts\/29788","targetHints":{"allow":["GET"]}}],"collection":[{"href":"https:\/\/www.gereso.com\/actualites\/wp-json\/wp\/v2\/posts"}],"about":[{"href":"https:\/\/www.gereso.com\/actualites\/wp-json\/wp\/v2\/types\/post"}],"author":[{"embeddable":true,"href":"https:\/\/www.gereso.com\/actualites\/wp-json\/wp\/v2\/users\/45"}],"replies":[{"embeddable":true,"href":"https:\/\/www.gereso.com\/actualites\/wp-json\/wp\/v2\/comments?post=29788"}],"version-history":[{"count":1,"href":"https:\/\/www.gereso.com\/actualites\/wp-json\/wp\/v2\/posts\/29788\/revisions"}],"predecessor-version":[{"id":29789,"href":"https:\/\/www.gereso.com\/actualites\/wp-json\/wp\/v2\/posts\/29788\/revisions\/29789"}],"wp:attachment":[{"href":"https:\/\/www.gereso.com\/actualites\/wp-json\/wp\/v2\/media?parent=29788"}],"wp:term":[{"taxonomy":"category","embeddable":true,"href":"https:\/\/www.gereso.com\/actualites\/wp-json\/wp\/v2\/categories?post=29788"},{"taxonomy":"post_tag","embeddable":true,"href":"https:\/\/www.gereso.com\/actualites\/wp-json\/wp\/v2\/tags?post=29788"}],"curies":[{"name":"wp","href":"https:\/\/api.w.org\/{rel}","templated":true}]}}