{"id":2985,"date":"2014-04-15T15:14:16","date_gmt":"2014-04-15T13:14:16","guid":{"rendered":"https:\/\/www.gereso.com\/actualites\/?p=2985"},"modified":"2022-03-14T11:31:26","modified_gmt":"2022-03-14T09:31:26","slug":"le-chef-de-projet-un-manager","status":"publish","type":"post","link":"https:\/\/www.gereso.com\/actualites\/2014\/04\/15\/le-chef-de-projet-un-manager\/","title":{"rendered":"Management d&#039;\u00e9quipe projet"},"content":{"rendered":"<figure id=\"attachment_2986\" aria-describedby=\"caption-attachment-2986\" style=\"width: 188px\" class=\"wp-caption alignleft\"><img fetchpriority=\"high\" decoding=\"async\" class=\"size-full wp-image-2986\" src=\"https:\/\/www.gereso.com\/actualites\/wp-content\/uploads\/2014\/03\/MAEP-1.jpg\" alt=\"Management d'\u00e9quipe projet\" width=\"188\" height=\"298\" \/><figcaption id=\"caption-attachment-2986\" class=\"wp-caption-text\">Management d&rsquo;\u00e9quipe projet<\/figcaption><\/figure>\n<p>Dans l&rsquo;objectif de mener \u00e0 bien diff\u00e9rents projets, vous pr\u00e9parez, planifiez et pilotez toutes les \u00e9tapes avec le plus grand soin. Mais, en plus de l&rsquo;aspect technique, vous devez en ma\u00eetriser l&rsquo;aspect humain, car la r\u00e9ussite d\u00e9pend avant tout des hommes et des femmes qui y contribuent !<\/p>\n<p>Quels outils mettre en \u0153uvre pour accompagner son \u00e9quipe&nbsp;? De quelle mani\u00e8re comparer ses pratiques pour \u00eatre plus efficace&nbsp;? Comment g\u00e9rer les personnalit\u00e9s difficiles&nbsp;? Comment d\u00e9velopper son potentiel et celui de ses \u00e9quipiers&nbsp;? &#8230;<\/p>\n<p>S&rsquo;appuyant sur une m\u00e9thodologie en huit \u00e9tapes, illustr\u00e9e de nombreux sch\u00e9mas et documents \u00e0 personnaliser, l&rsquo;auteur vous apprend \u00e0 mobiliser, impliquer et motiver tous les acteurs pour atteindre l&rsquo;objectif fix\u00e9.<\/p>\n<p>Vous d\u00e9couvrirez comment \u00e9tablir des relations positives, r\u00e9v\u00e9ler les potentiels, et d\u00e9nouer les situations conflictuelles \u00e0 l&rsquo;aide d&rsquo;une approche simple (mais pas simpliste) et pragmatique, qui repose sur des principes essentiels adaptables\u00a0\u00e0 tous types de projets.<\/p>\n<p>&nbsp;<\/p>\n<h2><strong>D\u00e9couvrez tout de suite un extrait de l&rsquo;ouvrage !\u00a0<\/strong><\/h2>\n<p>&nbsp;<\/p>\n<h2><b>Introduction<\/b><\/h2>\n<div>\n<h3><b>Objectifs<\/b><\/h3>\n<\/div>\n<p>Cette introduction permet\u00a0:<\/p>\n<ul>\n<li>de placer le management d\u2019\u00e9quipe projet dans le contexte des projets\u00a0;<\/li>\n<li>de poser les bases du vocabulaire et, comme au d\u00e9but de chaque projet, de se mettre d\u2019accord sur ce que l\u2019on met derri\u00e8re les mots ou les expressions.<\/li>\n<\/ul>\n<div>\n<h3><b>Contenu<\/b><\/h3>\n<\/div>\n<p>C\u2019est dans cette optique que nous allons aborder les th\u00e8mes suivants, sous forme de questions, afin de planter le d\u00e9cor\u00a0:<\/p>\n<ul>\n<li>Qu\u2019est-ce qu\u2019un projet\u00a0?<\/li>\n<li>Quels sont les acteurs du projet\u00a0?<\/li>\n<li>Qu\u2019est-ce que le mode projet\u00a0?<\/li>\n<li>Qu\u2019est-ce que le management de projet\u00a0?<\/li>\n<li>Qu\u2019est-ce que la conduite de projet\u00a0?<\/li>\n<li>Qu\u2019est-ce que le management d\u2019\u00e9quipe projet\u00a0?<\/li>\n<li>Qu\u2019est-ce que le d\u00e9veloppement personnel du chef de projet\u00a0?<\/li>\n<li>Qui est le chef de projet\u00a0?<\/li>\n<\/ul>\n<div>\n<h3><b>Qu\u2019est-ce qu\u2019un projet\u00a0?<\/b><\/h3>\n<\/div>\n<p>Un projet r\u00e9pond \u00e0 un besoin unique dans un contexte particulier. Le r\u00e9sultat est un produit. Il implique un objectif et des ressources. Il est toujours cadr\u00e9 dans le temps par un d\u00e9but et une fin.<\/p>\n<p>Le projet d\u00e9bute par le passage de la commande. Elle formalise le besoin sp\u00e9cifique du \u00ab\u00a0client\u00a0\u00bb et d\u00e9crit le produit \u00e0 fabriquer. Celui-ci peut \u00eatre mat\u00e9riel (objet, construction\u2026) ou immat\u00e9riel (un service, une d\u00e9marche, un r\u00eave\u2026).<\/p>\n<p>Cette commande tient compte de la situation particuli\u00e8re dans laquelle le projet se d\u00e9roule.<\/p>\n<p>Le projet est contraint par les objectifs et les ressources, li\u00e9s \u00e0 la r\u00e9alisation du produit.<\/p>\n<p>Les objectifs se d\u00e9composent en trois cat\u00e9gories\u00a0:<\/p>\n<ul>\n<li>Les objectifs de co\u00fbts. Ils repr\u00e9sentent ce que le client est pr\u00eat \u00e0 mettre en termes de moyens financiers pour obtenir son produit.<\/li>\n<li>Les objectifs de qualit\u00e9. Ces r\u00e8gles composent les performances que le produit doit atteindre.<\/li>\n<li>Les objectifs de temps. Il s\u2019agit de l\u2019agenda que le projet doit respecter.<\/li>\n<\/ul>\n<p>Il est important de rappeler que ces trois objectifs sont d\u00e9pendants les uns des autres. En effet, si nous changeons une caract\u00e9ristique de l\u2019un d\u2019entre eux, au moins un des deux autres objectifs est modifi\u00e9. Si, en cours de projet, le produit doit \u00eatre livr\u00e9 plus t\u00f4t que pr\u00e9vu, il faut soit baisser sa qualit\u00e9, soit augmenter le co\u00fbt.<\/p>\n<p>Enfin, il est utile de consid\u00e9rer une s\u00e9rie de crit\u00e8res, lors de la clarification et du suivi d\u2019un objectif. Il doit \u00eatre\u00a0:<\/p>\n<ul>\n<li>Mesurable, c\u2019est-\u00e0-dire quantifiable. L\u2019objectif, une fois atteint, doit \u00eatre \u00e9gal \u00e0 la cible initiale.<\/li>\n<li>R\u00e9alisable, c\u2019est-\u00e0-dire atteignable. Cela para\u00eet d\u2019une grande \u00e9vidence mais ce n\u2019est pas toujours le cas.<\/li>\n<li>N\u00e9gociable. L\u2019objectif doit \u00eatre trait\u00e9, discut\u00e9, en vue de trouver un accord entre le commanditaire et le chef de projet mais aussi entre celui-ci et les membres de son \u00e9quipe, qui ex\u00e9cutent les t\u00e2ches.<\/li>\n<li>Partageable. L\u2019ensemble des acteurs doit avoir cet objectif en commun. Il doit \u00eatre compris et assimil\u00e9 de mani\u00e8re identique par tous.<\/li>\n<li>Individualisable. L\u2019objectif doit pouvoir \u00eatre distribu\u00e9 de fa\u00e7on distincte entre les t\u00e2ches du projet et les membres de l\u2019\u00e9quipe.<\/li>\n<\/ul>\n<p>Les ressources principales attach\u00e9es \u00e0 la fabrication du produit sont\u00a0:<\/p>\n<ul>\n<li>Les ressources humaines. Ce sont les personnes qui participent \u00e0 l\u2019ex\u00e9cution des t\u00e2ches \u00e0 entreprendre pour accomplir le projet.<\/li>\n<li>Les ressources financi\u00e8res. Il s\u2019agit du financement des actions mis en place pour finaliser le produit.<\/li>\n<li>Les ressources mat\u00e9rielles. Ce sont tous les \u00e9quipements n\u00e9cessaires \u00e0 la bonne r\u00e9alisation du projet.<\/li>\n<\/ul>\n<p>Le projet, encadr\u00e9 par le besoin, les objectifs et les ressources, consiste \u00e0 fabriquer le produit. Le tout est born\u00e9 par une date de d\u00e9but et une date de fin.<\/p>\n<div>\n<h3><b>Quels sont les acteurs du projet\u00a0?<\/b><\/h3>\n<\/div>\n<p>Nous allons distinguer deux \u00e9quipes, l\u2019une officielle et l\u2019autre non officielle.<\/p>\n<h4><b>L\u2019\u00e9quipe officielle<\/b><\/h4>\n<p>L\u2019\u00e9quipe officielle est le groupe qui travaille directement sur le projet. Dans la plupart des projets courants, les membres de l\u2019\u00e9quipe ne sont pas d\u00e9di\u00e9s \u00e0 plein-temps au projet. Ils peuvent \u00eatre parfois des personnes ext\u00e9rieures \u00e0 l\u2019entreprise qui commandite le projet. L\u2019\u00e9quipe est constitu\u00e9e principalement de quatre cat\u00e9gories d\u2019acteurs\u00a0:<\/p>\n<ul>\n<li>le commanditaire\u00a0;<\/li>\n<li>le chef de projet\u00a0;<\/li>\n<li>les experts\u00a0;<\/li>\n<li>les ressources.<\/li>\n<\/ul>\n<p>Le commanditaire a le plus d\u2019int\u00e9r\u00eat dans la r\u00e9ussite du projet. C\u2019est lui qui initie le projet en passant la commande. Il est appel\u00e9, dans certaines organisations, <i>sponsor<\/i>. Cet acteur est garant, tout au long du projet, du but \u00e0 atteindre. Il est d\u00e9cisionnaire et se charge de la promotion du projet. Il ne s\u2019implique pas directement dans les d\u00e9tails op\u00e9rationnels.<\/p>\n<p>Le chef de projet est en charge des t\u00e2ches d\u2019accompagnement du projet et de management de l\u2019\u00e9quipe projet. Il passe un contrat avec le commanditaire sur la base des objectifs et des ressources d\u00e9finis.<\/p>\n<p>Les experts poss\u00e8dent un savoir et\/ou un savoir-faire que le chef de projet ne ma\u00eetrise pas ou qu\u2019il ne peut assurer dans le cadre du projet. Le plus souvent, ceux-ci viennent en appui au chef de projet dans les t\u00e2ches de r\u00e9alisation. Tr\u00e8s fr\u00e9quemment, ces experts poss\u00e8dent une \u00e9quipe propre dans leur domaine de comp\u00e9tences. Ces \u00e9quipiers interviennent alors sur le projet en tant que ressources en fonction des besoins.<\/p>\n<p>Les ressources ex\u00e9cutent les t\u00e2ches d\u00e9finies pour la fabrication du produit. Elles peuvent \u00eatre assimil\u00e9es \u00e0 des prestataires de services (internes ou externes).<\/p>\n<p>Plus le projet est petit et plus le r\u00f4le de ces acteurs est confondu. \u00c0 l\u2019extr\u00eame, une seule personne peut jouer l\u2019ensemble de ces partitions. N\u00e9anmoins ces diff\u00e9rentes responsabilit\u00e9s doivent toutes \u00eatre assur\u00e9es sans restrictions.<\/p>\n<h4><b>L\u2019\u00e9quipe non officielle<\/b><\/h4>\n<p>L\u2019\u00e9quipe non officielle est constitu\u00e9e de personnes qui contribuent indirectement au travail de l\u2019\u00e9quipe officielle. Ces membres ne contribuent qu\u2019\u00e0 temps partiel au projet et peuvent \u00eatre, eux aussi, ext\u00e9rieurs \u00e0 l\u2019organisation. Il ne faut surtout pas n\u00e9gliger leurs poids dans la r\u00e9ussite finale du projet. Ce groupe est form\u00e9 principalement de deux grandes cat\u00e9gories d\u2019acteurs\u00a0:<\/p>\n<ul>\n<li>les clients\u00a0;<\/li>\n<li>les fournisseurs.<\/li>\n<\/ul>\n<p>Les clients\u00a0: tout projet poss\u00e8de un client final. Celui-ci est diff\u00e9rent du commanditaire.<\/p>\n<p>Les clients peuvent \u00eatre internes dans le cadre de projets d\u2019une entreprise. Ils sont aussi appel\u00e9s \u00ab\u00a0utilisateurs finaux\u00a0\u00bb. Ils ne sont pas pr\u00e9sents en tant que tels dans l\u2019\u00e9quipe officielle mais y ont un repr\u00e9sentant.<\/p>\n<p>Les clients peuvent \u00eatre externes \u00e0 l\u2019organisation. Dans ce cas, la structure est plus complexe\u00a0: un repr\u00e9sentant de l\u2019entreprise cliente, une direction, des financiers, des utilisateurs finaux\u2026 Il faut veiller \u00e0 bien comprendre le mode de fonctionnement explicite et implicite de cette organisation.<\/p>\n<p>Les fournisseurs\u00a0: ils en existent potentiellement de nombreux. Nous pouvons citer les sous-traitants, les op\u00e9rateurs, les prestataires, les consultants, les importateurs\u2026 M\u00eame s\u2019ils ont, pour eux-m\u00eames, des int\u00e9r\u00eats diff\u00e9rents de ceux du projet, il n\u2019en reste pas moins que certains sont communs ou convergent entre eux et qu\u2019il faut les mettre en lumi\u00e8re.<span style=\"line-height: 1.5em;\">\u00a0<\/span><\/p>\n<div>\n<h3><b>Qu\u2019est-ce que le mode projet\u00a0?<\/b><\/h3>\n<\/div>\n<p>C\u2019est avant tout\u00a0:<\/p>\n<ul>\n<li>une fa\u00e7on de voir les choses\u00a0;<\/li>\n<li>une fa\u00e7on de travailler\u00a0;<\/li>\n<li>un \u00e9tat d\u2019esprit.<\/li>\n<\/ul>\n<p>Le mode projet est une fa\u00e7on de voir les choses. \u00c0 un moment donn\u00e9, quelqu\u2019un d\u00e9cide de donner le label \u00ab\u00a0de projet\u00a0\u00bb, les actions qui permettent de r\u00e9aliser le produit \u00e0 fabriquer.<\/p>\n<p>Pour certains types de r\u00e9alisation, il ne fait aucun doute que ce sont des projets (les Jeux olympiques dans une ville donn\u00e9e, par exemple).<\/p>\n<p>Pour d\u2019autres, il est tout aussi clair que \u00e7a n\u2019en est pas (la production quotidienne d\u2019une voiture de s\u00e9rie d\u2019un constructeur automobile, par exemple).<\/p>\n<p>Entre ces deux extr\u00eames, il faut faire un choix. Pour choisir, le d\u00e9cideur r\u00e9pond positivement ou n\u00e9gativement \u00e0 la double question suivante\u00a0: \u00ab\u00a0La r\u00e9alisation est-elle unique et le contexte est-il singulier\u00a0?\u00a0\u00bb. De surcro\u00eet, il n\u2019y a ni bonne, ni mauvaise r\u00e9ponse\u2026 cela d\u00e9pend du point de vue d\u2019o\u00f9 nous voyons les choses\u00a0!<\/p>\n<p>Le mode projet est une fa\u00e7on de travailler. Elle d\u00e9pend essentiellement du style de la direction g\u00e9n\u00e9rale de l\u2019entreprise.<\/p>\n<p>L\u2019organisation est-elle de style fortement hi\u00e9rarchique, voire autocratique, avec un responsable donneur d\u2019ordre\u00a0? Dans ce cas, la place donn\u00e9e aux \u00e9changes interservices est faible, tout comme la place laiss\u00e9e au mode projet.<\/p>\n<p>\u00c0 l\u2019oppos\u00e9, si le style de l\u2019organisation hi\u00e9rarchique s\u2019est estomp\u00e9 au profit d\u2019un groupe d\u2019individus solidaires et coresponsables, alors le mode projet a toute sa place.<\/p>\n<p>Entre ces deux extr\u00eames, il existe une multitude de situations interm\u00e9diaires.<\/p>\n<p>\u00c0 nouveau, il n\u2019y a pas de bon ou de mauvais style de fonctionnement mais seulement des styles plus ou moins propices au d\u00e9veloppement du mode projet.<\/p>\n<p>Le mode projet est un \u00e9tat d\u2019esprit qui demande\u00a0:<\/p>\n<ul>\n<li>De la solidarit\u00e9 entre les membres de l\u2019\u00e9quipe<\/li>\n<\/ul>\n<p>Nous ne laissons jamais tomber un co\u00e9quipier en difficult\u00e9. Nous ne faisons pas n\u00e9cessairement \u00e0 sa place, mais nous l\u2019aidons \u00e0 trouver la solution pour qu\u2019il recolle au peloton et ainsi que nous soyons plus forts tous ensemble.<\/p>\n<ul>\n<li>De la transparence<\/li>\n<\/ul>\n<p>Transparence dans les relations internes \u00e0 l\u2019\u00e9quipe. Plus l\u2019\u00e9quipe peut se dire les choses, sur ce qui va bien et ce qui pourrait \u00eatre am\u00e9lior\u00e9 et plus l\u2019\u00e9quipe performe. Il faut \u00e9viter \u00e0 tout prix de \u00ab\u00a0laisser de la poussi\u00e8re sous le tapis\u00a0\u00bb. Transparence aussi sur les informations qui concernent le projet. Tr\u00e8s rares sont les cas o\u00f9 les informations sont r\u00e9ellement confidentielles.<\/p>\n<ul>\n<li>De l\u2019ambition<\/li>\n<\/ul>\n<p>Ce n\u2019est pas parce que nous travaillons avec une m\u00e9thodologie et des outils que nous devons limiter notre ambition. C\u2019est parce que nous travaillons en mode projet que nous nous donnons de la s\u00e9curit\u00e9. Nous pouvons alors nous permettre d\u2019\u00eatre plus ambitieux que ce que nous aurions pu \u00eatre sans ces moyens.<\/p>\n<ul>\n<li>De l\u2019engagement. L\u2019entrain est contagieux<\/li>\n<\/ul>\n<p>Le niveau d\u2019\u00e9nergie du chef de projet est primordial car il donne celui de son \u00e9quipe. Le chef de projet doit exiger beaucoup de lui-m\u00eame et des autres en ce qui concerne l\u2019engagement, l\u2019\u00e9nergie, les comp\u00e9tences et l\u2019esprit d\u2019entraide.<\/p>\n<ul>\n<li>Du respect<\/li>\n<\/ul>\n<p>Respect \u00ab\u00a0technique\u00a0\u00bb en \u00e9tant attentif sur les crit\u00e8res de r\u00e9ussite demand\u00e9s pour \u00e9tablir le succ\u00e8s du projet. Respect \u00ab\u00a0humain\u00a0\u00bb en manifestant son admiration et une r\u00e9elle reconnaissance des qualit\u00e9s et aptitudes de tous ceux qui participent.<\/p>\n<ul>\n<li>De la responsabilit\u00e9<\/li>\n<\/ul>\n<p>Au-del\u00e0 de notre responsabilit\u00e9 individuelle, nous sommes aussi coresponsables de nos actions, de nos attitudes. Nous n\u2019avons pas \u00e0 accuser les autres face \u00e0 un probl\u00e8me ou lorsque les r\u00e9sultats ne sont pas ceux escompt\u00e9s.<\/p>\n<p>&nbsp;<\/p>\n<p><span style=\"line-height: 1.5em;\">&#8230;<\/span><\/p>\n<p>La suite dans\u00a0<em><strong>Management d&rsquo;\u00e9quipe projet<\/strong><\/em>\u00a0!<\/p>\n<p>&nbsp;<\/p>\n","protected":false},"excerpt":{"rendered":"<p>Dans l&rsquo;objectif de mener \u00e0 bien diff\u00e9rents projets, vous pr\u00e9parez, planifiez et pilotez toutes les \u00e9tapes avec le plus grand soin. Mais, en plus de l&rsquo;aspect technique, vous devez en ma\u00eetriser l&rsquo;aspect humain, car la r\u00e9ussite d\u00e9pend avant tout des hommes et des femmes qui y contribuent ! Quels outils mettre en \u0153uvre pour accompagner [&hellip;]<\/p>\n","protected":false},"author":10,"featured_media":2986,"comment_status":"open","ping_status":"open","sticky":false,"template":"","format":"standard","meta":{"_acf_changed":false,"_mi_skip_tracking":false,"footnotes":""},"categories":[20],"tags":[263,67,71,284],"class_list":["post-2985","post","type-post","status-publish","format-standard","has-post-thumbnail","hentry","category-la-librairie-rh","tag-chef-de-projet","tag-ebook","tag-livre","tag-management"],"acf":[],"yoast_head":"<!-- This site is optimized with the Yoast SEO plugin v23.4 - https:\/\/yoast.com\/wordpress\/plugins\/seo\/ -->\n<title>Management d&#039;\u00e9quipe projet - Le Blog GERESO<\/title>\n<meta name=\"robots\" content=\"index, follow, max-snippet:-1, max-image-preview:large, max-video-preview:-1\" \/>\n<link rel=\"canonical\" href=\"https:\/\/www.gereso.com\/actualites\/2014\/04\/15\/le-chef-de-projet-un-manager\/\" \/>\n<meta property=\"og:locale\" content=\"fr_FR\" \/>\n<meta property=\"og:type\" content=\"article\" \/>\n<meta property=\"og:title\" content=\"Management d&#039;\u00e9quipe projet - Le Blog GERESO\" \/>\n<meta property=\"og:description\" content=\"Dans l&rsquo;objectif de mener \u00e0 bien diff\u00e9rents projets, vous pr\u00e9parez, planifiez et pilotez toutes les \u00e9tapes avec le plus grand soin. Mais, en plus de l&rsquo;aspect technique, vous devez en ma\u00eetriser l&rsquo;aspect humain, car la r\u00e9ussite d\u00e9pend avant tout des hommes et des femmes qui y contribuent ! Quels outils mettre en \u0153uvre pour accompagner [&hellip;]\" \/>\n<meta property=\"og:url\" content=\"https:\/\/www.gereso.com\/actualites\/2014\/04\/15\/le-chef-de-projet-un-manager\/\" \/>\n<meta property=\"og:site_name\" content=\"Le Blog GERESO\" \/>\n<meta property=\"article:published_time\" content=\"2014-04-15T13:14:16+00:00\" \/>\n<meta property=\"article:modified_time\" content=\"2022-03-14T09:31:26+00:00\" \/>\n<meta property=\"og:image\" content=\"https:\/\/www.gereso.com\/actualites\/wp-content\/uploads\/2014\/03\/MAEP-1.jpg\" \/>\n\t<meta property=\"og:image:width\" content=\"188\" \/>\n\t<meta property=\"og:image:height\" content=\"298\" \/>\n\t<meta property=\"og:image:type\" content=\"image\/jpeg\" \/>\n<meta name=\"author\" content=\"Catherine Fourmond\" \/>\n<meta name=\"twitter:card\" content=\"summary_large_image\" \/>\n<script type=\"application\/ld+json\" class=\"yoast-schema-graph\">{\"@context\":\"https:\/\/schema.org\",\"@graph\":[{\"@type\":\"WebPage\",\"@id\":\"https:\/\/www.gereso.com\/actualites\/2014\/04\/15\/le-chef-de-projet-un-manager\/\",\"url\":\"https:\/\/www.gereso.com\/actualites\/2014\/04\/15\/le-chef-de-projet-un-manager\/\",\"name\":\"Management d&#039;\u00e9quipe projet - Le Blog GERESO\",\"isPartOf\":{\"@id\":\"https:\/\/www.gereso.com\/actualites\/#website\"},\"primaryImageOfPage\":{\"@id\":\"https:\/\/www.gereso.com\/actualites\/2014\/04\/15\/le-chef-de-projet-un-manager\/#primaryimage\"},\"image\":{\"@id\":\"https:\/\/www.gereso.com\/actualites\/2014\/04\/15\/le-chef-de-projet-un-manager\/#primaryimage\"},\"thumbnailUrl\":\"https:\/\/www.gereso.com\/actualites\/wp-content\/uploads\/2014\/03\/MAEP-1.jpg\",\"datePublished\":\"2014-04-15T13:14:16+00:00\",\"dateModified\":\"2022-03-14T09:31:26+00:00\",\"author\":{\"@id\":\"https:\/\/www.gereso.com\/actualites\/#\/schema\/person\/3a47d7735bf754d6f104375f64a37a6d\"},\"breadcrumb\":{\"@id\":\"https:\/\/www.gereso.com\/actualites\/2014\/04\/15\/le-chef-de-projet-un-manager\/#breadcrumb\"},\"inLanguage\":\"fr-FR\",\"potentialAction\":[{\"@type\":\"ReadAction\",\"target\":[\"https:\/\/www.gereso.com\/actualites\/2014\/04\/15\/le-chef-de-projet-un-manager\/\"]}]},{\"@type\":\"ImageObject\",\"inLanguage\":\"fr-FR\",\"@id\":\"https:\/\/www.gereso.com\/actualites\/2014\/04\/15\/le-chef-de-projet-un-manager\/#primaryimage\",\"url\":\"https:\/\/www.gereso.com\/actualites\/wp-content\/uploads\/2014\/03\/MAEP-1.jpg\",\"contentUrl\":\"https:\/\/www.gereso.com\/actualites\/wp-content\/uploads\/2014\/03\/MAEP-1.jpg\",\"width\":188,\"height\":298,\"caption\":\"Management d'\u00e9quipe projet\"},{\"@type\":\"BreadcrumbList\",\"@id\":\"https:\/\/www.gereso.com\/actualites\/2014\/04\/15\/le-chef-de-projet-un-manager\/#breadcrumb\",\"itemListElement\":[{\"@type\":\"ListItem\",\"position\":1,\"name\":\"Home\",\"item\":\"https:\/\/www.gereso.com\/actualites\/\"},{\"@type\":\"ListItem\",\"position\":2,\"name\":\"Management d&#039;\u00e9quipe projet\"}]},{\"@type\":\"WebSite\",\"@id\":\"https:\/\/www.gereso.com\/actualites\/#website\",\"url\":\"https:\/\/www.gereso.com\/actualites\/\",\"name\":\"Le Blog GERESO\",\"description\":\"Toute l&#039;actu RH, Finance, Fonction Publique, Management...\",\"potentialAction\":[{\"@type\":\"SearchAction\",\"target\":{\"@type\":\"EntryPoint\",\"urlTemplate\":\"https:\/\/www.gereso.com\/actualites\/?s={search_term_string}\"},\"query-input\":{\"@type\":\"PropertyValueSpecification\",\"valueRequired\":true,\"valueName\":\"search_term_string\"}}],\"inLanguage\":\"fr-FR\"},{\"@type\":\"Person\",\"@id\":\"https:\/\/www.gereso.com\/actualites\/#\/schema\/person\/3a47d7735bf754d6f104375f64a37a6d\",\"name\":\"Catherine Fourmond\",\"image\":{\"@type\":\"ImageObject\",\"inLanguage\":\"fr-FR\",\"@id\":\"https:\/\/www.gereso.com\/actualites\/#\/schema\/person\/image\/\",\"url\":\"https:\/\/www.gereso.com\/actualites\/wp-content\/uploads\/2012\/02\/catherine-fourmond-1-144x144.jpg\",\"contentUrl\":\"https:\/\/www.gereso.com\/actualites\/wp-content\/uploads\/2012\/02\/catherine-fourmond-1-144x144.jpg\",\"caption\":\"Catherine Fourmond\"},\"description\":\"Responsable des \u00e9ditions - Directrice des collections GERESO \u00c9DITION\",\"url\":\"https:\/\/www.gereso.com\/actualites\/author\/c-fourmond\/\"}]}<\/script>\n<!-- \/ Yoast SEO plugin. -->","yoast_head_json":{"title":"Management d&#039;\u00e9quipe projet - Le Blog GERESO","robots":{"index":"index","follow":"follow","max-snippet":"max-snippet:-1","max-image-preview":"max-image-preview:large","max-video-preview":"max-video-preview:-1"},"canonical":"https:\/\/www.gereso.com\/actualites\/2014\/04\/15\/le-chef-de-projet-un-manager\/","og_locale":"fr_FR","og_type":"article","og_title":"Management d&#039;\u00e9quipe projet - Le Blog GERESO","og_description":"Dans l&rsquo;objectif de mener \u00e0 bien diff\u00e9rents projets, vous pr\u00e9parez, planifiez et pilotez toutes les \u00e9tapes avec le plus grand soin. Mais, en plus de l&rsquo;aspect technique, vous devez en ma\u00eetriser l&rsquo;aspect humain, car la r\u00e9ussite d\u00e9pend avant tout des hommes et des femmes qui y contribuent ! Quels outils mettre en \u0153uvre pour accompagner [&hellip;]","og_url":"https:\/\/www.gereso.com\/actualites\/2014\/04\/15\/le-chef-de-projet-un-manager\/","og_site_name":"Le Blog GERESO","article_published_time":"2014-04-15T13:14:16+00:00","article_modified_time":"2022-03-14T09:31:26+00:00","og_image":[{"width":188,"height":298,"url":"https:\/\/www.gereso.com\/actualites\/wp-content\/uploads\/2014\/03\/MAEP-1.jpg","type":"image\/jpeg"}],"author":"Catherine Fourmond","twitter_card":"summary_large_image","schema":{"@context":"https:\/\/schema.org","@graph":[{"@type":"WebPage","@id":"https:\/\/www.gereso.com\/actualites\/2014\/04\/15\/le-chef-de-projet-un-manager\/","url":"https:\/\/www.gereso.com\/actualites\/2014\/04\/15\/le-chef-de-projet-un-manager\/","name":"Management d&#039;\u00e9quipe projet - Le Blog GERESO","isPartOf":{"@id":"https:\/\/www.gereso.com\/actualites\/#website"},"primaryImageOfPage":{"@id":"https:\/\/www.gereso.com\/actualites\/2014\/04\/15\/le-chef-de-projet-un-manager\/#primaryimage"},"image":{"@id":"https:\/\/www.gereso.com\/actualites\/2014\/04\/15\/le-chef-de-projet-un-manager\/#primaryimage"},"thumbnailUrl":"https:\/\/www.gereso.com\/actualites\/wp-content\/uploads\/2014\/03\/MAEP-1.jpg","datePublished":"2014-04-15T13:14:16+00:00","dateModified":"2022-03-14T09:31:26+00:00","author":{"@id":"https:\/\/www.gereso.com\/actualites\/#\/schema\/person\/3a47d7735bf754d6f104375f64a37a6d"},"breadcrumb":{"@id":"https:\/\/www.gereso.com\/actualites\/2014\/04\/15\/le-chef-de-projet-un-manager\/#breadcrumb"},"inLanguage":"fr-FR","potentialAction":[{"@type":"ReadAction","target":["https:\/\/www.gereso.com\/actualites\/2014\/04\/15\/le-chef-de-projet-un-manager\/"]}]},{"@type":"ImageObject","inLanguage":"fr-FR","@id":"https:\/\/www.gereso.com\/actualites\/2014\/04\/15\/le-chef-de-projet-un-manager\/#primaryimage","url":"https:\/\/www.gereso.com\/actualites\/wp-content\/uploads\/2014\/03\/MAEP-1.jpg","contentUrl":"https:\/\/www.gereso.com\/actualites\/wp-content\/uploads\/2014\/03\/MAEP-1.jpg","width":188,"height":298,"caption":"Management d'\u00e9quipe projet"},{"@type":"BreadcrumbList","@id":"https:\/\/www.gereso.com\/actualites\/2014\/04\/15\/le-chef-de-projet-un-manager\/#breadcrumb","itemListElement":[{"@type":"ListItem","position":1,"name":"Home","item":"https:\/\/www.gereso.com\/actualites\/"},{"@type":"ListItem","position":2,"name":"Management d&#039;\u00e9quipe projet"}]},{"@type":"WebSite","@id":"https:\/\/www.gereso.com\/actualites\/#website","url":"https:\/\/www.gereso.com\/actualites\/","name":"Le Blog GERESO","description":"Toute l&#039;actu RH, Finance, Fonction Publique, Management...","potentialAction":[{"@type":"SearchAction","target":{"@type":"EntryPoint","urlTemplate":"https:\/\/www.gereso.com\/actualites\/?s={search_term_string}"},"query-input":{"@type":"PropertyValueSpecification","valueRequired":true,"valueName":"search_term_string"}}],"inLanguage":"fr-FR"},{"@type":"Person","@id":"https:\/\/www.gereso.com\/actualites\/#\/schema\/person\/3a47d7735bf754d6f104375f64a37a6d","name":"Catherine Fourmond","image":{"@type":"ImageObject","inLanguage":"fr-FR","@id":"https:\/\/www.gereso.com\/actualites\/#\/schema\/person\/image\/","url":"https:\/\/www.gereso.com\/actualites\/wp-content\/uploads\/2012\/02\/catherine-fourmond-1-144x144.jpg","contentUrl":"https:\/\/www.gereso.com\/actualites\/wp-content\/uploads\/2012\/02\/catherine-fourmond-1-144x144.jpg","caption":"Catherine Fourmond"},"description":"Responsable des \u00e9ditions - Directrice des collections GERESO \u00c9DITION","url":"https:\/\/www.gereso.com\/actualites\/author\/c-fourmond\/"}]}},"_links":{"self":[{"href":"https:\/\/www.gereso.com\/actualites\/wp-json\/wp\/v2\/posts\/2985","targetHints":{"allow":["GET"]}}],"collection":[{"href":"https:\/\/www.gereso.com\/actualites\/wp-json\/wp\/v2\/posts"}],"about":[{"href":"https:\/\/www.gereso.com\/actualites\/wp-json\/wp\/v2\/types\/post"}],"author":[{"embeddable":true,"href":"https:\/\/www.gereso.com\/actualites\/wp-json\/wp\/v2\/users\/10"}],"replies":[{"embeddable":true,"href":"https:\/\/www.gereso.com\/actualites\/wp-json\/wp\/v2\/comments?post=2985"}],"version-history":[{"count":1,"href":"https:\/\/www.gereso.com\/actualites\/wp-json\/wp\/v2\/posts\/2985\/revisions"}],"predecessor-version":[{"id":26225,"href":"https:\/\/www.gereso.com\/actualites\/wp-json\/wp\/v2\/posts\/2985\/revisions\/26225"}],"wp:featuredmedia":[{"embeddable":true,"href":"https:\/\/www.gereso.com\/actualites\/wp-json\/wp\/v2\/media\/2986"}],"wp:attachment":[{"href":"https:\/\/www.gereso.com\/actualites\/wp-json\/wp\/v2\/media?parent=2985"}],"wp:term":[{"taxonomy":"category","embeddable":true,"href":"https:\/\/www.gereso.com\/actualites\/wp-json\/wp\/v2\/categories?post=2985"},{"taxonomy":"post_tag","embeddable":true,"href":"https:\/\/www.gereso.com\/actualites\/wp-json\/wp\/v2\/tags?post=2985"}],"curies":[{"name":"wp","href":"https:\/\/api.w.org\/{rel}","templated":true}]}}