{"id":29925,"date":"2022-09-12T06:00:00","date_gmt":"2022-09-12T04:00:00","guid":{"rendered":"https:\/\/www.gereso.com\/actualites\/?p=29925"},"modified":"2022-09-10T18:38:49","modified_gmt":"2022-09-10T16:38:49","slug":"exoneration-de-laide-pour-les-services-a-la-personne-le-plafond-porte-a-2-265-e","status":"publish","type":"post","link":"https:\/\/www.gereso.com\/actualites\/2022\/09\/12\/exoneration-de-laide-pour-les-services-a-la-personne-le-plafond-porte-a-2-265-e\/","title":{"rendered":"Exon\u00e9ration de l\u2019aide pour les services \u00e0 la personne\u00a0: le plafond port\u00e9 \u00e0 2.265 \u20ac"},"content":{"rendered":"\n<p><strong>L\u2019<a href=\"https:\/\/www.legifrance.gouv.fr\/jorf\/id\/JORFTEXT000046197804\">arr\u00eat\u00e9 du 9 ao\u00fbt 2022<\/a><\/strong> revalorise le plafond d\u2019exon\u00e9ration dont b\u00e9n\u00e9ficie l\u2019aide au financement de services \u00e0 la personne, vers\u00e9e par l\u2019employeur ou le CSE.<\/p>\n<h2><strong>Une aide au financement pour les services \u00e0 la personne.<\/strong><\/h2>\n<p>L\u2019article L. 7233-4 permet <strong>\u00e0 l\u2019employeur ou au CSE<\/strong> (comit\u00e9 social et \u00e9conomique) de participer au financement de certains <strong>services \u00e0 la personne<\/strong> au b\u00e9n\u00e9fice des salari\u00e9s. Il permet ainsi aux salari\u00e9s d\u2019\u00eatre aid\u00e9s financi\u00e8rement pour faire appel \u00e0 diverses prestations \u00e0 domicile (m\u00e9nage, petits travaux de bricolage ou de jardinage, pr\u00e9paration de repas), de soutien scolaire \u00e0 domicile, de garde d\u2019enfants \u00e0 domicile ou hors du domicile (garderies, cr\u00e8ches, etc.).<\/p>\n<p>Des crit\u00e8res de versement peuvent \u00eatre instaur\u00e9s soit par l\u2019employeur soit par le CSE.<\/p>\n<p>L\u2019aide peut \u00e9galement \u00eatre vers\u00e9e aux dirigeants sociaux (mais \u00e0 condition d\u2019en b\u00e9n\u00e9ficier selon les m\u00eames conditions que les salari\u00e9s).<\/p>\n<p>Elle peut \u00eatre soit directement vers\u00e9e aux salari\u00e9s soit consister en un pr\u00e9financement du ch\u00e8que emploi-service universel (<strong>Cesu<\/strong>).<\/p>\n<h2><strong>Plafond revaloris\u00e9 \u00e0 2.265 \u20ac<\/strong><\/h2>\n<p>Ces aides sont <strong>exon\u00e9r\u00e9es<\/strong> de cotisations sociales, de CSG-CRDS et d\u2019imp\u00f4t sur le revenu dans la limite\u00a0:<\/p>\n<ul>\n<li>Des co\u00fbts effectivement support\u00e9s par les b\u00e9n\u00e9ficiaires<\/li>\n<li>D\u2019un plafond annuel par b\u00e9n\u00e9ficiaire.<\/li>\n<\/ul>\n<p>L\u2019arr\u00eat\u00e9 du 9 ao\u00fbt 2022 vient de porter ce plafond de 1.830 \u00e0 <strong>2.265 \u20ac par an<\/strong>, \u00e0 compter du <strong>1<sup>er<\/sup> janvier 2022<\/strong>. L\u2019aide est cumulable pour 2 personnes de la m\u00eame entreprise et appartenant au m\u00eame foyer.<\/p>\n<p>La limite d\u2019exon\u00e9ration doit \u00eatre appr\u00e9ci\u00e9e en tenant compte de l\u2019aide vers\u00e9e par le CSE et l\u2019employeur mais \u00e9galement des aides vers\u00e9es au salari\u00e9 pour financer les frais de garde en centre a\u00e9r\u00e9 et centre de loisirs.<\/p>\n<p>Le CSE \u00e0 l\u2019obligation de transmettre \u00e0 l\u2019employeur, dans les 10 premiers jours de janvier, un <strong>\u00e9tat r\u00e9capitulatif <\/strong>des aides vers\u00e9es \u00e0 chaque salari\u00e9. Le salari\u00e9 doit en outre produire des justificatifs de frais (avis d\u2019\u00e9ch\u00e9ance de cotisations sociales en cas d\u2019emploi directe et factures en cas d\u2019appel \u00e0 une structure interm\u00e9diaire). Aucun justificatif n\u2019est \u00e0 fournir si l\u2019aide est attribu\u00e9e sous forme de Cesu.<\/p>\n","protected":false},"excerpt":{"rendered":"<p>L\u2019arr\u00eat\u00e9 du 9 ao\u00fbt 2022 revalorise le plafond d\u2019exon\u00e9ration dont b\u00e9n\u00e9ficie l\u2019aide au financement de services \u00e0 la personne, vers\u00e9e par l\u2019employeur ou le CSE. Une aide au financement pour les services \u00e0 la personne. L\u2019article L. 7233-4 permet \u00e0 l\u2019employeur ou au CSE (comit\u00e9 social et \u00e9conomique) de participer au financement de certains services [&hellip;]<\/p>\n","protected":false},"author":45,"featured_media":0,"comment_status":"open","ping_status":"open","sticky":false,"template":"","format":"quote","meta":{"_acf_changed":false,"_mi_skip_tracking":false,"footnotes":""},"categories":[12,3,8],"tags":[1312,1039,2254],"class_list":["post-29925","post","type-post","status-publish","format-quote","hentry","category-actualites","category-comptabilite-fiscalite-et-gestion-financiere","category-paie-et-administration-du-personnel","tag-cse","tag-impot-sur-le-revenu","tag-service-a-la-personne","post_format-post-format-quote"],"acf":[],"yoast_head":"<!-- This site is optimized with the Yoast SEO plugin v23.4 - https:\/\/yoast.com\/wordpress\/plugins\/seo\/ -->\n<title>Exon\u00e9ration de l\u2019aide pour les services \u00e0 la personne\u00a0: le plafond port\u00e9 \u00e0 2.265 \u20ac - Le Blog GERESO<\/title>\n<meta name=\"robots\" content=\"index, follow, max-snippet:-1, max-image-preview:large, max-video-preview:-1\" \/>\n<link rel=\"canonical\" href=\"https:\/\/www.gereso.com\/actualites\/2022\/09\/12\/exoneration-de-laide-pour-les-services-a-la-personne-le-plafond-porte-a-2-265-e\/\" \/>\n<meta property=\"og:locale\" content=\"fr_FR\" \/>\n<meta property=\"og:type\" content=\"article\" \/>\n<meta property=\"og:title\" content=\"Exon\u00e9ration de l\u2019aide pour les services \u00e0 la personne\u00a0: le plafond port\u00e9 \u00e0 2.265 \u20ac - Le Blog GERESO\" \/>\n<meta property=\"og:description\" content=\"L\u2019arr\u00eat\u00e9 du 9 ao\u00fbt 2022 revalorise le plafond d\u2019exon\u00e9ration dont b\u00e9n\u00e9ficie l\u2019aide au financement de services \u00e0 la personne, vers\u00e9e par l\u2019employeur ou le CSE. Une aide au financement pour les services \u00e0 la personne. L\u2019article L. 7233-4 permet \u00e0 l\u2019employeur ou au CSE (comit\u00e9 social et \u00e9conomique) de participer au financement de certains services [&hellip;]\" \/>\n<meta property=\"og:url\" content=\"https:\/\/www.gereso.com\/actualites\/2022\/09\/12\/exoneration-de-laide-pour-les-services-a-la-personne-le-plafond-porte-a-2-265-e\/\" \/>\n<meta property=\"og:site_name\" content=\"Le Blog GERESO\" \/>\n<meta property=\"article:published_time\" content=\"2022-09-12T04:00:00+00:00\" \/>\n<meta property=\"article:modified_time\" content=\"2022-09-10T16:38:49+00:00\" \/>\n<meta name=\"author\" content=\"Damien P\u00e9an\" \/>\n<meta name=\"twitter:card\" content=\"summary_large_image\" \/>\n<script type=\"application\/ld+json\" class=\"yoast-schema-graph\">{\"@context\":\"https:\/\/schema.org\",\"@graph\":[{\"@type\":\"WebPage\",\"@id\":\"https:\/\/www.gereso.com\/actualites\/2022\/09\/12\/exoneration-de-laide-pour-les-services-a-la-personne-le-plafond-porte-a-2-265-e\/\",\"url\":\"https:\/\/www.gereso.com\/actualites\/2022\/09\/12\/exoneration-de-laide-pour-les-services-a-la-personne-le-plafond-porte-a-2-265-e\/\",\"name\":\"Exon\u00e9ration de l\u2019aide pour les services \u00e0 la personne\u00a0: le plafond port\u00e9 \u00e0 2.265 \u20ac - Le Blog GERESO\",\"isPartOf\":{\"@id\":\"https:\/\/www.gereso.com\/actualites\/#website\"},\"datePublished\":\"2022-09-12T04:00:00+00:00\",\"dateModified\":\"2022-09-10T16:38:49+00:00\",\"author\":{\"@id\":\"https:\/\/www.gereso.com\/actualites\/#\/schema\/person\/c91814f92d627ed4715993fbbf7c7e8d\"},\"breadcrumb\":{\"@id\":\"https:\/\/www.gereso.com\/actualites\/2022\/09\/12\/exoneration-de-laide-pour-les-services-a-la-personne-le-plafond-porte-a-2-265-e\/#breadcrumb\"},\"inLanguage\":\"fr-FR\",\"potentialAction\":[{\"@type\":\"ReadAction\",\"target\":[\"https:\/\/www.gereso.com\/actualites\/2022\/09\/12\/exoneration-de-laide-pour-les-services-a-la-personne-le-plafond-porte-a-2-265-e\/\"]}]},{\"@type\":\"BreadcrumbList\",\"@id\":\"https:\/\/www.gereso.com\/actualites\/2022\/09\/12\/exoneration-de-laide-pour-les-services-a-la-personne-le-plafond-porte-a-2-265-e\/#breadcrumb\",\"itemListElement\":[{\"@type\":\"ListItem\",\"position\":1,\"name\":\"Home\",\"item\":\"https:\/\/www.gereso.com\/actualites\/\"},{\"@type\":\"ListItem\",\"position\":2,\"name\":\"Exon\u00e9ration de l\u2019aide pour les services \u00e0 la personne\u00a0: le plafond port\u00e9 \u00e0 2.265 \u20ac\"}]},{\"@type\":\"WebSite\",\"@id\":\"https:\/\/www.gereso.com\/actualites\/#website\",\"url\":\"https:\/\/www.gereso.com\/actualites\/\",\"name\":\"Le Blog GERESO\",\"description\":\"Toute l&#039;actu RH, Finance, Fonction Publique, Management...\",\"potentialAction\":[{\"@type\":\"SearchAction\",\"target\":{\"@type\":\"EntryPoint\",\"urlTemplate\":\"https:\/\/www.gereso.com\/actualites\/?s={search_term_string}\"},\"query-input\":{\"@type\":\"PropertyValueSpecification\",\"valueRequired\":true,\"valueName\":\"search_term_string\"}}],\"inLanguage\":\"fr-FR\"},{\"@type\":\"Person\",\"@id\":\"https:\/\/www.gereso.com\/actualites\/#\/schema\/person\/c91814f92d627ed4715993fbbf7c7e8d\",\"name\":\"Damien P\u00e9an\",\"image\":{\"@type\":\"ImageObject\",\"inLanguage\":\"fr-FR\",\"@id\":\"https:\/\/www.gereso.com\/actualites\/#\/schema\/person\/image\/\",\"url\":\"https:\/\/www.gereso.com\/actualites\/wp-content\/uploads\/2016\/03\/damien-pean.jpg\",\"contentUrl\":\"https:\/\/www.gereso.com\/actualites\/wp-content\/uploads\/2016\/03\/damien-pean.jpg\",\"caption\":\"Damien P\u00e9an\"},\"description\":\"Damien P\u00c9AN est titulaire du Dipl\u00f4me d'\u00e9tudes sup\u00e9rieures comptables et financi\u00e8res (DESCF). Il intervient depuis plusieurs ann\u00e9es aupr\u00e8s d'\u00e9tudiants en licence de comptabilit\u00e9 et de gestion, \u00e0 qui il enseigne le contr\u00f4le de gestion, la comptabilit\u00e9 approfondie, le management, la fiscalit\u00e9, le droit des soci\u00e9t\u00e9s et le droit du travail. Il intervient \u00e9galement en formation continue pour le compte de divers organismes de formation sur des th\u00e9matiques techniques en comptabilit\u00e9 et fiscalit\u00e9. Il forme aussi un public de non-initi\u00e9s aux fondamentaux de la finance.\",\"url\":\"https:\/\/www.gereso.com\/actualites\/author\/d-pean\/\"}]}<\/script>\n<!-- \/ Yoast SEO plugin. -->","yoast_head_json":{"title":"Exon\u00e9ration de l\u2019aide pour les services \u00e0 la personne\u00a0: le plafond port\u00e9 \u00e0 2.265 \u20ac - Le Blog GERESO","robots":{"index":"index","follow":"follow","max-snippet":"max-snippet:-1","max-image-preview":"max-image-preview:large","max-video-preview":"max-video-preview:-1"},"canonical":"https:\/\/www.gereso.com\/actualites\/2022\/09\/12\/exoneration-de-laide-pour-les-services-a-la-personne-le-plafond-porte-a-2-265-e\/","og_locale":"fr_FR","og_type":"article","og_title":"Exon\u00e9ration de l\u2019aide pour les services \u00e0 la personne\u00a0: le plafond port\u00e9 \u00e0 2.265 \u20ac - Le Blog GERESO","og_description":"L\u2019arr\u00eat\u00e9 du 9 ao\u00fbt 2022 revalorise le plafond d\u2019exon\u00e9ration dont b\u00e9n\u00e9ficie l\u2019aide au financement de services \u00e0 la personne, vers\u00e9e par l\u2019employeur ou le CSE. Une aide au financement pour les services \u00e0 la personne. L\u2019article L. 7233-4 permet \u00e0 l\u2019employeur ou au CSE (comit\u00e9 social et \u00e9conomique) de participer au financement de certains services [&hellip;]","og_url":"https:\/\/www.gereso.com\/actualites\/2022\/09\/12\/exoneration-de-laide-pour-les-services-a-la-personne-le-plafond-porte-a-2-265-e\/","og_site_name":"Le Blog GERESO","article_published_time":"2022-09-12T04:00:00+00:00","article_modified_time":"2022-09-10T16:38:49+00:00","author":"Damien P\u00e9an","twitter_card":"summary_large_image","schema":{"@context":"https:\/\/schema.org","@graph":[{"@type":"WebPage","@id":"https:\/\/www.gereso.com\/actualites\/2022\/09\/12\/exoneration-de-laide-pour-les-services-a-la-personne-le-plafond-porte-a-2-265-e\/","url":"https:\/\/www.gereso.com\/actualites\/2022\/09\/12\/exoneration-de-laide-pour-les-services-a-la-personne-le-plafond-porte-a-2-265-e\/","name":"Exon\u00e9ration de l\u2019aide pour les services \u00e0 la personne\u00a0: le plafond port\u00e9 \u00e0 2.265 \u20ac - Le Blog GERESO","isPartOf":{"@id":"https:\/\/www.gereso.com\/actualites\/#website"},"datePublished":"2022-09-12T04:00:00+00:00","dateModified":"2022-09-10T16:38:49+00:00","author":{"@id":"https:\/\/www.gereso.com\/actualites\/#\/schema\/person\/c91814f92d627ed4715993fbbf7c7e8d"},"breadcrumb":{"@id":"https:\/\/www.gereso.com\/actualites\/2022\/09\/12\/exoneration-de-laide-pour-les-services-a-la-personne-le-plafond-porte-a-2-265-e\/#breadcrumb"},"inLanguage":"fr-FR","potentialAction":[{"@type":"ReadAction","target":["https:\/\/www.gereso.com\/actualites\/2022\/09\/12\/exoneration-de-laide-pour-les-services-a-la-personne-le-plafond-porte-a-2-265-e\/"]}]},{"@type":"BreadcrumbList","@id":"https:\/\/www.gereso.com\/actualites\/2022\/09\/12\/exoneration-de-laide-pour-les-services-a-la-personne-le-plafond-porte-a-2-265-e\/#breadcrumb","itemListElement":[{"@type":"ListItem","position":1,"name":"Home","item":"https:\/\/www.gereso.com\/actualites\/"},{"@type":"ListItem","position":2,"name":"Exon\u00e9ration de l\u2019aide pour les services \u00e0 la personne\u00a0: le plafond port\u00e9 \u00e0 2.265 \u20ac"}]},{"@type":"WebSite","@id":"https:\/\/www.gereso.com\/actualites\/#website","url":"https:\/\/www.gereso.com\/actualites\/","name":"Le Blog GERESO","description":"Toute l&#039;actu RH, Finance, Fonction Publique, Management...","potentialAction":[{"@type":"SearchAction","target":{"@type":"EntryPoint","urlTemplate":"https:\/\/www.gereso.com\/actualites\/?s={search_term_string}"},"query-input":{"@type":"PropertyValueSpecification","valueRequired":true,"valueName":"search_term_string"}}],"inLanguage":"fr-FR"},{"@type":"Person","@id":"https:\/\/www.gereso.com\/actualites\/#\/schema\/person\/c91814f92d627ed4715993fbbf7c7e8d","name":"Damien P\u00e9an","image":{"@type":"ImageObject","inLanguage":"fr-FR","@id":"https:\/\/www.gereso.com\/actualites\/#\/schema\/person\/image\/","url":"https:\/\/www.gereso.com\/actualites\/wp-content\/uploads\/2016\/03\/damien-pean.jpg","contentUrl":"https:\/\/www.gereso.com\/actualites\/wp-content\/uploads\/2016\/03\/damien-pean.jpg","caption":"Damien P\u00e9an"},"description":"Damien P\u00c9AN est titulaire du Dipl\u00f4me d'\u00e9tudes sup\u00e9rieures comptables et financi\u00e8res (DESCF). Il intervient depuis plusieurs ann\u00e9es aupr\u00e8s d'\u00e9tudiants en licence de comptabilit\u00e9 et de gestion, \u00e0 qui il enseigne le contr\u00f4le de gestion, la comptabilit\u00e9 approfondie, le management, la fiscalit\u00e9, le droit des soci\u00e9t\u00e9s et le droit du travail. Il intervient \u00e9galement en formation continue pour le compte de divers organismes de formation sur des th\u00e9matiques techniques en comptabilit\u00e9 et fiscalit\u00e9. Il forme aussi un public de non-initi\u00e9s aux fondamentaux de la finance.","url":"https:\/\/www.gereso.com\/actualites\/author\/d-pean\/"}]}},"_links":{"self":[{"href":"https:\/\/www.gereso.com\/actualites\/wp-json\/wp\/v2\/posts\/29925","targetHints":{"allow":["GET"]}}],"collection":[{"href":"https:\/\/www.gereso.com\/actualites\/wp-json\/wp\/v2\/posts"}],"about":[{"href":"https:\/\/www.gereso.com\/actualites\/wp-json\/wp\/v2\/types\/post"}],"author":[{"embeddable":true,"href":"https:\/\/www.gereso.com\/actualites\/wp-json\/wp\/v2\/users\/45"}],"replies":[{"embeddable":true,"href":"https:\/\/www.gereso.com\/actualites\/wp-json\/wp\/v2\/comments?post=29925"}],"version-history":[{"count":1,"href":"https:\/\/www.gereso.com\/actualites\/wp-json\/wp\/v2\/posts\/29925\/revisions"}],"predecessor-version":[{"id":29926,"href":"https:\/\/www.gereso.com\/actualites\/wp-json\/wp\/v2\/posts\/29925\/revisions\/29926"}],"wp:attachment":[{"href":"https:\/\/www.gereso.com\/actualites\/wp-json\/wp\/v2\/media?parent=29925"}],"wp:term":[{"taxonomy":"category","embeddable":true,"href":"https:\/\/www.gereso.com\/actualites\/wp-json\/wp\/v2\/categories?post=29925"},{"taxonomy":"post_tag","embeddable":true,"href":"https:\/\/www.gereso.com\/actualites\/wp-json\/wp\/v2\/tags?post=29925"}],"curies":[{"name":"wp","href":"https:\/\/api.w.org\/{rel}","templated":true}]}}