{"id":29976,"date":"2022-09-21T15:00:58","date_gmt":"2022-09-21T13:00:58","guid":{"rendered":"https:\/\/www.gereso.com\/actualites\/?p=29976"},"modified":"2022-09-21T15:01:00","modified_gmt":"2022-09-21T13:01:00","slug":"smic-minimum-garanti-revalorises-1er-aout-2022","status":"publish","type":"post","link":"https:\/\/www.gereso.com\/actualites\/2022\/09\/21\/smic-minimum-garanti-revalorises-1er-aout-2022\/","title":{"rendered":"Le SMIC et le minimum garanti sont revaloris\u00e9s de 2.01% au 1er ao\u00fbt 2022"},"content":{"rendered":"\n<p>L\u2019\u00e9volution de l\u2019indice des prix \u00e0 la consommation a conduit le gouvernement \u00e0 mettre en \u0153uvre en cours d\u2019ann\u00e9e le m\u00e9canisme de revalorisation automatique du SMIC. Le taux du SMIC augmente donc de 2,01&nbsp;% au 1er ao\u00fbt 2022, conform\u00e9ment aux r\u00e8gles pr\u00e9vues par le Code du travail. Il passe ainsi de 10,85&nbsp;\u20ac \u00e0 11,07&nbsp;\u20ac de l\u2019heure.<\/p>\n\n\n\n<h2 style=\"color:#D10016\"><strong>Nouveau taux du SMIC au 1er ao\u00fbt 2022<\/strong><\/h2>\n\n\n\n<p>Le taux horaire du SMIC brut est relev\u00e9 de 10,85\u00a0\u20ac \u00e0 11,07\u00a0\u20ac de l\u2019heure au 1er ao\u00fbt 2022, en m\u00e9tropole, dans les d\u00e9partements d\u2019outre-mer (sauf Mayotte) et dans les collectivit\u00e9s d\u2019outre-mer de Saint Barth\u00e9lemy, de Saint-Martin et de Saint-Pierre-et-Miquelon.<\/p>\n<p><a href=\"https:\/\/www.legifrance.gouv.fr\/jorf\/id\/JORFTEXT000046113517\" target=\"_blank\" rel=\"nofollow noopener\"><em>Arr\u00eat\u00e9, articles 1 et 2<\/em><\/a><\/p>\n<p>En cons\u00e9quence, le SMIC mensuel brut d\u2019un salari\u00e9 mensualis\u00e9 est, au 1er ao\u00fbt 2022 de 1 678,95\u00a0\u20ac pour un salari\u00e9 mensualis\u00e9 soumis \u00e0 une dur\u00e9e collective du travail de 35\u00a0h hebdomadaires (hausse de 33,37\u00a0\u20ac bruts).<\/p>\n<p>\u00c0 noter\u00a0: pour les jeunes salari\u00e9s de moins de 18 ans et ayant moins de 6 mois de pratique professionnelle dans la branche d\u2019activit\u00e9, le taux horaire du SMIC fait l\u2019objet d\u2019un abattement de 20\u00a0% pour les moins de 17 ans et de 10\u00a0% pour les jeunes \u00e2g\u00e9s de 17 ans \u00e0 moins de 18 ans.<\/p>\n<p><a href=\"https:\/\/www.legifrance.gouv.fr\/codes\/article_lc\/LEGIARTI000018533884\" target=\"_blank\" rel=\"nofollow noopener\"><em>Article D. 3231-3 du Code du travail<\/em><\/a><\/p>\n<p>\u00c0 Mayotte, le taux horaire du SMIC est port\u00e9 de \u00e0 8,19\u00a0\u20ac \u00e0 8,35\u00a0\u20ac au 1er ao\u00fbt 2022 (soit 1 266,42\u00a0\u20ac par mois pour un salari\u00e9 mensualis\u00e9 soumis \u00e0 une dur\u00e9e collective du travail de 35\u00a0h hebdomadaires).<\/p>\n<p><a href=\"https:\/\/www.legifrance.gouv.fr\/jorf\/article_jo\/JORFARTI000046113526\" target=\"_blank\" rel=\"nofollow noopener\" data-wplink-edit=\"true\"><em>Arr\u00eat\u00e9, article 2<\/em><\/a><\/p>\n\n\n\n<h2 style=\"color:#D10016\"><strong>Nouveau taux du minimum garanti<\/strong><\/h2>\n\n\n\n<p>Le minimum garanti est relev\u00e9 de 3,86\u00a0\u20ac \u00e0 3,94\u00a0\u20ac au 1er ao\u00fbt 2022.<\/p>\n<p><a href=\"https:\/\/www.legifrance.gouv.fr\/jorf\/article_jo\/JORFARTI000046113528\" target=\"_blank\" rel=\"nofollow noopener\"><em>Arr\u00eat\u00e9, article 3<\/em><\/a><\/p>\n<p>En mati\u00e8re d\u2019assiette des cotisations, le minimum garanti n\u2019est plus utilis\u00e9 comme r\u00e9f\u00e9rence pour les avantages en nature, \u00e0 une exception pr\u00e8s\u00a0: dans les h\u00f4tels-caf\u00e9s-restaurants, l\u2019avantage en nature repas reste \u00e9valu\u00e9 \u00e0 une fois le minimum garanti, sous r\u00e9serve des \u00e9valuations sup\u00e9rieures fix\u00e9es par accord collectif.<\/p>\n<p><a href=\"https:\/\/www.legifrance.gouv.fr\/jorf\/id\/JORFTEXT000000411480\" target=\"_blank\" rel=\"nofollow noopener\"><em>Arr\u00eat\u00e9 du 10 d\u00e9cembre 2002, article 1er modifi\u00e9 par arr\u00eat\u00e9 du 28 avril 2003, JO 23 mai<\/em><\/a><br \/><a href=\"https:\/\/www.legifrance.gouv.fr\/jorf\/article_jo\/JORFARTI000046113523\" target=\"_blank\" rel=\"nofollow noopener\" data-wplink-edit=\"true\"><em>Arr\u00eat\u00e9 du 29 juillet 2022, JO du 30, texte 42<\/em><\/a><\/p>\n\n\n","protected":false},"excerpt":{"rendered":"<p>L\u2019\u00e9volution de l\u2019indice des prix \u00e0 la consommation a conduit le gouvernement \u00e0 mettre en \u0153uvre en cours d\u2019ann\u00e9e le m\u00e9canisme de revalorisation automatique du SMIC. Le taux du SMIC augmente donc de 2,01&nbsp;% au 1er ao\u00fbt 2022, conform\u00e9ment aux r\u00e8gles pr\u00e9vues par le Code du travail. Il passe ainsi de 10,85&nbsp;\u20ac \u00e0 11,07&nbsp;\u20ac de [&hellip;]<\/p>\n","protected":false},"author":32,"featured_media":0,"comment_status":"open","ping_status":"open","sticky":false,"template":"","format":"quote","meta":{"_acf_changed":false,"_mi_skip_tracking":false,"footnotes":""},"categories":[12,5,8],"tags":[],"class_list":["post-29976","post","type-post","status-publish","format-quote","hentry","category-actualites","category-droit-du-travail","category-paie-et-administration-du-personnel","post_format-post-format-quote"],"acf":[],"yoast_head":"<!-- This site is optimized with the Yoast SEO plugin v23.4 - https:\/\/yoast.com\/wordpress\/plugins\/seo\/ -->\n<title>Le SMIC et le minimum garanti sont revaloris\u00e9s de 2.01% au 1er ao\u00fbt 2022 - Le Blog GERESO<\/title>\n<meta name=\"robots\" content=\"index, follow, max-snippet:-1, max-image-preview:large, max-video-preview:-1\" \/>\n<link rel=\"canonical\" href=\"https:\/\/www.gereso.com\/actualites\/2022\/09\/21\/smic-minimum-garanti-revalorises-1er-aout-2022\/\" \/>\n<meta property=\"og:locale\" content=\"fr_FR\" \/>\n<meta property=\"og:type\" content=\"article\" \/>\n<meta property=\"og:title\" content=\"Le SMIC et le minimum garanti sont revaloris\u00e9s de 2.01% au 1er ao\u00fbt 2022 - Le Blog GERESO\" \/>\n<meta property=\"og:description\" content=\"L\u2019\u00e9volution de l\u2019indice des prix \u00e0 la consommation a conduit le gouvernement \u00e0 mettre en \u0153uvre en cours d\u2019ann\u00e9e le m\u00e9canisme de revalorisation automatique du SMIC. Le taux du SMIC augmente donc de 2,01&nbsp;% au 1er ao\u00fbt 2022, conform\u00e9ment aux r\u00e8gles pr\u00e9vues par le Code du travail. Il passe ainsi de 10,85&nbsp;\u20ac \u00e0 11,07&nbsp;\u20ac de [&hellip;]\" \/>\n<meta property=\"og:url\" content=\"https:\/\/www.gereso.com\/actualites\/2022\/09\/21\/smic-minimum-garanti-revalorises-1er-aout-2022\/\" \/>\n<meta property=\"og:site_name\" content=\"Le Blog GERESO\" \/>\n<meta property=\"article:published_time\" content=\"2022-09-21T13:00:58+00:00\" \/>\n<meta property=\"article:modified_time\" content=\"2022-09-21T13:01:00+00:00\" \/>\n<meta name=\"author\" content=\"\u00c9quipe GERESO\" \/>\n<meta name=\"twitter:card\" content=\"summary_large_image\" \/>\n<script type=\"application\/ld+json\" class=\"yoast-schema-graph\">{\"@context\":\"https:\/\/schema.org\",\"@graph\":[{\"@type\":\"WebPage\",\"@id\":\"https:\/\/www.gereso.com\/actualites\/2022\/09\/21\/smic-minimum-garanti-revalorises-1er-aout-2022\/\",\"url\":\"https:\/\/www.gereso.com\/actualites\/2022\/09\/21\/smic-minimum-garanti-revalorises-1er-aout-2022\/\",\"name\":\"Le SMIC et le minimum garanti sont revaloris\u00e9s de 2.01% au 1er ao\u00fbt 2022 - Le Blog GERESO\",\"isPartOf\":{\"@id\":\"https:\/\/www.gereso.com\/actualites\/#website\"},\"datePublished\":\"2022-09-21T13:00:58+00:00\",\"dateModified\":\"2022-09-21T13:01:00+00:00\",\"author\":{\"@id\":\"https:\/\/www.gereso.com\/actualites\/#\/schema\/person\/197d8aef40cb4ae3f6a0aa9e1d3df2a6\"},\"breadcrumb\":{\"@id\":\"https:\/\/www.gereso.com\/actualites\/2022\/09\/21\/smic-minimum-garanti-revalorises-1er-aout-2022\/#breadcrumb\"},\"inLanguage\":\"fr-FR\",\"potentialAction\":[{\"@type\":\"ReadAction\",\"target\":[\"https:\/\/www.gereso.com\/actualites\/2022\/09\/21\/smic-minimum-garanti-revalorises-1er-aout-2022\/\"]}]},{\"@type\":\"BreadcrumbList\",\"@id\":\"https:\/\/www.gereso.com\/actualites\/2022\/09\/21\/smic-minimum-garanti-revalorises-1er-aout-2022\/#breadcrumb\",\"itemListElement\":[{\"@type\":\"ListItem\",\"position\":1,\"name\":\"Home\",\"item\":\"https:\/\/www.gereso.com\/actualites\/\"},{\"@type\":\"ListItem\",\"position\":2,\"name\":\"Le SMIC et le minimum garanti sont revaloris\u00e9s de 2.01% au 1er ao\u00fbt 2022\"}]},{\"@type\":\"WebSite\",\"@id\":\"https:\/\/www.gereso.com\/actualites\/#website\",\"url\":\"https:\/\/www.gereso.com\/actualites\/\",\"name\":\"Le Blog GERESO\",\"description\":\"Toute l&#039;actu RH, Finance, Fonction Publique, Management...\",\"potentialAction\":[{\"@type\":\"SearchAction\",\"target\":{\"@type\":\"EntryPoint\",\"urlTemplate\":\"https:\/\/www.gereso.com\/actualites\/?s={search_term_string}\"},\"query-input\":{\"@type\":\"PropertyValueSpecification\",\"valueRequired\":true,\"valueName\":\"search_term_string\"}}],\"inLanguage\":\"fr-FR\"},{\"@type\":\"Person\",\"@id\":\"https:\/\/www.gereso.com\/actualites\/#\/schema\/person\/197d8aef40cb4ae3f6a0aa9e1d3df2a6\",\"name\":\"\u00c9quipe GERESO\",\"image\":{\"@type\":\"ImageObject\",\"inLanguage\":\"fr-FR\",\"@id\":\"https:\/\/www.gereso.com\/actualites\/#\/schema\/person\/image\/\",\"url\":\"https:\/\/www.gereso.com\/actualites\/wp-content\/uploads\/2013\/12\/avatar-gereso-1.png\",\"contentUrl\":\"https:\/\/www.gereso.com\/actualites\/wp-content\/uploads\/2013\/12\/avatar-gereso-1.png\",\"caption\":\"\u00c9quipe GERESO\"},\"url\":\"https:\/\/www.gereso.com\/actualites\/author\/gereso\/\"}]}<\/script>\n<!-- \/ Yoast SEO plugin. -->","yoast_head_json":{"title":"Le SMIC et le minimum garanti sont revaloris\u00e9s de 2.01% au 1er ao\u00fbt 2022 - Le Blog GERESO","robots":{"index":"index","follow":"follow","max-snippet":"max-snippet:-1","max-image-preview":"max-image-preview:large","max-video-preview":"max-video-preview:-1"},"canonical":"https:\/\/www.gereso.com\/actualites\/2022\/09\/21\/smic-minimum-garanti-revalorises-1er-aout-2022\/","og_locale":"fr_FR","og_type":"article","og_title":"Le SMIC et le minimum garanti sont revaloris\u00e9s de 2.01% au 1er ao\u00fbt 2022 - Le Blog GERESO","og_description":"L\u2019\u00e9volution de l\u2019indice des prix \u00e0 la consommation a conduit le gouvernement \u00e0 mettre en \u0153uvre en cours d\u2019ann\u00e9e le m\u00e9canisme de revalorisation automatique du SMIC. Le taux du SMIC augmente donc de 2,01&nbsp;% au 1er ao\u00fbt 2022, conform\u00e9ment aux r\u00e8gles pr\u00e9vues par le Code du travail. Il passe ainsi de 10,85&nbsp;\u20ac \u00e0 11,07&nbsp;\u20ac de [&hellip;]","og_url":"https:\/\/www.gereso.com\/actualites\/2022\/09\/21\/smic-minimum-garanti-revalorises-1er-aout-2022\/","og_site_name":"Le Blog GERESO","article_published_time":"2022-09-21T13:00:58+00:00","article_modified_time":"2022-09-21T13:01:00+00:00","author":"\u00c9quipe GERESO","twitter_card":"summary_large_image","schema":{"@context":"https:\/\/schema.org","@graph":[{"@type":"WebPage","@id":"https:\/\/www.gereso.com\/actualites\/2022\/09\/21\/smic-minimum-garanti-revalorises-1er-aout-2022\/","url":"https:\/\/www.gereso.com\/actualites\/2022\/09\/21\/smic-minimum-garanti-revalorises-1er-aout-2022\/","name":"Le SMIC et le minimum garanti sont revaloris\u00e9s de 2.01% au 1er ao\u00fbt 2022 - Le Blog GERESO","isPartOf":{"@id":"https:\/\/www.gereso.com\/actualites\/#website"},"datePublished":"2022-09-21T13:00:58+00:00","dateModified":"2022-09-21T13:01:00+00:00","author":{"@id":"https:\/\/www.gereso.com\/actualites\/#\/schema\/person\/197d8aef40cb4ae3f6a0aa9e1d3df2a6"},"breadcrumb":{"@id":"https:\/\/www.gereso.com\/actualites\/2022\/09\/21\/smic-minimum-garanti-revalorises-1er-aout-2022\/#breadcrumb"},"inLanguage":"fr-FR","potentialAction":[{"@type":"ReadAction","target":["https:\/\/www.gereso.com\/actualites\/2022\/09\/21\/smic-minimum-garanti-revalorises-1er-aout-2022\/"]}]},{"@type":"BreadcrumbList","@id":"https:\/\/www.gereso.com\/actualites\/2022\/09\/21\/smic-minimum-garanti-revalorises-1er-aout-2022\/#breadcrumb","itemListElement":[{"@type":"ListItem","position":1,"name":"Home","item":"https:\/\/www.gereso.com\/actualites\/"},{"@type":"ListItem","position":2,"name":"Le SMIC et le minimum garanti sont revaloris\u00e9s de 2.01% au 1er ao\u00fbt 2022"}]},{"@type":"WebSite","@id":"https:\/\/www.gereso.com\/actualites\/#website","url":"https:\/\/www.gereso.com\/actualites\/","name":"Le Blog GERESO","description":"Toute l&#039;actu RH, Finance, Fonction Publique, Management...","potentialAction":[{"@type":"SearchAction","target":{"@type":"EntryPoint","urlTemplate":"https:\/\/www.gereso.com\/actualites\/?s={search_term_string}"},"query-input":{"@type":"PropertyValueSpecification","valueRequired":true,"valueName":"search_term_string"}}],"inLanguage":"fr-FR"},{"@type":"Person","@id":"https:\/\/www.gereso.com\/actualites\/#\/schema\/person\/197d8aef40cb4ae3f6a0aa9e1d3df2a6","name":"\u00c9quipe GERESO","image":{"@type":"ImageObject","inLanguage":"fr-FR","@id":"https:\/\/www.gereso.com\/actualites\/#\/schema\/person\/image\/","url":"https:\/\/www.gereso.com\/actualites\/wp-content\/uploads\/2013\/12\/avatar-gereso-1.png","contentUrl":"https:\/\/www.gereso.com\/actualites\/wp-content\/uploads\/2013\/12\/avatar-gereso-1.png","caption":"\u00c9quipe GERESO"},"url":"https:\/\/www.gereso.com\/actualites\/author\/gereso\/"}]}},"_links":{"self":[{"href":"https:\/\/www.gereso.com\/actualites\/wp-json\/wp\/v2\/posts\/29976","targetHints":{"allow":["GET"]}}],"collection":[{"href":"https:\/\/www.gereso.com\/actualites\/wp-json\/wp\/v2\/posts"}],"about":[{"href":"https:\/\/www.gereso.com\/actualites\/wp-json\/wp\/v2\/types\/post"}],"author":[{"embeddable":true,"href":"https:\/\/www.gereso.com\/actualites\/wp-json\/wp\/v2\/users\/32"}],"replies":[{"embeddable":true,"href":"https:\/\/www.gereso.com\/actualites\/wp-json\/wp\/v2\/comments?post=29976"}],"version-history":[{"count":5,"href":"https:\/\/www.gereso.com\/actualites\/wp-json\/wp\/v2\/posts\/29976\/revisions"}],"predecessor-version":[{"id":30105,"href":"https:\/\/www.gereso.com\/actualites\/wp-json\/wp\/v2\/posts\/29976\/revisions\/30105"}],"wp:attachment":[{"href":"https:\/\/www.gereso.com\/actualites\/wp-json\/wp\/v2\/media?parent=29976"}],"wp:term":[{"taxonomy":"category","embeddable":true,"href":"https:\/\/www.gereso.com\/actualites\/wp-json\/wp\/v2\/categories?post=29976"},{"taxonomy":"post_tag","embeddable":true,"href":"https:\/\/www.gereso.com\/actualites\/wp-json\/wp\/v2\/tags?post=29976"}],"curies":[{"name":"wp","href":"https:\/\/api.w.org\/{rel}","templated":true}]}}