{"id":30017,"date":"2022-09-22T09:39:53","date_gmt":"2022-09-22T07:39:53","guid":{"rendered":"https:\/\/www.gereso.com\/actualites\/?p=30017"},"modified":"2022-09-22T09:39:55","modified_gmt":"2022-09-22T07:39:55","slug":"extension-conge-proche-aidant-nouveaux-beneficiaires-entree-vigueur-1er-juillet-2022","status":"publish","type":"post","link":"https:\/\/www.gereso.com\/actualites\/2022\/09\/22\/extension-conge-proche-aidant-nouveaux-beneficiaires-entree-vigueur-1er-juillet-2022\/","title":{"rendered":"L&rsquo;extension du cong\u00e9 de proche aidant \u00e0 de nouveaux b\u00e9n\u00e9ficiaires est entr\u00e9e en vigueur le 1er juillet 2022"},"content":{"rendered":"\n<h2 style=\"color:#D10016\"><strong>L\u2019\u00e9largissement des b\u00e9n\u00e9ficiaires du cong\u00e9 par la LFSS 2022<\/strong><\/h2>\n\n\n\n<p>Un salari\u00e9 peut prendre un cong\u00e9 de proche aidant lorsqu\u2019un de ses proches pr\u00e9sente un handicap ou une perte d\u2019autonomie (conjoint, enfant \u00e0 charge, fr\u00e8re, s\u0153ur, ascendant, descendant, etc.).<\/p>\n<p><a href=\"https:\/\/www.legifrance.gouv.fr\/codes\/article_lc\/LEGIARTI000006902684\/2008-05-01#:~:text=Tout%20salari%C3%A9%20dont%20un%20ascendant,des%20conditions%20d%C3%A9termin%C3%A9es%20par%20d%C3%A9cret.\" target=\"_blank\" rel=\"nofollow noopener\"><em>Article L. 3142-16 du Code du travail<\/em><\/a><\/p>\n<p>\u00c0 l\u2019origine, le cong\u00e9 ne pouvait \u00eatre demand\u00e9 que si le handicap ou la perte d\u2019autonomie du proche aid\u00e9 \u00e9tait d\u2019une \u00ab\u00a0particuli\u00e8re gravit\u00e9\u00a0\u00bb. La loi de financement de la S\u00e9curit\u00e9 sociale (LFSS) pour 2022 a supprim\u00e9 la r\u00e9f\u00e9rence \u00e0 la \u00ab\u00a0particuli\u00e8re gravit\u00e9\u00a0\u00bb du handicap ou de la perte d\u2019autonomie de la personne aid\u00e9e, permettant ainsi \u00e9largir le champ des b\u00e9n\u00e9ficiaires potentiels du cong\u00e9.<\/p>\n<p><a href=\"https:\/\/www.legifrance.gouv.fr\/codes\/article_lc\/LEGIARTI000006902684\/2008-05-01#:~:text=Tout%20salari%C3%A9%20dont%20un%20ascendant,des%20conditions%20d%C3%A9termin%C3%A9es%20par%20d%C3%A9cret.\" target=\"_blank\" rel=\"nofollow noopener\"><em>Article L. 3142-16 modifi\u00e9 du Code du travail<\/em><\/a><br \/><em><a href=\"https:\/\/www.legifrance.gouv.fr\/jorf\/article_jo\/JORFARTI000044553512\" target=\"_blank\" rel=\"nofollow noopener\">Loi n\u00b0\u00a02021-1754 du 23 d\u00e9cembre 2021, article 54, II, 1\u00b0<\/a><\/em><\/p>\n<p>Selon l\u2019expos\u00e9 des motifs de l\u2019amendement \u00e0 l\u2019origine de cette mesure, l\u2019\u00e9largissement visait\u00a0:<\/p>\n<ul>\n<li>Les proches de personnes aid\u00e9es \u00ab\u00a0dont le handicap ou la perte d\u2019autonomie peut, sans \u00eatre d\u2019une particuli\u00e8re gravit\u00e9, n\u00e9cessiter une aide r\u00e9guli\u00e8re, en particulier les aidants de personnes \u00e2g\u00e9es class\u00e9es en GIR 4 et b\u00e9n\u00e9ficiaires de l\u2019APA\u00a0\u00bb.<\/li>\n<li>Ou encore les \u00ab\u00a0aidants de personnes invalides ou b\u00e9n\u00e9ficiaires de rentes d\u2019accident du travail et de maladie professionnelle et b\u00e9n\u00e9ficiaires \u00e0 ce titre de la majoration pour tierce personne ou de la prestation compl\u00e9mentaire de recours \u00e0 une tierce personne (et qui ne peuvent accomplir seuls certains actes de la vie quotidienne)\u00a0\u00bb.<\/li>\n<\/ul>\n<p>Cette mesure devait entrer en vigueur \u00e0 une date \u00e0 pr\u00e9ciser par d\u00e9cret, qui vient d\u2019\u00eatre fix\u00e9e au 1er juillet 2022.<\/p>\n<p><em><a href=\"https:\/\/www.legifrance.gouv.fr\/jorf\/article_jo\/JORFARTI000046081691\" target=\"_blank\" rel=\"nofollow noopener\">D\u00e9cret n\u00b0\u00a02022-1037 du 22 juillet 2022, article 3<\/a><\/em><\/p>\n\n\n\n<h2 style=\"color:#D10016\"><strong>Adaptation de la liste des justificatifs \u00e0 transmettre \u00e0 l\u2019employeur<\/strong><\/h2>\n\n\n\n<p>Dans le prolongement de la LFSS 2022, un d\u00e9cret publi\u00e9 au JO du 23 juillet 2022 adapte les dispositions des parties r\u00e9glementaires du Code du travail.<\/p>\n<p>Les salari\u00e9s aidants de proches b\u00e9n\u00e9ficiaires de l\u2019allocation personnalis\u00e9e d\u2019autonomie (APA) doivent fournir \u00e0 leur employeur diverses pi\u00e8ces lorsqu\u2019ils demandent le b\u00e9n\u00e9fice du cong\u00e9, parmi lesquelles une copie de la d\u00e9cision d&rsquo;attribution de l&rsquo;APA. L\u2019exigence selon laquelle il devait s\u2019agir d\u2019une d\u00e9cision d\u2019attribution au titre d\u2019un classement en GIR 1, 2 ou 3 (GIR\u00a0: Groupe Iso Ressources) est supprim\u00e9e, en coh\u00e9rence avec l\u2019extension du b\u00e9n\u00e9fice du cong\u00e9 aux aidants de tous les b\u00e9n\u00e9ficiaires de l\u2019APA, y inclus ceux class\u00e9s en GIR 4.<\/p>\n<p><a href=\"https:\/\/www.legifrance.gouv.fr\/jorf\/article_jo\/JORFARTI000046081681\" target=\"_blank\" rel=\"nofollow noopener\"><em>Article D. 3142-8, 4\u00b0 modifi\u00e9 du Code du travail, d\u00e9cret n\u00b0\u00a02022-1037 du 22 juillet 2022, article 2<\/em><\/a><\/p>\n<p>Compte tenu des autres extensions du cong\u00e9, les salari\u00e9s peuvent \u00e9galement \u00eatre amen\u00e9s \u00e0 fournir, selon la prestation dont b\u00e9n\u00e9ficie le proche aid\u00e9, une copie de la d\u00e9cision d\u2019attribution d\u2019une des prestations suivantes, lesquelles attestent de fait de la n\u00e9cessit\u00e9 du recours \u00e0 une tierce personne.<\/p>\n<p><a href=\"https:\/\/www.legifrance.gouv.fr\/jorf\/article_jo\/JORFARTI000046081681\" target=\"_blank\" rel=\"nofollow noopener\"><em>Article D. 3142-8, 5\u00b0 modifi\u00e9 du Code du travail, d\u00e9cret n\u00b0 2022-1037 du 22 juillet 2022, article 2<\/em><\/a><\/p>\n<p>\u00a0<\/p>\n<ul>\n<li>1) Du c\u00f4t\u00e9 des prestations du r\u00e9gime g\u00e9n\u00e9ral\u00a0:\n<ul>\n<li>La majoration pour aide constante d&rsquo;une tierce personne dont b\u00e9n\u00e9ficient certains titulaires de pensions d\u2019invalidit\u00e9 ou de retraite (<a href=\"https:\/\/www.legifrance.gouv.fr\/codes\/article_lc\/LEGIARTI000006742685\/\" target=\"_blank\" rel=\"nofollow noopener\"><em>Article L. 355- 1 du Code de la S\u00e9curit\u00e9 sociale<\/em><\/a>).<\/li>\n<li>La prestation compl\u00e9mentaire pour recours \u00e0 tierce personne, attribu\u00e9e \u00e0 certaines victimes d\u2019accidents du travail ou de maladies professionnelles (<em><a href=\"https:\/\/www.legifrance.gouv.fr\/codes\/article_lc\/LEGIARTI000031688407\/#:~:text=La%20victime%20titulaire%20d%27une,actes%20ordinaires%20de%20la%20vie.\" target=\"_blank\" rel=\"nofollow noopener\">Article L. 434-2, al. du Code de la S\u00e9curit\u00e9 sociale)<\/a><\/em><\/li>\n<\/ul>\n<\/li>\n<\/ul>\n<ul>\n<li>2) Du c\u00f4t\u00e9 du secteur public :\n<ul>\n<li>Majoration sp\u00e9ciale pour assistance d&rsquo;une tierce personne (<a href=\"https:\/\/www.legifrance.gouv.fr\/codes\/article_lc\/LEGIARTI000028498346\" target=\"_blank\" rel=\"nofollow noopener\"><em>Article L. 30 bis du Code des pensions civiles et militaires de retraites, article 34 du d\u00e9cret n\u00b0 2003-1306 du 26 d\u00e9cembre 2003 <\/em><\/a><em>relatif au r\u00e9gime de retraite des fonctionnaires affili\u00e9s \u00e0 la CNRACL).<\/em><\/li>\n<li>Majoration attribu\u00e9e aux invalides absolument incapables d\u2019exercer une profession et ayant besoin de recourir \u00e0 une tierce personne (<a href=\"https:\/\/www.legifrance.gouv.fr\/codes\/article_lc\/LEGIARTI000045351365\" target=\"_blank\" rel=\"nofollow noopener\"><em>Article D. 712-15, 3\u00b0 du Code de la S\u00e9curit\u00e9 sociale 6,3\u00b0, V du d\u00e9cret n\u00b0\u00a060-58 du 11 janvier 1960 <\/em><\/a><em>relatif au r\u00e9gime de S\u00e9curit\u00e9 sociale des agents permanents des d\u00e9partements, des communes et de leurs \u00e9tablissements publics n&rsquo;ayant pas le caract\u00e8re industriel ou commercial).<\/em><\/li>\n<li>Majoration mentionn\u00e9e \u00e0 l&rsquo;<em><a href=\"https:\/\/www.legifrance.gouv.fr\/codes\/article_lc\/LEGIARTI000031711207\/#:~:text=Les%20invalides%20que%20leurs%20infirmit%C3%A9s,%C3%A9gale%20au%20quart%20de%20la\" target=\"_blank\" rel=\"nofollow noopener\">article L. 133-1 du Code des pensions militaires d&rsquo;invalidit\u00e9 et des victimes de guerre.<\/a><\/em><\/li>\n<\/ul>\n<\/li>\n<\/ul>\n\n\n\n<p><article class=\"obj_encart-formation\">\n<div class=\"ctn_encart\">\n<h3>Votre formation sur ce th\u00e8me<\/h3>\n<h2>&nbsp;DUREE DU TRAVAIL&nbsp;<\/h2>\n<h4>2 jours &#8211; En pr\u00e9sentiel ou \u00e0 distance<\/h4>\n<ul> \n<li><strong>D\u00e9finir les obligations <\/strong> de l&#8217;employeur en mati\u00e8re de dur\u00e9e du travail.<\/li>\n<li><strong>Adapter la dur\u00e9e du travail <\/strong>aux souhaits et aux contraintes de l&rsquo;entreprise.<\/li>\n<li><strong>S&rsquo;assurer de la bonne application des r\u00e8gles <\/strong>en mati\u00e8re de contr\u00f4le horaire des salari\u00e9s.<\/li>\n<li><strong>Int\u00e9grer les derni\u00e8res \u00e9volutions <\/strong> en mati\u00e8re de dur\u00e9e du travail.<\/li>\n<\/ul>\n<div class=\"ctn_btn\">\n<a class=\"obj_btn\" target=\"_blank\" href=\"https:\/\/www.gereso.com\/RGTW\" rel=\"noopener\"><span>Inscription gratuite<\/span><\/a>\n<a class=\"obj_btn\" target=\"_blank\" href=\"https:\/\/www.gereso.com\/client\/programme-pdf\/RGTW.pdf\" rel=\"noopener\"><span>T\u00e9l\u00e9charger le programme PDF<\/span><\/a>\n<\/div>\n<\/div>\n<\/article><\/p>\n\n\n\n<h2 style=\"color:#D10016\"><strong>C\u00f4t\u00e9 demande d\u2019allocation journali\u00e8re de proche aidant par les salari\u00e9s<\/strong><\/h2>\n\n\n\n<p>Le d\u00e9cret am\u00e9nage aussi la liste des justificatifs \u00e0 produire par les salari\u00e9s \u00e0 l&rsquo;occasion de la demande d\u2019allocation journali\u00e8re de proche aidant (AJPA). Lors de leur demande d\u2019AJPA aupr\u00e8s de la S\u00e9curit\u00e9 sociale, les salari\u00e9s n\u2019ont pas \u00e0 joindre la copie de la d\u00e9cision d\u2019attribution de la prestation dont b\u00e9n\u00e9ficie le proche aid\u00e9 (APA, majoration pour tierce personne, etc.).<\/p>\n<p><a href=\"https:\/\/www.legifrance.gouv.fr\/jorf\/article_jo\/JORFARTI000046081667\"><em>D\u00e9cret n\u00b0\u00a02022-1037 du 22 juillet 2022, article 1, 1\u00b0, article D. 168-11 modifi\u00e9 du Code de la S\u00e9curit\u00e9 sociale<\/em><\/a>\n<p>Ce faisant, la r\u00e9glementation nouvelle exige simplement que ce document soit transmis \u00e0 l&#8217;employeur \u00e0 l&rsquo;occasion de la demande de cong\u00e9. Par exception, les VRP et les salari\u00e9s des particuliers employeurs restent tenus de produire les copies des d\u00e9cisions d\u2019attribution de la prestation dont b\u00e9n\u00e9ficie le proche aid\u00e9.<\/p>\n\n\n\n<h2 style=\"color:#D10016\"><strong>Entr\u00e9e en vigueur<\/strong><\/h2>\n\n\n\n<p>Ces nouvelles dispositions s\u2019appliquent aux droits ouverts et aux prestations dues \u00e0 compter du 1er juillet 2022.<\/p>\n<p><a href=\"https:\/\/www.legifrance.gouv.fr\/jorf\/article_jo\/JORFARTI000046081691\" target=\"_blank\" rel=\"nofollow noopener\"><em>D\u00e9cret n\u00b0\u00a02022-1037 du 22 juillet 2022, article 3<\/em><\/a><br \/><a href=\"https:\/\/www.legifrance.gouv.fr\/jorf\/id\/JORFTEXT000046081655#:~:text=Notice%20%3A%20le%20d%C3%A9cret%20%C3%A9largit%20le,ces%20nouvelles%20cat%C3%A9gories%20de%20b%C3%A9n%C3%A9ficiaires.\" target=\"_blank\" rel=\"nofollow noopener\" data-wplink-edit=\"true\"><em>D\u00e9cret n\u00b0\u00a02022-1037 du 22 juillet 2022, JO du 23<\/em><\/a><\/p>\n","protected":false},"excerpt":{"rendered":"<p>L\u2019\u00e9largissement des b\u00e9n\u00e9ficiaires du cong\u00e9 par la LFSS 2022 Un salari\u00e9 peut prendre un cong\u00e9 de proche aidant lorsqu\u2019un de ses proches pr\u00e9sente un handicap ou une perte d\u2019autonomie (conjoint, enfant \u00e0 charge, fr\u00e8re, s\u0153ur, ascendant, descendant, etc.). Article L. 3142-16 du Code du travail \u00c0 l\u2019origine, le cong\u00e9 ne pouvait \u00eatre demand\u00e9 que si [&hellip;]<\/p>\n","protected":false},"author":32,"featured_media":30066,"comment_status":"open","ping_status":"open","sticky":false,"template":"","format":"standard","meta":{"_acf_changed":false,"_mi_skip_tracking":false,"footnotes":""},"categories":[12,5],"tags":[],"class_list":["post-30017","post","type-post","status-publish","format-standard","has-post-thumbnail","hentry","category-actualites","category-droit-du-travail"],"acf":[],"yoast_head":"<!-- This site is optimized with the Yoast SEO plugin v23.4 - https:\/\/yoast.com\/wordpress\/plugins\/seo\/ -->\n<title>L&rsquo;extension du cong\u00e9 de proche aidant \u00e0 de nouveaux b\u00e9n\u00e9ficiaires est entr\u00e9e en vigueur le 1er juillet 2022 - Le Blog GERESO<\/title>\n<meta name=\"robots\" content=\"index, follow, max-snippet:-1, max-image-preview:large, max-video-preview:-1\" \/>\n<link rel=\"canonical\" href=\"https:\/\/www.gereso.com\/actualites\/2022\/09\/22\/extension-conge-proche-aidant-nouveaux-beneficiaires-entree-vigueur-1er-juillet-2022\/\" \/>\n<meta property=\"og:locale\" content=\"fr_FR\" \/>\n<meta property=\"og:type\" content=\"article\" \/>\n<meta property=\"og:title\" content=\"L&rsquo;extension du cong\u00e9 de proche aidant \u00e0 de nouveaux b\u00e9n\u00e9ficiaires est entr\u00e9e en vigueur le 1er juillet 2022 - Le Blog GERESO\" \/>\n<meta property=\"og:description\" content=\"L\u2019\u00e9largissement des b\u00e9n\u00e9ficiaires du cong\u00e9 par la LFSS 2022 Un salari\u00e9 peut prendre un cong\u00e9 de proche aidant lorsqu\u2019un de ses proches pr\u00e9sente un handicap ou une perte d\u2019autonomie (conjoint, enfant \u00e0 charge, fr\u00e8re, s\u0153ur, ascendant, descendant, etc.). Article L. 3142-16 du Code du travail \u00c0 l\u2019origine, le cong\u00e9 ne pouvait \u00eatre demand\u00e9 que si [&hellip;]\" \/>\n<meta property=\"og:url\" content=\"https:\/\/www.gereso.com\/actualites\/2022\/09\/22\/extension-conge-proche-aidant-nouveaux-beneficiaires-entree-vigueur-1er-juillet-2022\/\" \/>\n<meta property=\"og:site_name\" content=\"Le Blog GERESO\" \/>\n<meta property=\"article:published_time\" content=\"2022-09-22T07:39:53+00:00\" \/>\n<meta property=\"article:modified_time\" content=\"2022-09-22T07:39:55+00:00\" \/>\n<meta property=\"og:image\" content=\"https:\/\/www.gereso.com\/actualites\/wp-content\/uploads\/2022\/09\/extension-conge-proche-viguur-1er-juille-2022.jpg\" \/>\n\t<meta property=\"og:image:width\" content=\"600\" \/>\n\t<meta property=\"og:image:height\" content=\"400\" \/>\n\t<meta property=\"og:image:type\" content=\"image\/jpeg\" \/>\n<meta name=\"author\" content=\"\u00c9quipe GERESO\" \/>\n<meta name=\"twitter:card\" content=\"summary_large_image\" \/>\n<script type=\"application\/ld+json\" class=\"yoast-schema-graph\">{\"@context\":\"https:\/\/schema.org\",\"@graph\":[{\"@type\":\"WebPage\",\"@id\":\"https:\/\/www.gereso.com\/actualites\/2022\/09\/22\/extension-conge-proche-aidant-nouveaux-beneficiaires-entree-vigueur-1er-juillet-2022\/\",\"url\":\"https:\/\/www.gereso.com\/actualites\/2022\/09\/22\/extension-conge-proche-aidant-nouveaux-beneficiaires-entree-vigueur-1er-juillet-2022\/\",\"name\":\"L&rsquo;extension du cong\u00e9 de proche aidant \u00e0 de nouveaux b\u00e9n\u00e9ficiaires est entr\u00e9e en vigueur le 1er juillet 2022 - Le Blog GERESO\",\"isPartOf\":{\"@id\":\"https:\/\/www.gereso.com\/actualites\/#website\"},\"primaryImageOfPage\":{\"@id\":\"https:\/\/www.gereso.com\/actualites\/2022\/09\/22\/extension-conge-proche-aidant-nouveaux-beneficiaires-entree-vigueur-1er-juillet-2022\/#primaryimage\"},\"image\":{\"@id\":\"https:\/\/www.gereso.com\/actualites\/2022\/09\/22\/extension-conge-proche-aidant-nouveaux-beneficiaires-entree-vigueur-1er-juillet-2022\/#primaryimage\"},\"thumbnailUrl\":\"https:\/\/www.gereso.com\/actualites\/wp-content\/uploads\/2022\/09\/extension-conge-proche-viguur-1er-juille-2022.jpg\",\"datePublished\":\"2022-09-22T07:39:53+00:00\",\"dateModified\":\"2022-09-22T07:39:55+00:00\",\"author\":{\"@id\":\"https:\/\/www.gereso.com\/actualites\/#\/schema\/person\/197d8aef40cb4ae3f6a0aa9e1d3df2a6\"},\"breadcrumb\":{\"@id\":\"https:\/\/www.gereso.com\/actualites\/2022\/09\/22\/extension-conge-proche-aidant-nouveaux-beneficiaires-entree-vigueur-1er-juillet-2022\/#breadcrumb\"},\"inLanguage\":\"fr-FR\",\"potentialAction\":[{\"@type\":\"ReadAction\",\"target\":[\"https:\/\/www.gereso.com\/actualites\/2022\/09\/22\/extension-conge-proche-aidant-nouveaux-beneficiaires-entree-vigueur-1er-juillet-2022\/\"]}]},{\"@type\":\"ImageObject\",\"inLanguage\":\"fr-FR\",\"@id\":\"https:\/\/www.gereso.com\/actualites\/2022\/09\/22\/extension-conge-proche-aidant-nouveaux-beneficiaires-entree-vigueur-1er-juillet-2022\/#primaryimage\",\"url\":\"https:\/\/www.gereso.com\/actualites\/wp-content\/uploads\/2022\/09\/extension-conge-proche-viguur-1er-juille-2022.jpg\",\"contentUrl\":\"https:\/\/www.gereso.com\/actualites\/wp-content\/uploads\/2022\/09\/extension-conge-proche-viguur-1er-juille-2022.jpg\",\"width\":600,\"height\":400,\"caption\":\"L\u2019extension du cong\u00e9 de proche aidant \u00e0 de nouveaux b\u00e9n\u00e9ficiaires est entr\u00e9e en vigueur le 1er juillet 2022\"},{\"@type\":\"BreadcrumbList\",\"@id\":\"https:\/\/www.gereso.com\/actualites\/2022\/09\/22\/extension-conge-proche-aidant-nouveaux-beneficiaires-entree-vigueur-1er-juillet-2022\/#breadcrumb\",\"itemListElement\":[{\"@type\":\"ListItem\",\"position\":1,\"name\":\"Home\",\"item\":\"https:\/\/www.gereso.com\/actualites\/\"},{\"@type\":\"ListItem\",\"position\":2,\"name\":\"L&rsquo;extension du cong\u00e9 de proche aidant \u00e0 de nouveaux b\u00e9n\u00e9ficiaires est entr\u00e9e en vigueur le 1er juillet 2022\"}]},{\"@type\":\"WebSite\",\"@id\":\"https:\/\/www.gereso.com\/actualites\/#website\",\"url\":\"https:\/\/www.gereso.com\/actualites\/\",\"name\":\"Le Blog GERESO\",\"description\":\"Toute l&#039;actu RH, Finance, Fonction Publique, Management...\",\"potentialAction\":[{\"@type\":\"SearchAction\",\"target\":{\"@type\":\"EntryPoint\",\"urlTemplate\":\"https:\/\/www.gereso.com\/actualites\/?s={search_term_string}\"},\"query-input\":{\"@type\":\"PropertyValueSpecification\",\"valueRequired\":true,\"valueName\":\"search_term_string\"}}],\"inLanguage\":\"fr-FR\"},{\"@type\":\"Person\",\"@id\":\"https:\/\/www.gereso.com\/actualites\/#\/schema\/person\/197d8aef40cb4ae3f6a0aa9e1d3df2a6\",\"name\":\"\u00c9quipe GERESO\",\"image\":{\"@type\":\"ImageObject\",\"inLanguage\":\"fr-FR\",\"@id\":\"https:\/\/www.gereso.com\/actualites\/#\/schema\/person\/image\/\",\"url\":\"https:\/\/www.gereso.com\/actualites\/wp-content\/uploads\/2013\/12\/avatar-gereso-1.png\",\"contentUrl\":\"https:\/\/www.gereso.com\/actualites\/wp-content\/uploads\/2013\/12\/avatar-gereso-1.png\",\"caption\":\"\u00c9quipe GERESO\"},\"url\":\"https:\/\/www.gereso.com\/actualites\/author\/gereso\/\"}]}<\/script>\n<!-- \/ Yoast SEO plugin. -->","yoast_head_json":{"title":"L&rsquo;extension du cong\u00e9 de proche aidant \u00e0 de nouveaux b\u00e9n\u00e9ficiaires est entr\u00e9e en vigueur le 1er juillet 2022 - Le Blog GERESO","robots":{"index":"index","follow":"follow","max-snippet":"max-snippet:-1","max-image-preview":"max-image-preview:large","max-video-preview":"max-video-preview:-1"},"canonical":"https:\/\/www.gereso.com\/actualites\/2022\/09\/22\/extension-conge-proche-aidant-nouveaux-beneficiaires-entree-vigueur-1er-juillet-2022\/","og_locale":"fr_FR","og_type":"article","og_title":"L&rsquo;extension du cong\u00e9 de proche aidant \u00e0 de nouveaux b\u00e9n\u00e9ficiaires est entr\u00e9e en vigueur le 1er juillet 2022 - Le Blog GERESO","og_description":"L\u2019\u00e9largissement des b\u00e9n\u00e9ficiaires du cong\u00e9 par la LFSS 2022 Un salari\u00e9 peut prendre un cong\u00e9 de proche aidant lorsqu\u2019un de ses proches pr\u00e9sente un handicap ou une perte d\u2019autonomie (conjoint, enfant \u00e0 charge, fr\u00e8re, s\u0153ur, ascendant, descendant, etc.). Article L. 3142-16 du Code du travail \u00c0 l\u2019origine, le cong\u00e9 ne pouvait \u00eatre demand\u00e9 que si [&hellip;]","og_url":"https:\/\/www.gereso.com\/actualites\/2022\/09\/22\/extension-conge-proche-aidant-nouveaux-beneficiaires-entree-vigueur-1er-juillet-2022\/","og_site_name":"Le Blog GERESO","article_published_time":"2022-09-22T07:39:53+00:00","article_modified_time":"2022-09-22T07:39:55+00:00","og_image":[{"width":600,"height":400,"url":"https:\/\/www.gereso.com\/actualites\/wp-content\/uploads\/2022\/09\/extension-conge-proche-viguur-1er-juille-2022.jpg","type":"image\/jpeg"}],"author":"\u00c9quipe GERESO","twitter_card":"summary_large_image","schema":{"@context":"https:\/\/schema.org","@graph":[{"@type":"WebPage","@id":"https:\/\/www.gereso.com\/actualites\/2022\/09\/22\/extension-conge-proche-aidant-nouveaux-beneficiaires-entree-vigueur-1er-juillet-2022\/","url":"https:\/\/www.gereso.com\/actualites\/2022\/09\/22\/extension-conge-proche-aidant-nouveaux-beneficiaires-entree-vigueur-1er-juillet-2022\/","name":"L&rsquo;extension du cong\u00e9 de proche aidant \u00e0 de nouveaux b\u00e9n\u00e9ficiaires est entr\u00e9e en vigueur le 1er juillet 2022 - Le Blog GERESO","isPartOf":{"@id":"https:\/\/www.gereso.com\/actualites\/#website"},"primaryImageOfPage":{"@id":"https:\/\/www.gereso.com\/actualites\/2022\/09\/22\/extension-conge-proche-aidant-nouveaux-beneficiaires-entree-vigueur-1er-juillet-2022\/#primaryimage"},"image":{"@id":"https:\/\/www.gereso.com\/actualites\/2022\/09\/22\/extension-conge-proche-aidant-nouveaux-beneficiaires-entree-vigueur-1er-juillet-2022\/#primaryimage"},"thumbnailUrl":"https:\/\/www.gereso.com\/actualites\/wp-content\/uploads\/2022\/09\/extension-conge-proche-viguur-1er-juille-2022.jpg","datePublished":"2022-09-22T07:39:53+00:00","dateModified":"2022-09-22T07:39:55+00:00","author":{"@id":"https:\/\/www.gereso.com\/actualites\/#\/schema\/person\/197d8aef40cb4ae3f6a0aa9e1d3df2a6"},"breadcrumb":{"@id":"https:\/\/www.gereso.com\/actualites\/2022\/09\/22\/extension-conge-proche-aidant-nouveaux-beneficiaires-entree-vigueur-1er-juillet-2022\/#breadcrumb"},"inLanguage":"fr-FR","potentialAction":[{"@type":"ReadAction","target":["https:\/\/www.gereso.com\/actualites\/2022\/09\/22\/extension-conge-proche-aidant-nouveaux-beneficiaires-entree-vigueur-1er-juillet-2022\/"]}]},{"@type":"ImageObject","inLanguage":"fr-FR","@id":"https:\/\/www.gereso.com\/actualites\/2022\/09\/22\/extension-conge-proche-aidant-nouveaux-beneficiaires-entree-vigueur-1er-juillet-2022\/#primaryimage","url":"https:\/\/www.gereso.com\/actualites\/wp-content\/uploads\/2022\/09\/extension-conge-proche-viguur-1er-juille-2022.jpg","contentUrl":"https:\/\/www.gereso.com\/actualites\/wp-content\/uploads\/2022\/09\/extension-conge-proche-viguur-1er-juille-2022.jpg","width":600,"height":400,"caption":"L\u2019extension du cong\u00e9 de proche aidant \u00e0 de nouveaux b\u00e9n\u00e9ficiaires est entr\u00e9e en vigueur le 1er juillet 2022"},{"@type":"BreadcrumbList","@id":"https:\/\/www.gereso.com\/actualites\/2022\/09\/22\/extension-conge-proche-aidant-nouveaux-beneficiaires-entree-vigueur-1er-juillet-2022\/#breadcrumb","itemListElement":[{"@type":"ListItem","position":1,"name":"Home","item":"https:\/\/www.gereso.com\/actualites\/"},{"@type":"ListItem","position":2,"name":"L&rsquo;extension du cong\u00e9 de proche aidant \u00e0 de nouveaux b\u00e9n\u00e9ficiaires est entr\u00e9e en vigueur le 1er juillet 2022"}]},{"@type":"WebSite","@id":"https:\/\/www.gereso.com\/actualites\/#website","url":"https:\/\/www.gereso.com\/actualites\/","name":"Le Blog GERESO","description":"Toute l&#039;actu RH, Finance, Fonction Publique, Management...","potentialAction":[{"@type":"SearchAction","target":{"@type":"EntryPoint","urlTemplate":"https:\/\/www.gereso.com\/actualites\/?s={search_term_string}"},"query-input":{"@type":"PropertyValueSpecification","valueRequired":true,"valueName":"search_term_string"}}],"inLanguage":"fr-FR"},{"@type":"Person","@id":"https:\/\/www.gereso.com\/actualites\/#\/schema\/person\/197d8aef40cb4ae3f6a0aa9e1d3df2a6","name":"\u00c9quipe GERESO","image":{"@type":"ImageObject","inLanguage":"fr-FR","@id":"https:\/\/www.gereso.com\/actualites\/#\/schema\/person\/image\/","url":"https:\/\/www.gereso.com\/actualites\/wp-content\/uploads\/2013\/12\/avatar-gereso-1.png","contentUrl":"https:\/\/www.gereso.com\/actualites\/wp-content\/uploads\/2013\/12\/avatar-gereso-1.png","caption":"\u00c9quipe GERESO"},"url":"https:\/\/www.gereso.com\/actualites\/author\/gereso\/"}]}},"_links":{"self":[{"href":"https:\/\/www.gereso.com\/actualites\/wp-json\/wp\/v2\/posts\/30017","targetHints":{"allow":["GET"]}}],"collection":[{"href":"https:\/\/www.gereso.com\/actualites\/wp-json\/wp\/v2\/posts"}],"about":[{"href":"https:\/\/www.gereso.com\/actualites\/wp-json\/wp\/v2\/types\/post"}],"author":[{"embeddable":true,"href":"https:\/\/www.gereso.com\/actualites\/wp-json\/wp\/v2\/users\/32"}],"replies":[{"embeddable":true,"href":"https:\/\/www.gereso.com\/actualites\/wp-json\/wp\/v2\/comments?post=30017"}],"version-history":[{"count":27,"href":"https:\/\/www.gereso.com\/actualites\/wp-json\/wp\/v2\/posts\/30017\/revisions"}],"predecessor-version":[{"id":30143,"href":"https:\/\/www.gereso.com\/actualites\/wp-json\/wp\/v2\/posts\/30017\/revisions\/30143"}],"wp:featuredmedia":[{"embeddable":true,"href":"https:\/\/www.gereso.com\/actualites\/wp-json\/wp\/v2\/media\/30066"}],"wp:attachment":[{"href":"https:\/\/www.gereso.com\/actualites\/wp-json\/wp\/v2\/media?parent=30017"}],"wp:term":[{"taxonomy":"category","embeddable":true,"href":"https:\/\/www.gereso.com\/actualites\/wp-json\/wp\/v2\/categories?post=30017"},{"taxonomy":"post_tag","embeddable":true,"href":"https:\/\/www.gereso.com\/actualites\/wp-json\/wp\/v2\/tags?post=30017"}],"curies":[{"name":"wp","href":"https:\/\/api.w.org\/{rel}","templated":true}]}}