{"id":30136,"date":"2022-09-27T11:34:53","date_gmt":"2022-09-27T09:34:53","guid":{"rendered":"https:\/\/www.gereso.com\/actualites\/?p=30136"},"modified":"2022-09-27T11:34:55","modified_gmt":"2022-09-27T09:34:55","slug":"impot-sur-le-revenu-bareme-2023","status":"publish","type":"post","link":"https:\/\/www.gereso.com\/actualites\/2022\/09\/27\/impot-sur-le-revenu-bareme-2023\/","title":{"rendered":"Imp\u00f4t sur le revenu\u00a0: bar\u00e8me 2023"},"content":{"rendered":"\n<p>L\u2019article 2 du <strong>projet de loi de finances pour 2023<\/strong> (PLF 2023) revalorise les tranches du bar\u00e8me de l\u2019imp\u00f4t sur le revenu de <strong>5,4%<\/strong>.<\/p>\n<h2><strong>Revalorisation du bar\u00e8me de 5,4%<\/strong><\/h2>\n<p>Chaque ann\u00e9e, les tranches du bar\u00e8me de l\u2019imp\u00f4t sur le revenu sont rehauss\u00e9es selon l\u2019indice des prix \u00e0 la consommation hors tabac. Compte tenu de la forte inflation v\u00e9cue actuellement, li\u00e9e principalement au conflit en Ukraine, <strong>l\u2019article 2 du projet de loi de finances pour 2023<\/strong> pr\u00e9voit une revalorisation exceptionnellement \u00e9lev\u00e9e, \u00e0 hauteur de <strong>5,4%<\/strong>. L\u2019an dernier, la pr\u00e9vision de la hausse de l\u2019indice \u00e9tait limit\u00e9e \u00e0 1,4% (PLF 2022) et celle du PLF 2021 n\u2019\u00e9tait que de 0,2%.<\/p>\n<p>En cons\u00e9quence, <strong>le bar\u00e8me de l\u2019imp\u00f4t sur le revenu de 2023 pr\u00e9vu dans le projet de budget 2023 <\/strong>pr\u00e9sent\u00e9 ce lundi 26 septembre devrait \u00eatre le suivant\u00a0:<\/p>\n<ul>\n<li>Revenu imposable par part inf\u00e9rieur \u00e0 10.777 \u20ac\u00a0: imposable \u00e0 0%<\/li>\n<li>Revenu compris entre 10.777 \u20ac et 27.478 \u20ac\u00a0: 11%<\/li>\n<li>Revenu compris entre 27.478 \u20ac et 78.570 \u20ac\u00a0: 30%<\/li>\n<li>Revenu compris entre 78.570 \u20ac et 168.994 \u20ac\u00a0: 41%<\/li>\n<li>Revenu imposable par part sup\u00e9rieur \u00e0 168.994 \u20ac\u00a0: imposable \u00e0 45%.<\/li>\n<\/ul>\n<p>Pour rappel, <strong>le bar\u00e8me de l\u2019imp\u00f4t sur le revenu de 2022, assis sur les revenus de 2021<\/strong> \u00e9tait le suivant\u00a0:<\/p>\n<ul>\n<li>Revenu imposable par part inf\u00e9rieur \u00e0 10.225 \u20ac\u00a0: imposable \u00e0 0%<\/li>\n<li>Revenu compris entre 10.225 \u20ac et 26.069 \u20ac\u00a0: 11%<\/li>\n<li>Revenu compris entre 26.070 \u20ac et 75.544 \u20ac\u00a0: 30%<\/li>\n<li>Revenu compris entre 74.545 \u20ac et 160.336 \u20ac\u00a0: 41%<\/li>\n<li>Revenu imposable par part sup\u00e9rieur \u00e0 160.336 \u20ac : imposable \u00e0 45%.<\/li>\n<\/ul>\n<h2><strong>Revalorisation du taux neutre du PAS<\/strong><\/h2>\n<p>Tout au long de l\u2019ann\u00e9e 2022, les contribuables font l\u2019objet de <strong>pr\u00e9l\u00e8vements \u00e0 la source<\/strong> mensuels, notamment pour les pensions de retraite et les r\u00e9mun\u00e9rations ou d\u2019acomptes mensuels notamment pour les revenus des travailleurs ind\u00e9pendants et les revenus fonciers. Le taux du pr\u00e9l\u00e8vement \u00e0 la source d\u00e9pend pour les salari\u00e9s du niveau des revenus. Ils ont \u00e9galement la possibilit\u00e9 de choisir un <strong>taux neutre<\/strong>. Les tranches du bar\u00e8me du taux neutre sont \u00e9galement <strong>revaloris\u00e9es de 5,4%<\/strong>.<\/p>\n<p>Au printemps 2023, les contribuables d\u00e9clareront leurs revenus per\u00e7us en 2022. Le solde d\u00fb, qui sera \u00e0 verser \u00e0 partir de septembre 2023, sera alors \u00e9gal \u00e0 l\u2019IR obtenu \u00e0 partir du bar\u00e8me divulgu\u00e9 dans le PLF 2023 sous d\u00e9duction des pr\u00e9l\u00e8vements \u00e0 la source et acomptes op\u00e9r\u00e9s en 2022.<\/p>\n","protected":false},"excerpt":{"rendered":"<p>L\u2019article 2 du projet de loi de finances pour 2023 (PLF 2023) revalorise les tranches du bar\u00e8me de l\u2019imp\u00f4t sur le revenu de 5,4%. Revalorisation du bar\u00e8me de 5,4% Chaque ann\u00e9e, les tranches du bar\u00e8me de l\u2019imp\u00f4t sur le revenu sont rehauss\u00e9es selon l\u2019indice des prix \u00e0 la consommation hors tabac. Compte tenu de la [&hellip;]<\/p>\n","protected":false},"author":45,"featured_media":0,"comment_status":"open","ping_status":"open","sticky":false,"template":"","format":"quote","meta":{"_acf_changed":false,"_mi_skip_tracking":false,"footnotes":""},"categories":[12,3],"tags":[1039,2253],"class_list":["post-30136","post","type-post","status-publish","format-quote","hentry","category-actualites","category-comptabilite-fiscalite-et-gestion-financiere","tag-impot-sur-le-revenu","tag-plf-2023","post_format-post-format-quote"],"acf":[],"yoast_head":"<!-- This site is optimized with the Yoast SEO plugin v23.4 - https:\/\/yoast.com\/wordpress\/plugins\/seo\/ -->\n<title>Imp\u00f4t sur le revenu\u00a0: bar\u00e8me 2023 - Le Blog GERESO<\/title>\n<meta name=\"robots\" content=\"index, follow, max-snippet:-1, max-image-preview:large, max-video-preview:-1\" \/>\n<link rel=\"canonical\" href=\"https:\/\/www.gereso.com\/actualites\/2022\/09\/27\/impot-sur-le-revenu-bareme-2023\/\" \/>\n<meta property=\"og:locale\" content=\"fr_FR\" \/>\n<meta property=\"og:type\" content=\"article\" \/>\n<meta property=\"og:title\" content=\"Imp\u00f4t sur le revenu\u00a0: bar\u00e8me 2023 - Le Blog GERESO\" \/>\n<meta property=\"og:description\" content=\"L\u2019article 2 du projet de loi de finances pour 2023 (PLF 2023) revalorise les tranches du bar\u00e8me de l\u2019imp\u00f4t sur le revenu de 5,4%. Revalorisation du bar\u00e8me de 5,4% Chaque ann\u00e9e, les tranches du bar\u00e8me de l\u2019imp\u00f4t sur le revenu sont rehauss\u00e9es selon l\u2019indice des prix \u00e0 la consommation hors tabac. Compte tenu de la [&hellip;]\" \/>\n<meta property=\"og:url\" content=\"https:\/\/www.gereso.com\/actualites\/2022\/09\/27\/impot-sur-le-revenu-bareme-2023\/\" \/>\n<meta property=\"og:site_name\" content=\"Le Blog GERESO\" \/>\n<meta property=\"article:published_time\" content=\"2022-09-27T09:34:53+00:00\" \/>\n<meta property=\"article:modified_time\" content=\"2022-09-27T09:34:55+00:00\" \/>\n<meta name=\"author\" content=\"Damien P\u00e9an\" \/>\n<meta name=\"twitter:card\" content=\"summary_large_image\" \/>\n<script type=\"application\/ld+json\" class=\"yoast-schema-graph\">{\"@context\":\"https:\/\/schema.org\",\"@graph\":[{\"@type\":\"WebPage\",\"@id\":\"https:\/\/www.gereso.com\/actualites\/2022\/09\/27\/impot-sur-le-revenu-bareme-2023\/\",\"url\":\"https:\/\/www.gereso.com\/actualites\/2022\/09\/27\/impot-sur-le-revenu-bareme-2023\/\",\"name\":\"Imp\u00f4t sur le revenu\u00a0: bar\u00e8me 2023 - Le Blog GERESO\",\"isPartOf\":{\"@id\":\"https:\/\/www.gereso.com\/actualites\/#website\"},\"datePublished\":\"2022-09-27T09:34:53+00:00\",\"dateModified\":\"2022-09-27T09:34:55+00:00\",\"author\":{\"@id\":\"https:\/\/www.gereso.com\/actualites\/#\/schema\/person\/c91814f92d627ed4715993fbbf7c7e8d\"},\"breadcrumb\":{\"@id\":\"https:\/\/www.gereso.com\/actualites\/2022\/09\/27\/impot-sur-le-revenu-bareme-2023\/#breadcrumb\"},\"inLanguage\":\"fr-FR\",\"potentialAction\":[{\"@type\":\"ReadAction\",\"target\":[\"https:\/\/www.gereso.com\/actualites\/2022\/09\/27\/impot-sur-le-revenu-bareme-2023\/\"]}]},{\"@type\":\"BreadcrumbList\",\"@id\":\"https:\/\/www.gereso.com\/actualites\/2022\/09\/27\/impot-sur-le-revenu-bareme-2023\/#breadcrumb\",\"itemListElement\":[{\"@type\":\"ListItem\",\"position\":1,\"name\":\"Home\",\"item\":\"https:\/\/www.gereso.com\/actualites\/\"},{\"@type\":\"ListItem\",\"position\":2,\"name\":\"Imp\u00f4t sur le revenu\u00a0: bar\u00e8me 2023\"}]},{\"@type\":\"WebSite\",\"@id\":\"https:\/\/www.gereso.com\/actualites\/#website\",\"url\":\"https:\/\/www.gereso.com\/actualites\/\",\"name\":\"Le Blog GERESO\",\"description\":\"Toute l&#039;actu RH, Finance, Fonction Publique, Management...\",\"potentialAction\":[{\"@type\":\"SearchAction\",\"target\":{\"@type\":\"EntryPoint\",\"urlTemplate\":\"https:\/\/www.gereso.com\/actualites\/?s={search_term_string}\"},\"query-input\":{\"@type\":\"PropertyValueSpecification\",\"valueRequired\":true,\"valueName\":\"search_term_string\"}}],\"inLanguage\":\"fr-FR\"},{\"@type\":\"Person\",\"@id\":\"https:\/\/www.gereso.com\/actualites\/#\/schema\/person\/c91814f92d627ed4715993fbbf7c7e8d\",\"name\":\"Damien P\u00e9an\",\"image\":{\"@type\":\"ImageObject\",\"inLanguage\":\"fr-FR\",\"@id\":\"https:\/\/www.gereso.com\/actualites\/#\/schema\/person\/image\/\",\"url\":\"https:\/\/www.gereso.com\/actualites\/wp-content\/uploads\/2016\/03\/damien-pean.jpg\",\"contentUrl\":\"https:\/\/www.gereso.com\/actualites\/wp-content\/uploads\/2016\/03\/damien-pean.jpg\",\"caption\":\"Damien P\u00e9an\"},\"description\":\"Damien P\u00c9AN est titulaire du Dipl\u00f4me d'\u00e9tudes sup\u00e9rieures comptables et financi\u00e8res (DESCF). Il intervient depuis plusieurs ann\u00e9es aupr\u00e8s d'\u00e9tudiants en licence de comptabilit\u00e9 et de gestion, \u00e0 qui il enseigne le contr\u00f4le de gestion, la comptabilit\u00e9 approfondie, le management, la fiscalit\u00e9, le droit des soci\u00e9t\u00e9s et le droit du travail. Il intervient \u00e9galement en formation continue pour le compte de divers organismes de formation sur des th\u00e9matiques techniques en comptabilit\u00e9 et fiscalit\u00e9. Il forme aussi un public de non-initi\u00e9s aux fondamentaux de la finance.\",\"url\":\"https:\/\/www.gereso.com\/actualites\/author\/d-pean\/\"}]}<\/script>\n<!-- \/ Yoast SEO plugin. -->","yoast_head_json":{"title":"Imp\u00f4t sur le revenu\u00a0: bar\u00e8me 2023 - Le Blog GERESO","robots":{"index":"index","follow":"follow","max-snippet":"max-snippet:-1","max-image-preview":"max-image-preview:large","max-video-preview":"max-video-preview:-1"},"canonical":"https:\/\/www.gereso.com\/actualites\/2022\/09\/27\/impot-sur-le-revenu-bareme-2023\/","og_locale":"fr_FR","og_type":"article","og_title":"Imp\u00f4t sur le revenu\u00a0: bar\u00e8me 2023 - Le Blog GERESO","og_description":"L\u2019article 2 du projet de loi de finances pour 2023 (PLF 2023) revalorise les tranches du bar\u00e8me de l\u2019imp\u00f4t sur le revenu de 5,4%. Revalorisation du bar\u00e8me de 5,4% Chaque ann\u00e9e, les tranches du bar\u00e8me de l\u2019imp\u00f4t sur le revenu sont rehauss\u00e9es selon l\u2019indice des prix \u00e0 la consommation hors tabac. Compte tenu de la [&hellip;]","og_url":"https:\/\/www.gereso.com\/actualites\/2022\/09\/27\/impot-sur-le-revenu-bareme-2023\/","og_site_name":"Le Blog GERESO","article_published_time":"2022-09-27T09:34:53+00:00","article_modified_time":"2022-09-27T09:34:55+00:00","author":"Damien P\u00e9an","twitter_card":"summary_large_image","schema":{"@context":"https:\/\/schema.org","@graph":[{"@type":"WebPage","@id":"https:\/\/www.gereso.com\/actualites\/2022\/09\/27\/impot-sur-le-revenu-bareme-2023\/","url":"https:\/\/www.gereso.com\/actualites\/2022\/09\/27\/impot-sur-le-revenu-bareme-2023\/","name":"Imp\u00f4t sur le revenu\u00a0: bar\u00e8me 2023 - Le Blog GERESO","isPartOf":{"@id":"https:\/\/www.gereso.com\/actualites\/#website"},"datePublished":"2022-09-27T09:34:53+00:00","dateModified":"2022-09-27T09:34:55+00:00","author":{"@id":"https:\/\/www.gereso.com\/actualites\/#\/schema\/person\/c91814f92d627ed4715993fbbf7c7e8d"},"breadcrumb":{"@id":"https:\/\/www.gereso.com\/actualites\/2022\/09\/27\/impot-sur-le-revenu-bareme-2023\/#breadcrumb"},"inLanguage":"fr-FR","potentialAction":[{"@type":"ReadAction","target":["https:\/\/www.gereso.com\/actualites\/2022\/09\/27\/impot-sur-le-revenu-bareme-2023\/"]}]},{"@type":"BreadcrumbList","@id":"https:\/\/www.gereso.com\/actualites\/2022\/09\/27\/impot-sur-le-revenu-bareme-2023\/#breadcrumb","itemListElement":[{"@type":"ListItem","position":1,"name":"Home","item":"https:\/\/www.gereso.com\/actualites\/"},{"@type":"ListItem","position":2,"name":"Imp\u00f4t sur le revenu\u00a0: bar\u00e8me 2023"}]},{"@type":"WebSite","@id":"https:\/\/www.gereso.com\/actualites\/#website","url":"https:\/\/www.gereso.com\/actualites\/","name":"Le Blog GERESO","description":"Toute l&#039;actu RH, Finance, Fonction Publique, Management...","potentialAction":[{"@type":"SearchAction","target":{"@type":"EntryPoint","urlTemplate":"https:\/\/www.gereso.com\/actualites\/?s={search_term_string}"},"query-input":{"@type":"PropertyValueSpecification","valueRequired":true,"valueName":"search_term_string"}}],"inLanguage":"fr-FR"},{"@type":"Person","@id":"https:\/\/www.gereso.com\/actualites\/#\/schema\/person\/c91814f92d627ed4715993fbbf7c7e8d","name":"Damien P\u00e9an","image":{"@type":"ImageObject","inLanguage":"fr-FR","@id":"https:\/\/www.gereso.com\/actualites\/#\/schema\/person\/image\/","url":"https:\/\/www.gereso.com\/actualites\/wp-content\/uploads\/2016\/03\/damien-pean.jpg","contentUrl":"https:\/\/www.gereso.com\/actualites\/wp-content\/uploads\/2016\/03\/damien-pean.jpg","caption":"Damien P\u00e9an"},"description":"Damien P\u00c9AN est titulaire du Dipl\u00f4me d'\u00e9tudes sup\u00e9rieures comptables et financi\u00e8res (DESCF). Il intervient depuis plusieurs ann\u00e9es aupr\u00e8s d'\u00e9tudiants en licence de comptabilit\u00e9 et de gestion, \u00e0 qui il enseigne le contr\u00f4le de gestion, la comptabilit\u00e9 approfondie, le management, la fiscalit\u00e9, le droit des soci\u00e9t\u00e9s et le droit du travail. Il intervient \u00e9galement en formation continue pour le compte de divers organismes de formation sur des th\u00e9matiques techniques en comptabilit\u00e9 et fiscalit\u00e9. Il forme aussi un public de non-initi\u00e9s aux fondamentaux de la finance.","url":"https:\/\/www.gereso.com\/actualites\/author\/d-pean\/"}]}},"_links":{"self":[{"href":"https:\/\/www.gereso.com\/actualites\/wp-json\/wp\/v2\/posts\/30136","targetHints":{"allow":["GET"]}}],"collection":[{"href":"https:\/\/www.gereso.com\/actualites\/wp-json\/wp\/v2\/posts"}],"about":[{"href":"https:\/\/www.gereso.com\/actualites\/wp-json\/wp\/v2\/types\/post"}],"author":[{"embeddable":true,"href":"https:\/\/www.gereso.com\/actualites\/wp-json\/wp\/v2\/users\/45"}],"replies":[{"embeddable":true,"href":"https:\/\/www.gereso.com\/actualites\/wp-json\/wp\/v2\/comments?post=30136"}],"version-history":[{"count":2,"href":"https:\/\/www.gereso.com\/actualites\/wp-json\/wp\/v2\/posts\/30136\/revisions"}],"predecessor-version":[{"id":37051,"href":"https:\/\/www.gereso.com\/actualites\/wp-json\/wp\/v2\/posts\/30136\/revisions\/37051"}],"wp:attachment":[{"href":"https:\/\/www.gereso.com\/actualites\/wp-json\/wp\/v2\/media?parent=30136"}],"wp:term":[{"taxonomy":"category","embeddable":true,"href":"https:\/\/www.gereso.com\/actualites\/wp-json\/wp\/v2\/categories?post=30136"},{"taxonomy":"post_tag","embeddable":true,"href":"https:\/\/www.gereso.com\/actualites\/wp-json\/wp\/v2\/tags?post=30136"}],"curies":[{"name":"wp","href":"https:\/\/api.w.org\/{rel}","templated":true}]}}