{"id":304,"date":"2012-02-29T17:03:59","date_gmt":"2012-02-29T16:03:59","guid":{"rendered":"https:\/\/www.gereso.com\/actualites\/?p=304"},"modified":"2012-02-29T17:03:59","modified_gmt":"2012-02-29T16:03:59","slug":"rh-principaux-risques-a-maitriser","status":"publish","type":"post","link":"https:\/\/www.gereso.com\/actualites\/2012\/02\/29\/rh-principaux-risques-a-maitriser\/","title":{"rendered":"Ressources Humaines\u00a0: les principaux risques \u00e0 ma\u00eetriser"},"content":{"rendered":"<h3><strong><em><img fetchpriority=\"high\" decoding=\"async\" class=\"alignleft size-full wp-image-306\" title=\"risques\" src=\"https:\/\/www.gereso.com\/actualites\/wp-content\/uploads\/2012\/02\/risques-1.jpg\" alt=\"\" width=\"284\" height=\"423\" srcset=\"https:\/\/www.gereso.com\/actualites\/wp-content\/uploads\/2012\/02\/risques-1.jpg 284w, https:\/\/www.gereso.com\/actualites\/wp-content\/uploads\/2012\/02\/risques-1-201x300.jpg 201w\" sizes=\"(max-width: 284px) 100vw, 284px\" \/><\/em><\/strong><em>Positionn\u00e9s au c\u0153ur de l&rsquo;organisation, garants de la qualit\u00e9 du climat social, de l&rsquo;ad\u00e9quation des comp\u00e9tences aux besoins, du respect des obligations r\u00e9glementaires, de la ma\u00eetrise des savoirs et de la <a title=\"risques psychosociaux\" href=\"http:\/\/www.gereso.com\/formations\/sante-et-securite-au-travail\/formation-le-service-rh-acteur-cle-de-la-prevention-des-risques-psychosociaux\" target=\"_blank\">gestion pr\u00e9ventive des risques psychosociaux<\/a>, les RH constituent un vecteur contributif essentiel \u00e0 la p\u00e9rennit\u00e9 de l&rsquo;entreprise. Pourtant, les risques RH \u00e0 consid\u00e9rer sont multiples. Quels sont-ils&nbsp;? Eclairage.<\/em><\/h3>\n<p>Chaque jour, des milliers de risques individuels frappent \u00e0 la porte de l&rsquo;entreprise et sont susceptibles, s&rsquo;ils se concr\u00e9tisent, de remettre en cause la p\u00e9rennit\u00e9 de l&rsquo;organisation, quel que soient sa taille, son anciennet\u00e9 ou son secteur d&rsquo;activit\u00e9. Strat\u00e9giques, financiers, op\u00e9rationnels, juridiques, d&rsquo;int\u00e9grit\u00e9\u2026 Les risques, prot\u00e9iformes par nature, n&rsquo;\u00e9pargnent pas la fonction RH. Quels sont les risques essentiels \u00e0 identifier, d\u00e9tecter, comprendre et ma\u00eetriser&nbsp;? Il en existe \u00e0 mon avis <strong>4 cat\u00e9gories<\/strong> qui n\u00e9cessitent une lecture pertinente et lucide de la part des responsables RH.<\/p>\n<p>&nbsp;<\/p>\n<h2>Climat social\u00a0: savoir humer l&rsquo;air ambiant<\/h2>\n<p>Priorit\u00e9 essentielle de tout responsable RH, en compl\u00e9mentarit\u00e9 de l&rsquo;\u00e9quipe dirigeante, <em>\u00ab\u00a0savoir humer l&rsquo;air ambiant\u00a0\u00bb<\/em>. \u00catre capable de d\u00e9tecter la naissance ou \u00e0 l&rsquo;affirmation de zones manifestes de tensions, et les traiter au mieux de mani\u00e8re pr\u00e9ventive. La lecture du climat social, le maintien de conditions propices au travail commun, \u00e0 la consolidation du lien entre les acteurs autour d&rsquo;une vision d&rsquo;entreprise partag\u00e9e constitue une priorit\u00e9 essentielle pour les RH. Ma\u00eetriser le climat social et ses risques li\u00e9s (d\u00e9brayage, mouvement social, conflits\u2026) demeure l&rsquo;enjeu prioritaire \u00e0 consid\u00e9rer.<\/p>\n<h2>Connaissances et comp\u00e9tences\u00a0: ma\u00eetriser l&rsquo;actif majeur de l&rsquo;entreprise<\/h2>\n<p>Une <a title=\"GPEC\" href=\"http:\/\/www.gereso.com\/formations\/ressources-humaines\/formation-batir-une-gpec-performante-et-operationnelle\" target=\"_blank\">gestion affirm\u00e9e des connaissances et des comp\u00e9tences<\/a> de l&rsquo;entreprise constitue la seconde priorit\u00e9 des RH. Parmi les risques essentiels\u00a0: l&rsquo;enjeu de la connaissance (capitalisation, actualisation, d\u00e9veloppement), la ma\u00eetrise des comp\u00e9tences individuelles d\u00e9ploy\u00e9es (GPEC, recrutements, d\u00e9parts) et la coh\u00e9rence permanente, proactive et \u00e9volutive des besoins de l&rsquo;organisation et les ressources effectivement d\u00e9ploy\u00e9es. Un enjeu particuli\u00e8rement d\u00e9licat en contexte d&rsquo;incertitude marqu\u00e9e.<\/p>\n<h2>Respect des droits et obligations aff\u00e9rents au droit du travail<\/h2>\n<p>Responsabilit\u00e9 native des RH, la ma\u00eetrise des droits et obligations l\u00e9gales et sociales de l&#8217;employeur vis-\u00e0-vis de ses salari\u00e9s demeure, au-del\u00e0 du traitement technique des p\u00e9rim\u00e8tres (paie, Urssaf, cong\u00e9s, retraites, contractualisation\u2026), une source de risques op\u00e9rationnels et financiers majeurs. L&rsquo;int\u00e9gralit\u00e9 des processus de la fonction RH doit r\u00e9pondre \u00e0 l&rsquo;exigence et n\u00e9cessite les dispositifs de veille et de contr\u00f4le appropri\u00e9s.<\/p>\n<h2><a title=\"risques psychosociaux\" href=\"http:\/\/www.gereso.com\/formations\/sante-et-securite-au-travail\/formation-le-service-rh-acteur-cle-de-la-prevention-des-risques-psychosociaux\" target=\"_blank\">Risques psychosociaux<\/a>\u00a0: cela n&rsquo;arrive pas qu&rsquo;aux autres<\/h2>\n<p>Dernier enjeu, la dimension psychosociale des acteurs. Mal-\u00eatre, stress, harc\u00e8lement, conduites addictives, suicides, autant de risques individuels profond\u00e9ment humains \u00e0 traiter par les RH qui jouent ici pleinement son r\u00f4le. Il n&rsquo;est de risques que d&rsquo;hommes. L&rsquo;enjeu psychosocial constitue le risque prioritaire \u00e0 ma\u00eetriser. Car la s\u00e9curit\u00e9 des personnes ne rel\u00e8ve pas uniquement d&rsquo;enjeux Hygi\u00e8ne S\u00e9curit\u00e9 Environnement (HSE) norm\u00e9s autour d&rsquo;un Document Unique. Les risques psychosociaux menacent chaque entreprise, n\u00e9cessitant de la part des acteurs implication et compr\u00e9hension, \u00e0 l&rsquo;appui d&rsquo;une sensibilisation appropri\u00e9e pilot\u00e9e par les RH.<\/p>\n<p>Sans ma\u00eetrise des risques, il n&rsquo;y a pas de cr\u00e9ation de valeur. \u00c0 commencer par la ma\u00eetrise du risque RH dans l&rsquo;entreprise. Les Ressources Humaines en sont les principaux garants, au-del\u00e0 des p\u00e9rim\u00e8tres administratifs usuellement attribu\u00e9s.<\/p>\n","protected":false},"excerpt":{"rendered":"<p>Positionn\u00e9s au c\u0153ur de l&rsquo;organisation, garants de la qualit\u00e9 du climat social, de l&rsquo;ad\u00e9quation des comp\u00e9tences aux besoins, du respect des obligations r\u00e9glementaires, de la ma\u00eetrise des savoirs et de la gestion pr\u00e9ventive des risques psychosociaux, les RH constituent un vecteur contributif essentiel \u00e0 la p\u00e9rennit\u00e9 de l&rsquo;entreprise. Pourtant, les risques RH \u00e0 consid\u00e9rer sont [&hellip;]<\/p>\n","protected":false},"author":11,"featured_media":306,"comment_status":"open","ping_status":"open","sticky":false,"template":"","format":"standard","meta":{"_acf_changed":false,"_mi_skip_tracking":false,"footnotes":""},"categories":[12,21,35],"tags":[74,75,76,38,54,71,58,77,78,79],"class_list":["post-304","post","type-post","status-publish","format-standard","has-post-thumbnail","hentry","category-actualites","category-rh-le-secteur-prive","category-rh-le-secteur-public","tag-climat-social","tag-darsa","tag-droit-du-travail-2","tag-formation","tag-gpec","tag-livre","tag-rh","tag-risk-management","tag-riskeal","tag-risques-psychosociaux"],"acf":[],"yoast_head":"<!-- This site is optimized with the Yoast SEO plugin v23.4 - https:\/\/yoast.com\/wordpress\/plugins\/seo\/ -->\n<title>Ressources Humaines\u00a0: les principaux risques \u00e0 ma\u00eetriser - Le Blog GERESO<\/title>\n<meta name=\"robots\" content=\"index, follow, max-snippet:-1, max-image-preview:large, max-video-preview:-1\" \/>\n<link rel=\"canonical\" href=\"https:\/\/www.gereso.com\/actualites\/2012\/02\/29\/rh-principaux-risques-a-maitriser\/\" \/>\n<meta property=\"og:locale\" content=\"fr_FR\" \/>\n<meta property=\"og:type\" content=\"article\" \/>\n<meta property=\"og:title\" content=\"Ressources Humaines\u00a0: les principaux risques \u00e0 ma\u00eetriser - Le Blog GERESO\" \/>\n<meta property=\"og:description\" content=\"Positionn\u00e9s au c\u0153ur de l&rsquo;organisation, garants de la qualit\u00e9 du climat social, de l&rsquo;ad\u00e9quation des comp\u00e9tences aux besoins, du respect des obligations r\u00e9glementaires, de la ma\u00eetrise des savoirs et de la gestion pr\u00e9ventive des risques psychosociaux, les RH constituent un vecteur contributif essentiel \u00e0 la p\u00e9rennit\u00e9 de l&rsquo;entreprise. Pourtant, les risques RH \u00e0 consid\u00e9rer sont [&hellip;]\" \/>\n<meta property=\"og:url\" content=\"https:\/\/www.gereso.com\/actualites\/2012\/02\/29\/rh-principaux-risques-a-maitriser\/\" \/>\n<meta property=\"og:site_name\" content=\"Le Blog GERESO\" \/>\n<meta property=\"article:published_time\" content=\"2012-02-29T16:03:59+00:00\" \/>\n<meta property=\"og:image\" content=\"https:\/\/www.gereso.com\/actualites\/wp-content\/uploads\/2012\/02\/risques-1.jpg\" \/>\n\t<meta property=\"og:image:width\" content=\"284\" \/>\n\t<meta property=\"og:image:height\" content=\"423\" \/>\n\t<meta property=\"og:image:type\" content=\"image\/jpeg\" \/>\n<meta name=\"author\" content=\"Jean-David Darsa\" \/>\n<meta name=\"twitter:card\" content=\"summary_large_image\" \/>\n<script type=\"application\/ld+json\" class=\"yoast-schema-graph\">{\"@context\":\"https:\/\/schema.org\",\"@graph\":[{\"@type\":\"WebPage\",\"@id\":\"https:\/\/www.gereso.com\/actualites\/2012\/02\/29\/rh-principaux-risques-a-maitriser\/\",\"url\":\"https:\/\/www.gereso.com\/actualites\/2012\/02\/29\/rh-principaux-risques-a-maitriser\/\",\"name\":\"Ressources Humaines\u00a0: les principaux risques \u00e0 ma\u00eetriser - Le Blog GERESO\",\"isPartOf\":{\"@id\":\"https:\/\/www.gereso.com\/actualites\/#website\"},\"primaryImageOfPage\":{\"@id\":\"https:\/\/www.gereso.com\/actualites\/2012\/02\/29\/rh-principaux-risques-a-maitriser\/#primaryimage\"},\"image\":{\"@id\":\"https:\/\/www.gereso.com\/actualites\/2012\/02\/29\/rh-principaux-risques-a-maitriser\/#primaryimage\"},\"thumbnailUrl\":\"https:\/\/www.gereso.com\/actualites\/wp-content\/uploads\/2012\/02\/risques-1.jpg\",\"datePublished\":\"2012-02-29T16:03:59+00:00\",\"dateModified\":\"2012-02-29T16:03:59+00:00\",\"author\":{\"@id\":\"https:\/\/www.gereso.com\/actualites\/#\/schema\/person\/a63839b8f83f0a223cf502c28f2ffd1f\"},\"breadcrumb\":{\"@id\":\"https:\/\/www.gereso.com\/actualites\/2012\/02\/29\/rh-principaux-risques-a-maitriser\/#breadcrumb\"},\"inLanguage\":\"fr-FR\",\"potentialAction\":[{\"@type\":\"ReadAction\",\"target\":[\"https:\/\/www.gereso.com\/actualites\/2012\/02\/29\/rh-principaux-risques-a-maitriser\/\"]}]},{\"@type\":\"ImageObject\",\"inLanguage\":\"fr-FR\",\"@id\":\"https:\/\/www.gereso.com\/actualites\/2012\/02\/29\/rh-principaux-risques-a-maitriser\/#primaryimage\",\"url\":\"https:\/\/www.gereso.com\/actualites\/wp-content\/uploads\/2012\/02\/risques-1.jpg\",\"contentUrl\":\"https:\/\/www.gereso.com\/actualites\/wp-content\/uploads\/2012\/02\/risques-1.jpg\",\"width\":284,\"height\":423},{\"@type\":\"BreadcrumbList\",\"@id\":\"https:\/\/www.gereso.com\/actualites\/2012\/02\/29\/rh-principaux-risques-a-maitriser\/#breadcrumb\",\"itemListElement\":[{\"@type\":\"ListItem\",\"position\":1,\"name\":\"Home\",\"item\":\"https:\/\/www.gereso.com\/actualites\/\"},{\"@type\":\"ListItem\",\"position\":2,\"name\":\"Ressources Humaines\u00a0: les principaux risques \u00e0 ma\u00eetriser\"}]},{\"@type\":\"WebSite\",\"@id\":\"https:\/\/www.gereso.com\/actualites\/#website\",\"url\":\"https:\/\/www.gereso.com\/actualites\/\",\"name\":\"Le Blog GERESO\",\"description\":\"Toute l&#039;actu RH, Finance, Fonction Publique, Management...\",\"potentialAction\":[{\"@type\":\"SearchAction\",\"target\":{\"@type\":\"EntryPoint\",\"urlTemplate\":\"https:\/\/www.gereso.com\/actualites\/?s={search_term_string}\"},\"query-input\":{\"@type\":\"PropertyValueSpecification\",\"valueRequired\":true,\"valueName\":\"search_term_string\"}}],\"inLanguage\":\"fr-FR\"},{\"@type\":\"Person\",\"@id\":\"https:\/\/www.gereso.com\/actualites\/#\/schema\/person\/a63839b8f83f0a223cf502c28f2ffd1f\",\"name\":\"Jean-David Darsa\",\"image\":{\"@type\":\"ImageObject\",\"inLanguage\":\"fr-FR\",\"@id\":\"https:\/\/www.gereso.com\/actualites\/#\/schema\/person\/image\/\",\"url\":\"https:\/\/www.gereso.com\/actualites\/wp-content\/uploads\/2012\/02\/jean-david-darsa-1-144x144.jpg\",\"contentUrl\":\"https:\/\/www.gereso.com\/actualites\/wp-content\/uploads\/2012\/02\/jean-david-darsa-1-144x144.jpg\",\"caption\":\"Jean-David Darsa\"},\"description\":\"Dirigeant de la soci\u00e9t\u00e9 RISKEAL, sp\u00e9cialis\u00e9 en audit\/conseil, formation et accompagnement en gestion des risques des entreprises. Consultant pour GERESO, il intervient en formation intra-entreprise sur le th\u00e8me Gestion du risque en entreprise : identifier, comprendre et ma\u00eetriser les risques de l\u2019entreprise. Jean-David DARSA est \u00e9galement auteur de plusieurs ouvrages et d\u2019une bande dessin\u00e9e, pour sensibiliser les dirigeants \u00e0 la gestion du risque et leur apporter des r\u00e9ponses op\u00e9rationnelles : gestion du risque cr\u00e9dit client, gestion de crise, risques strat\u00e9giques et financiers\u2026 Son sixi\u00e8me opus intitul\u00e9 \u00ab 365 risques en entreprise \u00bb, toujours publi\u00e9 par GERESO \u00c9dition, para\u00eetra courant mars 2012.\",\"url\":\"https:\/\/www.gereso.com\/actualites\/author\/jd-darsa\/\"}]}<\/script>\n<!-- \/ Yoast SEO plugin. -->","yoast_head_json":{"title":"Ressources Humaines\u00a0: les principaux risques \u00e0 ma\u00eetriser - Le Blog GERESO","robots":{"index":"index","follow":"follow","max-snippet":"max-snippet:-1","max-image-preview":"max-image-preview:large","max-video-preview":"max-video-preview:-1"},"canonical":"https:\/\/www.gereso.com\/actualites\/2012\/02\/29\/rh-principaux-risques-a-maitriser\/","og_locale":"fr_FR","og_type":"article","og_title":"Ressources Humaines\u00a0: les principaux risques \u00e0 ma\u00eetriser - Le Blog GERESO","og_description":"Positionn\u00e9s au c\u0153ur de l&rsquo;organisation, garants de la qualit\u00e9 du climat social, de l&rsquo;ad\u00e9quation des comp\u00e9tences aux besoins, du respect des obligations r\u00e9glementaires, de la ma\u00eetrise des savoirs et de la gestion pr\u00e9ventive des risques psychosociaux, les RH constituent un vecteur contributif essentiel \u00e0 la p\u00e9rennit\u00e9 de l&rsquo;entreprise. Pourtant, les risques RH \u00e0 consid\u00e9rer sont [&hellip;]","og_url":"https:\/\/www.gereso.com\/actualites\/2012\/02\/29\/rh-principaux-risques-a-maitriser\/","og_site_name":"Le Blog GERESO","article_published_time":"2012-02-29T16:03:59+00:00","og_image":[{"width":284,"height":423,"url":"https:\/\/www.gereso.com\/actualites\/wp-content\/uploads\/2012\/02\/risques-1.jpg","type":"image\/jpeg"}],"author":"Jean-David Darsa","twitter_card":"summary_large_image","schema":{"@context":"https:\/\/schema.org","@graph":[{"@type":"WebPage","@id":"https:\/\/www.gereso.com\/actualites\/2012\/02\/29\/rh-principaux-risques-a-maitriser\/","url":"https:\/\/www.gereso.com\/actualites\/2012\/02\/29\/rh-principaux-risques-a-maitriser\/","name":"Ressources Humaines\u00a0: les principaux risques \u00e0 ma\u00eetriser - Le Blog GERESO","isPartOf":{"@id":"https:\/\/www.gereso.com\/actualites\/#website"},"primaryImageOfPage":{"@id":"https:\/\/www.gereso.com\/actualites\/2012\/02\/29\/rh-principaux-risques-a-maitriser\/#primaryimage"},"image":{"@id":"https:\/\/www.gereso.com\/actualites\/2012\/02\/29\/rh-principaux-risques-a-maitriser\/#primaryimage"},"thumbnailUrl":"https:\/\/www.gereso.com\/actualites\/wp-content\/uploads\/2012\/02\/risques-1.jpg","datePublished":"2012-02-29T16:03:59+00:00","dateModified":"2012-02-29T16:03:59+00:00","author":{"@id":"https:\/\/www.gereso.com\/actualites\/#\/schema\/person\/a63839b8f83f0a223cf502c28f2ffd1f"},"breadcrumb":{"@id":"https:\/\/www.gereso.com\/actualites\/2012\/02\/29\/rh-principaux-risques-a-maitriser\/#breadcrumb"},"inLanguage":"fr-FR","potentialAction":[{"@type":"ReadAction","target":["https:\/\/www.gereso.com\/actualites\/2012\/02\/29\/rh-principaux-risques-a-maitriser\/"]}]},{"@type":"ImageObject","inLanguage":"fr-FR","@id":"https:\/\/www.gereso.com\/actualites\/2012\/02\/29\/rh-principaux-risques-a-maitriser\/#primaryimage","url":"https:\/\/www.gereso.com\/actualites\/wp-content\/uploads\/2012\/02\/risques-1.jpg","contentUrl":"https:\/\/www.gereso.com\/actualites\/wp-content\/uploads\/2012\/02\/risques-1.jpg","width":284,"height":423},{"@type":"BreadcrumbList","@id":"https:\/\/www.gereso.com\/actualites\/2012\/02\/29\/rh-principaux-risques-a-maitriser\/#breadcrumb","itemListElement":[{"@type":"ListItem","position":1,"name":"Home","item":"https:\/\/www.gereso.com\/actualites\/"},{"@type":"ListItem","position":2,"name":"Ressources Humaines\u00a0: les principaux risques \u00e0 ma\u00eetriser"}]},{"@type":"WebSite","@id":"https:\/\/www.gereso.com\/actualites\/#website","url":"https:\/\/www.gereso.com\/actualites\/","name":"Le Blog GERESO","description":"Toute l&#039;actu RH, Finance, Fonction Publique, Management...","potentialAction":[{"@type":"SearchAction","target":{"@type":"EntryPoint","urlTemplate":"https:\/\/www.gereso.com\/actualites\/?s={search_term_string}"},"query-input":{"@type":"PropertyValueSpecification","valueRequired":true,"valueName":"search_term_string"}}],"inLanguage":"fr-FR"},{"@type":"Person","@id":"https:\/\/www.gereso.com\/actualites\/#\/schema\/person\/a63839b8f83f0a223cf502c28f2ffd1f","name":"Jean-David Darsa","image":{"@type":"ImageObject","inLanguage":"fr-FR","@id":"https:\/\/www.gereso.com\/actualites\/#\/schema\/person\/image\/","url":"https:\/\/www.gereso.com\/actualites\/wp-content\/uploads\/2012\/02\/jean-david-darsa-1-144x144.jpg","contentUrl":"https:\/\/www.gereso.com\/actualites\/wp-content\/uploads\/2012\/02\/jean-david-darsa-1-144x144.jpg","caption":"Jean-David Darsa"},"description":"Dirigeant de la soci\u00e9t\u00e9 RISKEAL, sp\u00e9cialis\u00e9 en audit\/conseil, formation et accompagnement en gestion des risques des entreprises. Consultant pour GERESO, il intervient en formation intra-entreprise sur le th\u00e8me Gestion du risque en entreprise : identifier, comprendre et ma\u00eetriser les risques de l\u2019entreprise. Jean-David DARSA est \u00e9galement auteur de plusieurs ouvrages et d\u2019une bande dessin\u00e9e, pour sensibiliser les dirigeants \u00e0 la gestion du risque et leur apporter des r\u00e9ponses op\u00e9rationnelles : gestion du risque cr\u00e9dit client, gestion de crise, risques strat\u00e9giques et financiers\u2026 Son sixi\u00e8me opus intitul\u00e9 \u00ab 365 risques en entreprise \u00bb, toujours publi\u00e9 par GERESO \u00c9dition, para\u00eetra courant mars 2012.","url":"https:\/\/www.gereso.com\/actualites\/author\/jd-darsa\/"}]}},"_links":{"self":[{"href":"https:\/\/www.gereso.com\/actualites\/wp-json\/wp\/v2\/posts\/304","targetHints":{"allow":["GET"]}}],"collection":[{"href":"https:\/\/www.gereso.com\/actualites\/wp-json\/wp\/v2\/posts"}],"about":[{"href":"https:\/\/www.gereso.com\/actualites\/wp-json\/wp\/v2\/types\/post"}],"author":[{"embeddable":true,"href":"https:\/\/www.gereso.com\/actualites\/wp-json\/wp\/v2\/users\/11"}],"replies":[{"embeddable":true,"href":"https:\/\/www.gereso.com\/actualites\/wp-json\/wp\/v2\/comments?post=304"}],"version-history":[{"count":0,"href":"https:\/\/www.gereso.com\/actualites\/wp-json\/wp\/v2\/posts\/304\/revisions"}],"wp:featuredmedia":[{"embeddable":true,"href":"https:\/\/www.gereso.com\/actualites\/wp-json\/wp\/v2\/media\/306"}],"wp:attachment":[{"href":"https:\/\/www.gereso.com\/actualites\/wp-json\/wp\/v2\/media?parent=304"}],"wp:term":[{"taxonomy":"category","embeddable":true,"href":"https:\/\/www.gereso.com\/actualites\/wp-json\/wp\/v2\/categories?post=304"},{"taxonomy":"post_tag","embeddable":true,"href":"https:\/\/www.gereso.com\/actualites\/wp-json\/wp\/v2\/tags?post=304"}],"curies":[{"name":"wp","href":"https:\/\/api.w.org\/{rel}","templated":true}]}}