{"id":30588,"date":"2022-10-20T13:53:29","date_gmt":"2022-10-20T11:53:29","guid":{"rendered":"https:\/\/www.gereso.com\/actualites\/?p=30588"},"modified":"2022-10-20T13:53:32","modified_gmt":"2022-10-20T11:53:32","slug":"bilan-dispositions-applicables-1er-aout-titre-covid","status":"publish","type":"post","link":"https:\/\/www.gereso.com\/actualites\/2022\/10\/20\/bilan-dispositions-applicables-1er-aout-titre-covid\/","title":{"rendered":"Bilan des dispositions applicables au 1er ao\u00fbt au titre du Covid"},"content":{"rendered":"\n<h2 style=\"color:#D10016\"><strong>R\u00e9duction de certaines mesures<\/strong><\/h2>\n\n\n\n<h3>Mesures applicables \u00e0 compter du 1er septembre jusqu\u2019\u00e0 une date fix\u00e9e par d\u00e9cret<br>et au plus tard le 31 janvier 2023<\/h3>\n\n\n\n<p>Fin de la possibilit\u00e9 pour le gouvernement de r\u00e9activer le port du masque obligatoire et le passe sanitaire dans les lieux accueillant du public depuis le 1er ao\u00fbt.<\/p>\n<p>En revanche, en cas d\u2019apparition et de circulation d\u2019un nouveau variant du virus susceptible de constituer une menace sanitaire grave, le Premier ministre pourra imposer par d\u00e9cret la pr\u00e9sentation d\u2019un test de d\u00e9pistage n\u00e9gatif aux personnes d\u2019au moins 12 ans souhaitant venir sur le territoire national depuis un pays ou de l\u2019une des collectivit\u00e9s d\u2019outre-mer affect\u00e9 par l\u2019apparition et la circulation dudit variant.<\/p>\n<p>Ce dispositif pourra \u00eatre applicable pour une dur\u00e9e maximale de 2 mois. Son application au-del\u00e0 de 2 mois devra \u00eatre autoris\u00e9e par le l\u00e9gislateur.<\/p>\n<ul>\n<li>Maintien de certaines mesures \u00e0 compter du 1er ao\u00fbt jusqu\u2019\u00e0 une date fix\u00e9e par d\u00e9cret et au plus tard le 31 janvier 2023 sauf pour le maintien de salaire employeur.<\/li>\n<li>Maintien provisoire de l&rsquo;obligation vaccinale pour le personnel des \u00e9tablissements de sant\u00e9 et m\u00e9dico-sociaux, suite \u00e0 l\u2019avis de la Haute autorit\u00e9 de sant\u00e9 le 22 juillet.<\/li>\n<li>Reconduction du dispositif d&rsquo;activit\u00e9 partielle avec un taux d&rsquo;indemnisation \u00e0 70\u00a0% du salaire de r\u00e9f\u00e9rence pour les salari\u00e9s \u00ab\u00a0vuln\u00e9rables\u00a0\u00bb ne pouvant pas t\u00e9l\u00e9travailler. Le montant de l\u2019allocation est plafonn\u00e9 \u00e0 70\u00a0% de 4,5 Smic, soit 34,87\u00a0\u20ac et l\u2019employeur est rembours\u00e9 \u00e0 hauteur de 60\u00a0%. Pour les parents devant garder leur enfant suite \u00e0 la fermeture de leur \u00e9tablissement scolaire ou d&rsquo;accueil ou pour les personnes cas contact et non vaccin\u00e9es, le dispositif n\u2019est plus ouvert.<\/li>\n<li>Les salari\u00e9s en arr\u00eat de travail au titre du Covid conservent le droit \u00e0 l&rsquo;indemnisation maladie compl\u00e9mentaire vers\u00e9e par l&#8217;employeur sans d\u00e9lai de carence, ni condition d&rsquo;anciennet\u00e9 jusqu\u2019au 31 d\u00e9cembre 2022.<\/li>\n<\/ul>\n","protected":false},"excerpt":{"rendered":"<p>R\u00e9duction de certaines mesures Mesures applicables \u00e0 compter du 1er septembre jusqu\u2019\u00e0 une date fix\u00e9e par d\u00e9cretet au plus tard le 31 janvier 2023 Fin de la possibilit\u00e9 pour le gouvernement de r\u00e9activer le port du masque obligatoire et le passe sanitaire dans les lieux accueillant du public depuis le 1er ao\u00fbt. En revanche, en [&hellip;]<\/p>\n","protected":false},"author":12,"featured_media":0,"comment_status":"open","ping_status":"open","sticky":false,"template":"","format":"quote","meta":{"_acf_changed":false,"_mi_skip_tracking":false,"footnotes":""},"categories":[12,13],"tags":[],"class_list":["post-30588","post","type-post","status-publish","format-quote","hentry","category-actualites","category-sante-et-securite-au-travail","post_format-post-format-quote"],"acf":[],"yoast_head":"<!-- This site is optimized with the Yoast SEO plugin v23.4 - https:\/\/yoast.com\/wordpress\/plugins\/seo\/ -->\n<title>Bilan des dispositions applicables au 1er ao\u00fbt au titre du Covid - Le Blog GERESO<\/title>\n<meta name=\"robots\" content=\"index, follow, max-snippet:-1, max-image-preview:large, max-video-preview:-1\" \/>\n<link rel=\"canonical\" href=\"https:\/\/www.gereso.com\/actualites\/2022\/10\/20\/bilan-dispositions-applicables-1er-aout-titre-covid\/\" \/>\n<meta property=\"og:locale\" content=\"fr_FR\" \/>\n<meta property=\"og:type\" content=\"article\" \/>\n<meta property=\"og:title\" content=\"Bilan des dispositions applicables au 1er ao\u00fbt au titre du Covid - Le Blog GERESO\" \/>\n<meta property=\"og:description\" content=\"R\u00e9duction de certaines mesures Mesures applicables \u00e0 compter du 1er septembre jusqu\u2019\u00e0 une date fix\u00e9e par d\u00e9cretet au plus tard le 31 janvier 2023 Fin de la possibilit\u00e9 pour le gouvernement de r\u00e9activer le port du masque obligatoire et le passe sanitaire dans les lieux accueillant du public depuis le 1er ao\u00fbt. En revanche, en [&hellip;]\" \/>\n<meta property=\"og:url\" content=\"https:\/\/www.gereso.com\/actualites\/2022\/10\/20\/bilan-dispositions-applicables-1er-aout-titre-covid\/\" \/>\n<meta property=\"og:site_name\" content=\"Le Blog GERESO\" \/>\n<meta property=\"article:published_time\" content=\"2022-10-20T11:53:29+00:00\" \/>\n<meta property=\"article:modified_time\" content=\"2022-10-20T11:53:32+00:00\" \/>\n<meta name=\"author\" content=\"Anne-Lise Douat\" \/>\n<meta name=\"twitter:card\" content=\"summary_large_image\" \/>\n<script type=\"application\/ld+json\" class=\"yoast-schema-graph\">{\"@context\":\"https:\/\/schema.org\",\"@graph\":[{\"@type\":\"WebPage\",\"@id\":\"https:\/\/www.gereso.com\/actualites\/2022\/10\/20\/bilan-dispositions-applicables-1er-aout-titre-covid\/\",\"url\":\"https:\/\/www.gereso.com\/actualites\/2022\/10\/20\/bilan-dispositions-applicables-1er-aout-titre-covid\/\",\"name\":\"Bilan des dispositions applicables au 1er ao\u00fbt au titre du Covid - Le Blog GERESO\",\"isPartOf\":{\"@id\":\"https:\/\/www.gereso.com\/actualites\/#website\"},\"datePublished\":\"2022-10-20T11:53:29+00:00\",\"dateModified\":\"2022-10-20T11:53:32+00:00\",\"author\":{\"@id\":\"https:\/\/www.gereso.com\/actualites\/#\/schema\/person\/f9b9cd95b838e92d2022ffafbaa46491\"},\"breadcrumb\":{\"@id\":\"https:\/\/www.gereso.com\/actualites\/2022\/10\/20\/bilan-dispositions-applicables-1er-aout-titre-covid\/#breadcrumb\"},\"inLanguage\":\"fr-FR\",\"potentialAction\":[{\"@type\":\"ReadAction\",\"target\":[\"https:\/\/www.gereso.com\/actualites\/2022\/10\/20\/bilan-dispositions-applicables-1er-aout-titre-covid\/\"]}]},{\"@type\":\"BreadcrumbList\",\"@id\":\"https:\/\/www.gereso.com\/actualites\/2022\/10\/20\/bilan-dispositions-applicables-1er-aout-titre-covid\/#breadcrumb\",\"itemListElement\":[{\"@type\":\"ListItem\",\"position\":1,\"name\":\"Home\",\"item\":\"https:\/\/www.gereso.com\/actualites\/\"},{\"@type\":\"ListItem\",\"position\":2,\"name\":\"Bilan des dispositions applicables au 1er ao\u00fbt au titre du Covid\"}]},{\"@type\":\"WebSite\",\"@id\":\"https:\/\/www.gereso.com\/actualites\/#website\",\"url\":\"https:\/\/www.gereso.com\/actualites\/\",\"name\":\"Le Blog GERESO\",\"description\":\"Toute l&#039;actu RH, Finance, Fonction Publique, Management...\",\"potentialAction\":[{\"@type\":\"SearchAction\",\"target\":{\"@type\":\"EntryPoint\",\"urlTemplate\":\"https:\/\/www.gereso.com\/actualites\/?s={search_term_string}\"},\"query-input\":{\"@type\":\"PropertyValueSpecification\",\"valueRequired\":true,\"valueName\":\"search_term_string\"}}],\"inLanguage\":\"fr-FR\"},{\"@type\":\"Person\",\"@id\":\"https:\/\/www.gereso.com\/actualites\/#\/schema\/person\/f9b9cd95b838e92d2022ffafbaa46491\",\"name\":\"Anne-Lise Douat\",\"image\":{\"@type\":\"ImageObject\",\"inLanguage\":\"fr-FR\",\"@id\":\"https:\/\/www.gereso.com\/actualites\/#\/schema\/person\/image\/\",\"url\":\"https:\/\/www.gereso.com\/actualites\/wp-content\/uploads\/2012\/03\/anne-lise-douat-1-144x144.png\",\"contentUrl\":\"https:\/\/www.gereso.com\/actualites\/wp-content\/uploads\/2012\/03\/anne-lise-douat-1-144x144.png\",\"caption\":\"Anne-Lise Douat\"},\"description\":\"Consultante en droit social et mobilit\u00e9 internationale pour GERESO. Elle intervient au cours de formations inter et intra-entreprises sur les th\u00e8mes de la gestion des salari\u00e9s expatri\u00e9s, impatri\u00e9s et de la r\u00e9glementation du travail en France et \u00e0 l'international. Elle est \u00e9galement l'auteur de l'ouvrage \u00ab\u00a0La Protection Sociale en Europe\u00a0\u00bb, et collabore \u00e0 l'actualisation r\u00e9guli\u00e8re du best-seller \u00ab La Mobilit\u00e9 Internationale\u00a0\u00bb\",\"url\":\"https:\/\/www.gereso.com\/actualites\/author\/a-douat\/\"}]}<\/script>\n<!-- \/ Yoast SEO plugin. -->","yoast_head_json":{"title":"Bilan des dispositions applicables au 1er ao\u00fbt au titre du Covid - Le Blog GERESO","robots":{"index":"index","follow":"follow","max-snippet":"max-snippet:-1","max-image-preview":"max-image-preview:large","max-video-preview":"max-video-preview:-1"},"canonical":"https:\/\/www.gereso.com\/actualites\/2022\/10\/20\/bilan-dispositions-applicables-1er-aout-titre-covid\/","og_locale":"fr_FR","og_type":"article","og_title":"Bilan des dispositions applicables au 1er ao\u00fbt au titre du Covid - Le Blog GERESO","og_description":"R\u00e9duction de certaines mesures Mesures applicables \u00e0 compter du 1er septembre jusqu\u2019\u00e0 une date fix\u00e9e par d\u00e9cretet au plus tard le 31 janvier 2023 Fin de la possibilit\u00e9 pour le gouvernement de r\u00e9activer le port du masque obligatoire et le passe sanitaire dans les lieux accueillant du public depuis le 1er ao\u00fbt. En revanche, en [&hellip;]","og_url":"https:\/\/www.gereso.com\/actualites\/2022\/10\/20\/bilan-dispositions-applicables-1er-aout-titre-covid\/","og_site_name":"Le Blog GERESO","article_published_time":"2022-10-20T11:53:29+00:00","article_modified_time":"2022-10-20T11:53:32+00:00","author":"Anne-Lise Douat","twitter_card":"summary_large_image","schema":{"@context":"https:\/\/schema.org","@graph":[{"@type":"WebPage","@id":"https:\/\/www.gereso.com\/actualites\/2022\/10\/20\/bilan-dispositions-applicables-1er-aout-titre-covid\/","url":"https:\/\/www.gereso.com\/actualites\/2022\/10\/20\/bilan-dispositions-applicables-1er-aout-titre-covid\/","name":"Bilan des dispositions applicables au 1er ao\u00fbt au titre du Covid - Le Blog GERESO","isPartOf":{"@id":"https:\/\/www.gereso.com\/actualites\/#website"},"datePublished":"2022-10-20T11:53:29+00:00","dateModified":"2022-10-20T11:53:32+00:00","author":{"@id":"https:\/\/www.gereso.com\/actualites\/#\/schema\/person\/f9b9cd95b838e92d2022ffafbaa46491"},"breadcrumb":{"@id":"https:\/\/www.gereso.com\/actualites\/2022\/10\/20\/bilan-dispositions-applicables-1er-aout-titre-covid\/#breadcrumb"},"inLanguage":"fr-FR","potentialAction":[{"@type":"ReadAction","target":["https:\/\/www.gereso.com\/actualites\/2022\/10\/20\/bilan-dispositions-applicables-1er-aout-titre-covid\/"]}]},{"@type":"BreadcrumbList","@id":"https:\/\/www.gereso.com\/actualites\/2022\/10\/20\/bilan-dispositions-applicables-1er-aout-titre-covid\/#breadcrumb","itemListElement":[{"@type":"ListItem","position":1,"name":"Home","item":"https:\/\/www.gereso.com\/actualites\/"},{"@type":"ListItem","position":2,"name":"Bilan des dispositions applicables au 1er ao\u00fbt au titre du Covid"}]},{"@type":"WebSite","@id":"https:\/\/www.gereso.com\/actualites\/#website","url":"https:\/\/www.gereso.com\/actualites\/","name":"Le Blog GERESO","description":"Toute l&#039;actu RH, Finance, Fonction Publique, Management...","potentialAction":[{"@type":"SearchAction","target":{"@type":"EntryPoint","urlTemplate":"https:\/\/www.gereso.com\/actualites\/?s={search_term_string}"},"query-input":{"@type":"PropertyValueSpecification","valueRequired":true,"valueName":"search_term_string"}}],"inLanguage":"fr-FR"},{"@type":"Person","@id":"https:\/\/www.gereso.com\/actualites\/#\/schema\/person\/f9b9cd95b838e92d2022ffafbaa46491","name":"Anne-Lise Douat","image":{"@type":"ImageObject","inLanguage":"fr-FR","@id":"https:\/\/www.gereso.com\/actualites\/#\/schema\/person\/image\/","url":"https:\/\/www.gereso.com\/actualites\/wp-content\/uploads\/2012\/03\/anne-lise-douat-1-144x144.png","contentUrl":"https:\/\/www.gereso.com\/actualites\/wp-content\/uploads\/2012\/03\/anne-lise-douat-1-144x144.png","caption":"Anne-Lise Douat"},"description":"Consultante en droit social et mobilit\u00e9 internationale pour GERESO. Elle intervient au cours de formations inter et intra-entreprises sur les th\u00e8mes de la gestion des salari\u00e9s expatri\u00e9s, impatri\u00e9s et de la r\u00e9glementation du travail en France et \u00e0 l'international. Elle est \u00e9galement l'auteur de l'ouvrage \u00ab\u00a0La Protection Sociale en Europe\u00a0\u00bb, et collabore \u00e0 l'actualisation r\u00e9guli\u00e8re du best-seller \u00ab La Mobilit\u00e9 Internationale\u00a0\u00bb","url":"https:\/\/www.gereso.com\/actualites\/author\/a-douat\/"}]}},"_links":{"self":[{"href":"https:\/\/www.gereso.com\/actualites\/wp-json\/wp\/v2\/posts\/30588","targetHints":{"allow":["GET"]}}],"collection":[{"href":"https:\/\/www.gereso.com\/actualites\/wp-json\/wp\/v2\/posts"}],"about":[{"href":"https:\/\/www.gereso.com\/actualites\/wp-json\/wp\/v2\/types\/post"}],"author":[{"embeddable":true,"href":"https:\/\/www.gereso.com\/actualites\/wp-json\/wp\/v2\/users\/12"}],"replies":[{"embeddable":true,"href":"https:\/\/www.gereso.com\/actualites\/wp-json\/wp\/v2\/comments?post=30588"}],"version-history":[{"count":3,"href":"https:\/\/www.gereso.com\/actualites\/wp-json\/wp\/v2\/posts\/30588\/revisions"}],"predecessor-version":[{"id":30689,"href":"https:\/\/www.gereso.com\/actualites\/wp-json\/wp\/v2\/posts\/30588\/revisions\/30689"}],"wp:attachment":[{"href":"https:\/\/www.gereso.com\/actualites\/wp-json\/wp\/v2\/media?parent=30588"}],"wp:term":[{"taxonomy":"category","embeddable":true,"href":"https:\/\/www.gereso.com\/actualites\/wp-json\/wp\/v2\/categories?post=30588"},{"taxonomy":"post_tag","embeddable":true,"href":"https:\/\/www.gereso.com\/actualites\/wp-json\/wp\/v2\/tags?post=30588"}],"curies":[{"name":"wp","href":"https:\/\/api.w.org\/{rel}","templated":true}]}}