{"id":30624,"date":"2022-10-25T16:37:16","date_gmt":"2022-10-25T14:37:16","guid":{"rendered":"https:\/\/www.gereso.com\/actualites\/?p=30624"},"modified":"2022-10-25T16:37:18","modified_gmt":"2022-10-25T14:37:18","slug":"droit-reevaluation-remuneration-agents-contractuels-controle-restreint-juge-administratif-montant-evolution-remuneration","status":"publish","type":"post","link":"https:\/\/www.gereso.com\/actualites\/2022\/10\/25\/droit-reevaluation-remuneration-agents-contractuels-controle-restreint-juge-administratif-montant-evolution-remuneration\/","title":{"rendered":"Droit \u00e0 r\u00e9\u00e9valuation de la r\u00e9mun\u00e9ration des agents contractuels et contr\u00f4le restreint du juge administratif sur le montant et l&rsquo;\u00e9volution de la r\u00e9mun\u00e9ration"},"content":{"rendered":"\n<p>Contrairement aux fonctionnaires, les agents contractuels de droit public, recrut\u00e9s sous CDI ou CDD sur un emploi permanent d\u2019une dur\u00e9e continue aupr\u00e8s du m\u00eame employeur, n\u2019ont aucun droit \u00e0 l\u2019\u00e9volution r\u00e9guli\u00e8re et automatique de leur r\u00e9mun\u00e9ration en fonction de leur anciennet\u00e9.<\/p>\n<p>Les \u00e9volutions l\u00e9gislatives et r\u00e9glementaires r\u00e9centes ouvrant le recours aux agents contractuels sur des emplois permanents ont toutefois entra\u00een\u00e9 la mise en place d\u2019un principe de r\u00e9\u00e9valuation r\u00e9guli\u00e8re de la r\u00e9mun\u00e9ration des agents contractuels.<\/p>\n<p>Aux termes de l\u2019<em><a href=\"https:\/\/www.legifrance.gouv.fr\/loda\/article_lc\/LEGIARTI000045662634#:~:text=Version%20en%20vigueur%20depuis%20le%2027%20avril%202022&amp;text=Le%20montant%20de%20la%20r%C3%A9mun%C3%A9ration,agent%20ainsi%20que%20son%20exp%C3%A9rience.\" target=\"_blank\" rel=\"nofollow noopener\">article 1-3 du d\u00e9cret n\u00b0\u00a0 86-83 du 17 janvier 1986<\/a><\/em> (FPE) et des <em><a href=\"https:\/\/www.legifrance.gouv.fr\/loda\/article_lc\/LEGIARTI000046185918\" target=\"_blank\" rel=\"nofollow noopener\">articles 1-2 du d\u00e9cret n\u00b0\u00a088-145 du 15 f\u00e9vrier 1988<\/a><\/em> (FPT) et du <em><a href=\"https:\/\/www.legifrance.gouv.fr\/jorf\/id\/JORFTEXT000000343794#:~:text=dol%2C%20majeurs%20prot%C3%A9g%C3%A9s-,D%C3%A9cret%20n%C2%B0%2091%2D155%20du%206%20f%C3%A9vrier%201991%20relatif,%C3%A0%20la%20fonction%20publique%20hospitali%C3%A8re\" target=\"_blank\" rel=\"nofollow noopener\">d\u00e9cret n\u00b0\u00a091-155 du 6 f\u00e9vrier 1991<\/a><\/em> (FPH), la r\u00e9mun\u00e9ration des agents contractuels doit ainsi faire l\u2019objet d\u2019une r\u00e9\u00e9valuation au moins tous les trois ans notamment au regard des r\u00e9sultats des entretiens professionnels ou de l\u2019\u00e9volution de leurs fonctions.<\/p>\n<p>Cette obligation ne porte pas sur le montant de la r\u00e9mun\u00e9ration mais sur la p\u00e9riodicit\u00e9 \u00e0 laquelle il est proc\u00e9d\u00e9 \u00e0 une r\u00e9\u00e9valuation.<\/p>\n<p>Fruit d\u2019une n\u00e9gociation entre l\u2019agent et son employeur public, ce dernier dispose d&rsquo;une large marge d&rsquo;appr\u00e9ciation pour fixer le montant de la r\u00e9mun\u00e9ration de ses agents, en tenant compte notamment des fonctions qu\u2019il leur confie et de la qualification requise pour les exercer.<\/p>\n<p>De son c\u00f4t\u00e9, le juge administratif, s\u2019il est saisi d\u2019une contestation, ne proc\u00e8de qu\u2019\u00e0 un contr\u00f4le restreint sur la fixation de ce montant et de son \u00e9volution.<\/p>\n<p>Jurisprudence constante \u2013 ex.\u00a0:<a href=\"https:\/\/www.legifrance.gouv.fr\/ceta\/id\/CETATEXT000007571268\" target=\"_blank\" rel=\"nofollow noopener\"><em> CAA, Nancy, 2 juin 2005, n\u00b0\u00a003NC00958<\/em><\/a>\u00a0; <a href=\"https:\/\/www.legifrance.gouv.fr\/ceta\/id\/CETATEXT000038650404\" target=\"_blank\" rel=\"nofollow noopener\"><em>CAA de Versailles, 18 juin 2019, 16VE01480<\/em><\/a> ;\u00a0<\/p>\n<p>Ainsi, la cour administrative d\u2019appel de Paris a r\u00e9cemment rejet\u00e9 la requ\u00eate d\u2019un agent contractuel sous CDI tendant \u00e0 revaloriser sa r\u00e9mun\u00e9ration \u00e0 la suite d\u2019un changement de poste. Selon le requ\u00e9rant, le nouveau poste occup\u00e9 comportait de nouvelles missions et impliquait d\u2019acqu\u00e9rir des comp\u00e9tences<\/p>\n","protected":false},"excerpt":{"rendered":"<p>Contrairement aux fonctionnaires, les agents contractuels de droit public, recrut\u00e9s sous CDI ou CDD sur un emploi permanent d\u2019une dur\u00e9e continue aupr\u00e8s du m\u00eame employeur, n\u2019ont aucun droit \u00e0 l\u2019\u00e9volution r\u00e9guli\u00e8re et automatique de leur r\u00e9mun\u00e9ration en fonction de leur anciennet\u00e9. Les \u00e9volutions l\u00e9gislatives et r\u00e9glementaires r\u00e9centes ouvrant le recours aux agents contractuels sur des [&hellip;]<\/p>\n","protected":false},"author":32,"featured_media":0,"comment_status":"open","ping_status":"open","sticky":false,"template":"","format":"quote","meta":{"_acf_changed":false,"_mi_skip_tracking":false,"footnotes":""},"categories":[12,6],"tags":[],"class_list":["post-30624","post","type-post","status-publish","format-quote","hentry","category-actualites","category-fonction-publique","post_format-post-format-quote"],"acf":[],"yoast_head":"<!-- This site is optimized with the Yoast SEO plugin v23.4 - https:\/\/yoast.com\/wordpress\/plugins\/seo\/ -->\n<title>Droit \u00e0 r\u00e9\u00e9valuation de la r\u00e9mun\u00e9ration des agents contractuels et contr\u00f4le restreint du juge administratif sur le montant et l&rsquo;\u00e9volution de la r\u00e9mun\u00e9ration - Le Blog GERESO<\/title>\n<meta name=\"robots\" content=\"index, follow, max-snippet:-1, max-image-preview:large, max-video-preview:-1\" \/>\n<link rel=\"canonical\" href=\"https:\/\/www.gereso.com\/actualites\/2022\/10\/25\/droit-reevaluation-remuneration-agents-contractuels-controle-restreint-juge-administratif-montant-evolution-remuneration\/\" \/>\n<meta property=\"og:locale\" content=\"fr_FR\" \/>\n<meta property=\"og:type\" content=\"article\" \/>\n<meta property=\"og:title\" content=\"Droit \u00e0 r\u00e9\u00e9valuation de la r\u00e9mun\u00e9ration des agents contractuels et contr\u00f4le restreint du juge administratif sur le montant et l&rsquo;\u00e9volution de la r\u00e9mun\u00e9ration - Le Blog GERESO\" \/>\n<meta property=\"og:description\" content=\"Contrairement aux fonctionnaires, les agents contractuels de droit public, recrut\u00e9s sous CDI ou CDD sur un emploi permanent d\u2019une dur\u00e9e continue aupr\u00e8s du m\u00eame employeur, n\u2019ont aucun droit \u00e0 l\u2019\u00e9volution r\u00e9guli\u00e8re et automatique de leur r\u00e9mun\u00e9ration en fonction de leur anciennet\u00e9. Les \u00e9volutions l\u00e9gislatives et r\u00e9glementaires r\u00e9centes ouvrant le recours aux agents contractuels sur des [&hellip;]\" \/>\n<meta property=\"og:url\" content=\"https:\/\/www.gereso.com\/actualites\/2022\/10\/25\/droit-reevaluation-remuneration-agents-contractuels-controle-restreint-juge-administratif-montant-evolution-remuneration\/\" \/>\n<meta property=\"og:site_name\" content=\"Le Blog GERESO\" \/>\n<meta property=\"article:published_time\" content=\"2022-10-25T14:37:16+00:00\" \/>\n<meta property=\"article:modified_time\" content=\"2022-10-25T14:37:18+00:00\" \/>\n<meta name=\"author\" content=\"\u00c9quipe GERESO\" \/>\n<meta name=\"twitter:card\" content=\"summary_large_image\" \/>\n<script type=\"application\/ld+json\" class=\"yoast-schema-graph\">{\"@context\":\"https:\/\/schema.org\",\"@graph\":[{\"@type\":\"WebPage\",\"@id\":\"https:\/\/www.gereso.com\/actualites\/2022\/10\/25\/droit-reevaluation-remuneration-agents-contractuels-controle-restreint-juge-administratif-montant-evolution-remuneration\/\",\"url\":\"https:\/\/www.gereso.com\/actualites\/2022\/10\/25\/droit-reevaluation-remuneration-agents-contractuels-controle-restreint-juge-administratif-montant-evolution-remuneration\/\",\"name\":\"Droit \u00e0 r\u00e9\u00e9valuation de la r\u00e9mun\u00e9ration des agents contractuels et contr\u00f4le restreint du juge administratif sur le montant et l&rsquo;\u00e9volution de la r\u00e9mun\u00e9ration - Le Blog GERESO\",\"isPartOf\":{\"@id\":\"https:\/\/www.gereso.com\/actualites\/#website\"},\"datePublished\":\"2022-10-25T14:37:16+00:00\",\"dateModified\":\"2022-10-25T14:37:18+00:00\",\"author\":{\"@id\":\"https:\/\/www.gereso.com\/actualites\/#\/schema\/person\/197d8aef40cb4ae3f6a0aa9e1d3df2a6\"},\"breadcrumb\":{\"@id\":\"https:\/\/www.gereso.com\/actualites\/2022\/10\/25\/droit-reevaluation-remuneration-agents-contractuels-controle-restreint-juge-administratif-montant-evolution-remuneration\/#breadcrumb\"},\"inLanguage\":\"fr-FR\",\"potentialAction\":[{\"@type\":\"ReadAction\",\"target\":[\"https:\/\/www.gereso.com\/actualites\/2022\/10\/25\/droit-reevaluation-remuneration-agents-contractuels-controle-restreint-juge-administratif-montant-evolution-remuneration\/\"]}]},{\"@type\":\"BreadcrumbList\",\"@id\":\"https:\/\/www.gereso.com\/actualites\/2022\/10\/25\/droit-reevaluation-remuneration-agents-contractuels-controle-restreint-juge-administratif-montant-evolution-remuneration\/#breadcrumb\",\"itemListElement\":[{\"@type\":\"ListItem\",\"position\":1,\"name\":\"Home\",\"item\":\"https:\/\/www.gereso.com\/actualites\/\"},{\"@type\":\"ListItem\",\"position\":2,\"name\":\"Droit \u00e0 r\u00e9\u00e9valuation de la r\u00e9mun\u00e9ration des agents contractuels et contr\u00f4le restreint du juge administratif sur le montant et l&rsquo;\u00e9volution de la r\u00e9mun\u00e9ration\"}]},{\"@type\":\"WebSite\",\"@id\":\"https:\/\/www.gereso.com\/actualites\/#website\",\"url\":\"https:\/\/www.gereso.com\/actualites\/\",\"name\":\"Le Blog GERESO\",\"description\":\"Toute l&#039;actu RH, Finance, Fonction Publique, Management...\",\"potentialAction\":[{\"@type\":\"SearchAction\",\"target\":{\"@type\":\"EntryPoint\",\"urlTemplate\":\"https:\/\/www.gereso.com\/actualites\/?s={search_term_string}\"},\"query-input\":{\"@type\":\"PropertyValueSpecification\",\"valueRequired\":true,\"valueName\":\"search_term_string\"}}],\"inLanguage\":\"fr-FR\"},{\"@type\":\"Person\",\"@id\":\"https:\/\/www.gereso.com\/actualites\/#\/schema\/person\/197d8aef40cb4ae3f6a0aa9e1d3df2a6\",\"name\":\"\u00c9quipe GERESO\",\"image\":{\"@type\":\"ImageObject\",\"inLanguage\":\"fr-FR\",\"@id\":\"https:\/\/www.gereso.com\/actualites\/#\/schema\/person\/image\/\",\"url\":\"https:\/\/www.gereso.com\/actualites\/wp-content\/uploads\/2013\/12\/avatar-gereso-1.png\",\"contentUrl\":\"https:\/\/www.gereso.com\/actualites\/wp-content\/uploads\/2013\/12\/avatar-gereso-1.png\",\"caption\":\"\u00c9quipe GERESO\"},\"url\":\"https:\/\/www.gereso.com\/actualites\/author\/gereso\/\"}]}<\/script>\n<!-- \/ Yoast SEO plugin. -->","yoast_head_json":{"title":"Droit \u00e0 r\u00e9\u00e9valuation de la r\u00e9mun\u00e9ration des agents contractuels et contr\u00f4le restreint du juge administratif sur le montant et l&rsquo;\u00e9volution de la r\u00e9mun\u00e9ration - Le Blog GERESO","robots":{"index":"index","follow":"follow","max-snippet":"max-snippet:-1","max-image-preview":"max-image-preview:large","max-video-preview":"max-video-preview:-1"},"canonical":"https:\/\/www.gereso.com\/actualites\/2022\/10\/25\/droit-reevaluation-remuneration-agents-contractuels-controle-restreint-juge-administratif-montant-evolution-remuneration\/","og_locale":"fr_FR","og_type":"article","og_title":"Droit \u00e0 r\u00e9\u00e9valuation de la r\u00e9mun\u00e9ration des agents contractuels et contr\u00f4le restreint du juge administratif sur le montant et l&rsquo;\u00e9volution de la r\u00e9mun\u00e9ration - Le Blog GERESO","og_description":"Contrairement aux fonctionnaires, les agents contractuels de droit public, recrut\u00e9s sous CDI ou CDD sur un emploi permanent d\u2019une dur\u00e9e continue aupr\u00e8s du m\u00eame employeur, n\u2019ont aucun droit \u00e0 l\u2019\u00e9volution r\u00e9guli\u00e8re et automatique de leur r\u00e9mun\u00e9ration en fonction de leur anciennet\u00e9. Les \u00e9volutions l\u00e9gislatives et r\u00e9glementaires r\u00e9centes ouvrant le recours aux agents contractuels sur des [&hellip;]","og_url":"https:\/\/www.gereso.com\/actualites\/2022\/10\/25\/droit-reevaluation-remuneration-agents-contractuels-controle-restreint-juge-administratif-montant-evolution-remuneration\/","og_site_name":"Le Blog GERESO","article_published_time":"2022-10-25T14:37:16+00:00","article_modified_time":"2022-10-25T14:37:18+00:00","author":"\u00c9quipe GERESO","twitter_card":"summary_large_image","schema":{"@context":"https:\/\/schema.org","@graph":[{"@type":"WebPage","@id":"https:\/\/www.gereso.com\/actualites\/2022\/10\/25\/droit-reevaluation-remuneration-agents-contractuels-controle-restreint-juge-administratif-montant-evolution-remuneration\/","url":"https:\/\/www.gereso.com\/actualites\/2022\/10\/25\/droit-reevaluation-remuneration-agents-contractuels-controle-restreint-juge-administratif-montant-evolution-remuneration\/","name":"Droit \u00e0 r\u00e9\u00e9valuation de la r\u00e9mun\u00e9ration des agents contractuels et contr\u00f4le restreint du juge administratif sur le montant et l&rsquo;\u00e9volution de la r\u00e9mun\u00e9ration - Le Blog GERESO","isPartOf":{"@id":"https:\/\/www.gereso.com\/actualites\/#website"},"datePublished":"2022-10-25T14:37:16+00:00","dateModified":"2022-10-25T14:37:18+00:00","author":{"@id":"https:\/\/www.gereso.com\/actualites\/#\/schema\/person\/197d8aef40cb4ae3f6a0aa9e1d3df2a6"},"breadcrumb":{"@id":"https:\/\/www.gereso.com\/actualites\/2022\/10\/25\/droit-reevaluation-remuneration-agents-contractuels-controle-restreint-juge-administratif-montant-evolution-remuneration\/#breadcrumb"},"inLanguage":"fr-FR","potentialAction":[{"@type":"ReadAction","target":["https:\/\/www.gereso.com\/actualites\/2022\/10\/25\/droit-reevaluation-remuneration-agents-contractuels-controle-restreint-juge-administratif-montant-evolution-remuneration\/"]}]},{"@type":"BreadcrumbList","@id":"https:\/\/www.gereso.com\/actualites\/2022\/10\/25\/droit-reevaluation-remuneration-agents-contractuels-controle-restreint-juge-administratif-montant-evolution-remuneration\/#breadcrumb","itemListElement":[{"@type":"ListItem","position":1,"name":"Home","item":"https:\/\/www.gereso.com\/actualites\/"},{"@type":"ListItem","position":2,"name":"Droit \u00e0 r\u00e9\u00e9valuation de la r\u00e9mun\u00e9ration des agents contractuels et contr\u00f4le restreint du juge administratif sur le montant et l&rsquo;\u00e9volution de la r\u00e9mun\u00e9ration"}]},{"@type":"WebSite","@id":"https:\/\/www.gereso.com\/actualites\/#website","url":"https:\/\/www.gereso.com\/actualites\/","name":"Le Blog GERESO","description":"Toute l&#039;actu RH, Finance, Fonction Publique, Management...","potentialAction":[{"@type":"SearchAction","target":{"@type":"EntryPoint","urlTemplate":"https:\/\/www.gereso.com\/actualites\/?s={search_term_string}"},"query-input":{"@type":"PropertyValueSpecification","valueRequired":true,"valueName":"search_term_string"}}],"inLanguage":"fr-FR"},{"@type":"Person","@id":"https:\/\/www.gereso.com\/actualites\/#\/schema\/person\/197d8aef40cb4ae3f6a0aa9e1d3df2a6","name":"\u00c9quipe GERESO","image":{"@type":"ImageObject","inLanguage":"fr-FR","@id":"https:\/\/www.gereso.com\/actualites\/#\/schema\/person\/image\/","url":"https:\/\/www.gereso.com\/actualites\/wp-content\/uploads\/2013\/12\/avatar-gereso-1.png","contentUrl":"https:\/\/www.gereso.com\/actualites\/wp-content\/uploads\/2013\/12\/avatar-gereso-1.png","caption":"\u00c9quipe GERESO"},"url":"https:\/\/www.gereso.com\/actualites\/author\/gereso\/"}]}},"_links":{"self":[{"href":"https:\/\/www.gereso.com\/actualites\/wp-json\/wp\/v2\/posts\/30624","targetHints":{"allow":["GET"]}}],"collection":[{"href":"https:\/\/www.gereso.com\/actualites\/wp-json\/wp\/v2\/posts"}],"about":[{"href":"https:\/\/www.gereso.com\/actualites\/wp-json\/wp\/v2\/types\/post"}],"author":[{"embeddable":true,"href":"https:\/\/www.gereso.com\/actualites\/wp-json\/wp\/v2\/users\/32"}],"replies":[{"embeddable":true,"href":"https:\/\/www.gereso.com\/actualites\/wp-json\/wp\/v2\/comments?post=30624"}],"version-history":[{"count":8,"href":"https:\/\/www.gereso.com\/actualites\/wp-json\/wp\/v2\/posts\/30624\/revisions"}],"predecessor-version":[{"id":30789,"href":"https:\/\/www.gereso.com\/actualites\/wp-json\/wp\/v2\/posts\/30624\/revisions\/30789"}],"wp:attachment":[{"href":"https:\/\/www.gereso.com\/actualites\/wp-json\/wp\/v2\/media?parent=30624"}],"wp:term":[{"taxonomy":"category","embeddable":true,"href":"https:\/\/www.gereso.com\/actualites\/wp-json\/wp\/v2\/categories?post=30624"},{"taxonomy":"post_tag","embeddable":true,"href":"https:\/\/www.gereso.com\/actualites\/wp-json\/wp\/v2\/tags?post=30624"}],"curies":[{"name":"wp","href":"https:\/\/api.w.org\/{rel}","templated":true}]}}