{"id":30647,"date":"2022-10-25T16:41:03","date_gmt":"2022-10-25T14:41:03","guid":{"rendered":"https:\/\/www.gereso.com\/actualites\/?p=30647"},"modified":"2022-10-25T16:41:05","modified_gmt":"2022-10-25T14:41:05","slug":"revalorisation-carriere-fonctionnaires-categorie-b-trois-versants-fonction-publique","status":"publish","type":"post","link":"https:\/\/www.gereso.com\/actualites\/2022\/10\/25\/revalorisation-carriere-fonctionnaires-categorie-b-trois-versants-fonction-publique\/","title":{"rendered":"Revalorisation de la carri\u00e8re de fonctionnaires de cat\u00e9gorie B dans les trois versants de la fonction publique"},"content":{"rendered":"\n<p>\u00c0 l\u2019image des modifications r\u00e9glementaires relatives aux agents de la cat\u00e9gorie C intervenues l\u2019hiver dernier (<a href=\"https:\/\/www.legifrance.gouv.fr\/jorf\/id\/JORFTEXT000044571714#:~:text=dol%2C%20majeurs%20prot%C3%A9g%C3%A9s-,D%C3%A9cret%20n%C2%B0%202021%2D1818%20du%2024%20d%C3%A9cembre%202021%20modifiant,une%20bonification%20d%27anciennet%C3%A9%20exceptionnelle\" target=\"_blank\" rel=\"noopener\"><em>d\u00e9crets n\u00b0\u00a02021-1818<\/em><\/a> et <a href=\"https:\/\/www.legifrance.gouv.fr\/jorf\/id\/JORFTEXT000044571773#:~:text=dol%2C%20majeurs%20prot%C3%A9g%C3%A9s-,D%C3%A9cret%20n%C2%B0%202021%2D1819%20du%2024%20d%C3%A9cembre%202021%20modifiant,de%20la%20fonction%20publique%20territoriale&amp;text=Publics%20concern%C3%A9s%20%3A%20fonctionnaires%20de%20cat%C3%A9gorie%20C%20de%20la%20fonction%20publique%20territoriale.\" target=\"_blank\" rel=\"noopener\"><em>n\u00b0\u00a02021-1819<\/em><\/a> pour la fonction publique territoriale\u00a0;<em><a href=\"https:\/\/www.legifrance.gouv.fr\/jorf\/id\/JORFTEXT000044572291#:~:text=Dans%20les%20r%C3%A9sum%C3%A9s-,D%C3%A9cret%20n%C2%B0%202021%2D1826%20du%2024%20d%C3%A9cembre%202021%20modifiant,une%20bonification%20d%27anciennet%C3%A9%20exceptionnelle\" target=\"_blank\" rel=\"noopener\"> n\u00b0\u00a02021-1826<\/a><\/em> et <em><a href=\"https:\/\/www.legifrance.gouv.fr\/jorf\/id\/JORFTEXT000044572329#:~:text=Dans%20les%20r%C3%A9sum%C3%A9s-,D%C3%A9cret%20n%C2%B0%202021%2D1827%20du%2024%20d%C3%A9cembre%202021%20fixant,de%20la%20fonction%20publique%20hospitali%C3%A8re&amp;text=Recherche%20simple%20dans%20le%20code%20Rechercher%20dans%20le%20texte...&amp;text=Publics%20concern%C3%A9s%20%3A%20fonctionnaires%20de%20cat%C3%A9gorie%20C%20de%20la%20fonction%20publique%20hospitali%C3%A8re.\">n\u00b0\u00a02021-1827<\/a><\/em> pour la fonction publique hospitali\u00e8re\u00a0; <em><a href=\"https:\/\/www.legifrance.gouv.fr\/jorf\/id\/JORFTEXT000044572775#:~:text=dol%2C%20majeurs%20prot%C3%A9g%C3%A9s-,D%C3%A9cret%20n%C2%B0%202021%2D1834%20du%2024%20d%C3%A9cembre%202021%20modifiant,une%20bonification%20d%27anciennet%C3%A9%20exceptionnelle\" target=\"_blank\" rel=\"noopener\">n\u00b0\u00a02021-1834<\/a><\/em> et <em><a href=\"https:\/\/www.legifrance.gouv.fr\/jorf\/id\/JORFTEXT000044572805#:~:text=dol%2C%20majeurs%20prot%C3%A9g%C3%A9s-,D%C3%A9cret%20n%C2%B0%202021%2D1835%20du%2024%20d%C3%A9cembre%202021%20modifiant,et%20de%20ses%20%C3%A9tablissements%20publics\" target=\"_blank\" rel=\"noopener\">n\u00b0\u00a02021-1835<\/a><\/em> pour la fonction publique d\u2019\u00c9tat), six d\u00e9crets du 31 ao\u00fbt 2022 sont venus cet \u00e9t\u00e9 revaloriser la carri\u00e8re de fonctionnaires de cat\u00e9gorie B dans les trois versants de la fonction publique.<\/p>\n<p>C\u2019est ainsi que le <em><a href=\"https:\/\/www.legifrance.gouv.fr\/jorf\/id\/JORFTEXT000046242148\" target=\"_blank\" rel=\"noopener\">d\u00e9cret n\u00b0\u00a02022-1200<\/a><\/em> modifiant l\u2019organisation des carri\u00e8res des fonctionnaires de la cat\u00e9gorie B de la fonction publique territoriale proc\u00e8de \u00e0 la modification de la structure de carri\u00e8re de cadres d\u2019emplois en r\u00e9duisant la dur\u00e9e de certains \u00e9chelons et grades. Le texte tire les cons\u00e9quences de ces \u00e9volutions en adaptant notamment les modalit\u00e9s d\u2019avancement et les modalit\u00e9s de classement lors de la nomination dans un cadre d\u2019emplois de fonctionnaires de la cat\u00e9gorie A. Le<em><a href=\"https:\/\/www.legifrance.gouv.fr\/jorf\/id\/JORFTEXT000046242315#:~:text=Entr%C3%A9e%20en%20vigueur%20%3A%20le%20d%C3%A9cret,emplois%20de%20la%20cat%C3%A9gorie%20B.\" target=\"_blank\" rel=\"noopener\"> d\u00e9cret n\u00b0\u00a02022-1201<\/a><\/em> modifie quant \u00e0 lui l&rsquo;\u00e9chelonnement indiciaire applicable aux premier et deuxi\u00e8me grades de certains cadres d&#8217;emplois de la cat\u00e9gorie B.<\/p>\n<p>Le gouvernement op\u00e8re de la m\u00eame mani\u00e8re pour la fonction publique d\u2019\u00c9tat\u00a0; un premier <em><a href=\"https:\/\/www.legifrance.gouv.fr\/jorf\/id\/JORFTEXT000046242908\" target=\"_blank\" rel=\"noopener\">d\u00e9cret n\u00b0\u00a02022-1209<\/a><\/em> modifiant la dur\u00e9e et le nombre d&rsquo;\u00e9chelons de certains grades pr\u00e9vus par le d\u00e9cret du 11 novembre 2009 portant dispositions statutaires communes \u00e0 divers corps de fonctionnaires de la cat\u00e9gorie B de la fonction publique de l&rsquo;\u00c9tat et adaptant en cons\u00e9quence les dispositions relatives \u00e0 l&rsquo;avancement de grade et aux modalit\u00e9s de classement lors de la nomination dans un corps de cat\u00e9gorie B et dans le corps interminist\u00e9riel des attach\u00e9s d&rsquo;administration, et un second texte, <em><a href=\"https:\/\/www.legifrance.gouv.fr\/jorf\/id\/JORFTEXT000046242958#:~:text=dol%2C%20majeurs%20prot%C3%A9g%C3%A9s-,D%C3%A9cret%20n%C2%B0%202022%2D1210%20du%2031%20ao%C3%BBt%202022%20modifiant,et%20de%20ses%20%C3%A9tablissements%20publics\" target=\"_blank\" rel=\"noopener\">d\u00e9cret n\u00b0\u00a02022-1210<\/a><\/em>, modifiant l&rsquo;\u00e9chelonnement indiciaire aff\u00e9rent aux premier et deuxi\u00e8me grades de la cat\u00e9gorie B.<\/p>\n<p>\u00c0 l\u2019instar des deux autres versants, certains corps de cat\u00e9gorie B de la fonction publique hospitali\u00e8re se voient modifi\u00e9s par un <em><a href=\"https:\/\/www.legifrance.gouv.fr\/jorf\/id\/JORFTEXT000046242594#:~:text=Dans%20les%20r%C3%A9sum%C3%A9s-,D%C3%A9cret%20n%C2%B0%202022%2D1206%20du%2031%20ao%C3%BBt%202022%20modifiant,de%20la%20fonction%20publique%20hospitali%C3%A8re\" target=\"_blank\" rel=\"noopener\">d\u00e9cret n\u00b0\u00a02022-1206<\/a><\/em> qui r\u00e9duit \u00e9galement la dur\u00e9e de certains \u00e9chelons et grades et adapte les modalit\u00e9s d&rsquo;avancement et de classement lors de la nomination dans un corps de fonctionnaires de la cat\u00e9gorie A. Le nouvel \u00e9chelonnement indiciaire des corps de la cat\u00e9gorie B est d\u00e9termin\u00e9 par le<em><a href=\"https:\/\/www.legifrance.gouv.fr\/jorf\/id\/JORFTEXT000046242710#:~:text=Dans%20les%20r%C3%A9sum%C3%A9s-,D%C3%A9cret%20n%C2%B0%202022%2D1207%20du%2031%20ao%C3%BBt%202022%20fixant,et%20modifiant%20divers%20d%C3%A9crets%20indemnitaires\" target=\"_blank\" rel=\"noopener\"> d\u00e9cret n\u00b0\u00a02022-1207<\/a><\/em>.<\/p>\n<p>Les d\u00e9crets sont entr\u00e9s en vigueur le 1er septembre dernier.<\/p>\n","protected":false},"excerpt":{"rendered":"<p>\u00c0 l\u2019image des modifications r\u00e9glementaires relatives aux agents de la cat\u00e9gorie C intervenues l\u2019hiver dernier (d\u00e9crets n\u00b0\u00a02021-1818 et n\u00b0\u00a02021-1819 pour la fonction publique territoriale\u00a0; n\u00b0\u00a02021-1826 et n\u00b0\u00a02021-1827 pour la fonction publique hospitali\u00e8re\u00a0; n\u00b0\u00a02021-1834 et n\u00b0\u00a02021-1835 pour la fonction publique d\u2019\u00c9tat), six d\u00e9crets du 31 ao\u00fbt 2022 sont venus cet \u00e9t\u00e9 revaloriser la carri\u00e8re de fonctionnaires [&hellip;]<\/p>\n","protected":false},"author":32,"featured_media":0,"comment_status":"open","ping_status":"open","sticky":false,"template":"","format":"quote","meta":{"_acf_changed":false,"_mi_skip_tracking":false,"footnotes":""},"categories":[12,6],"tags":[],"class_list":["post-30647","post","type-post","status-publish","format-quote","hentry","category-actualites","category-fonction-publique","post_format-post-format-quote"],"acf":[],"yoast_head":"<!-- This site is optimized with the Yoast SEO plugin v23.4 - https:\/\/yoast.com\/wordpress\/plugins\/seo\/ -->\n<title>Revalorisation de la carri\u00e8re de fonctionnaires de cat\u00e9gorie B dans les trois versants de la fonction publique - Le Blog GERESO<\/title>\n<meta name=\"robots\" content=\"index, follow, max-snippet:-1, max-image-preview:large, max-video-preview:-1\" \/>\n<link rel=\"canonical\" href=\"https:\/\/www.gereso.com\/actualites\/2022\/10\/25\/revalorisation-carriere-fonctionnaires-categorie-b-trois-versants-fonction-publique\/\" \/>\n<meta property=\"og:locale\" content=\"fr_FR\" \/>\n<meta property=\"og:type\" content=\"article\" \/>\n<meta property=\"og:title\" content=\"Revalorisation de la carri\u00e8re de fonctionnaires de cat\u00e9gorie B dans les trois versants de la fonction publique - Le Blog GERESO\" \/>\n<meta property=\"og:description\" content=\"\u00c0 l\u2019image des modifications r\u00e9glementaires relatives aux agents de la cat\u00e9gorie C intervenues l\u2019hiver dernier (d\u00e9crets n\u00b0\u00a02021-1818 et n\u00b0\u00a02021-1819 pour la fonction publique territoriale\u00a0; n\u00b0\u00a02021-1826 et n\u00b0\u00a02021-1827 pour la fonction publique hospitali\u00e8re\u00a0; n\u00b0\u00a02021-1834 et n\u00b0\u00a02021-1835 pour la fonction publique d\u2019\u00c9tat), six d\u00e9crets du 31 ao\u00fbt 2022 sont venus cet \u00e9t\u00e9 revaloriser la carri\u00e8re de fonctionnaires [&hellip;]\" \/>\n<meta property=\"og:url\" content=\"https:\/\/www.gereso.com\/actualites\/2022\/10\/25\/revalorisation-carriere-fonctionnaires-categorie-b-trois-versants-fonction-publique\/\" \/>\n<meta property=\"og:site_name\" content=\"Le Blog GERESO\" \/>\n<meta property=\"article:published_time\" content=\"2022-10-25T14:41:03+00:00\" \/>\n<meta property=\"article:modified_time\" content=\"2022-10-25T14:41:05+00:00\" \/>\n<meta name=\"author\" content=\"\u00c9quipe GERESO\" \/>\n<meta name=\"twitter:card\" content=\"summary_large_image\" \/>\n<script type=\"application\/ld+json\" class=\"yoast-schema-graph\">{\"@context\":\"https:\/\/schema.org\",\"@graph\":[{\"@type\":\"WebPage\",\"@id\":\"https:\/\/www.gereso.com\/actualites\/2022\/10\/25\/revalorisation-carriere-fonctionnaires-categorie-b-trois-versants-fonction-publique\/\",\"url\":\"https:\/\/www.gereso.com\/actualites\/2022\/10\/25\/revalorisation-carriere-fonctionnaires-categorie-b-trois-versants-fonction-publique\/\",\"name\":\"Revalorisation de la carri\u00e8re de fonctionnaires de cat\u00e9gorie B dans les trois versants de la fonction publique - Le Blog GERESO\",\"isPartOf\":{\"@id\":\"https:\/\/www.gereso.com\/actualites\/#website\"},\"datePublished\":\"2022-10-25T14:41:03+00:00\",\"dateModified\":\"2022-10-25T14:41:05+00:00\",\"author\":{\"@id\":\"https:\/\/www.gereso.com\/actualites\/#\/schema\/person\/197d8aef40cb4ae3f6a0aa9e1d3df2a6\"},\"breadcrumb\":{\"@id\":\"https:\/\/www.gereso.com\/actualites\/2022\/10\/25\/revalorisation-carriere-fonctionnaires-categorie-b-trois-versants-fonction-publique\/#breadcrumb\"},\"inLanguage\":\"fr-FR\",\"potentialAction\":[{\"@type\":\"ReadAction\",\"target\":[\"https:\/\/www.gereso.com\/actualites\/2022\/10\/25\/revalorisation-carriere-fonctionnaires-categorie-b-trois-versants-fonction-publique\/\"]}]},{\"@type\":\"BreadcrumbList\",\"@id\":\"https:\/\/www.gereso.com\/actualites\/2022\/10\/25\/revalorisation-carriere-fonctionnaires-categorie-b-trois-versants-fonction-publique\/#breadcrumb\",\"itemListElement\":[{\"@type\":\"ListItem\",\"position\":1,\"name\":\"Home\",\"item\":\"https:\/\/www.gereso.com\/actualites\/\"},{\"@type\":\"ListItem\",\"position\":2,\"name\":\"Revalorisation de la carri\u00e8re de fonctionnaires de cat\u00e9gorie B dans les trois versants de la fonction publique\"}]},{\"@type\":\"WebSite\",\"@id\":\"https:\/\/www.gereso.com\/actualites\/#website\",\"url\":\"https:\/\/www.gereso.com\/actualites\/\",\"name\":\"Le Blog GERESO\",\"description\":\"Toute l&#039;actu RH, Finance, Fonction Publique, Management...\",\"potentialAction\":[{\"@type\":\"SearchAction\",\"target\":{\"@type\":\"EntryPoint\",\"urlTemplate\":\"https:\/\/www.gereso.com\/actualites\/?s={search_term_string}\"},\"query-input\":{\"@type\":\"PropertyValueSpecification\",\"valueRequired\":true,\"valueName\":\"search_term_string\"}}],\"inLanguage\":\"fr-FR\"},{\"@type\":\"Person\",\"@id\":\"https:\/\/www.gereso.com\/actualites\/#\/schema\/person\/197d8aef40cb4ae3f6a0aa9e1d3df2a6\",\"name\":\"\u00c9quipe GERESO\",\"image\":{\"@type\":\"ImageObject\",\"inLanguage\":\"fr-FR\",\"@id\":\"https:\/\/www.gereso.com\/actualites\/#\/schema\/person\/image\/\",\"url\":\"https:\/\/www.gereso.com\/actualites\/wp-content\/uploads\/2013\/12\/avatar-gereso-1.png\",\"contentUrl\":\"https:\/\/www.gereso.com\/actualites\/wp-content\/uploads\/2013\/12\/avatar-gereso-1.png\",\"caption\":\"\u00c9quipe GERESO\"},\"url\":\"https:\/\/www.gereso.com\/actualites\/author\/gereso\/\"}]}<\/script>\n<!-- \/ Yoast SEO plugin. -->","yoast_head_json":{"title":"Revalorisation de la carri\u00e8re de fonctionnaires de cat\u00e9gorie B dans les trois versants de la fonction publique - Le Blog GERESO","robots":{"index":"index","follow":"follow","max-snippet":"max-snippet:-1","max-image-preview":"max-image-preview:large","max-video-preview":"max-video-preview:-1"},"canonical":"https:\/\/www.gereso.com\/actualites\/2022\/10\/25\/revalorisation-carriere-fonctionnaires-categorie-b-trois-versants-fonction-publique\/","og_locale":"fr_FR","og_type":"article","og_title":"Revalorisation de la carri\u00e8re de fonctionnaires de cat\u00e9gorie B dans les trois versants de la fonction publique - Le Blog GERESO","og_description":"\u00c0 l\u2019image des modifications r\u00e9glementaires relatives aux agents de la cat\u00e9gorie C intervenues l\u2019hiver dernier (d\u00e9crets n\u00b0\u00a02021-1818 et n\u00b0\u00a02021-1819 pour la fonction publique territoriale\u00a0; n\u00b0\u00a02021-1826 et n\u00b0\u00a02021-1827 pour la fonction publique hospitali\u00e8re\u00a0; n\u00b0\u00a02021-1834 et n\u00b0\u00a02021-1835 pour la fonction publique d\u2019\u00c9tat), six d\u00e9crets du 31 ao\u00fbt 2022 sont venus cet \u00e9t\u00e9 revaloriser la carri\u00e8re de fonctionnaires [&hellip;]","og_url":"https:\/\/www.gereso.com\/actualites\/2022\/10\/25\/revalorisation-carriere-fonctionnaires-categorie-b-trois-versants-fonction-publique\/","og_site_name":"Le Blog GERESO","article_published_time":"2022-10-25T14:41:03+00:00","article_modified_time":"2022-10-25T14:41:05+00:00","author":"\u00c9quipe GERESO","twitter_card":"summary_large_image","schema":{"@context":"https:\/\/schema.org","@graph":[{"@type":"WebPage","@id":"https:\/\/www.gereso.com\/actualites\/2022\/10\/25\/revalorisation-carriere-fonctionnaires-categorie-b-trois-versants-fonction-publique\/","url":"https:\/\/www.gereso.com\/actualites\/2022\/10\/25\/revalorisation-carriere-fonctionnaires-categorie-b-trois-versants-fonction-publique\/","name":"Revalorisation de la carri\u00e8re de fonctionnaires de cat\u00e9gorie B dans les trois versants de la fonction publique - Le Blog GERESO","isPartOf":{"@id":"https:\/\/www.gereso.com\/actualites\/#website"},"datePublished":"2022-10-25T14:41:03+00:00","dateModified":"2022-10-25T14:41:05+00:00","author":{"@id":"https:\/\/www.gereso.com\/actualites\/#\/schema\/person\/197d8aef40cb4ae3f6a0aa9e1d3df2a6"},"breadcrumb":{"@id":"https:\/\/www.gereso.com\/actualites\/2022\/10\/25\/revalorisation-carriere-fonctionnaires-categorie-b-trois-versants-fonction-publique\/#breadcrumb"},"inLanguage":"fr-FR","potentialAction":[{"@type":"ReadAction","target":["https:\/\/www.gereso.com\/actualites\/2022\/10\/25\/revalorisation-carriere-fonctionnaires-categorie-b-trois-versants-fonction-publique\/"]}]},{"@type":"BreadcrumbList","@id":"https:\/\/www.gereso.com\/actualites\/2022\/10\/25\/revalorisation-carriere-fonctionnaires-categorie-b-trois-versants-fonction-publique\/#breadcrumb","itemListElement":[{"@type":"ListItem","position":1,"name":"Home","item":"https:\/\/www.gereso.com\/actualites\/"},{"@type":"ListItem","position":2,"name":"Revalorisation de la carri\u00e8re de fonctionnaires de cat\u00e9gorie B dans les trois versants de la fonction publique"}]},{"@type":"WebSite","@id":"https:\/\/www.gereso.com\/actualites\/#website","url":"https:\/\/www.gereso.com\/actualites\/","name":"Le Blog GERESO","description":"Toute l&#039;actu RH, Finance, Fonction Publique, Management...","potentialAction":[{"@type":"SearchAction","target":{"@type":"EntryPoint","urlTemplate":"https:\/\/www.gereso.com\/actualites\/?s={search_term_string}"},"query-input":{"@type":"PropertyValueSpecification","valueRequired":true,"valueName":"search_term_string"}}],"inLanguage":"fr-FR"},{"@type":"Person","@id":"https:\/\/www.gereso.com\/actualites\/#\/schema\/person\/197d8aef40cb4ae3f6a0aa9e1d3df2a6","name":"\u00c9quipe GERESO","image":{"@type":"ImageObject","inLanguage":"fr-FR","@id":"https:\/\/www.gereso.com\/actualites\/#\/schema\/person\/image\/","url":"https:\/\/www.gereso.com\/actualites\/wp-content\/uploads\/2013\/12\/avatar-gereso-1.png","contentUrl":"https:\/\/www.gereso.com\/actualites\/wp-content\/uploads\/2013\/12\/avatar-gereso-1.png","caption":"\u00c9quipe GERESO"},"url":"https:\/\/www.gereso.com\/actualites\/author\/gereso\/"}]}},"_links":{"self":[{"href":"https:\/\/www.gereso.com\/actualites\/wp-json\/wp\/v2\/posts\/30647","targetHints":{"allow":["GET"]}}],"collection":[{"href":"https:\/\/www.gereso.com\/actualites\/wp-json\/wp\/v2\/posts"}],"about":[{"href":"https:\/\/www.gereso.com\/actualites\/wp-json\/wp\/v2\/types\/post"}],"author":[{"embeddable":true,"href":"https:\/\/www.gereso.com\/actualites\/wp-json\/wp\/v2\/users\/32"}],"replies":[{"embeddable":true,"href":"https:\/\/www.gereso.com\/actualites\/wp-json\/wp\/v2\/comments?post=30647"}],"version-history":[{"count":12,"href":"https:\/\/www.gereso.com\/actualites\/wp-json\/wp\/v2\/posts\/30647\/revisions"}],"predecessor-version":[{"id":30790,"href":"https:\/\/www.gereso.com\/actualites\/wp-json\/wp\/v2\/posts\/30647\/revisions\/30790"}],"wp:attachment":[{"href":"https:\/\/www.gereso.com\/actualites\/wp-json\/wp\/v2\/media?parent=30647"}],"wp:term":[{"taxonomy":"category","embeddable":true,"href":"https:\/\/www.gereso.com\/actualites\/wp-json\/wp\/v2\/categories?post=30647"},{"taxonomy":"post_tag","embeddable":true,"href":"https:\/\/www.gereso.com\/actualites\/wp-json\/wp\/v2\/tags?post=30647"}],"curies":[{"name":"wp","href":"https:\/\/api.w.org\/{rel}","templated":true}]}}