{"id":30671,"date":"2022-10-25T16:57:22","date_gmt":"2022-10-25T14:57:22","guid":{"rendered":"https:\/\/www.gereso.com\/actualites\/?p=30671"},"modified":"2022-10-25T16:57:24","modified_gmt":"2022-10-25T14:57:24","slug":"assistants-familiaux-nouveau-decret","status":"publish","type":"post","link":"https:\/\/www.gereso.com\/actualites\/2022\/10\/25\/assistants-familiaux-nouveau-decret\/","title":{"rendered":"Assistants familiaux &#8211; Nouveau d\u00e9cret"},"content":{"rendered":"\n<p>Selon<a href=\"https:\/\/www.legifrance.gouv.fr\/codes\/article_lc\/LEGIARTI000006797854\/#:~:text=Version%20en%20vigueur%20depuis%20le%2001%20janvier%202009&amp;text=L%27assistant%20familial%20est%20la,un%20ans%20%C3%A0%20son%20domicile.\" target=\"_blank\" rel=\"noopener\"><em> l\u2019article L. 421-2 du Code de l\u2019action sociale et des familles<\/em> <\/a>(CASF), \u00ab\u00a0l\u2019assistant familial est la personne qui, moyennant r\u00e9mun\u00e9ration, accueille habituellement et de fa\u00e7on permanente des mineurs et des jeunes majeurs de moins de vingt-et-un ans \u00e0 son domicile\u00a0\u00bb.<\/p>\n<p>Le <a href=\"https:\/\/www.legifrance.gouv.fr\/jorf\/id\/JORFTEXT000046242006\" target=\"_blank\" rel=\"noopener\"><em>d\u00e9cret n\u00b0\u00a02022-1198 du 31 ao\u00fbt 2022<\/em><\/a>, entr\u00e9 en vigueur le 1er septembre 2022, pr\u00e9cise les \u00e9l\u00e9ments de la r\u00e9mun\u00e9ration des assistants familiaux (\u00e0 ne pas confondre donc avec l&rsquo;accueillant familial qui h\u00e9berge des personnes \u00e2g\u00e9es ou handicap\u00e9es adultes).<\/p>\n<p>Il fixe notamment les montants minimums de la r\u00e9mun\u00e9ration qui leur est garantie pour les accueils continus et intermittents, ainsi que celui de l&rsquo;indemnit\u00e9 de disponibilit\u00e9 pour les accueils urgents et de courte dur\u00e9e.<\/p>\n<p>Il pr\u00e9voit ainsi que \u00ab\u00a0la r\u00e9mun\u00e9ration garantie d\u2019un assistant familial est constitu\u00e9e d\u2019autant de parts que d\u2019accueils envisag\u00e9s par le contrat de travail. La part correspondant au premier accueil ne peut \u00eatre inf\u00e9rieure au Smic. Les parts correspondant \u00e0 chaque accueil suppl\u00e9mentaire ne peuvent \u00eatre inf\u00e9rieures \u00e0 70 fois le Smic par mois et par enfant.\u00a0\u00bb Alors, un assistant familial percevra, a minima, chaque mois, le Smic d\u00e8s lors qu\u2019il accueille un enfant. S\u2019il en accueille plusieurs autres, il percevra, en plus, au moins 70 fois le Smic horaire pour chacun d\u2019entre eux.<\/p>\n<p>En cas d\u2019accueils intermittents, la r\u00e9mun\u00e9ration de l\u2019assistant familial ne peut d\u00e9sormais \u00eatre inf\u00e9rieure \u00e0 5,06 fois le Smic, par enfant et par jour, contre 4 fois auparavant.<\/p>\n<p>Par ailleurs, les assistants familiaux assurant des accueils urgents et de courte dur\u00e9e b\u00e9n\u00e9ficieront, lorsqu\u2019aucun enfant ne leur est confi\u00e9, d\u2019une indemnit\u00e9 de disponibilit\u00e9 qui ne pourra \u00eatre inf\u00e9rieure \u00e0 2,25 fois le montant du Smic, sans pouvoir \u00eatre inf\u00e9rieure \u00e0 90\u00a0% de la r\u00e9mun\u00e9ration pr\u00e9vue par le contrat de travail.<\/p>\n<p>Il pr\u00e9cise enfin les conditions selon lesquelles l&rsquo;indemnit\u00e9 pr\u00e9vue pour les accueils non r\u00e9alis\u00e9s, lorsque le nombre d&rsquo;enfants qui sont confi\u00e9s \u00e0 l&rsquo;assistant familial est inf\u00e9rieur aux pr\u00e9visions du contrat du fait de l&#8217;employeur, est calcul\u00e9e.<\/p>\n<p>L&#8217;employeur verse \u00e0 l&rsquo;assistant familial une indemnit\u00e9 dont le montant ne peut \u00eatre inf\u00e9rieur \u00e0 80\u00a0% de la r\u00e9mun\u00e9ration pr\u00e9vue par le contrat, hors indemnit\u00e9s et fournitures, pour les accueils non r\u00e9alis\u00e9s, lorsque le nombre d&rsquo;enfants qui lui sont confi\u00e9s est inf\u00e9rieur aux pr\u00e9visions du contrat du fait de l&#8217;employeur<\/p>\n<p><a href=\"https:\/\/www.legifrance.gouv.fr\/jorf\/id\/JORFTEXT000046242006\" target=\"_blank\" rel=\"noopener\"><em>D\u00e9cret n\u00b0\u00a02022-1198 du 31 ao\u00fbt 2022 relatif \u00e0 la r\u00e9mun\u00e9ration des assistants familiaux et \u00e0 certaines indemnit\u00e9s<\/em><\/a><\/p>\n","protected":false},"excerpt":{"rendered":"<p>Selon l\u2019article L. 421-2 du Code de l\u2019action sociale et des familles (CASF), \u00ab\u00a0l\u2019assistant familial est la personne qui, moyennant r\u00e9mun\u00e9ration, accueille habituellement et de fa\u00e7on permanente des mineurs et des jeunes majeurs de moins de vingt-et-un ans \u00e0 son domicile\u00a0\u00bb. Le d\u00e9cret n\u00b0\u00a02022-1198 du 31 ao\u00fbt 2022, entr\u00e9 en vigueur le 1er septembre 2022, [&hellip;]<\/p>\n","protected":false},"author":32,"featured_media":0,"comment_status":"open","ping_status":"open","sticky":false,"template":"","format":"quote","meta":{"_acf_changed":false,"_mi_skip_tracking":false,"footnotes":""},"categories":[12,6],"tags":[],"class_list":["post-30671","post","type-post","status-publish","format-quote","hentry","category-actualites","category-fonction-publique","post_format-post-format-quote"],"acf":[],"yoast_head":"<!-- This site is optimized with the Yoast SEO plugin v23.4 - https:\/\/yoast.com\/wordpress\/plugins\/seo\/ -->\n<title>Assistants familiaux &#8211; Nouveau d\u00e9cret - Le Blog GERESO<\/title>\n<meta name=\"robots\" content=\"index, follow, max-snippet:-1, max-image-preview:large, max-video-preview:-1\" \/>\n<link rel=\"canonical\" href=\"https:\/\/www.gereso.com\/actualites\/2022\/10\/25\/assistants-familiaux-nouveau-decret\/\" \/>\n<meta property=\"og:locale\" content=\"fr_FR\" \/>\n<meta property=\"og:type\" content=\"article\" \/>\n<meta property=\"og:title\" content=\"Assistants familiaux &#8211; Nouveau d\u00e9cret - Le Blog GERESO\" \/>\n<meta property=\"og:description\" content=\"Selon l\u2019article L. 421-2 du Code de l\u2019action sociale et des familles (CASF), \u00ab\u00a0l\u2019assistant familial est la personne qui, moyennant r\u00e9mun\u00e9ration, accueille habituellement et de fa\u00e7on permanente des mineurs et des jeunes majeurs de moins de vingt-et-un ans \u00e0 son domicile\u00a0\u00bb. Le d\u00e9cret n\u00b0\u00a02022-1198 du 31 ao\u00fbt 2022, entr\u00e9 en vigueur le 1er septembre 2022, [&hellip;]\" \/>\n<meta property=\"og:url\" content=\"https:\/\/www.gereso.com\/actualites\/2022\/10\/25\/assistants-familiaux-nouveau-decret\/\" \/>\n<meta property=\"og:site_name\" content=\"Le Blog GERESO\" \/>\n<meta property=\"article:published_time\" content=\"2022-10-25T14:57:22+00:00\" \/>\n<meta property=\"article:modified_time\" content=\"2022-10-25T14:57:24+00:00\" \/>\n<meta name=\"author\" content=\"\u00c9quipe GERESO\" \/>\n<meta name=\"twitter:card\" content=\"summary_large_image\" \/>\n<script type=\"application\/ld+json\" class=\"yoast-schema-graph\">{\"@context\":\"https:\/\/schema.org\",\"@graph\":[{\"@type\":\"WebPage\",\"@id\":\"https:\/\/www.gereso.com\/actualites\/2022\/10\/25\/assistants-familiaux-nouveau-decret\/\",\"url\":\"https:\/\/www.gereso.com\/actualites\/2022\/10\/25\/assistants-familiaux-nouveau-decret\/\",\"name\":\"Assistants familiaux &#8211; Nouveau d\u00e9cret - Le Blog GERESO\",\"isPartOf\":{\"@id\":\"https:\/\/www.gereso.com\/actualites\/#website\"},\"datePublished\":\"2022-10-25T14:57:22+00:00\",\"dateModified\":\"2022-10-25T14:57:24+00:00\",\"author\":{\"@id\":\"https:\/\/www.gereso.com\/actualites\/#\/schema\/person\/197d8aef40cb4ae3f6a0aa9e1d3df2a6\"},\"breadcrumb\":{\"@id\":\"https:\/\/www.gereso.com\/actualites\/2022\/10\/25\/assistants-familiaux-nouveau-decret\/#breadcrumb\"},\"inLanguage\":\"fr-FR\",\"potentialAction\":[{\"@type\":\"ReadAction\",\"target\":[\"https:\/\/www.gereso.com\/actualites\/2022\/10\/25\/assistants-familiaux-nouveau-decret\/\"]}]},{\"@type\":\"BreadcrumbList\",\"@id\":\"https:\/\/www.gereso.com\/actualites\/2022\/10\/25\/assistants-familiaux-nouveau-decret\/#breadcrumb\",\"itemListElement\":[{\"@type\":\"ListItem\",\"position\":1,\"name\":\"Home\",\"item\":\"https:\/\/www.gereso.com\/actualites\/\"},{\"@type\":\"ListItem\",\"position\":2,\"name\":\"Assistants familiaux &#8211; Nouveau d\u00e9cret\"}]},{\"@type\":\"WebSite\",\"@id\":\"https:\/\/www.gereso.com\/actualites\/#website\",\"url\":\"https:\/\/www.gereso.com\/actualites\/\",\"name\":\"Le Blog GERESO\",\"description\":\"Toute l&#039;actu RH, Finance, Fonction Publique, Management...\",\"potentialAction\":[{\"@type\":\"SearchAction\",\"target\":{\"@type\":\"EntryPoint\",\"urlTemplate\":\"https:\/\/www.gereso.com\/actualites\/?s={search_term_string}\"},\"query-input\":{\"@type\":\"PropertyValueSpecification\",\"valueRequired\":true,\"valueName\":\"search_term_string\"}}],\"inLanguage\":\"fr-FR\"},{\"@type\":\"Person\",\"@id\":\"https:\/\/www.gereso.com\/actualites\/#\/schema\/person\/197d8aef40cb4ae3f6a0aa9e1d3df2a6\",\"name\":\"\u00c9quipe GERESO\",\"image\":{\"@type\":\"ImageObject\",\"inLanguage\":\"fr-FR\",\"@id\":\"https:\/\/www.gereso.com\/actualites\/#\/schema\/person\/image\/\",\"url\":\"https:\/\/www.gereso.com\/actualites\/wp-content\/uploads\/2013\/12\/avatar-gereso-1.png\",\"contentUrl\":\"https:\/\/www.gereso.com\/actualites\/wp-content\/uploads\/2013\/12\/avatar-gereso-1.png\",\"caption\":\"\u00c9quipe GERESO\"},\"url\":\"https:\/\/www.gereso.com\/actualites\/author\/gereso\/\"}]}<\/script>\n<!-- \/ Yoast SEO plugin. -->","yoast_head_json":{"title":"Assistants familiaux &#8211; Nouveau d\u00e9cret - Le Blog GERESO","robots":{"index":"index","follow":"follow","max-snippet":"max-snippet:-1","max-image-preview":"max-image-preview:large","max-video-preview":"max-video-preview:-1"},"canonical":"https:\/\/www.gereso.com\/actualites\/2022\/10\/25\/assistants-familiaux-nouveau-decret\/","og_locale":"fr_FR","og_type":"article","og_title":"Assistants familiaux &#8211; Nouveau d\u00e9cret - Le Blog GERESO","og_description":"Selon l\u2019article L. 421-2 du Code de l\u2019action sociale et des familles (CASF), \u00ab\u00a0l\u2019assistant familial est la personne qui, moyennant r\u00e9mun\u00e9ration, accueille habituellement et de fa\u00e7on permanente des mineurs et des jeunes majeurs de moins de vingt-et-un ans \u00e0 son domicile\u00a0\u00bb. Le d\u00e9cret n\u00b0\u00a02022-1198 du 31 ao\u00fbt 2022, entr\u00e9 en vigueur le 1er septembre 2022, [&hellip;]","og_url":"https:\/\/www.gereso.com\/actualites\/2022\/10\/25\/assistants-familiaux-nouveau-decret\/","og_site_name":"Le Blog GERESO","article_published_time":"2022-10-25T14:57:22+00:00","article_modified_time":"2022-10-25T14:57:24+00:00","author":"\u00c9quipe GERESO","twitter_card":"summary_large_image","schema":{"@context":"https:\/\/schema.org","@graph":[{"@type":"WebPage","@id":"https:\/\/www.gereso.com\/actualites\/2022\/10\/25\/assistants-familiaux-nouveau-decret\/","url":"https:\/\/www.gereso.com\/actualites\/2022\/10\/25\/assistants-familiaux-nouveau-decret\/","name":"Assistants familiaux &#8211; Nouveau d\u00e9cret - Le Blog GERESO","isPartOf":{"@id":"https:\/\/www.gereso.com\/actualites\/#website"},"datePublished":"2022-10-25T14:57:22+00:00","dateModified":"2022-10-25T14:57:24+00:00","author":{"@id":"https:\/\/www.gereso.com\/actualites\/#\/schema\/person\/197d8aef40cb4ae3f6a0aa9e1d3df2a6"},"breadcrumb":{"@id":"https:\/\/www.gereso.com\/actualites\/2022\/10\/25\/assistants-familiaux-nouveau-decret\/#breadcrumb"},"inLanguage":"fr-FR","potentialAction":[{"@type":"ReadAction","target":["https:\/\/www.gereso.com\/actualites\/2022\/10\/25\/assistants-familiaux-nouveau-decret\/"]}]},{"@type":"BreadcrumbList","@id":"https:\/\/www.gereso.com\/actualites\/2022\/10\/25\/assistants-familiaux-nouveau-decret\/#breadcrumb","itemListElement":[{"@type":"ListItem","position":1,"name":"Home","item":"https:\/\/www.gereso.com\/actualites\/"},{"@type":"ListItem","position":2,"name":"Assistants familiaux &#8211; Nouveau d\u00e9cret"}]},{"@type":"WebSite","@id":"https:\/\/www.gereso.com\/actualites\/#website","url":"https:\/\/www.gereso.com\/actualites\/","name":"Le Blog GERESO","description":"Toute l&#039;actu RH, Finance, Fonction Publique, Management...","potentialAction":[{"@type":"SearchAction","target":{"@type":"EntryPoint","urlTemplate":"https:\/\/www.gereso.com\/actualites\/?s={search_term_string}"},"query-input":{"@type":"PropertyValueSpecification","valueRequired":true,"valueName":"search_term_string"}}],"inLanguage":"fr-FR"},{"@type":"Person","@id":"https:\/\/www.gereso.com\/actualites\/#\/schema\/person\/197d8aef40cb4ae3f6a0aa9e1d3df2a6","name":"\u00c9quipe GERESO","image":{"@type":"ImageObject","inLanguage":"fr-FR","@id":"https:\/\/www.gereso.com\/actualites\/#\/schema\/person\/image\/","url":"https:\/\/www.gereso.com\/actualites\/wp-content\/uploads\/2013\/12\/avatar-gereso-1.png","contentUrl":"https:\/\/www.gereso.com\/actualites\/wp-content\/uploads\/2013\/12\/avatar-gereso-1.png","caption":"\u00c9quipe GERESO"},"url":"https:\/\/www.gereso.com\/actualites\/author\/gereso\/"}]}},"_links":{"self":[{"href":"https:\/\/www.gereso.com\/actualites\/wp-json\/wp\/v2\/posts\/30671","targetHints":{"allow":["GET"]}}],"collection":[{"href":"https:\/\/www.gereso.com\/actualites\/wp-json\/wp\/v2\/posts"}],"about":[{"href":"https:\/\/www.gereso.com\/actualites\/wp-json\/wp\/v2\/types\/post"}],"author":[{"embeddable":true,"href":"https:\/\/www.gereso.com\/actualites\/wp-json\/wp\/v2\/users\/32"}],"replies":[{"embeddable":true,"href":"https:\/\/www.gereso.com\/actualites\/wp-json\/wp\/v2\/comments?post=30671"}],"version-history":[{"count":7,"href":"https:\/\/www.gereso.com\/actualites\/wp-json\/wp\/v2\/posts\/30671\/revisions"}],"predecessor-version":[{"id":30792,"href":"https:\/\/www.gereso.com\/actualites\/wp-json\/wp\/v2\/posts\/30671\/revisions\/30792"}],"wp:attachment":[{"href":"https:\/\/www.gereso.com\/actualites\/wp-json\/wp\/v2\/media?parent=30671"}],"wp:term":[{"taxonomy":"category","embeddable":true,"href":"https:\/\/www.gereso.com\/actualites\/wp-json\/wp\/v2\/categories?post=30671"},{"taxonomy":"post_tag","embeddable":true,"href":"https:\/\/www.gereso.com\/actualites\/wp-json\/wp\/v2\/tags?post=30671"}],"curies":[{"name":"wp","href":"https:\/\/api.w.org\/{rel}","templated":true}]}}