{"id":30865,"date":"2022-10-31T10:02:34","date_gmt":"2022-10-31T08:02:34","guid":{"rendered":"https:\/\/www.gereso.com\/actualites\/?p=30865"},"modified":"2022-10-31T10:02:37","modified_gmt":"2022-10-31T08:02:37","slug":"groupe-tva-option-jusquau-31-decembre-2022","status":"publish","type":"post","link":"https:\/\/www.gereso.com\/actualites\/2022\/10\/31\/groupe-tva-option-jusquau-31-decembre-2022\/","title":{"rendered":"Groupe TVA\u00a0: option jusqu\u2019au 31 d\u00e9cembre 2022"},"content":{"rendered":"\n<p>Dans une <a href=\"https:\/\/www.impots.gouv.fr\/sites\/default\/files\/media\/1_metier\/2_professionnel\/EV\/2_gestion\/210_declarer_payer\/tva\/faq_assujetti_unique.pdf\"><strong>foire aux questions<\/strong><\/a>, l\u2019administration fiscale a pr\u00e9cis\u00e9 qu\u2019exceptionnellement cette ann\u00e9e, la <strong>d\u00e9claration de p\u00e9rim\u00e8tre<\/strong> des nouveaux membres d\u2019un groupe fiscal pouvait intervenir jusqu\u2019au 31 d\u00e9cembre 2022.<\/p>\n<h2><strong>Groupe TVA\u00a0: \u00e0 compter de 2023<\/strong><\/h2>\n<p>La loi de finances pour 2021 (article 162) a instaur\u00e9 la possibilit\u00e9 pour un groupe de soci\u00e9t\u00e9s d\u2019opter pour la constitution d\u2019un \u00ab\u00a0<strong>redevable unique<\/strong>\u00a0\u00bb. Ce dispositif, mieux connu sous le nom de \u00ab\u00a0Groupe TVA\u00a0\u00bb permet \u00e0 ses membres \u00e0 compter de 2023 de ne d\u00e9poser <strong>qu\u2019une seule d\u00e9claration de TVA<\/strong> pour tout le groupe. Autre particularit\u00e9, sous ce r\u00e9gime, les op\u00e9rations r\u00e9alis\u00e9es entre les membres du groupe sont en dehors du champ d\u2019application de la TVA.<\/p>\n<p>Pour rappel, peuvent int\u00e9grer un Groupe TVA, les entit\u00e9s non membres d\u2019un autre Groupe TVA, ayant en France, le si\u00e8ge de leur activit\u00e9 \u00e9conomique ou un \u00e9tablissement stable et ayant des <strong>liens entre eux <\/strong>sur le plan financier, \u00e9conomique et organisationnel.<\/p>\n<p>En plus d\u2019une foire aux questions, l\u2019administration fiscale a comment\u00e9 ce nouveau dispositif au <a href=\"https:\/\/bofip.impots.gouv.fr\/bofip\/13689-PGP.html\/ACTU-2022-00127\"><strong>BOFiP<\/strong><\/a> (bulletin officiel des finances publiques).<\/p>\n<h2><strong>Report de la date limite au 31 d\u00e9cembre 2022<\/strong><\/h2>\n<p>En principe, la cr\u00e9ation d\u2019un Groupe TVA doit \u00eatre mentionn\u00e9e \u00e0 l\u2019administration fiscale au plus tard <strong>le 31 octobre<\/strong> de l\u2019ann\u00e9e pr\u00e9c\u00e9dant son entr\u00e9e en vigueur. Pour 2023, la premi\u00e8re d\u00e9claration devait intervenir au plus tard pour le 31 octobre 2022. Dans sa foire aux questions, l\u2019administration pr\u00e9cise n\u00e9anmoins qu\u2019au titre de l\u2019ann\u00e9e 2023, le repr\u00e9sentant de l\u2019assujetti unique sera autoris\u00e9 par avenant apr\u00e8s le 31 octobre \u00e0 demander l\u2019entr\u00e9e ou la sortie d\u2019un membre suppl\u00e9mentaire du Groupe TVA.<\/p>\n<p>La d\u00e9claration de p\u00e9rim\u00e8tre doit \u00eatre t\u00e9l\u00e9transmise en EDI <strong>entre le 1<sup>er<\/sup> et le 31 d\u00e9cembre 2022<\/strong> (formulaire n\u00b03310-P-AU). La cr\u00e9ation d\u2019un assujetti unique n\u00e9cessite en plus de transmettre le formulaire F CM et l\u2019accord individuel d\u2019adh\u00e9sion au Groupe TVA sign\u00e9 par chacun des membres.<\/p>\n<p>Pour r\u00e9aliser ces op\u00e9rations, l\u2019assujetti unique devra obtenir au pr\u00e9alable un num\u00e9ro SIREN.<\/p>\n","protected":false},"excerpt":{"rendered":"<p>Dans une foire aux questions, l\u2019administration fiscale a pr\u00e9cis\u00e9 qu\u2019exceptionnellement cette ann\u00e9e, la d\u00e9claration de p\u00e9rim\u00e8tre des nouveaux membres d\u2019un groupe fiscal pouvait intervenir jusqu\u2019au 31 d\u00e9cembre 2022. Groupe TVA\u00a0: \u00e0 compter de 2023 La loi de finances pour 2021 (article 162) a instaur\u00e9 la possibilit\u00e9 pour un groupe de soci\u00e9t\u00e9s d\u2019opter pour la constitution [&hellip;]<\/p>\n","protected":false},"author":45,"featured_media":0,"comment_status":"open","ping_status":"open","sticky":false,"template":"","format":"quote","meta":{"_acf_changed":false,"_mi_skip_tracking":false,"footnotes":""},"categories":[12,3],"tags":[2257,2256],"class_list":["post-30865","post","type-post","status-publish","format-quote","hentry","category-actualites","category-comptabilite-fiscalite-et-gestion-financiere","tag-assujetti-unique","tag-groupe-tva","post_format-post-format-quote"],"acf":[],"yoast_head":"<!-- This site is optimized with the Yoast SEO plugin v23.4 - https:\/\/yoast.com\/wordpress\/plugins\/seo\/ -->\n<title>Groupe TVA\u00a0: option jusqu\u2019au 31 d\u00e9cembre 2022 - Le Blog GERESO<\/title>\n<meta name=\"robots\" content=\"index, follow, max-snippet:-1, max-image-preview:large, max-video-preview:-1\" \/>\n<link rel=\"canonical\" href=\"https:\/\/www.gereso.com\/actualites\/2022\/10\/31\/groupe-tva-option-jusquau-31-decembre-2022\/\" \/>\n<meta property=\"og:locale\" content=\"fr_FR\" \/>\n<meta property=\"og:type\" content=\"article\" \/>\n<meta property=\"og:title\" content=\"Groupe TVA\u00a0: option jusqu\u2019au 31 d\u00e9cembre 2022 - Le Blog GERESO\" \/>\n<meta property=\"og:description\" content=\"Dans une foire aux questions, l\u2019administration fiscale a pr\u00e9cis\u00e9 qu\u2019exceptionnellement cette ann\u00e9e, la d\u00e9claration de p\u00e9rim\u00e8tre des nouveaux membres d\u2019un groupe fiscal pouvait intervenir jusqu\u2019au 31 d\u00e9cembre 2022. Groupe TVA\u00a0: \u00e0 compter de 2023 La loi de finances pour 2021 (article 162) a instaur\u00e9 la possibilit\u00e9 pour un groupe de soci\u00e9t\u00e9s d\u2019opter pour la constitution [&hellip;]\" \/>\n<meta property=\"og:url\" content=\"https:\/\/www.gereso.com\/actualites\/2022\/10\/31\/groupe-tva-option-jusquau-31-decembre-2022\/\" \/>\n<meta property=\"og:site_name\" content=\"Le Blog GERESO\" \/>\n<meta property=\"article:published_time\" content=\"2022-10-31T08:02:34+00:00\" \/>\n<meta property=\"article:modified_time\" content=\"2022-10-31T08:02:37+00:00\" \/>\n<meta name=\"author\" content=\"Damien P\u00e9an\" \/>\n<meta name=\"twitter:card\" content=\"summary_large_image\" \/>\n<script type=\"application\/ld+json\" class=\"yoast-schema-graph\">{\"@context\":\"https:\/\/schema.org\",\"@graph\":[{\"@type\":\"WebPage\",\"@id\":\"https:\/\/www.gereso.com\/actualites\/2022\/10\/31\/groupe-tva-option-jusquau-31-decembre-2022\/\",\"url\":\"https:\/\/www.gereso.com\/actualites\/2022\/10\/31\/groupe-tva-option-jusquau-31-decembre-2022\/\",\"name\":\"Groupe TVA\u00a0: option jusqu\u2019au 31 d\u00e9cembre 2022 - Le Blog GERESO\",\"isPartOf\":{\"@id\":\"https:\/\/www.gereso.com\/actualites\/#website\"},\"datePublished\":\"2022-10-31T08:02:34+00:00\",\"dateModified\":\"2022-10-31T08:02:37+00:00\",\"author\":{\"@id\":\"https:\/\/www.gereso.com\/actualites\/#\/schema\/person\/c91814f92d627ed4715993fbbf7c7e8d\"},\"breadcrumb\":{\"@id\":\"https:\/\/www.gereso.com\/actualites\/2022\/10\/31\/groupe-tva-option-jusquau-31-decembre-2022\/#breadcrumb\"},\"inLanguage\":\"fr-FR\",\"potentialAction\":[{\"@type\":\"ReadAction\",\"target\":[\"https:\/\/www.gereso.com\/actualites\/2022\/10\/31\/groupe-tva-option-jusquau-31-decembre-2022\/\"]}]},{\"@type\":\"BreadcrumbList\",\"@id\":\"https:\/\/www.gereso.com\/actualites\/2022\/10\/31\/groupe-tva-option-jusquau-31-decembre-2022\/#breadcrumb\",\"itemListElement\":[{\"@type\":\"ListItem\",\"position\":1,\"name\":\"Home\",\"item\":\"https:\/\/www.gereso.com\/actualites\/\"},{\"@type\":\"ListItem\",\"position\":2,\"name\":\"Groupe TVA\u00a0: option jusqu\u2019au 31 d\u00e9cembre 2022\"}]},{\"@type\":\"WebSite\",\"@id\":\"https:\/\/www.gereso.com\/actualites\/#website\",\"url\":\"https:\/\/www.gereso.com\/actualites\/\",\"name\":\"Le Blog GERESO\",\"description\":\"Toute l&#039;actu RH, Finance, Fonction Publique, Management...\",\"potentialAction\":[{\"@type\":\"SearchAction\",\"target\":{\"@type\":\"EntryPoint\",\"urlTemplate\":\"https:\/\/www.gereso.com\/actualites\/?s={search_term_string}\"},\"query-input\":{\"@type\":\"PropertyValueSpecification\",\"valueRequired\":true,\"valueName\":\"search_term_string\"}}],\"inLanguage\":\"fr-FR\"},{\"@type\":\"Person\",\"@id\":\"https:\/\/www.gereso.com\/actualites\/#\/schema\/person\/c91814f92d627ed4715993fbbf7c7e8d\",\"name\":\"Damien P\u00e9an\",\"image\":{\"@type\":\"ImageObject\",\"inLanguage\":\"fr-FR\",\"@id\":\"https:\/\/www.gereso.com\/actualites\/#\/schema\/person\/image\/\",\"url\":\"https:\/\/www.gereso.com\/actualites\/wp-content\/uploads\/2016\/03\/damien-pean.jpg\",\"contentUrl\":\"https:\/\/www.gereso.com\/actualites\/wp-content\/uploads\/2016\/03\/damien-pean.jpg\",\"caption\":\"Damien P\u00e9an\"},\"description\":\"Damien P\u00c9AN est titulaire du Dipl\u00f4me d'\u00e9tudes sup\u00e9rieures comptables et financi\u00e8res (DESCF). Il intervient depuis plusieurs ann\u00e9es aupr\u00e8s d'\u00e9tudiants en licence de comptabilit\u00e9 et de gestion, \u00e0 qui il enseigne le contr\u00f4le de gestion, la comptabilit\u00e9 approfondie, le management, la fiscalit\u00e9, le droit des soci\u00e9t\u00e9s et le droit du travail. Il intervient \u00e9galement en formation continue pour le compte de divers organismes de formation sur des th\u00e9matiques techniques en comptabilit\u00e9 et fiscalit\u00e9. Il forme aussi un public de non-initi\u00e9s aux fondamentaux de la finance.\",\"url\":\"https:\/\/www.gereso.com\/actualites\/author\/d-pean\/\"}]}<\/script>\n<!-- \/ Yoast SEO plugin. -->","yoast_head_json":{"title":"Groupe TVA\u00a0: option jusqu\u2019au 31 d\u00e9cembre 2022 - Le Blog GERESO","robots":{"index":"index","follow":"follow","max-snippet":"max-snippet:-1","max-image-preview":"max-image-preview:large","max-video-preview":"max-video-preview:-1"},"canonical":"https:\/\/www.gereso.com\/actualites\/2022\/10\/31\/groupe-tva-option-jusquau-31-decembre-2022\/","og_locale":"fr_FR","og_type":"article","og_title":"Groupe TVA\u00a0: option jusqu\u2019au 31 d\u00e9cembre 2022 - Le Blog GERESO","og_description":"Dans une foire aux questions, l\u2019administration fiscale a pr\u00e9cis\u00e9 qu\u2019exceptionnellement cette ann\u00e9e, la d\u00e9claration de p\u00e9rim\u00e8tre des nouveaux membres d\u2019un groupe fiscal pouvait intervenir jusqu\u2019au 31 d\u00e9cembre 2022. Groupe TVA\u00a0: \u00e0 compter de 2023 La loi de finances pour 2021 (article 162) a instaur\u00e9 la possibilit\u00e9 pour un groupe de soci\u00e9t\u00e9s d\u2019opter pour la constitution [&hellip;]","og_url":"https:\/\/www.gereso.com\/actualites\/2022\/10\/31\/groupe-tva-option-jusquau-31-decembre-2022\/","og_site_name":"Le Blog GERESO","article_published_time":"2022-10-31T08:02:34+00:00","article_modified_time":"2022-10-31T08:02:37+00:00","author":"Damien P\u00e9an","twitter_card":"summary_large_image","schema":{"@context":"https:\/\/schema.org","@graph":[{"@type":"WebPage","@id":"https:\/\/www.gereso.com\/actualites\/2022\/10\/31\/groupe-tva-option-jusquau-31-decembre-2022\/","url":"https:\/\/www.gereso.com\/actualites\/2022\/10\/31\/groupe-tva-option-jusquau-31-decembre-2022\/","name":"Groupe TVA\u00a0: option jusqu\u2019au 31 d\u00e9cembre 2022 - Le Blog GERESO","isPartOf":{"@id":"https:\/\/www.gereso.com\/actualites\/#website"},"datePublished":"2022-10-31T08:02:34+00:00","dateModified":"2022-10-31T08:02:37+00:00","author":{"@id":"https:\/\/www.gereso.com\/actualites\/#\/schema\/person\/c91814f92d627ed4715993fbbf7c7e8d"},"breadcrumb":{"@id":"https:\/\/www.gereso.com\/actualites\/2022\/10\/31\/groupe-tva-option-jusquau-31-decembre-2022\/#breadcrumb"},"inLanguage":"fr-FR","potentialAction":[{"@type":"ReadAction","target":["https:\/\/www.gereso.com\/actualites\/2022\/10\/31\/groupe-tva-option-jusquau-31-decembre-2022\/"]}]},{"@type":"BreadcrumbList","@id":"https:\/\/www.gereso.com\/actualites\/2022\/10\/31\/groupe-tva-option-jusquau-31-decembre-2022\/#breadcrumb","itemListElement":[{"@type":"ListItem","position":1,"name":"Home","item":"https:\/\/www.gereso.com\/actualites\/"},{"@type":"ListItem","position":2,"name":"Groupe TVA\u00a0: option jusqu\u2019au 31 d\u00e9cembre 2022"}]},{"@type":"WebSite","@id":"https:\/\/www.gereso.com\/actualites\/#website","url":"https:\/\/www.gereso.com\/actualites\/","name":"Le Blog GERESO","description":"Toute l&#039;actu RH, Finance, Fonction Publique, Management...","potentialAction":[{"@type":"SearchAction","target":{"@type":"EntryPoint","urlTemplate":"https:\/\/www.gereso.com\/actualites\/?s={search_term_string}"},"query-input":{"@type":"PropertyValueSpecification","valueRequired":true,"valueName":"search_term_string"}}],"inLanguage":"fr-FR"},{"@type":"Person","@id":"https:\/\/www.gereso.com\/actualites\/#\/schema\/person\/c91814f92d627ed4715993fbbf7c7e8d","name":"Damien P\u00e9an","image":{"@type":"ImageObject","inLanguage":"fr-FR","@id":"https:\/\/www.gereso.com\/actualites\/#\/schema\/person\/image\/","url":"https:\/\/www.gereso.com\/actualites\/wp-content\/uploads\/2016\/03\/damien-pean.jpg","contentUrl":"https:\/\/www.gereso.com\/actualites\/wp-content\/uploads\/2016\/03\/damien-pean.jpg","caption":"Damien P\u00e9an"},"description":"Damien P\u00c9AN est titulaire du Dipl\u00f4me d'\u00e9tudes sup\u00e9rieures comptables et financi\u00e8res (DESCF). Il intervient depuis plusieurs ann\u00e9es aupr\u00e8s d'\u00e9tudiants en licence de comptabilit\u00e9 et de gestion, \u00e0 qui il enseigne le contr\u00f4le de gestion, la comptabilit\u00e9 approfondie, le management, la fiscalit\u00e9, le droit des soci\u00e9t\u00e9s et le droit du travail. Il intervient \u00e9galement en formation continue pour le compte de divers organismes de formation sur des th\u00e9matiques techniques en comptabilit\u00e9 et fiscalit\u00e9. Il forme aussi un public de non-initi\u00e9s aux fondamentaux de la finance.","url":"https:\/\/www.gereso.com\/actualites\/author\/d-pean\/"}]}},"_links":{"self":[{"href":"https:\/\/www.gereso.com\/actualites\/wp-json\/wp\/v2\/posts\/30865","targetHints":{"allow":["GET"]}}],"collection":[{"href":"https:\/\/www.gereso.com\/actualites\/wp-json\/wp\/v2\/posts"}],"about":[{"href":"https:\/\/www.gereso.com\/actualites\/wp-json\/wp\/v2\/types\/post"}],"author":[{"embeddable":true,"href":"https:\/\/www.gereso.com\/actualites\/wp-json\/wp\/v2\/users\/45"}],"replies":[{"embeddable":true,"href":"https:\/\/www.gereso.com\/actualites\/wp-json\/wp\/v2\/comments?post=30865"}],"version-history":[{"count":1,"href":"https:\/\/www.gereso.com\/actualites\/wp-json\/wp\/v2\/posts\/30865\/revisions"}],"predecessor-version":[{"id":30866,"href":"https:\/\/www.gereso.com\/actualites\/wp-json\/wp\/v2\/posts\/30865\/revisions\/30866"}],"wp:attachment":[{"href":"https:\/\/www.gereso.com\/actualites\/wp-json\/wp\/v2\/media?parent=30865"}],"wp:term":[{"taxonomy":"category","embeddable":true,"href":"https:\/\/www.gereso.com\/actualites\/wp-json\/wp\/v2\/categories?post=30865"},{"taxonomy":"post_tag","embeddable":true,"href":"https:\/\/www.gereso.com\/actualites\/wp-json\/wp\/v2\/tags?post=30865"}],"curies":[{"name":"wp","href":"https:\/\/api.w.org\/{rel}","templated":true}]}}