{"id":31082,"date":"2022-11-07T13:14:45","date_gmt":"2022-11-07T11:14:45","guid":{"rendered":"https:\/\/www.gereso.com\/actualites\/?p=31082"},"modified":"2022-12-05T15:07:35","modified_gmt":"2022-12-05T13:07:35","slug":"teletravailler-2022-retour-experience-apres-plus-2-ans-teletravail-avantages-aussi-nouveaux-risques","status":"publish","type":"post","link":"https:\/\/www.gereso.com\/actualites\/2022\/11\/07\/teletravailler-2022-retour-experience-apres-plus-2-ans-teletravail-avantages-aussi-nouveaux-risques\/","title":{"rendered":"T\u00e9l\u00e9travail : quels retours 2 ans apr\u00e8s sa mise en oeuvre ?"},"content":{"rendered":"\n<h2 style=\"color: #d10016;\"><strong>Des avantages certains<\/strong><\/h2>\n\n\n\n<p><strong>Le t\u00e9l\u00e9travail n\u2019est plus une option.<\/strong> Les jeunes en font m\u00eame, un crit\u00e8re de recrutement, dans un contexte de p\u00e9nurie des talents. <\/p>\n\n\n\n<p>De leur c\u00f4t\u00e9, les entreprises repensent leur organisation du travail en transformant les bureaux en open space, en Flex office, r\u00e9alisant au passage de substantielles \u00e9conomies. En mati\u00e8re de production ou de performance, tous s\u2019accordent \u00e0 dire qu\u2019elle est au moins \u00e9gale en t\u00e9l\u00e9travail qu\u2019en pr\u00e9sentiel, par la possibilit\u00e9 offerte aux collaborateurs, de mieux se concentrer notamment par la r\u00e9duction des interactions sociales.<\/p>\n\n\n\n<p>Mais, le premier avantage est probablement<strong> le gain de temps r\u00e9alis\u00e9 par l\u2019\u00e9limination d\u2019une partie des trajets domicile-travail, <\/strong>adoss\u00e9 \u00e0 des gains \u00e9conomiques induits par la r\u00e9duction de ces d\u00e9placements. Le t\u00e9l\u00e9travail contribue \u00e9galement \u00e0 <strong>une baisse de la fatigue physique <\/strong>et \u00e0 la diminution du stress en permettant une <strong>meilleure conciliation entre la vie professionnelle et la vie personnelle.<\/strong><\/p>\n\n\n\n<p>Enfin, le t\u00e9l\u00e9travail contribue \u00e0 la <strong>diminution de la pollution<\/strong> par une utilisation moindre de son v\u00e9hicule.<\/p>\n\n\n\n<h2 style=\"color:#D10016\"><strong>Mais aussi des risques dont il faut savoir se pr\u00e9munir<\/strong><\/h2>\n\n\n\n<p>N\u00e9anmoins, derri\u00e8re cette image idyllique, on peut constater l\u2019\u00e9mergence d\u2019un \u00ab\u00a0<em>ras-le-bol<\/em>\u00a0\u00bb de plus en plus de collaborateurs ainsi qu\u2019une <strong>fatigue physique <\/strong>qui s\u2019installe dans le temps. Alors que le t\u00e9l\u00e9travail devrait \u00eatre b\u00e9n\u00e9fique en nous permettant de limiter nos temps de trajet, cette forme de travail envahit parfois trop notre sph\u00e8re personnelle. La raison en est souvent un <strong>droit \u00e0 la d\u00e9connexion<\/strong> encore peu ou mal appliqu\u00e9. <\/p>\n\n\n\n<p>Pourtant, pour que le t\u00e9l\u00e9travail soit gagnant\/gagnant pour le salari\u00e9 comme pour l\u2019entreprise, il est important de <strong>savoir s\u2019arr\u00eater.<\/strong> Des petits rituels tels que \u00ab fermer et ranger son ordinateur \u00bb afin qu\u2019il ne nous happe pas au passage, s\u2019obliger \u00e0 \u00ab\u00a0sortir du travail\u00a0\u00bb en s\u2019adonnant \u00e0 une activit\u00e9 sportive, culturelle, aller voir un ou une amie est un moyen de stopper un travail qui peut devenir excessif. <\/p>\n\n\n\n<p>Lorsque nous sommes au bureau, prendre le m\u00e9tro, son v\u00e9lo, sa voiture ou encore rentrer \u00e0 pied, rythme notre journ\u00e9e de travail et nous oblige \u00e0 arr\u00eater. <\/p>\n\n\n\n<p>Il est important de <strong>recr\u00e9er cette coupure symbolique <\/strong>chez soi afin d\u2019\u00e9viter une surcharge cognitive importante. <strong>R\u00e9affirmer un vrai droit \u00e0 la d\u00e9connexion <\/strong>permet de pr\u00e9venir un risque d\u2019\u00e9puisement.<\/p>\n\n\n\n<p><strong>Les r\u00e9unions et \u00e9v\u00e8nements en ligne <\/strong>(vid\u00e9oconf\u00e9rences, webinaires&#8230;) se multiplient depuis le premier confinement. Si initialement, ces \u00e9changes avaient pour objectif louable de conserver un lien social alors que nous \u00e9tions pour la plupart d\u2019entre nous, confin\u00e9s \u00e0 domicile, aujourd\u2019hui ces r\u00e9unions et \u00e9v\u00e8nements en ligne pr\u00e9sentent quelques risques. <\/p>\n\n\n\n<p>Car lorsqu\u2019ils sont trop nombreux, ils peuvent donner lieu \u00e0 une <strong>fatigue g\u00e9n\u00e9rale importante, visuelle, sociale, \u00e9motionnelle et aussi motivationnelle<\/strong>. Une \u00e9tude am\u00e9ricaine par des chercheurs de Stanford a mis en \u00e9vidence <strong>des facteurs de \u00ab\u00a0zoom fatigue\u00a0\u00bb.<\/strong> Le premier facteur est le nombre tr\u00e8s (trop) important de contacts visuels souvent tr\u00e8s rapproch\u00e9s qui peuvent nous \u00e9puiser. \u00a0Lorsque nous conversons par \u00e9cran interpos\u00e9, notre attention est centr\u00e9e sur le visage de notre interlocuteur, alors qu\u2019en r\u00e9union pr\u00e9sentielle, notre attention va se d\u00e9centrer (prise de notes, regard vers la fen\u00eatre, vers un coll\u00e8gue), ce qui nous \u00e9vite cette <strong>trop grande charge attentionnelle.<\/strong> Le fait de se voir dans l\u2019\u00e9cran durant tout le temps d\u2019une r\u00e9union en Visio n\u2019est pas naturel, peut m\u00eame devenir stressant. Corollaire de ces longues r\u00e9unions en visioconf\u00e9rence, un boom du recours \u00e0 la chirurgie esth\u00e9tique, ces derniers mois. Voir trop longtemps et trop souvent nos d\u00e9fauts nous inciterait \u00e0 avoir recours \u00e0 la chirurgie esth\u00e9tique. Si c\u2019est possible, accordez-vous une <strong>pause visuelle<\/strong> (en coupant votre cam\u00e9ra quelques minutes) lors des r\u00e9unions.<\/p>\n\n\n\n<p>De plus, les r\u00e9unions en Visio r\u00e9duiraient <strong>notre capacit\u00e9 \u00e0 innover, notre cr\u00e9ativit\u00e9, en raison d\u2019une trop grande concentration demand\u00e9e par ces r\u00e9unions.<\/strong> Lorsqu\u2019une r\u00e9union en pr\u00e9sentiel permet de promener notre regard sur l\u2019environnement qui nous entoure, utile pour nous divertir, l\u2019\u00e9cran happe compl\u00e8tement notre attention. Le divertissement serait la particule \u00e9l\u00e9mentaire de la cr\u00e9ativit\u00e9. il serait souhaitable de reconsid\u00e9rer les r\u00e9unions. Les faire en pr\u00e9sentiel quand c\u2019est possible, sinon les r\u00e9duire afin de ne pas alt\u00e9rer notre capacit\u00e9 de concentration et de cr\u00e9ativit\u00e9. En un mot, les r\u00e9inventer.<\/p>\n\n\n\n<p>Un autre risque apparu apr\u00e8s quelques mois de t\u00e9l\u00e9travail provient de <strong>l\u2019\u00e9loignement g\u00e9ographique du t\u00e9l\u00e9travailleur avec son entreprise qui peut provoquer une perte de motivation<\/strong>. En nous \u00e9loignant de nos coll\u00e8gues, la distance peut faire \u00e9voluer notre rapport \u00e0 l\u2019autre et notre attachement \u00e0 l\u2019entreprise. <\/p>\n\n\n\n<p>La mise \u00e0 distance du travail peut, petit \u00e0 petit, nous \u00e9loigner de celui-ci. Tout comme l\u2019absence de signes non verbaux reste un frein \u00e0 une bonne communication et collaboration, <strong>l\u2019\u00e9loignement de notre lieu de travail peut \u00eatre un frein \u00e0 la productivit\u00e9, \u00e0 la qualit\u00e9 du travail.<\/strong> Une qualit\u00e9 du travail qui passe par la <strong>reconnaissance de nos coll\u00e8gues.<\/strong> La reconnaissance au travail se joue \u00e0 plusieurs. Elle recouvre toutes les attentions que nous portent nos responsables hi\u00e9rarchiques mais aussi nos coll\u00e8gues, ce qui est un excellent moyen de renforcer son estime de soi. <\/p>\n\n\n\n<p>Se sentir motiv\u00e9 et engag\u00e9 va de pair avec des retours et le soutien r\u00e9gulier de l\u2019\u00e9quipe. On entend beaucoup de salari\u00e9s dire \u00ab\u00a0<em>j\u2019ai envie de retrouver les coll\u00e8gues<\/em>\u00a0\u00bb, \u00ab\u00a0<em>j\u2019ai besoin du collectif<\/em>\u00a0\u00bb. Par ailleurs, Il est admis qu\u2019<strong>un salari\u00e9 motiv\u00e9 est un salari\u00e9 performant<\/strong>. Pour se prot\u00e9ger des effets d\u00e9l\u00e9t\u00e8res d\u2019un t\u00e9l\u00e9travail intensif, il est souhaitable de veiller \u00e0 la coh\u00e9sion d\u2019\u00e9quipe et \u00e0 l\u2019implication du salari\u00e9 m\u00eame \u00e0 distance.<\/p>\n\n\n\n<p>Un autre risque trouve ses origines dans <strong>une communication complexifi\u00e9e en t\u00e9l\u00e9travail<\/strong>, notamment quand celui-ci s\u2019intensifie. Cette communication m\u00e9di\u00e9e peut voir l\u2019\u00e9mergence ou une recrudescence des <strong>conflits interpersonnels, des incivilit\u00e9s num\u00e9riques particuli\u00e8rement, une augmentation de l\u2019agressivit\u00e9 notamment entre coll\u00e8gues<\/strong>.<\/p>\n\n\n\n<p>Si avec le recul, on constate qu\u2019une \u00e9quipe qui fonctionne bien en distanciel est souvent une \u00e9quipe qui fonctionnait d\u00e9j\u00e0 tr\u00e8s bien en pr\u00e9sentiel, force est de constater qu\u2019apr\u00e8s plus de deux ans de t\u00e9l\u00e9travail, les conflits, les incivilit\u00e9s en t\u00e9l\u00e9travail se sont multipli\u00e9es. Que ce soit entre coll\u00e8gues ou avec son responsable hi\u00e9rarchique, mais aussi avec les clients, les fournisseurs.<\/p>\n\n\n\n<p>Des collaborateurs notent une <strong>exacerbation des tensions, des conflits et des incivilit\u00e9s en t\u00e9l\u00e9travail <\/strong>en raison d\u2019\u00e9changes par mail ou par sms envoy\u00e9s un peu rapidement peut \u00eatre et qui peuvent \u00eatre mal compris \u00e0 leur r\u00e9ception. \u00a0Ces canaux de communication que sont les sms, les mails, les tchats ont pris une part importante avec l\u2019essor du t\u00e9l\u00e9travail apportant parfois incompr\u00e9hension, quiproquo, conflits. <\/p>\n\n\n\n<p><strong>L\u2019absence de communication non-verbale <\/strong>nous emp\u00eache de voir les r\u00e9actions de nos interlocuteurs \u00e0 la r\u00e9ception d\u2019un mail par exemple. Le non-verbal est important dans la communication car il t\u00e9moigne de nos \u00e9motions. Les variations de notre voix, nos expressions faciales, notre posture corporelle teintent nos messages et envoient des informations tr\u00e8s importantes \u00e0 notre interlocuteur. Or nos \u00e9changes m\u00e9di\u00e9s ont pris de l\u2019ampleur avec le t\u00e9l\u00e9travail \u2013 de nombreux collaborateurs en t\u00e9l\u00e9travail, affirment communiquer exclusivement par mail ou par sms \u2013 laissant la place \u00e0 l\u2019installation de conflits interpersonnels faisant ainsi le nid \u00e0 une souffrance au travail. <\/p>\n\n\n\n<p>Pour conclure sur ce sujet de cette <strong>communication distancielle, <\/strong>avez-vous remarqu\u00e9, lorsque nous informons nos interlocuteurs que nous sommes en t\u00e9l\u00e9travail, que ceux-ci n\u2019osent pas nous appeler (pourtant t\u00e9l\u00e9travail, ne signifie pas ne pas r\u00e9pondre au t\u00e9l\u00e9phone).<\/p>\n\n\n\n<article class=\"obj_encart-formation\">\n<div class=\"ctn_encart\">\n<h3>Votre formation sur ce th\u00e8me<\/h3>\n<h2>S\u00c9CURISER LA MISE EN \u0152UVRE DU T\u00c9L\u00c9TRAVAIL<\/h2>\n<h4>1 jour &#8211; En pr\u00e9sentiel ou \u00e0 distance<\/h4>\n<ul>\n<li><strong>Int\u00e9grer le cadre juridique<\/strong> du t\u00e9l\u00e9travail.<\/li>\n<li><strong>D\u00e9finir les \u00e9volutions organisationnelles<\/strong> g\u00e9n\u00e9r\u00e9es par le t\u00e9l\u00e9travail.<\/li>\n<li><strong>Construire des outils pertinents<\/strong> pour la mise en oeuvre du t\u00e9l\u00e9travail.<\/li>\n<li><strong>Pr\u00e9parer la proc\u00e9dure<\/strong> de mise en place ou de r\u00e9vision.<\/li>\n<\/ul>\n<div class=\"ctn_btn\"><a class=\"obj_btn\" href=\"https:\/\/www.gereso.com\/TELW\" target=\"_blank\" rel=\"noopener\">Inscription gratuite<\/a> <a class=\"obj_btn\" href=\"https:\/\/www.gereso.com\/client\/programme-pdf\/TELW.pdf\" target=\"_blank\" rel=\"noopener\">T\u00e9l\u00e9charger le programme PDF<\/a><\/div>\n<\/div>\n<\/article>\n\n\n\n<p>D\u2019autres risques \u00e9mergent avec le t\u00e9l\u00e9travail avec le <strong>d\u00e9veloppement d\u2019addictions <\/strong>par exemple.\u00a0 Quand le lieu de travail prot\u00e8ge, par l\u2019interdiction faite de fumer dans les espaces de travail par exemple, ou encore de consommer de l\u2019alcool, aucune r\u00e9glementation s\u2019impose aux t\u00e9l\u00e9travailleurs quand ceux-ci sont \u00e0 leur domicile. Les professionnels de la sant\u00e9 au travail mettent en garde devant l&rsquo;augmentation importante de ces addictions telles que le tabac, l\u2019alcool, la drogue ou encore le workaholisme (qui est une addiction au travail) en situation de t\u00e9l\u00e9travail.\u00a0<\/p>\n\n\n\n<p>Enfin, un risque qui m\u00e9rite toute notre attention est li\u00e9 \u00e0 <strong>l\u2019int\u00e9gration des nouveaux embauch\u00e9s.<\/strong> En effet, les int\u00e9grations particuli\u00e8rement d\u00e9licates pendant les p\u00e9riodes de confinement ont laiss\u00e9 des traces chez ces nouveaux recrut\u00e9s et montrent l\u2019importance de l\u2019accueil des nouveaux embauch\u00e9s.<\/p>\n\n\n\n<p>En effet, au-del\u00e0 d\u2019une p\u00e9riode \u00e0 l\u2019issue de laquelle un nouveau salari\u00e9 pourrait avoir acc\u00e8s au t\u00e9l\u00e9travail, <strong>le processus d\u2019int\u00e9gration m\u00e9rite d\u2019\u00eatre repens\u00e9,<\/strong> notamment pour cr\u00e9er un sentiment d\u2019appartenance \u00e0 l\u2019entreprise. Aujourd\u2019hui, on peut constater qu\u2019avec le t\u00e9l\u00e9travail (au-del\u00e0 de 2 jours par semaine), <strong>ce sentiment d\u2019appartenance s\u2019est \u00e9tiol\u00e9 au d\u00e9triment du lien d\u2019appartenance \u00e0 la famille qui lui s\u2019est \u00e9toff\u00e9 \u2013 <\/strong>ce qui est une excellente chose en soi. Mais le sentiment d\u2019appartenance participe \u00e0 la construction de notre identit\u00e9. Il se construit dans le temps, par le partage avec nos coll\u00e8gues de m\u00eames valeurs, de m\u00eames objectifs. Pour une entreprise, il permet la r\u00e9duction du turnover, un meilleur engagement des salari\u00e9s, une meilleure fid\u00e9lisation. Aujourd\u2019hui, il peut \u00eatre une r\u00e9ponse \u00e0 ces difficult\u00e9s de recrutement que rencontrent les entreprises ou pour parer cette \u00ab\u00a0grande d\u00e9mission\u00a0\u00bb dont nous entendons parler dans les m\u00e9dias. <strong>Donner envie aux nouveaux salari\u00e9s de rester dans l\u2019entreprise est un joli challenge.<\/strong><\/p>\n\n\n\n<p><\/p>\n","protected":false},"excerpt":{"rendered":"<p>Des avantages certains Le t\u00e9l\u00e9travail n\u2019est plus une option. Les jeunes en font m\u00eame, un crit\u00e8re de recrutement, dans un contexte de p\u00e9nurie des talents. De leur c\u00f4t\u00e9, les entreprises repensent leur organisation du travail en transformant les bureaux en open space, en Flex office, r\u00e9alisant au passage de substantielles \u00e9conomies. En mati\u00e8re de production [&hellip;]<\/p>\n","protected":false},"author":82,"featured_media":31088,"comment_status":"open","ping_status":"open","sticky":false,"template":"","format":"standard","meta":{"_acf_changed":false,"_mi_skip_tracking":false,"footnotes":""},"categories":[12,2,13],"tags":[],"class_list":["post-31082","post","type-post","status-publish","format-standard","has-post-thumbnail","hentry","category-actualites","category-ressources-humaines","category-sante-et-securite-au-travail"],"acf":[],"yoast_head":"<!-- This site is optimized with the Yoast SEO plugin v23.4 - https:\/\/yoast.com\/wordpress\/plugins\/seo\/ -->\n<title>T\u00e9l\u00e9travail : quels retours 2 ans apr\u00e8s sa mise en oeuvre ? - Le Blog GERESO<\/title>\n<meta name=\"robots\" content=\"index, follow, max-snippet:-1, max-image-preview:large, max-video-preview:-1\" \/>\n<link rel=\"canonical\" href=\"https:\/\/www.gereso.com\/actualites\/2022\/11\/07\/teletravailler-2022-retour-experience-apres-plus-2-ans-teletravail-avantages-aussi-nouveaux-risques\/\" \/>\n<meta property=\"og:locale\" content=\"fr_FR\" \/>\n<meta property=\"og:type\" content=\"article\" \/>\n<meta property=\"og:title\" content=\"T\u00e9l\u00e9travail : quels retours 2 ans apr\u00e8s sa mise en oeuvre ? - Le Blog GERESO\" \/>\n<meta property=\"og:description\" content=\"Des avantages certains Le t\u00e9l\u00e9travail n\u2019est plus une option. Les jeunes en font m\u00eame, un crit\u00e8re de recrutement, dans un contexte de p\u00e9nurie des talents. De leur c\u00f4t\u00e9, les entreprises repensent leur organisation du travail en transformant les bureaux en open space, en Flex office, r\u00e9alisant au passage de substantielles \u00e9conomies. En mati\u00e8re de production [&hellip;]\" \/>\n<meta property=\"og:url\" content=\"https:\/\/www.gereso.com\/actualites\/2022\/11\/07\/teletravailler-2022-retour-experience-apres-plus-2-ans-teletravail-avantages-aussi-nouveaux-risques\/\" \/>\n<meta property=\"og:site_name\" content=\"Le Blog GERESO\" \/>\n<meta property=\"article:published_time\" content=\"2022-11-07T11:14:45+00:00\" \/>\n<meta property=\"article:modified_time\" content=\"2022-12-05T13:07:35+00:00\" \/>\n<meta property=\"og:image\" content=\"https:\/\/www.gereso.com\/actualites\/wp-content\/uploads\/2022\/11\/Teletravailler-2022-retour-experience-apres-plus-2-ans-teletravail-tjrs-avantages-mais-aussi-new-risques.jpg\" \/>\n\t<meta property=\"og:image:width\" content=\"600\" \/>\n\t<meta property=\"og:image:height\" content=\"400\" \/>\n\t<meta property=\"og:image:type\" content=\"image\/jpeg\" \/>\n<meta name=\"author\" content=\"Nelly Quilichini\" \/>\n<meta name=\"twitter:card\" content=\"summary_large_image\" \/>\n<script type=\"application\/ld+json\" class=\"yoast-schema-graph\">{\"@context\":\"https:\/\/schema.org\",\"@graph\":[{\"@type\":\"WebPage\",\"@id\":\"https:\/\/www.gereso.com\/actualites\/2022\/11\/07\/teletravailler-2022-retour-experience-apres-plus-2-ans-teletravail-avantages-aussi-nouveaux-risques\/\",\"url\":\"https:\/\/www.gereso.com\/actualites\/2022\/11\/07\/teletravailler-2022-retour-experience-apres-plus-2-ans-teletravail-avantages-aussi-nouveaux-risques\/\",\"name\":\"T\u00e9l\u00e9travail : quels retours 2 ans apr\u00e8s sa mise en oeuvre ? - Le Blog GERESO\",\"isPartOf\":{\"@id\":\"https:\/\/www.gereso.com\/actualites\/#website\"},\"primaryImageOfPage\":{\"@id\":\"https:\/\/www.gereso.com\/actualites\/2022\/11\/07\/teletravailler-2022-retour-experience-apres-plus-2-ans-teletravail-avantages-aussi-nouveaux-risques\/#primaryimage\"},\"image\":{\"@id\":\"https:\/\/www.gereso.com\/actualites\/2022\/11\/07\/teletravailler-2022-retour-experience-apres-plus-2-ans-teletravail-avantages-aussi-nouveaux-risques\/#primaryimage\"},\"thumbnailUrl\":\"https:\/\/www.gereso.com\/actualites\/wp-content\/uploads\/2022\/11\/Teletravailler-2022-retour-experience-apres-plus-2-ans-teletravail-tjrs-avantages-mais-aussi-new-risques.jpg\",\"datePublished\":\"2022-11-07T11:14:45+00:00\",\"dateModified\":\"2022-12-05T13:07:35+00:00\",\"author\":{\"@id\":\"https:\/\/www.gereso.com\/actualites\/#\/schema\/person\/d43365a1d9d9c049617d676a2f5194c5\"},\"breadcrumb\":{\"@id\":\"https:\/\/www.gereso.com\/actualites\/2022\/11\/07\/teletravailler-2022-retour-experience-apres-plus-2-ans-teletravail-avantages-aussi-nouveaux-risques\/#breadcrumb\"},\"inLanguage\":\"fr-FR\",\"potentialAction\":[{\"@type\":\"ReadAction\",\"target\":[\"https:\/\/www.gereso.com\/actualites\/2022\/11\/07\/teletravailler-2022-retour-experience-apres-plus-2-ans-teletravail-avantages-aussi-nouveaux-risques\/\"]}]},{\"@type\":\"ImageObject\",\"inLanguage\":\"fr-FR\",\"@id\":\"https:\/\/www.gereso.com\/actualites\/2022\/11\/07\/teletravailler-2022-retour-experience-apres-plus-2-ans-teletravail-avantages-aussi-nouveaux-risques\/#primaryimage\",\"url\":\"https:\/\/www.gereso.com\/actualites\/wp-content\/uploads\/2022\/11\/Teletravailler-2022-retour-experience-apres-plus-2-ans-teletravail-tjrs-avantages-mais-aussi-new-risques.jpg\",\"contentUrl\":\"https:\/\/www.gereso.com\/actualites\/wp-content\/uploads\/2022\/11\/Teletravailler-2022-retour-experience-apres-plus-2-ans-teletravail-tjrs-avantages-mais-aussi-new-risques.jpg\",\"width\":600,\"height\":400,\"caption\":\"Quelles conclusions 2 ans apr\u00e8s la g\u00e9n\u00e9ralisation du t\u00e9l\u00e9travail en entreprise ?\"},{\"@type\":\"BreadcrumbList\",\"@id\":\"https:\/\/www.gereso.com\/actualites\/2022\/11\/07\/teletravailler-2022-retour-experience-apres-plus-2-ans-teletravail-avantages-aussi-nouveaux-risques\/#breadcrumb\",\"itemListElement\":[{\"@type\":\"ListItem\",\"position\":1,\"name\":\"Home\",\"item\":\"https:\/\/www.gereso.com\/actualites\/\"},{\"@type\":\"ListItem\",\"position\":2,\"name\":\"T\u00e9l\u00e9travail : quels retours 2 ans apr\u00e8s sa mise en oeuvre ?\"}]},{\"@type\":\"WebSite\",\"@id\":\"https:\/\/www.gereso.com\/actualites\/#website\",\"url\":\"https:\/\/www.gereso.com\/actualites\/\",\"name\":\"Le Blog GERESO\",\"description\":\"Toute l&#039;actu RH, Finance, Fonction Publique, Management...\",\"potentialAction\":[{\"@type\":\"SearchAction\",\"target\":{\"@type\":\"EntryPoint\",\"urlTemplate\":\"https:\/\/www.gereso.com\/actualites\/?s={search_term_string}\"},\"query-input\":{\"@type\":\"PropertyValueSpecification\",\"valueRequired\":true,\"valueName\":\"search_term_string\"}}],\"inLanguage\":\"fr-FR\"},{\"@type\":\"Person\",\"@id\":\"https:\/\/www.gereso.com\/actualites\/#\/schema\/person\/d43365a1d9d9c049617d676a2f5194c5\",\"name\":\"Nelly Quilichini\",\"image\":{\"@type\":\"ImageObject\",\"inLanguage\":\"fr-FR\",\"@id\":\"https:\/\/www.gereso.com\/actualites\/#\/schema\/person\/image\/\",\"url\":\"https:\/\/www.gereso.com\/actualites\/wp-content\/uploads\/2021\/01\/nelly-quilichini-144x144.jpg\",\"contentUrl\":\"https:\/\/www.gereso.com\/actualites\/wp-content\/uploads\/2021\/01\/nelly-quilichini-144x144.jpg\",\"caption\":\"Nelly Quilichini\"},\"description\":\"Nelly intervient en entreprise comme psychologue du travail (missions de pr\u00e9vention RPS) et \u00e9tudes ergonomiques (espace de travail, pr\u00e9vention TMS). Elle forme en parall\u00e8le les managers et \u00e9lus.\",\"url\":\"https:\/\/www.gereso.com\/actualites\/author\/n-quilichini\/\"}]}<\/script>\n<!-- \/ Yoast SEO plugin. -->","yoast_head_json":{"title":"T\u00e9l\u00e9travail : quels retours 2 ans apr\u00e8s sa mise en oeuvre ? - Le Blog GERESO","robots":{"index":"index","follow":"follow","max-snippet":"max-snippet:-1","max-image-preview":"max-image-preview:large","max-video-preview":"max-video-preview:-1"},"canonical":"https:\/\/www.gereso.com\/actualites\/2022\/11\/07\/teletravailler-2022-retour-experience-apres-plus-2-ans-teletravail-avantages-aussi-nouveaux-risques\/","og_locale":"fr_FR","og_type":"article","og_title":"T\u00e9l\u00e9travail : quels retours 2 ans apr\u00e8s sa mise en oeuvre ? - Le Blog GERESO","og_description":"Des avantages certains Le t\u00e9l\u00e9travail n\u2019est plus une option. Les jeunes en font m\u00eame, un crit\u00e8re de recrutement, dans un contexte de p\u00e9nurie des talents. De leur c\u00f4t\u00e9, les entreprises repensent leur organisation du travail en transformant les bureaux en open space, en Flex office, r\u00e9alisant au passage de substantielles \u00e9conomies. En mati\u00e8re de production [&hellip;]","og_url":"https:\/\/www.gereso.com\/actualites\/2022\/11\/07\/teletravailler-2022-retour-experience-apres-plus-2-ans-teletravail-avantages-aussi-nouveaux-risques\/","og_site_name":"Le Blog GERESO","article_published_time":"2022-11-07T11:14:45+00:00","article_modified_time":"2022-12-05T13:07:35+00:00","og_image":[{"width":600,"height":400,"url":"https:\/\/www.gereso.com\/actualites\/wp-content\/uploads\/2022\/11\/Teletravailler-2022-retour-experience-apres-plus-2-ans-teletravail-tjrs-avantages-mais-aussi-new-risques.jpg","type":"image\/jpeg"}],"author":"Nelly Quilichini","twitter_card":"summary_large_image","schema":{"@context":"https:\/\/schema.org","@graph":[{"@type":"WebPage","@id":"https:\/\/www.gereso.com\/actualites\/2022\/11\/07\/teletravailler-2022-retour-experience-apres-plus-2-ans-teletravail-avantages-aussi-nouveaux-risques\/","url":"https:\/\/www.gereso.com\/actualites\/2022\/11\/07\/teletravailler-2022-retour-experience-apres-plus-2-ans-teletravail-avantages-aussi-nouveaux-risques\/","name":"T\u00e9l\u00e9travail : quels retours 2 ans apr\u00e8s sa mise en oeuvre ? - Le Blog GERESO","isPartOf":{"@id":"https:\/\/www.gereso.com\/actualites\/#website"},"primaryImageOfPage":{"@id":"https:\/\/www.gereso.com\/actualites\/2022\/11\/07\/teletravailler-2022-retour-experience-apres-plus-2-ans-teletravail-avantages-aussi-nouveaux-risques\/#primaryimage"},"image":{"@id":"https:\/\/www.gereso.com\/actualites\/2022\/11\/07\/teletravailler-2022-retour-experience-apres-plus-2-ans-teletravail-avantages-aussi-nouveaux-risques\/#primaryimage"},"thumbnailUrl":"https:\/\/www.gereso.com\/actualites\/wp-content\/uploads\/2022\/11\/Teletravailler-2022-retour-experience-apres-plus-2-ans-teletravail-tjrs-avantages-mais-aussi-new-risques.jpg","datePublished":"2022-11-07T11:14:45+00:00","dateModified":"2022-12-05T13:07:35+00:00","author":{"@id":"https:\/\/www.gereso.com\/actualites\/#\/schema\/person\/d43365a1d9d9c049617d676a2f5194c5"},"breadcrumb":{"@id":"https:\/\/www.gereso.com\/actualites\/2022\/11\/07\/teletravailler-2022-retour-experience-apres-plus-2-ans-teletravail-avantages-aussi-nouveaux-risques\/#breadcrumb"},"inLanguage":"fr-FR","potentialAction":[{"@type":"ReadAction","target":["https:\/\/www.gereso.com\/actualites\/2022\/11\/07\/teletravailler-2022-retour-experience-apres-plus-2-ans-teletravail-avantages-aussi-nouveaux-risques\/"]}]},{"@type":"ImageObject","inLanguage":"fr-FR","@id":"https:\/\/www.gereso.com\/actualites\/2022\/11\/07\/teletravailler-2022-retour-experience-apres-plus-2-ans-teletravail-avantages-aussi-nouveaux-risques\/#primaryimage","url":"https:\/\/www.gereso.com\/actualites\/wp-content\/uploads\/2022\/11\/Teletravailler-2022-retour-experience-apres-plus-2-ans-teletravail-tjrs-avantages-mais-aussi-new-risques.jpg","contentUrl":"https:\/\/www.gereso.com\/actualites\/wp-content\/uploads\/2022\/11\/Teletravailler-2022-retour-experience-apres-plus-2-ans-teletravail-tjrs-avantages-mais-aussi-new-risques.jpg","width":600,"height":400,"caption":"Quelles conclusions 2 ans apr\u00e8s la g\u00e9n\u00e9ralisation du t\u00e9l\u00e9travail en entreprise ?"},{"@type":"BreadcrumbList","@id":"https:\/\/www.gereso.com\/actualites\/2022\/11\/07\/teletravailler-2022-retour-experience-apres-plus-2-ans-teletravail-avantages-aussi-nouveaux-risques\/#breadcrumb","itemListElement":[{"@type":"ListItem","position":1,"name":"Home","item":"https:\/\/www.gereso.com\/actualites\/"},{"@type":"ListItem","position":2,"name":"T\u00e9l\u00e9travail : quels retours 2 ans apr\u00e8s sa mise en oeuvre ?"}]},{"@type":"WebSite","@id":"https:\/\/www.gereso.com\/actualites\/#website","url":"https:\/\/www.gereso.com\/actualites\/","name":"Le Blog GERESO","description":"Toute l&#039;actu RH, Finance, Fonction Publique, Management...","potentialAction":[{"@type":"SearchAction","target":{"@type":"EntryPoint","urlTemplate":"https:\/\/www.gereso.com\/actualites\/?s={search_term_string}"},"query-input":{"@type":"PropertyValueSpecification","valueRequired":true,"valueName":"search_term_string"}}],"inLanguage":"fr-FR"},{"@type":"Person","@id":"https:\/\/www.gereso.com\/actualites\/#\/schema\/person\/d43365a1d9d9c049617d676a2f5194c5","name":"Nelly Quilichini","image":{"@type":"ImageObject","inLanguage":"fr-FR","@id":"https:\/\/www.gereso.com\/actualites\/#\/schema\/person\/image\/","url":"https:\/\/www.gereso.com\/actualites\/wp-content\/uploads\/2021\/01\/nelly-quilichini-144x144.jpg","contentUrl":"https:\/\/www.gereso.com\/actualites\/wp-content\/uploads\/2021\/01\/nelly-quilichini-144x144.jpg","caption":"Nelly Quilichini"},"description":"Nelly intervient en entreprise comme psychologue du travail (missions de pr\u00e9vention RPS) et \u00e9tudes ergonomiques (espace de travail, pr\u00e9vention TMS). Elle forme en parall\u00e8le les managers et \u00e9lus.","url":"https:\/\/www.gereso.com\/actualites\/author\/n-quilichini\/"}]}},"_links":{"self":[{"href":"https:\/\/www.gereso.com\/actualites\/wp-json\/wp\/v2\/posts\/31082","targetHints":{"allow":["GET"]}}],"collection":[{"href":"https:\/\/www.gereso.com\/actualites\/wp-json\/wp\/v2\/posts"}],"about":[{"href":"https:\/\/www.gereso.com\/actualites\/wp-json\/wp\/v2\/types\/post"}],"author":[{"embeddable":true,"href":"https:\/\/www.gereso.com\/actualites\/wp-json\/wp\/v2\/users\/82"}],"replies":[{"embeddable":true,"href":"https:\/\/www.gereso.com\/actualites\/wp-json\/wp\/v2\/comments?post=31082"}],"version-history":[{"count":17,"href":"https:\/\/www.gereso.com\/actualites\/wp-json\/wp\/v2\/posts\/31082\/revisions"}],"predecessor-version":[{"id":31750,"href":"https:\/\/www.gereso.com\/actualites\/wp-json\/wp\/v2\/posts\/31082\/revisions\/31750"}],"wp:featuredmedia":[{"embeddable":true,"href":"https:\/\/www.gereso.com\/actualites\/wp-json\/wp\/v2\/media\/31088"}],"wp:attachment":[{"href":"https:\/\/www.gereso.com\/actualites\/wp-json\/wp\/v2\/media?parent=31082"}],"wp:term":[{"taxonomy":"category","embeddable":true,"href":"https:\/\/www.gereso.com\/actualites\/wp-json\/wp\/v2\/categories?post=31082"},{"taxonomy":"post_tag","embeddable":true,"href":"https:\/\/www.gereso.com\/actualites\/wp-json\/wp\/v2\/tags?post=31082"}],"curies":[{"name":"wp","href":"https:\/\/api.w.org\/{rel}","templated":true}]}}